{"id":15752,"date":"2020-04-01T14:02:08","date_gmt":"2020-04-01T12:02:08","guid":{"rendered":"https:\/\/kunmedierne.dk\/mors\/?p=15752"},"modified":"2024-08-12T14:06:17","modified_gmt":"2024-08-12T12:06:17","slug":"froeslev-mollerup-sparekasse-fastholder-forrentning-af-garantkapitalen","status":"publish","type":"post","link":"https:\/\/kunmedierne.dk\/mors\/froeslev-mollerup-sparekasse-fastholder-forrentning-af-garantkapitalen\/","title":{"rendered":"Fr\u00f8slev-Mollerup Sparekasse fastholder forrentning af garantkapitalen"},"content":{"rendered":"<p><strong>MORS<\/strong>: Kunderne i Fr\u00f8slev-Mollerup Sparekasse har f\u00e5et udbetalt renterne af garantkapitalen, og den er p\u00e5 samme niveau som i 2019.<\/p>\n<p>Det meddeler sparekassen i pressemeddelelse.<\/p>\n<p>&#8220;Sparekassens kunder f\u00e5r en god forrentning af garantkapitalen, som igen i \u00e5r er p\u00e5 3,75 procent. Disse renter har kunderne modtaget i torsdags,&#8221; lyder det i meddelelsen.<\/p>\n<p>Oprindeligt skulle Fr\u00f8slev-Mollerup Sparekasse have afholdt garantm\u00f8de i torsdags, men p\u00e5 grund coronakrisen blev det aflyst. Valget til repr\u00e6sentantskabet har dog fundet sted ved, at garanterne har kunnet indlevere deres stemmeseddel i sparekassen.<\/p>\n<p>&#8220;Sparekassen takker alle, der p\u00e5 denne m\u00e5de har vist interesse for sparekassen, selvom situationen omkring valget har v\u00e6ret meget speciel,&#8221; lyder det fra Fr\u00f8slev-Mollerup Sparekasse, som efter opt\u00e6llingen af stemmerne foretaget af tre udvalgte medlemmer af bestyrelsen (Hans Bak, Henrik Bruun og Poul Furbo) sammen med tre af sparekassens medarbejdere (Ren\u00e9 Rasmussen, Lars Rolighed Andersen og Maria Nederby) nu kan melde resultatet ud.<\/p>\n<p>Cirka 400 garanter deltog i afstemningen og afgav 20.000 stemmer. Til sammenligning blev der i 2019 afgivet cirka 18.500 stemmer.<\/p>\n<p>Syv personer skulle v\u00e6lges. Der var ni p\u00e5 valg og to (Lars Riis og Allan Olsen) valgte ikke at genopstille.<\/p>\n<p>Afstemningen gav genvalg til\u00a0Annette Bull Ladefoged (T\u00e6bring), Ejvind Overgaard (Centrum), Poul B. Petersen (Nyk\u00f8bing), Ditte Snedker (Nyk\u00f8bing) og Helle Th\u00f8gersen (Syd T\u00f8ds\u00f8). Desuden blev Tove Bjerregaard (Mollerup) og Michael Hansen (Nyk\u00f8bing) valgt ind.<\/p>\n<p>Michael Frederiksen (Nordsalling) og Christine Bak Madsen (T\u00f8ds\u00f8) blev ikke valgt ind.<\/p>\n","protected":false},"excerpt":{"rendered":"<p>MORS: Kunderne i Fr\u00f8slev-Mollerup Sparekasse har f\u00e5et udbetalt renterne af garantkapitalen, og den er p\u00e5 samme niveau som i 2019. Det meddeler sparekassen i pressemeddelelse. &#8220;Sparekassens kunder f\u00e5r en god forrentning af garantkapitalen, som igen i \u00e5r er p\u00e5 3,75 procent. Disse renter har kunderne modtaget i torsdags,&#8221; lyder det i meddelelsen. Oprindeligt skulle Fr\u00f8slev-Mollerup [&hellip;]<\/p>\n","protected":false},"author":8,"featured_media":14212,"comment_status":"open","ping_status":"open","sticky":false,"template":"","format":"standard","meta":{"_acf_changed":false,"footnotes":""},"categories":[51],"tags":[159],"class_list":["post-15752","post","type-post","status-publish","format-standard","has-post-thumbnail","hentry","category-lokalt","tag-erhverv"],"acf":[],"yoast_head":"<!-- This site is optimized with the Yoast SEO plugin v26.8 - https:\/\/yoast.com\/product\/yoast-seo-wordpress\/ -->\n<title>Fr\u00f8slev-Mollerup Sparekasse fastholder forrentning af garantkapitalen - Mors<\/title>\n<meta name=\"robots\" content=\"index, follow, max-snippet:-1, max-image-preview:large, max-video-preview:-1\" \/>\n<link rel=\"canonical\" href=\"https:\/\/kunmedierne.dk\/mors\/froeslev-mollerup-sparekasse-fastholder-forrentning-af-garantkapitalen\/\" \/>\n<meta property=\"og:locale\" content=\"da_DK\" \/>\n<meta property=\"og:type\" content=\"article\" \/>\n<meta property=\"og:title\" content=\"Fr\u00f8slev-Mollerup Sparekasse fastholder forrentning af garantkapitalen - Mors\" \/>\n<meta property=\"og:description\" content=\"MORS: Kunderne i Fr\u00f8slev-Mollerup Sparekasse har f\u00e5et udbetalt renterne af garantkapitalen, og den er p\u00e5 samme niveau som i 2019. Det meddeler sparekassen i pressemeddelelse. &#8220;Sparekassens kunder f\u00e5r en god forrentning af garantkapitalen, som igen i \u00e5r er p\u00e5 3,75 procent. Disse renter har kunderne modtaget i torsdags,&#8221; lyder det i meddelelsen. Oprindeligt skulle Fr\u00f8slev-Mollerup [&hellip;]\" \/>\n<meta property=\"og:url\" content=\"https:\/\/kunmedierne.dk\/mors\/froeslev-mollerup-sparekasse-fastholder-forrentning-af-garantkapitalen\/\" \/>\n<meta property=\"og:site_name\" content=\"Mors\" \/>\n<meta property=\"article:published_time\" content=\"2020-04-01T12:02:08+00:00\" \/>\n<meta property=\"article:modified_time\" content=\"2024-08-12T12:06:17+00:00\" \/>\n<meta property=\"og:image\" content=\"https:\/\/kunmedierne.dk\/mors\/wp-content\/uploads\/2020\/03\/200320-fr\u00f8slev-mollerup-sparekasse-2.jpg\" \/>\n\t<meta property=\"og:image:width\" content=\"767\" \/>\n\t<meta property=\"og:image:height\" content=\"491\" \/>\n\t<meta property=\"og:image:type\" content=\"image\/jpeg\" \/>\n<meta name=\"author\" content=\"David H\u00f8jmark\" \/>\n<meta name=\"twitter:card\" content=\"summary_large_image\" \/>\n<meta name=\"twitter:label1\" content=\"Skrevet af\" \/>\n\t<meta name=\"twitter:data1\" content=\"David H\u00f8jmark\" \/>\n\t<meta name=\"twitter:label2\" content=\"Estimeret l\u00e6setid\" \/>\n\t<meta name=\"twitter:data2\" content=\"1 minut\" \/>\n<script type=\"application\/ld+json\" class=\"yoast-schema-graph\">{\"@context\":\"https:\/\/schema.org\",\"@graph\":[{\"@type\":\"Article\",\"@id\":\"https:\/\/kunmedierne.dk\/mors\/froeslev-mollerup-sparekasse-fastholder-forrentning-af-garantkapitalen\/#article\",\"isPartOf\":{\"@id\":\"https:\/\/kunmedierne.dk\/mors\/froeslev-mollerup-sparekasse-fastholder-forrentning-af-garantkapitalen\/\"},\"author\":{\"name\":\"David H\u00f8jmark\",\"@id\":\"https:\/\/kunmedierne.dk\/mors\/#\/schema\/person\/5fe23251bf1d0abbcdc6f7896579d548\"},\"headline\":\"Fr\u00f8slev-Mollerup Sparekasse fastholder forrentning af garantkapitalen\",\"datePublished\":\"2020-04-01T12:02:08+00:00\",\"dateModified\":\"2024-08-12T12:06:17+00:00\",\"mainEntityOfPage\":{\"@id\":\"https:\/\/kunmedierne.dk\/mors\/froeslev-mollerup-sparekasse-fastholder-forrentning-af-garantkapitalen\/\"},\"wordCount\":253,\"commentCount\":0,\"publisher\":{\"@id\":\"https:\/\/kunmedierne.dk\/mors\/#organization\"},\"image\":{\"@id\":\"https:\/\/kunmedierne.dk\/mors\/froeslev-mollerup-sparekasse-fastholder-forrentning-af-garantkapitalen\/#primaryimage\"},\"thumbnailUrl\":\"https:\/\/kunmedierne.dk\/mors\/wp-content\/uploads\/2020\/03\/200320-fr\u00f8slev-mollerup-sparekasse-2.jpg\",\"keywords\":[\"Erhverv\"],\"articleSection\":[\"Lokalt\"],\"inLanguage\":\"da-DK\",\"potentialAction\":[{\"@type\":\"CommentAction\",\"name\":\"Comment\",\"target\":[\"https:\/\/kunmedierne.dk\/mors\/froeslev-mollerup-sparekasse-fastholder-forrentning-af-garantkapitalen\/#respond\"]}]},{\"@type\":\"WebPage\",\"@id\":\"https:\/\/kunmedierne.dk\/mors\/froeslev-mollerup-sparekasse-fastholder-forrentning-af-garantkapitalen\/\",\"url\":\"https:\/\/kunmedierne.dk\/mors\/froeslev-mollerup-sparekasse-fastholder-forrentning-af-garantkapitalen\/\",\"name\":\"Fr\u00f8slev-Mollerup Sparekasse fastholder forrentning af garantkapitalen - Mors\",\"isPartOf\":{\"@id\":\"https:\/\/kunmedierne.dk\/mors\/#website\"},\"primaryImageOfPage\":{\"@id\":\"https:\/\/kunmedierne.dk\/mors\/froeslev-mollerup-sparekasse-fastholder-forrentning-af-garantkapitalen\/#primaryimage\"},\"image\":{\"@id\":\"https:\/\/kunmedierne.dk\/mors\/froeslev-mollerup-sparekasse-fastholder-forrentning-af-garantkapitalen\/#primaryimage\"},\"thumbnailUrl\":\"https:\/\/kunmedierne.dk\/mors\/wp-content\/uploads\/2020\/03\/200320-fr\u00f8slev-mollerup-sparekasse-2.jpg\",\"datePublished\":\"2020-04-01T12:02:08+00:00\",\"dateModified\":\"2024-08-12T12:06:17+00:00\",\"breadcrumb\":{\"@id\":\"https:\/\/kunmedierne.dk\/mors\/froeslev-mollerup-sparekasse-fastholder-forrentning-af-garantkapitalen\/#breadcrumb\"},\"inLanguage\":\"da-DK\",\"potentialAction\":[{\"@type\":\"ReadAction\",\"target\":[\"https:\/\/kunmedierne.dk\/mors\/froeslev-mollerup-sparekasse-fastholder-forrentning-af-garantkapitalen\/\"]}]},{\"@type\":\"ImageObject\",\"inLanguage\":\"da-DK\",\"@id\":\"https:\/\/kunmedierne.dk\/mors\/froeslev-mollerup-sparekasse-fastholder-forrentning-af-garantkapitalen\/#primaryimage\",\"url\":\"https:\/\/kunmedierne.dk\/mors\/wp-content\/uploads\/2020\/03\/200320-fr\u00f8slev-mollerup-sparekasse-2.jpg\",\"contentUrl\":\"https:\/\/kunmedierne.dk\/mors\/wp-content\/uploads\/2020\/03\/200320-fr\u00f8slev-mollerup-sparekasse-2.jpg\",\"width\":767,\"height\":491,\"caption\":\"Fr\u00f8slev-Mollerup Sparekasse. Foto: David H\u00f8jmark.\"},{\"@type\":\"BreadcrumbList\",\"@id\":\"https:\/\/kunmedierne.dk\/mors\/froeslev-mollerup-sparekasse-fastholder-forrentning-af-garantkapitalen\/#breadcrumb\",\"itemListElement\":[{\"@type\":\"ListItem\",\"position\":1,\"name\":\"Hjem\",\"item\":\"https:\/\/kunmedierne.dk\/mors\/\"},{\"@type\":\"ListItem\",\"position\":2,\"name\":\"Fr\u00f8slev-Mollerup Sparekasse fastholder forrentning af garantkapitalen\"}]},{\"@type\":\"WebSite\",\"@id\":\"https:\/\/kunmedierne.dk\/mors\/#website\",\"url\":\"https:\/\/kunmedierne.dk\/mors\/\",\"name\":\"Mors\",\"description\":\"et netmedie med journalistik om livet p\u00e5 Mors\",\"publisher\":{\"@id\":\"https:\/\/kunmedierne.dk\/mors\/#organization\"},\"potentialAction\":[{\"@type\":\"SearchAction\",\"target\":{\"@type\":\"EntryPoint\",\"urlTemplate\":\"https:\/\/kunmedierne.dk\/mors\/?s={search_term_string}\"},\"query-input\":{\"@type\":\"PropertyValueSpecification\",\"valueRequired\":true,\"valueName\":\"search_term_string\"}}],\"inLanguage\":\"da-DK\"},{\"@type\":\"Organization\",\"@id\":\"https:\/\/kunmedierne.dk\/mors\/#organization\",\"name\":\"Mors\",\"url\":\"https:\/\/kunmedierne.dk\/mors\/\",\"logo\":{\"@type\":\"ImageObject\",\"inLanguage\":\"da-DK\",\"@id\":\"https:\/\/kunmedierne.dk\/mors\/#\/schema\/logo\/image\/\",\"url\":\"https:\/\/kunmedierne.dk\/mors\/wp-content\/uploads\/2024\/08\/kunmors-logo.svg\",\"contentUrl\":\"https:\/\/kunmedierne.dk\/mors\/wp-content\/uploads\/2024\/08\/kunmors-logo.svg\",\"caption\":\"Mors\"},\"image\":{\"@id\":\"https:\/\/kunmedierne.dk\/mors\/#\/schema\/logo\/image\/\"}},{\"@type\":\"Person\",\"@id\":\"https:\/\/kunmedierne.dk\/mors\/#\/schema\/person\/5fe23251bf1d0abbcdc6f7896579d548\",\"name\":\"David H\u00f8jmark\",\"image\":{\"@type\":\"ImageObject\",\"inLanguage\":\"da-DK\",\"@id\":\"https:\/\/kunmedierne.dk\/mors\/#\/schema\/person\/image\/\",\"url\":\"https:\/\/secure.gravatar.com\/avatar\/4315d6fb9ef244d729989f5f90268eb08d5bf8a3d84402f595fa194bb35784fd?s=96&d=mm&r=g\",\"contentUrl\":\"https:\/\/secure.gravatar.com\/avatar\/4315d6fb9ef244d729989f5f90268eb08d5bf8a3d84402f595fa194bb35784fd?s=96&d=mm&r=g\",\"caption\":\"David H\u00f8jmark\"},\"sameAs\":[\"https:\/\/www.kunmedierne.dk\"],\"url\":\"https:\/\/kunmedierne.dk\/mors\/author\/david\/\"}]}<\/script>\n<!-- \/ Yoast SEO plugin. -->","yoast_head_json":{"title":"Fr\u00f8slev-Mollerup Sparekasse fastholder forrentning af garantkapitalen - Mors","robots":{"index":"index","follow":"follow","max-snippet":"max-snippet:-1","max-image-preview":"max-image-preview:large","max-video-preview":"max-video-preview:-1"},"canonical":"https:\/\/kunmedierne.dk\/mors\/froeslev-mollerup-sparekasse-fastholder-forrentning-af-garantkapitalen\/","og_locale":"da_DK","og_type":"article","og_title":"Fr\u00f8slev-Mollerup Sparekasse fastholder forrentning af garantkapitalen - Mors","og_description":"MORS: Kunderne i Fr\u00f8slev-Mollerup Sparekasse har f\u00e5et udbetalt renterne af garantkapitalen, og den er p\u00e5 samme niveau som i 2019. Det meddeler sparekassen i pressemeddelelse. &#8220;Sparekassens kunder f\u00e5r en god forrentning af garantkapitalen, som igen i \u00e5r er p\u00e5 3,75 procent. Disse renter har kunderne modtaget i torsdags,&#8221; lyder det i meddelelsen. Oprindeligt skulle Fr\u00f8slev-Mollerup [&hellip;]","og_url":"https:\/\/kunmedierne.dk\/mors\/froeslev-mollerup-sparekasse-fastholder-forrentning-af-garantkapitalen\/","og_site_name":"Mors","article_published_time":"2020-04-01T12:02:08+00:00","article_modified_time":"2024-08-12T12:06:17+00:00","og_image":[{"width":767,"height":491,"url":"https:\/\/kunmedierne.dk\/mors\/wp-content\/uploads\/2020\/03\/200320-fr\u00f8slev-mollerup-sparekasse-2.jpg","type":"image\/jpeg"}],"author":"David H\u00f8jmark","twitter_card":"summary_large_image","twitter_misc":{"Skrevet af":"David H\u00f8jmark","Estimeret l\u00e6setid":"1 minut"},"schema":{"@context":"https:\/\/schema.org","@graph":[{"@type":"Article","@id":"https:\/\/kunmedierne.dk\/mors\/froeslev-mollerup-sparekasse-fastholder-forrentning-af-garantkapitalen\/#article","isPartOf":{"@id":"https:\/\/kunmedierne.dk\/mors\/froeslev-mollerup-sparekasse-fastholder-forrentning-af-garantkapitalen\/"},"author":{"name":"David H\u00f8jmark","@id":"https:\/\/kunmedierne.dk\/mors\/#\/schema\/person\/5fe23251bf1d0abbcdc6f7896579d548"},"headline":"Fr\u00f8slev-Mollerup Sparekasse fastholder forrentning af garantkapitalen","datePublished":"2020-04-01T12:02:08+00:00","dateModified":"2024-08-12T12:06:17+00:00","mainEntityOfPage":{"@id":"https:\/\/kunmedierne.dk\/mors\/froeslev-mollerup-sparekasse-fastholder-forrentning-af-garantkapitalen\/"},"wordCount":253,"commentCount":0,"publisher":{"@id":"https:\/\/kunmedierne.dk\/mors\/#organization"},"image":{"@id":"https:\/\/kunmedierne.dk\/mors\/froeslev-mollerup-sparekasse-fastholder-forrentning-af-garantkapitalen\/#primaryimage"},"thumbnailUrl":"https:\/\/kunmedierne.dk\/mors\/wp-content\/uploads\/2020\/03\/200320-fr\u00f8slev-mollerup-sparekasse-2.jpg","keywords":["Erhverv"],"articleSection":["Lokalt"],"inLanguage":"da-DK","potentialAction":[{"@type":"CommentAction","name":"Comment","target":["https:\/\/kunmedierne.dk\/mors\/froeslev-mollerup-sparekasse-fastholder-forrentning-af-garantkapitalen\/#respond"]}]},{"@type":"WebPage","@id":"https:\/\/kunmedierne.dk\/mors\/froeslev-mollerup-sparekasse-fastholder-forrentning-af-garantkapitalen\/","url":"https:\/\/kunmedierne.dk\/mors\/froeslev-mollerup-sparekasse-fastholder-forrentning-af-garantkapitalen\/","name":"Fr\u00f8slev-Mollerup Sparekasse fastholder forrentning af garantkapitalen - Mors","isPartOf":{"@id":"https:\/\/kunmedierne.dk\/mors\/#website"},"primaryImageOfPage":{"@id":"https:\/\/kunmedierne.dk\/mors\/froeslev-mollerup-sparekasse-fastholder-forrentning-af-garantkapitalen\/#primaryimage"},"image":{"@id":"https:\/\/kunmedierne.dk\/mors\/froeslev-mollerup-sparekasse-fastholder-forrentning-af-garantkapitalen\/#primaryimage"},"thumbnailUrl":"https:\/\/kunmedierne.dk\/mors\/wp-content\/uploads\/2020\/03\/200320-fr\u00f8slev-mollerup-sparekasse-2.jpg","datePublished":"2020-04-01T12:02:08+00:00","dateModified":"2024-08-12T12:06:17+00:00","breadcrumb":{"@id":"https:\/\/kunmedierne.dk\/mors\/froeslev-mollerup-sparekasse-fastholder-forrentning-af-garantkapitalen\/#breadcrumb"},"inLanguage":"da-DK","potentialAction":[{"@type":"ReadAction","target":["https:\/\/kunmedierne.dk\/mors\/froeslev-mollerup-sparekasse-fastholder-forrentning-af-garantkapitalen\/"]}]},{"@type":"ImageObject","inLanguage":"da-DK","@id":"https:\/\/kunmedierne.dk\/mors\/froeslev-mollerup-sparekasse-fastholder-forrentning-af-garantkapitalen\/#primaryimage","url":"https:\/\/kunmedierne.dk\/mors\/wp-content\/uploads\/2020\/03\/200320-fr\u00f8slev-mollerup-sparekasse-2.jpg","contentUrl":"https:\/\/kunmedierne.dk\/mors\/wp-content\/uploads\/2020\/03\/200320-fr\u00f8slev-mollerup-sparekasse-2.jpg","width":767,"height":491,"caption":"Fr\u00f8slev-Mollerup Sparekasse. Foto: David H\u00f8jmark."},{"@type":"BreadcrumbList","@id":"https:\/\/kunmedierne.dk\/mors\/froeslev-mollerup-sparekasse-fastholder-forrentning-af-garantkapitalen\/#breadcrumb","itemListElement":[{"@type":"ListItem","position":1,"name":"Hjem","item":"https:\/\/kunmedierne.dk\/mors\/"},{"@type":"ListItem","position":2,"name":"Fr\u00f8slev-Mollerup Sparekasse fastholder forrentning af garantkapitalen"}]},{"@type":"WebSite","@id":"https:\/\/kunmedierne.dk\/mors\/#website","url":"https:\/\/kunmedierne.dk\/mors\/","name":"Mors","description":"et netmedie med journalistik om livet p\u00e5 Mors","publisher":{"@id":"https:\/\/kunmedierne.dk\/mors\/#organization"},"potentialAction":[{"@type":"SearchAction","target":{"@type":"EntryPoint","urlTemplate":"https:\/\/kunmedierne.dk\/mors\/?s={search_term_string}"},"query-input":{"@type":"PropertyValueSpecification","valueRequired":true,"valueName":"search_term_string"}}],"inLanguage":"da-DK"},{"@type":"Organization","@id":"https:\/\/kunmedierne.dk\/mors\/#organization","name":"Mors","url":"https:\/\/kunmedierne.dk\/mors\/","logo":{"@type":"ImageObject","inLanguage":"da-DK","@id":"https:\/\/kunmedierne.dk\/mors\/#\/schema\/logo\/image\/","url":"https:\/\/kunmedierne.dk\/mors\/wp-content\/uploads\/2024\/08\/kunmors-logo.svg","contentUrl":"https:\/\/kunmedierne.dk\/mors\/wp-content\/uploads\/2024\/08\/kunmors-logo.svg","caption":"Mors"},"image":{"@id":"https:\/\/kunmedierne.dk\/mors\/#\/schema\/logo\/image\/"}},{"@type":"Person","@id":"https:\/\/kunmedierne.dk\/mors\/#\/schema\/person\/5fe23251bf1d0abbcdc6f7896579d548","name":"David H\u00f8jmark","image":{"@type":"ImageObject","inLanguage":"da-DK","@id":"https:\/\/kunmedierne.dk\/mors\/#\/schema\/person\/image\/","url":"https:\/\/secure.gravatar.com\/avatar\/4315d6fb9ef244d729989f5f90268eb08d5bf8a3d84402f595fa194bb35784fd?s=96&d=mm&r=g","contentUrl":"https:\/\/secure.gravatar.com\/avatar\/4315d6fb9ef244d729989f5f90268eb08d5bf8a3d84402f595fa194bb35784fd?s=96&d=mm&r=g","caption":"David H\u00f8jmark"},"sameAs":["https:\/\/www.kunmedierne.dk"],"url":"https:\/\/kunmedierne.dk\/mors\/author\/david\/"}]}},"_links":{"self":[{"href":"https:\/\/kunmedierne.dk\/mors\/wp-json\/wp\/v2\/posts\/15752","targetHints":{"allow":["GET"]}}],"collection":[{"href":"https:\/\/kunmedierne.dk\/mors\/wp-json\/wp\/v2\/posts"}],"about":[{"href":"https:\/\/kunmedierne.dk\/mors\/wp-json\/wp\/v2\/types\/post"}],"author":[{"embeddable":true,"href":"https:\/\/kunmedierne.dk\/mors\/wp-json\/wp\/v2\/users\/8"}],"replies":[{"embeddable":true,"href":"https:\/\/kunmedierne.dk\/mors\/wp-json\/wp\/v2\/comments?post=15752"}],"version-history":[{"count":1,"href":"https:\/\/kunmedierne.dk\/mors\/wp-json\/wp\/v2\/posts\/15752\/revisions"}],"predecessor-version":[{"id":15760,"href":"https:\/\/kunmedierne.dk\/mors\/wp-json\/wp\/v2\/posts\/15752\/revisions\/15760"}],"wp:featuredmedia":[{"embeddable":true,"href":"https:\/\/kunmedierne.dk\/mors\/wp-json\/wp\/v2\/media\/14212"}],"wp:attachment":[{"href":"https:\/\/kunmedierne.dk\/mors\/wp-json\/wp\/v2\/media?parent=15752"}],"wp:term":[{"taxonomy":"category","embeddable":true,"href":"https:\/\/kunmedierne.dk\/mors\/wp-json\/wp\/v2\/categories?post=15752"},{"taxonomy":"post_tag","embeddable":true,"href":"https:\/\/kunmedierne.dk\/mors\/wp-json\/wp\/v2\/tags?post=15752"}],"curies":[{"name":"wp","href":"https:\/\/api.w.org\/{rel}","templated":true}]}}