{"id":157409,"date":"2025-10-11T08:32:27","date_gmt":"2025-10-11T06:32:27","guid":{"rendered":"https:\/\/kunmedierne.dk\/mors\/?p=157409"},"modified":"2025-10-11T08:33:23","modified_gmt":"2025-10-11T06:33:23","slug":"90-aar-esther-soendergaard","status":"publish","type":"post","link":"https:\/\/kunmedierne.dk\/mors\/90-aar-esther-soendergaard\/","title":{"rendered":"<span>90 \u00e5r: <\/span>Esther S\u00f8ndergaard"},"content":{"rendered":"<p><strong>F\u00d8DSELSDAG<\/strong>: N\u00e5r St\u00f8berig\u00e5rden i Nyk\u00f8bing i dag f\u00e5r g\u00e6ster udefra, kan de f\u00e5 et par gode historier om det politiske liv p\u00e5 Mors i 1990&#8217;erne.<\/p>\n<p>M\u00e5ske f\u00e5r de ogs\u00e5 et par ord om emner s\u00e5 forskellige som kirken, teaterverdenen og fagbev\u00e6gelsen. En fort\u00e6lling eller to om f\u00f8dselarens hunde bliver det sikkert ogs\u00e5 til. Og s\u00e5 vil der med meget stor sandsynlighed blive sunget en sang eller to.<\/p>\n<a class=\"dvrt-link\" onClick=\"cdmtrack_click(104780,jQuery(this));return false\" href=\"https:\/\/www.spard.dk\/\"><img decoding=\"async\" style=\"width:100%;\" src=\"https:\/\/kunmedierne.dk\/mors\/wp-content\/uploads\/2023\/12\/sparekassen-dk-maj25.gif\"><\/a><script>cdmtrack_view(104780);<\/script>\n<p>Det er nemlig en aktiv morsingbo, der fredag rundede 90 \u00e5r. Med \u00e5rene har Esther S\u00f8ndergaard ganske vist f\u00e5et sig sine sm\u00e5 skavanker, men hun trives p\u00e5 St\u00f8berig\u00e5rden og ses j\u00e6vnligt i bybilledet, hvor hun med en rollator som hj\u00e6lp kommer sikkert frem.<\/p>\n<p>Den tidligere kommunalpolitiker f\u00f8lger flittigt med i det politiske liv. Det omr\u00e5de, hun selv var en aktiv del af, fra hun i 1989 blev valgt ind i kommunalbestyrelsen for Socialdemokratiet og frem til 2001, da hun efter tre perioder valgte ikke at stille op.<\/p>\n<a class=\"dvrt-link\" onClick=\"cdmtrack_click(104783,jQuery(this));return false\" href=\"https:\/\/konpap.dk\/\"><img decoding=\"async\" style=\"width:100%;\" src=\"https:\/\/kunmedierne.dk\/mors\/wp-content\/uploads\/2023\/10\/Kun-Mors-banner.jpg\"><\/a><script>cdmtrack_view(104783);<\/script>\n<p>Sidel\u00f8bende sad hun i en periode ogs\u00e5 i bestyrelsen for Mors\u00f8 Teater, og hun var aktiv i menighedsr\u00e5d og fagforeningsbestyrelser &#8211; b\u00e5de den lokale, Viborg-afdelingen og hovedbestyrelsen.<\/p>\n<p>Udover at v\u00e6re aktiv med sine elskede hunde var hun det i mange \u00e5r med korsang og underholdt med\u00a0sange og historier p\u00e5 plejehjem og institutioner.<\/p>\n<p>90 \u00e5rs f\u00f8dselsdagen bliver fejret i dag p\u00e5 St\u00f8berig\u00e5rden med 40 g\u00e6ster &#8211; familie og gode venner.<\/p>\n","protected":false},"excerpt":{"rendered":"<p>F\u00d8DSELSDAG: N\u00e5r St\u00f8berig\u00e5rden i Nyk\u00f8bing i dag f\u00e5r g\u00e6ster udefra, kan de f\u00e5 et par gode historier om det politiske liv p\u00e5 Mors i 1990&#8217;erne. M\u00e5ske f\u00e5r de ogs\u00e5 et par ord om emner s\u00e5 forskellige som kirken, teaterverdenen og fagbev\u00e6gelsen. En fort\u00e6lling eller to om f\u00f8dselarens hunde bliver det sikkert ogs\u00e5 til. Og s\u00e5 [&hellip;]<\/p>\n","protected":false},"author":8,"featured_media":0,"comment_status":"closed","ping_status":"closed","sticky":false,"template":"","format":"standard","meta":{"_acf_changed":false,"footnotes":""},"categories":[51,52],"tags":[],"class_list":["post-157409","post","type-post","status-publish","format-standard","hentry","category-lokalt","category-navne"],"acf":[],"yoast_head":"<!-- This site is optimized with the Yoast SEO plugin v26.8 - https:\/\/yoast.com\/product\/yoast-seo-wordpress\/ -->\n<title>90 \u00e5r: Esther S\u00f8ndergaard - Mors<\/title>\n<meta name=\"robots\" content=\"index, follow, max-snippet:-1, max-image-preview:large, max-video-preview:-1\" \/>\n<link rel=\"canonical\" href=\"https:\/\/kunmedierne.dk\/mors\/90-aar-esther-soendergaard\/\" \/>\n<meta property=\"og:locale\" content=\"da_DK\" \/>\n<meta property=\"og:type\" content=\"article\" \/>\n<meta property=\"og:title\" content=\"90 \u00e5r: Esther S\u00f8ndergaard - Mors\" \/>\n<meta property=\"og:description\" content=\"F\u00d8DSELSDAG: N\u00e5r St\u00f8berig\u00e5rden i Nyk\u00f8bing i dag f\u00e5r g\u00e6ster udefra, kan de f\u00e5 et par gode historier om det politiske liv p\u00e5 Mors i 1990&#8217;erne. M\u00e5ske f\u00e5r de ogs\u00e5 et par ord om emner s\u00e5 forskellige som kirken, teaterverdenen og fagbev\u00e6gelsen. En fort\u00e6lling eller to om f\u00f8dselarens hunde bliver det sikkert ogs\u00e5 til. Og s\u00e5 [&hellip;]\" \/>\n<meta property=\"og:url\" content=\"https:\/\/kunmedierne.dk\/mors\/90-aar-esther-soendergaard\/\" \/>\n<meta property=\"og:site_name\" content=\"Mors\" \/>\n<meta property=\"article:published_time\" content=\"2025-10-11T06:32:27+00:00\" \/>\n<meta property=\"article:modified_time\" content=\"2025-10-11T06:33:23+00:00\" \/>\n<meta name=\"author\" content=\"David H\u00f8jmark\" \/>\n<meta name=\"twitter:card\" content=\"summary_large_image\" \/>\n<meta name=\"twitter:label1\" content=\"Skrevet af\" \/>\n\t<meta name=\"twitter:data1\" content=\"David H\u00f8jmark\" \/>\n\t<meta name=\"twitter:label2\" content=\"Estimeret l\u00e6setid\" \/>\n\t<meta name=\"twitter:data2\" content=\"2 minutter\" \/>\n<script type=\"application\/ld+json\" class=\"yoast-schema-graph\">{\"@context\":\"https:\/\/schema.org\",\"@graph\":[{\"@type\":\"Article\",\"@id\":\"https:\/\/kunmedierne.dk\/mors\/90-aar-esther-soendergaard\/#article\",\"isPartOf\":{\"@id\":\"https:\/\/kunmedierne.dk\/mors\/90-aar-esther-soendergaard\/\"},\"author\":{\"name\":\"David H\u00f8jmark\",\"@id\":\"https:\/\/kunmedierne.dk\/mors\/#\/schema\/person\/5fe23251bf1d0abbcdc6f7896579d548\"},\"headline\":\"90 \u00e5r: Esther S\u00f8ndergaard\",\"datePublished\":\"2025-10-11T06:32:27+00:00\",\"dateModified\":\"2025-10-11T06:33:23+00:00\",\"mainEntityOfPage\":{\"@id\":\"https:\/\/kunmedierne.dk\/mors\/90-aar-esther-soendergaard\/\"},\"wordCount\":255,\"publisher\":{\"@id\":\"https:\/\/kunmedierne.dk\/mors\/#organization\"},\"articleSection\":[\"Lokalt\",\"Navne\"],\"inLanguage\":\"da-DK\"},{\"@type\":\"WebPage\",\"@id\":\"https:\/\/kunmedierne.dk\/mors\/90-aar-esther-soendergaard\/\",\"url\":\"https:\/\/kunmedierne.dk\/mors\/90-aar-esther-soendergaard\/\",\"name\":\"90 \u00e5r: Esther S\u00f8ndergaard - Mors\",\"isPartOf\":{\"@id\":\"https:\/\/kunmedierne.dk\/mors\/#website\"},\"datePublished\":\"2025-10-11T06:32:27+00:00\",\"dateModified\":\"2025-10-11T06:33:23+00:00\",\"breadcrumb\":{\"@id\":\"https:\/\/kunmedierne.dk\/mors\/90-aar-esther-soendergaard\/#breadcrumb\"},\"inLanguage\":\"da-DK\",\"potentialAction\":[{\"@type\":\"ReadAction\",\"target\":[\"https:\/\/kunmedierne.dk\/mors\/90-aar-esther-soendergaard\/\"]}]},{\"@type\":\"BreadcrumbList\",\"@id\":\"https:\/\/kunmedierne.dk\/mors\/90-aar-esther-soendergaard\/#breadcrumb\",\"itemListElement\":[{\"@type\":\"ListItem\",\"position\":1,\"name\":\"Hjem\",\"item\":\"https:\/\/kunmedierne.dk\/mors\/\"},{\"@type\":\"ListItem\",\"position\":2,\"name\":\"90 \u00e5r: Esther S\u00f8ndergaard\"}]},{\"@type\":\"WebSite\",\"@id\":\"https:\/\/kunmedierne.dk\/mors\/#website\",\"url\":\"https:\/\/kunmedierne.dk\/mors\/\",\"name\":\"Mors\",\"description\":\"et netmedie med journalistik om livet p\u00e5 Mors\",\"publisher\":{\"@id\":\"https:\/\/kunmedierne.dk\/mors\/#organization\"},\"potentialAction\":[{\"@type\":\"SearchAction\",\"target\":{\"@type\":\"EntryPoint\",\"urlTemplate\":\"https:\/\/kunmedierne.dk\/mors\/?s={search_term_string}\"},\"query-input\":{\"@type\":\"PropertyValueSpecification\",\"valueRequired\":true,\"valueName\":\"search_term_string\"}}],\"inLanguage\":\"da-DK\"},{\"@type\":\"Organization\",\"@id\":\"https:\/\/kunmedierne.dk\/mors\/#organization\",\"name\":\"Mors\",\"url\":\"https:\/\/kunmedierne.dk\/mors\/\",\"logo\":{\"@type\":\"ImageObject\",\"inLanguage\":\"da-DK\",\"@id\":\"https:\/\/kunmedierne.dk\/mors\/#\/schema\/logo\/image\/\",\"url\":\"https:\/\/kunmedierne.dk\/mors\/wp-content\/uploads\/2024\/08\/kunmors-logo.svg\",\"contentUrl\":\"https:\/\/kunmedierne.dk\/mors\/wp-content\/uploads\/2024\/08\/kunmors-logo.svg\",\"caption\":\"Mors\"},\"image\":{\"@id\":\"https:\/\/kunmedierne.dk\/mors\/#\/schema\/logo\/image\/\"}},{\"@type\":\"Person\",\"@id\":\"https:\/\/kunmedierne.dk\/mors\/#\/schema\/person\/5fe23251bf1d0abbcdc6f7896579d548\",\"name\":\"David H\u00f8jmark\",\"image\":{\"@type\":\"ImageObject\",\"inLanguage\":\"da-DK\",\"@id\":\"https:\/\/kunmedierne.dk\/mors\/#\/schema\/person\/image\/\",\"url\":\"https:\/\/secure.gravatar.com\/avatar\/4315d6fb9ef244d729989f5f90268eb08d5bf8a3d84402f595fa194bb35784fd?s=96&d=mm&r=g\",\"contentUrl\":\"https:\/\/secure.gravatar.com\/avatar\/4315d6fb9ef244d729989f5f90268eb08d5bf8a3d84402f595fa194bb35784fd?s=96&d=mm&r=g\",\"caption\":\"David H\u00f8jmark\"},\"sameAs\":[\"https:\/\/www.kunmedierne.dk\"],\"url\":\"https:\/\/kunmedierne.dk\/mors\/author\/david\/\"}]}<\/script>\n<!-- \/ Yoast SEO plugin. -->","yoast_head_json":{"title":"90 \u00e5r: Esther S\u00f8ndergaard - Mors","robots":{"index":"index","follow":"follow","max-snippet":"max-snippet:-1","max-image-preview":"max-image-preview:large","max-video-preview":"max-video-preview:-1"},"canonical":"https:\/\/kunmedierne.dk\/mors\/90-aar-esther-soendergaard\/","og_locale":"da_DK","og_type":"article","og_title":"90 \u00e5r: Esther S\u00f8ndergaard - Mors","og_description":"F\u00d8DSELSDAG: N\u00e5r St\u00f8berig\u00e5rden i Nyk\u00f8bing i dag f\u00e5r g\u00e6ster udefra, kan de f\u00e5 et par gode historier om det politiske liv p\u00e5 Mors i 1990&#8217;erne. M\u00e5ske f\u00e5r de ogs\u00e5 et par ord om emner s\u00e5 forskellige som kirken, teaterverdenen og fagbev\u00e6gelsen. En fort\u00e6lling eller to om f\u00f8dselarens hunde bliver det sikkert ogs\u00e5 til. Og s\u00e5 [&hellip;]","og_url":"https:\/\/kunmedierne.dk\/mors\/90-aar-esther-soendergaard\/","og_site_name":"Mors","article_published_time":"2025-10-11T06:32:27+00:00","article_modified_time":"2025-10-11T06:33:23+00:00","author":"David H\u00f8jmark","twitter_card":"summary_large_image","twitter_misc":{"Skrevet af":"David H\u00f8jmark","Estimeret l\u00e6setid":"2 minutter"},"schema":{"@context":"https:\/\/schema.org","@graph":[{"@type":"Article","@id":"https:\/\/kunmedierne.dk\/mors\/90-aar-esther-soendergaard\/#article","isPartOf":{"@id":"https:\/\/kunmedierne.dk\/mors\/90-aar-esther-soendergaard\/"},"author":{"name":"David H\u00f8jmark","@id":"https:\/\/kunmedierne.dk\/mors\/#\/schema\/person\/5fe23251bf1d0abbcdc6f7896579d548"},"headline":"90 \u00e5r: Esther S\u00f8ndergaard","datePublished":"2025-10-11T06:32:27+00:00","dateModified":"2025-10-11T06:33:23+00:00","mainEntityOfPage":{"@id":"https:\/\/kunmedierne.dk\/mors\/90-aar-esther-soendergaard\/"},"wordCount":255,"publisher":{"@id":"https:\/\/kunmedierne.dk\/mors\/#organization"},"articleSection":["Lokalt","Navne"],"inLanguage":"da-DK"},{"@type":"WebPage","@id":"https:\/\/kunmedierne.dk\/mors\/90-aar-esther-soendergaard\/","url":"https:\/\/kunmedierne.dk\/mors\/90-aar-esther-soendergaard\/","name":"90 \u00e5r: Esther S\u00f8ndergaard - Mors","isPartOf":{"@id":"https:\/\/kunmedierne.dk\/mors\/#website"},"datePublished":"2025-10-11T06:32:27+00:00","dateModified":"2025-10-11T06:33:23+00:00","breadcrumb":{"@id":"https:\/\/kunmedierne.dk\/mors\/90-aar-esther-soendergaard\/#breadcrumb"},"inLanguage":"da-DK","potentialAction":[{"@type":"ReadAction","target":["https:\/\/kunmedierne.dk\/mors\/90-aar-esther-soendergaard\/"]}]},{"@type":"BreadcrumbList","@id":"https:\/\/kunmedierne.dk\/mors\/90-aar-esther-soendergaard\/#breadcrumb","itemListElement":[{"@type":"ListItem","position":1,"name":"Hjem","item":"https:\/\/kunmedierne.dk\/mors\/"},{"@type":"ListItem","position":2,"name":"90 \u00e5r: Esther S\u00f8ndergaard"}]},{"@type":"WebSite","@id":"https:\/\/kunmedierne.dk\/mors\/#website","url":"https:\/\/kunmedierne.dk\/mors\/","name":"Mors","description":"et netmedie med journalistik om livet p\u00e5 Mors","publisher":{"@id":"https:\/\/kunmedierne.dk\/mors\/#organization"},"potentialAction":[{"@type":"SearchAction","target":{"@type":"EntryPoint","urlTemplate":"https:\/\/kunmedierne.dk\/mors\/?s={search_term_string}"},"query-input":{"@type":"PropertyValueSpecification","valueRequired":true,"valueName":"search_term_string"}}],"inLanguage":"da-DK"},{"@type":"Organization","@id":"https:\/\/kunmedierne.dk\/mors\/#organization","name":"Mors","url":"https:\/\/kunmedierne.dk\/mors\/","logo":{"@type":"ImageObject","inLanguage":"da-DK","@id":"https:\/\/kunmedierne.dk\/mors\/#\/schema\/logo\/image\/","url":"https:\/\/kunmedierne.dk\/mors\/wp-content\/uploads\/2024\/08\/kunmors-logo.svg","contentUrl":"https:\/\/kunmedierne.dk\/mors\/wp-content\/uploads\/2024\/08\/kunmors-logo.svg","caption":"Mors"},"image":{"@id":"https:\/\/kunmedierne.dk\/mors\/#\/schema\/logo\/image\/"}},{"@type":"Person","@id":"https:\/\/kunmedierne.dk\/mors\/#\/schema\/person\/5fe23251bf1d0abbcdc6f7896579d548","name":"David H\u00f8jmark","image":{"@type":"ImageObject","inLanguage":"da-DK","@id":"https:\/\/kunmedierne.dk\/mors\/#\/schema\/person\/image\/","url":"https:\/\/secure.gravatar.com\/avatar\/4315d6fb9ef244d729989f5f90268eb08d5bf8a3d84402f595fa194bb35784fd?s=96&d=mm&r=g","contentUrl":"https:\/\/secure.gravatar.com\/avatar\/4315d6fb9ef244d729989f5f90268eb08d5bf8a3d84402f595fa194bb35784fd?s=96&d=mm&r=g","caption":"David H\u00f8jmark"},"sameAs":["https:\/\/www.kunmedierne.dk"],"url":"https:\/\/kunmedierne.dk\/mors\/author\/david\/"}]}},"_links":{"self":[{"href":"https:\/\/kunmedierne.dk\/mors\/wp-json\/wp\/v2\/posts\/157409","targetHints":{"allow":["GET"]}}],"collection":[{"href":"https:\/\/kunmedierne.dk\/mors\/wp-json\/wp\/v2\/posts"}],"about":[{"href":"https:\/\/kunmedierne.dk\/mors\/wp-json\/wp\/v2\/types\/post"}],"author":[{"embeddable":true,"href":"https:\/\/kunmedierne.dk\/mors\/wp-json\/wp\/v2\/users\/8"}],"replies":[{"embeddable":true,"href":"https:\/\/kunmedierne.dk\/mors\/wp-json\/wp\/v2\/comments?post=157409"}],"version-history":[{"count":3,"href":"https:\/\/kunmedierne.dk\/mors\/wp-json\/wp\/v2\/posts\/157409\/revisions"}],"predecessor-version":[{"id":157682,"href":"https:\/\/kunmedierne.dk\/mors\/wp-json\/wp\/v2\/posts\/157409\/revisions\/157682"}],"wp:attachment":[{"href":"https:\/\/kunmedierne.dk\/mors\/wp-json\/wp\/v2\/media?parent=157409"}],"wp:term":[{"taxonomy":"category","embeddable":true,"href":"https:\/\/kunmedierne.dk\/mors\/wp-json\/wp\/v2\/categories?post=157409"},{"taxonomy":"post_tag","embeddable":true,"href":"https:\/\/kunmedierne.dk\/mors\/wp-json\/wp\/v2\/tags?post=157409"}],"curies":[{"name":"wp","href":"https:\/\/api.w.org\/{rel}","templated":true}]}}