{"id":156978,"date":"2025-10-03T16:54:24","date_gmt":"2025-10-03T14:54:24","guid":{"rendered":"https:\/\/kunmedierne.dk\/mors\/?p=156978"},"modified":"2025-11-04T10:41:36","modified_gmt":"2025-11-04T09:41:36","slug":"laeserbrev-fra-politisk-aftale-til-lokal-virkelighed-status-paa-den-groenne-trepart","status":"publish","type":"post","link":"https:\/\/kunmedierne.dk\/mors\/laeserbrev-fra-politisk-aftale-til-lokal-virkelighed-status-paa-den-groenne-trepart\/","title":{"rendered":"<span>L\u00e6serbrev:<\/span> Fra politisk aftale til lokal virkelighed &#8211; status p\u00e5 den gr\u00f8nne trepart\u00a0"},"content":{"rendered":"<p><span data-contrast=\"auto\"><strong>DEBAT:<\/strong> Landbruget spiller en central rolle her p\u00e5 Mors &#8211; b\u00e5de som erhverv og som en del af vores lokale identitet. Der er mange holdninger til, hvordan vi anvender vores arealer, og balancen mellem hensyn til natur og behov for produktion er en vigtig del af den offentlige samtale. Det handler om at finde l\u00f8sninger, der respekterer de forskellige interesser og sikrer en ansvarlig udvikling.<\/span><span data-ccp-props=\"{&quot;134233117&quot;:false,&quot;134233118&quot;:false,&quot;201341983&quot;:0,&quot;335551550&quot;:0,&quot;335551620&quot;:0,&quot;335559738&quot;:0,&quot;335559739&quot;:160,&quot;335559740&quot;:257}\">\u00a0<\/span><\/p>\n<a class=\"dvrt-link\" onClick=\"cdmtrack_click(104787,jQuery(this));return false\" href=\"https:\/\/www.jyskebank.dk\/kontakt\/afdelingsinfo?departmentid=11890\"><img decoding=\"async\" style=\"width:100%;\" src=\"https:\/\/kunmedierne.dk\/mors\/wp-content\/uploads\/2023\/10\/260325JyskeBankMorsNy-1.jpg\"><\/a><script>cdmtrack_view(104787);<\/script>\n<p><span data-contrast=\"auto\">Der er indg\u00e5et en \u201daftale om et gr\u00f8nt Danmark\u201d som udspringer af Den Gr\u00f8nne Trepart, og nu er det op til kommunerne at udf\u00f8re de n\u00e6ste skridt. <\/span><span data-ccp-props=\"{&quot;134233117&quot;:false,&quot;134233118&quot;:false,&quot;201341983&quot;:0,&quot;335551550&quot;:0,&quot;335551620&quot;:0,&quot;335559738&quot;:0,&quot;335559739&quot;:160,&quot;335559740&quot;:257}\">\u00a0<\/span><\/p>\n<p><span data-contrast=\"auto\">N\u00e5r det kommer til oml\u00e6gning af landbrugsarealer, har kommunerne en vigtig rolle i at oms\u00e6tte de nationale m\u00e5ls\u00e6tninger til lokale planer. Mors\u00f8 Kommune er godt i gang med oml\u00e6gningsplanen. Projekter er meldt ind, lodsejere er informeret, og dialogen er etableret &#8211; for uden lokal opbakning kommer vi ikke i m\u00e5l.<\/span><span data-ccp-props=\"{&quot;134233117&quot;:false,&quot;134233118&quot;:false,&quot;201341983&quot;:0,&quot;335551550&quot;:0,&quot;335551620&quot;:0,&quot;335559738&quot;:0,&quot;335559739&quot;:160,&quot;335559740&quot;:257}\">\u00a0<\/span><\/p>\n<p><span data-contrast=\"auto\">I debatten om kv\u00e6lstofudledning fylder landbruget naturligt meget. Men det er vigtigt at anerkende, at der ogs\u00e5 findes\u00a0andre kilder. Spildevand fra renseanl\u00e6g samt nedb\u00f8rsbetingede over- og tilbagel\u00f8b bidrager ogs\u00e5 til belastningen af vores vandmilj\u00f8. Det er en problematik, der skal tages alvorligt &#8211; og det bliver den. Der er et godt og konstruktivt samarbejde mellem kommune og forsyning, og der arbejdes m\u00e5lrettet p\u00e5 at finde l\u00f8sninger, der kan reducere belastningen og beskytte vores vandmilj\u00f8.<\/span><span data-ccp-props=\"{&quot;134233117&quot;:false,&quot;134233118&quot;:false,&quot;201341983&quot;:0,&quot;335551550&quot;:0,&quot;335551620&quot;:0,&quot;335559738&quot;:0,&quot;335559739&quot;:160,&quot;335559740&quot;:257}\">\u00a0<\/span><\/p>\n<p><span data-contrast=\"auto\">Disse udfordringer \u00e6ndrer dog ikke p\u00e5, at\u00a0arealoml\u00e6gning er en n\u00f8dvendig indsats for at n\u00e5 indsatsbehovet. Den oprindelige ambition om at indtegne arealer svarende til 100 % af indsatsbehovet har vist sig vanskelig at realisere. I takt med at projekterne er blevet kvalificeret og vurderet, har vi derfor justeret planen. <\/span><span data-ccp-props=\"{&quot;134233117&quot;:false,&quot;134233118&quot;:false,&quot;201341983&quot;:0,&quot;335551550&quot;:0,&quot;335551620&quot;:0,&quot;335559738&quot;:0,&quot;335559739&quot;:160,&quot;335559740&quot;:257}\">\u00a0<\/span><\/p>\n<a class=\"dvrt-link\" onClick=\"cdmtrack_click(147315,jQuery(this));return false\" href=\"https:\/\/sdrhaa.dk\/\"><img decoding=\"async\" style=\"width:100%;\" src=\"https:\/\/kunmedierne.dk\/mors\/wp-content\/uploads\/2025\/05\/260302Sdr-HaaDin-gebyrvenlige-sparekasse_mors-002.gif\"><\/a><script>cdmtrack_view(147315);<\/script>\n<p><span data-contrast=\"auto\">S\u00e6rligt for Thisted Bredning har vi, i t\u00e6t samarbejde med Thisted Kommune, igangsat en m\u00e5lrettet indsats, hvor et nyt Kystvandr\u00e5d netop er etableret. R\u00e5det samler lokale akt\u00f8rer fra b\u00e5de Thy og Mors og har til opgave at kortl\u00e6gge de st\u00f8rste udfordringer for vandmilj\u00f8et og r\u00e5dgive om \u00f8vrige virkemidler. <\/span><span data-ccp-props=\"{&quot;134233117&quot;:false,&quot;134233118&quot;:false,&quot;201341983&quot;:0,&quot;335551550&quot;:0,&quot;335551620&quot;:0,&quot;335559738&quot;:0,&quot;335559739&quot;:160,&quot;335559740&quot;:257}\">\u00a0<\/span><\/p>\n<p><span data-contrast=\"auto\">Det handler ikke om at s\u00e6nke ambitionsniveauet, men om at sikre at indsatsen er s\u00e5 realistisk og gennemf\u00f8rligt som muligt. Oml\u00e6gningsplanen skal baseres p\u00e5 konkrete og fornuftige virkemidler. Derfor er fokus nu rettet mod lavbunds- og v\u00e5domr\u00e5deprojekter, som har dokumenteret stor effekt p\u00e5 reduktion af kv\u00e6lstofudledning.<\/span><span data-ccp-props=\"{&quot;134233117&quot;:false,&quot;134233118&quot;:false,&quot;201341983&quot;:0,&quot;335551550&quot;:0,&quot;335551620&quot;:0,&quot;335559738&quot;:0,&quot;335559739&quot;:160,&quot;335559740&quot;:257}\">\u00a0<\/span><\/p>\n<p><span data-contrast=\"auto\">Problematikken er kompleks, og lavbundsprojekter alene er ikke tilstr\u00e6kkelige til at opfylde det samlede indsatsbehov for Thisted Bredning. If\u00f8lge den politiske aftale skal det resterende behov findes p\u00e5 dyrkningsfladen &#8211; men ikke n\u00f8dvendigvis gennem 100 % arealoml\u00e6gning.<\/span><span data-ccp-props=\"{&quot;134233117&quot;:false,&quot;134233118&quot;:false,&quot;201341983&quot;:0,&quot;335551550&quot;:0,&quot;335551620&quot;:0,&quot;335559738&quot;:0,&quot;335559739&quot;:160,&quot;335559740&quot;:257}\">\u00a0<\/span><\/p>\n<p><span data-contrast=\"auto\">Derfor vil vi udfordre styrelsen p\u00e5, at oml\u00e6gningsplanen ikke b\u00f8r baseres p\u00e5 et krav om 100 % arealoml\u00e6gning, n\u00e5r den politiske aftale \u00e5bner for, at en del af indsatsen kan findes via andre virkemidler. Det er afg\u00f8rende, at der er fleksibilitet i planl\u00e6gningen, s\u00e5 vi kan prioritere de l\u00f8sninger, der har st\u00f8rst lokal effekt og opbakning.<\/span><span data-ccp-props=\"{&quot;134233117&quot;:false,&quot;134233118&quot;:false,&quot;201341983&quot;:0,&quot;335551550&quot;:0,&quot;335551620&quot;:0,&quot;335559738&quot;:0,&quot;335559739&quot;:160,&quot;335559740&quot;:257}\">\u00a0<\/span><\/p>\n<p><span data-contrast=\"auto\">P\u00e5 Christiansborg arbejdes der aktuelt med en ny markreguleringsmodel, som skal underst\u00f8tte arealoml\u00e6gningen. Vi afventer dog stadig den endelige politiske aftale som skal fastl\u00e6gge modellen, derfor kan vi p\u00e5 nuv\u00e6rende tidspunkt ikke uddybe dens indhold eller konsekvenser. <\/span><span data-ccp-props=\"{&quot;134233117&quot;:false,&quot;134233118&quot;:false,&quot;201341983&quot;:0,&quot;335551550&quot;:0,&quot;335551620&quot;:0,&quot;335559738&quot;:0,&quot;335559739&quot;:160,&quot;335559740&quot;:257}\">\u00a0<\/span><\/p>\n<p><span data-contrast=\"auto\">Vi skal derfor fortsat prioritere\u00a0lokale og frivillige l\u00f8sninger\u00a0&#8211; d\u00e9r hvor effekten er st\u00f8rst og opbakningen st\u00e6rkest.<\/span><span data-ccp-props=\"{&quot;134233117&quot;:false,&quot;134233118&quot;:false,&quot;201341983&quot;:0,&quot;335551550&quot;:0,&quot;335551620&quot;:0,&quot;335559738&quot;:0,&quot;335559739&quot;:160,&quot;335559740&quot;:257}\">\u00a0<\/span><\/p>\n<p><span data-contrast=\"auto\">Arbejdet med implementeringen af den gr\u00f8nne trepart kr\u00e6ver\u00a0m\u00e5lrettet planl\u00e6gning, lokal dialog og vilje til at justere, n\u00e5r virkeligheden kalder p\u00e5 det.<\/span><span data-ccp-props=\"{&quot;134233117&quot;:false,&quot;134233118&quot;:false,&quot;201341983&quot;:0,&quot;335551550&quot;:0,&quot;335551620&quot;:0,&quot;335559738&quot;:0,&quot;335559739&quot;:160,&quot;335559740&quot;:257}\">\u00a0<\/span><\/p>\n<a class=\"dvrt-link\" onClick=\"cdmtrack_click(104781,jQuery(this));return false\" href=\"https:\/\/www.fmspks.dk\/\"><img decoding=\"async\" style=\"width:100%;\" src=\"https:\/\/kunmedierne.dk\/mors\/wp-content\/uploads\/2022\/02\/vip-froeslev-mollerup-sparekasse.jpg\"><\/a><script>cdmtrack_view(104781);<\/script>\n<p><span data-contrast=\"auto\">Aftalen om et gr\u00f8nt Danmark, Den Gr\u00f8nne Trepart, rummer store ambitioner: <\/span><i><span data-contrast=\"auto\">Et mere arealeffektivt og h\u00f8jteknologisk landbrug<\/span><\/i><span data-contrast=\"auto\">, der samtidig skal v\u00e6re <\/span><i><span data-contrast=\"auto\">konkurrencedygtigt og skabe arbejdspladser i hele landet<\/span><\/i><span data-contrast=\"auto\">. <\/span><span data-ccp-props=\"{&quot;134233117&quot;:false,&quot;134233118&quot;:false,&quot;201341983&quot;:0,&quot;335551550&quot;:0,&quot;335551620&quot;:0,&quot;335559738&quot;:0,&quot;335559739&quot;:160,&quot;335559740&quot;:257}\">\u00a0<\/span><\/p>\n<p><span data-contrast=\"auto\">Det er en sv\u00e6r balance, men det er afg\u00f8rende, at vi rammer den, for p\u00e5 Mors er landbruget ikke blot en branche &#8211; det er en livsform, en kultur og har en v\u00e6sentlig betydning for vores lokale \u00f8konomi.<\/span><span data-ccp-props=\"{&quot;134233118&quot;:false,&quot;201341983&quot;:0,&quot;335551550&quot;:0,&quot;335551620&quot;:0,&quot;335559739&quot;:160,&quot;335559740&quot;:257}\">\u00a0<\/span><\/p>\n<p><span data-ccp-props=\"{}\">&#8211; Jesper Balle Kristensen, viceborgmester i Mors\u00f8 Kommune\u00a0\u00a0<\/span><\/p>\n","protected":false},"excerpt":{"rendered":"<p>DEBAT: Landbruget spiller en central rolle her p\u00e5 Mors &#8211; b\u00e5de som erhverv og som en del af vores lokale identitet. Der er mange holdninger til, hvordan vi anvender vores arealer, og balancen mellem hensyn til natur og behov for produktion er en vigtig del af den offentlige samtale. Det handler om at finde l\u00f8sninger, [&hellip;]<\/p>\n","protected":false},"author":11,"featured_media":0,"comment_status":"closed","ping_status":"closed","sticky":false,"template":"","format":"standard","meta":{"_acf_changed":false,"footnotes":""},"categories":[56],"tags":[],"class_list":["post-156978","post","type-post","status-publish","format-standard","hentry","category-debat"],"acf":[],"yoast_head":"<!-- This site is optimized with the Yoast SEO plugin v26.8 - https:\/\/yoast.com\/product\/yoast-seo-wordpress\/ -->\n<title>L\u00e6serbrev: Fra politisk aftale til lokal virkelighed - status p\u00e5 den gr\u00f8nne trepart\u00a0 - Mors<\/title>\n<meta name=\"robots\" content=\"index, follow, max-snippet:-1, max-image-preview:large, max-video-preview:-1\" \/>\n<link rel=\"canonical\" href=\"https:\/\/kunmedierne.dk\/mors\/laeserbrev-fra-politisk-aftale-til-lokal-virkelighed-status-paa-den-groenne-trepart\/\" \/>\n<meta property=\"og:locale\" content=\"da_DK\" \/>\n<meta property=\"og:type\" content=\"article\" \/>\n<meta property=\"og:title\" content=\"L\u00e6serbrev: Fra politisk aftale til lokal virkelighed - status p\u00e5 den gr\u00f8nne trepart\u00a0 - Mors\" \/>\n<meta property=\"og:description\" content=\"DEBAT: Landbruget spiller en central rolle her p\u00e5 Mors &#8211; b\u00e5de som erhverv og som en del af vores lokale identitet. Der er mange holdninger til, hvordan vi anvender vores arealer, og balancen mellem hensyn til natur og behov for produktion er en vigtig del af den offentlige samtale. Det handler om at finde l\u00f8sninger, [&hellip;]\" \/>\n<meta property=\"og:url\" content=\"https:\/\/kunmedierne.dk\/mors\/laeserbrev-fra-politisk-aftale-til-lokal-virkelighed-status-paa-den-groenne-trepart\/\" \/>\n<meta property=\"og:site_name\" content=\"Mors\" \/>\n<meta property=\"article:published_time\" content=\"2025-10-03T14:54:24+00:00\" \/>\n<meta property=\"article:modified_time\" content=\"2025-11-04T09:41:36+00:00\" \/>\n<meta name=\"author\" content=\"Debat\" \/>\n<meta name=\"twitter:card\" content=\"summary_large_image\" \/>\n<meta name=\"twitter:label1\" content=\"Skrevet af\" \/>\n\t<meta name=\"twitter:data1\" content=\"Debat\" \/>\n\t<meta name=\"twitter:label2\" content=\"Estimeret l\u00e6setid\" \/>\n\t<meta name=\"twitter:data2\" content=\"4 minutter\" \/>\n<script type=\"application\/ld+json\" class=\"yoast-schema-graph\">{\"@context\":\"https:\/\/schema.org\",\"@graph\":[{\"@type\":\"Article\",\"@id\":\"https:\/\/kunmedierne.dk\/mors\/laeserbrev-fra-politisk-aftale-til-lokal-virkelighed-status-paa-den-groenne-trepart\/#article\",\"isPartOf\":{\"@id\":\"https:\/\/kunmedierne.dk\/mors\/laeserbrev-fra-politisk-aftale-til-lokal-virkelighed-status-paa-den-groenne-trepart\/\"},\"author\":{\"name\":\"Debat\",\"@id\":\"https:\/\/kunmedierne.dk\/mors\/#\/schema\/person\/84c1391bce0b43b9bb3a49736bc0ad78\"},\"headline\":\"L\u00e6serbrev: Fra politisk aftale til lokal virkelighed &#8211; status p\u00e5 den gr\u00f8nne trepart\u00a0\",\"datePublished\":\"2025-10-03T14:54:24+00:00\",\"dateModified\":\"2025-11-04T09:41:36+00:00\",\"mainEntityOfPage\":{\"@id\":\"https:\/\/kunmedierne.dk\/mors\/laeserbrev-fra-politisk-aftale-til-lokal-virkelighed-status-paa-den-groenne-trepart\/\"},\"wordCount\":691,\"publisher\":{\"@id\":\"https:\/\/kunmedierne.dk\/mors\/#organization\"},\"articleSection\":[\"Debat\"],\"inLanguage\":\"da-DK\"},{\"@type\":\"WebPage\",\"@id\":\"https:\/\/kunmedierne.dk\/mors\/laeserbrev-fra-politisk-aftale-til-lokal-virkelighed-status-paa-den-groenne-trepart\/\",\"url\":\"https:\/\/kunmedierne.dk\/mors\/laeserbrev-fra-politisk-aftale-til-lokal-virkelighed-status-paa-den-groenne-trepart\/\",\"name\":\"L\u00e6serbrev: Fra politisk aftale til lokal virkelighed - status p\u00e5 den gr\u00f8nne trepart\u00a0 - Mors\",\"isPartOf\":{\"@id\":\"https:\/\/kunmedierne.dk\/mors\/#website\"},\"datePublished\":\"2025-10-03T14:54:24+00:00\",\"dateModified\":\"2025-11-04T09:41:36+00:00\",\"breadcrumb\":{\"@id\":\"https:\/\/kunmedierne.dk\/mors\/laeserbrev-fra-politisk-aftale-til-lokal-virkelighed-status-paa-den-groenne-trepart\/#breadcrumb\"},\"inLanguage\":\"da-DK\",\"potentialAction\":[{\"@type\":\"ReadAction\",\"target\":[\"https:\/\/kunmedierne.dk\/mors\/laeserbrev-fra-politisk-aftale-til-lokal-virkelighed-status-paa-den-groenne-trepart\/\"]}]},{\"@type\":\"BreadcrumbList\",\"@id\":\"https:\/\/kunmedierne.dk\/mors\/laeserbrev-fra-politisk-aftale-til-lokal-virkelighed-status-paa-den-groenne-trepart\/#breadcrumb\",\"itemListElement\":[{\"@type\":\"ListItem\",\"position\":1,\"name\":\"Hjem\",\"item\":\"https:\/\/kunmedierne.dk\/mors\/\"},{\"@type\":\"ListItem\",\"position\":2,\"name\":\"L\u00e6serbrev: Fra politisk aftale til lokal virkelighed &#8211; status p\u00e5 den gr\u00f8nne trepart\u00a0\"}]},{\"@type\":\"WebSite\",\"@id\":\"https:\/\/kunmedierne.dk\/mors\/#website\",\"url\":\"https:\/\/kunmedierne.dk\/mors\/\",\"name\":\"Mors\",\"description\":\"et netmedie med journalistik om livet p\u00e5 Mors\",\"publisher\":{\"@id\":\"https:\/\/kunmedierne.dk\/mors\/#organization\"},\"potentialAction\":[{\"@type\":\"SearchAction\",\"target\":{\"@type\":\"EntryPoint\",\"urlTemplate\":\"https:\/\/kunmedierne.dk\/mors\/?s={search_term_string}\"},\"query-input\":{\"@type\":\"PropertyValueSpecification\",\"valueRequired\":true,\"valueName\":\"search_term_string\"}}],\"inLanguage\":\"da-DK\"},{\"@type\":\"Organization\",\"@id\":\"https:\/\/kunmedierne.dk\/mors\/#organization\",\"name\":\"Mors\",\"url\":\"https:\/\/kunmedierne.dk\/mors\/\",\"logo\":{\"@type\":\"ImageObject\",\"inLanguage\":\"da-DK\",\"@id\":\"https:\/\/kunmedierne.dk\/mors\/#\/schema\/logo\/image\/\",\"url\":\"https:\/\/kunmedierne.dk\/mors\/wp-content\/uploads\/2024\/08\/kunmors-logo.svg\",\"contentUrl\":\"https:\/\/kunmedierne.dk\/mors\/wp-content\/uploads\/2024\/08\/kunmors-logo.svg\",\"caption\":\"Mors\"},\"image\":{\"@id\":\"https:\/\/kunmedierne.dk\/mors\/#\/schema\/logo\/image\/\"}},{\"@type\":\"Person\",\"@id\":\"https:\/\/kunmedierne.dk\/mors\/#\/schema\/person\/84c1391bce0b43b9bb3a49736bc0ad78\",\"name\":\"Debat\",\"image\":{\"@type\":\"ImageObject\",\"inLanguage\":\"da-DK\",\"@id\":\"https:\/\/kunmedierne.dk\/mors\/#\/schema\/person\/image\/\",\"url\":\"https:\/\/secure.gravatar.com\/avatar\/b0fb2e221d618f7c65162ab0d49c7e8a0b580c871ca03af90e42b47b4150654c?s=96&d=mm&r=g\",\"contentUrl\":\"https:\/\/secure.gravatar.com\/avatar\/b0fb2e221d618f7c65162ab0d49c7e8a0b580c871ca03af90e42b47b4150654c?s=96&d=mm&r=g\",\"caption\":\"Debat\"},\"url\":\"https:\/\/kunmedierne.dk\/mors\/author\/debat\/\"}]}<\/script>\n<!-- \/ Yoast SEO plugin. -->","yoast_head_json":{"title":"L\u00e6serbrev: Fra politisk aftale til lokal virkelighed - status p\u00e5 den gr\u00f8nne trepart\u00a0 - Mors","robots":{"index":"index","follow":"follow","max-snippet":"max-snippet:-1","max-image-preview":"max-image-preview:large","max-video-preview":"max-video-preview:-1"},"canonical":"https:\/\/kunmedierne.dk\/mors\/laeserbrev-fra-politisk-aftale-til-lokal-virkelighed-status-paa-den-groenne-trepart\/","og_locale":"da_DK","og_type":"article","og_title":"L\u00e6serbrev: Fra politisk aftale til lokal virkelighed - status p\u00e5 den gr\u00f8nne trepart\u00a0 - Mors","og_description":"DEBAT: Landbruget spiller en central rolle her p\u00e5 Mors &#8211; b\u00e5de som erhverv og som en del af vores lokale identitet. Der er mange holdninger til, hvordan vi anvender vores arealer, og balancen mellem hensyn til natur og behov for produktion er en vigtig del af den offentlige samtale. Det handler om at finde l\u00f8sninger, [&hellip;]","og_url":"https:\/\/kunmedierne.dk\/mors\/laeserbrev-fra-politisk-aftale-til-lokal-virkelighed-status-paa-den-groenne-trepart\/","og_site_name":"Mors","article_published_time":"2025-10-03T14:54:24+00:00","article_modified_time":"2025-11-04T09:41:36+00:00","author":"Debat","twitter_card":"summary_large_image","twitter_misc":{"Skrevet af":"Debat","Estimeret l\u00e6setid":"4 minutter"},"schema":{"@context":"https:\/\/schema.org","@graph":[{"@type":"Article","@id":"https:\/\/kunmedierne.dk\/mors\/laeserbrev-fra-politisk-aftale-til-lokal-virkelighed-status-paa-den-groenne-trepart\/#article","isPartOf":{"@id":"https:\/\/kunmedierne.dk\/mors\/laeserbrev-fra-politisk-aftale-til-lokal-virkelighed-status-paa-den-groenne-trepart\/"},"author":{"name":"Debat","@id":"https:\/\/kunmedierne.dk\/mors\/#\/schema\/person\/84c1391bce0b43b9bb3a49736bc0ad78"},"headline":"L\u00e6serbrev: Fra politisk aftale til lokal virkelighed &#8211; status p\u00e5 den gr\u00f8nne trepart\u00a0","datePublished":"2025-10-03T14:54:24+00:00","dateModified":"2025-11-04T09:41:36+00:00","mainEntityOfPage":{"@id":"https:\/\/kunmedierne.dk\/mors\/laeserbrev-fra-politisk-aftale-til-lokal-virkelighed-status-paa-den-groenne-trepart\/"},"wordCount":691,"publisher":{"@id":"https:\/\/kunmedierne.dk\/mors\/#organization"},"articleSection":["Debat"],"inLanguage":"da-DK"},{"@type":"WebPage","@id":"https:\/\/kunmedierne.dk\/mors\/laeserbrev-fra-politisk-aftale-til-lokal-virkelighed-status-paa-den-groenne-trepart\/","url":"https:\/\/kunmedierne.dk\/mors\/laeserbrev-fra-politisk-aftale-til-lokal-virkelighed-status-paa-den-groenne-trepart\/","name":"L\u00e6serbrev: Fra politisk aftale til lokal virkelighed - status p\u00e5 den gr\u00f8nne trepart\u00a0 - Mors","isPartOf":{"@id":"https:\/\/kunmedierne.dk\/mors\/#website"},"datePublished":"2025-10-03T14:54:24+00:00","dateModified":"2025-11-04T09:41:36+00:00","breadcrumb":{"@id":"https:\/\/kunmedierne.dk\/mors\/laeserbrev-fra-politisk-aftale-til-lokal-virkelighed-status-paa-den-groenne-trepart\/#breadcrumb"},"inLanguage":"da-DK","potentialAction":[{"@type":"ReadAction","target":["https:\/\/kunmedierne.dk\/mors\/laeserbrev-fra-politisk-aftale-til-lokal-virkelighed-status-paa-den-groenne-trepart\/"]}]},{"@type":"BreadcrumbList","@id":"https:\/\/kunmedierne.dk\/mors\/laeserbrev-fra-politisk-aftale-til-lokal-virkelighed-status-paa-den-groenne-trepart\/#breadcrumb","itemListElement":[{"@type":"ListItem","position":1,"name":"Hjem","item":"https:\/\/kunmedierne.dk\/mors\/"},{"@type":"ListItem","position":2,"name":"L\u00e6serbrev: Fra politisk aftale til lokal virkelighed &#8211; status p\u00e5 den gr\u00f8nne trepart\u00a0"}]},{"@type":"WebSite","@id":"https:\/\/kunmedierne.dk\/mors\/#website","url":"https:\/\/kunmedierne.dk\/mors\/","name":"Mors","description":"et netmedie med journalistik om livet p\u00e5 Mors","publisher":{"@id":"https:\/\/kunmedierne.dk\/mors\/#organization"},"potentialAction":[{"@type":"SearchAction","target":{"@type":"EntryPoint","urlTemplate":"https:\/\/kunmedierne.dk\/mors\/?s={search_term_string}"},"query-input":{"@type":"PropertyValueSpecification","valueRequired":true,"valueName":"search_term_string"}}],"inLanguage":"da-DK"},{"@type":"Organization","@id":"https:\/\/kunmedierne.dk\/mors\/#organization","name":"Mors","url":"https:\/\/kunmedierne.dk\/mors\/","logo":{"@type":"ImageObject","inLanguage":"da-DK","@id":"https:\/\/kunmedierne.dk\/mors\/#\/schema\/logo\/image\/","url":"https:\/\/kunmedierne.dk\/mors\/wp-content\/uploads\/2024\/08\/kunmors-logo.svg","contentUrl":"https:\/\/kunmedierne.dk\/mors\/wp-content\/uploads\/2024\/08\/kunmors-logo.svg","caption":"Mors"},"image":{"@id":"https:\/\/kunmedierne.dk\/mors\/#\/schema\/logo\/image\/"}},{"@type":"Person","@id":"https:\/\/kunmedierne.dk\/mors\/#\/schema\/person\/84c1391bce0b43b9bb3a49736bc0ad78","name":"Debat","image":{"@type":"ImageObject","inLanguage":"da-DK","@id":"https:\/\/kunmedierne.dk\/mors\/#\/schema\/person\/image\/","url":"https:\/\/secure.gravatar.com\/avatar\/b0fb2e221d618f7c65162ab0d49c7e8a0b580c871ca03af90e42b47b4150654c?s=96&d=mm&r=g","contentUrl":"https:\/\/secure.gravatar.com\/avatar\/b0fb2e221d618f7c65162ab0d49c7e8a0b580c871ca03af90e42b47b4150654c?s=96&d=mm&r=g","caption":"Debat"},"url":"https:\/\/kunmedierne.dk\/mors\/author\/debat\/"}]}},"_links":{"self":[{"href":"https:\/\/kunmedierne.dk\/mors\/wp-json\/wp\/v2\/posts\/156978","targetHints":{"allow":["GET"]}}],"collection":[{"href":"https:\/\/kunmedierne.dk\/mors\/wp-json\/wp\/v2\/posts"}],"about":[{"href":"https:\/\/kunmedierne.dk\/mors\/wp-json\/wp\/v2\/types\/post"}],"author":[{"embeddable":true,"href":"https:\/\/kunmedierne.dk\/mors\/wp-json\/wp\/v2\/users\/11"}],"replies":[{"embeddable":true,"href":"https:\/\/kunmedierne.dk\/mors\/wp-json\/wp\/v2\/comments?post=156978"}],"version-history":[{"count":4,"href":"https:\/\/kunmedierne.dk\/mors\/wp-json\/wp\/v2\/posts\/156978\/revisions"}],"predecessor-version":[{"id":159731,"href":"https:\/\/kunmedierne.dk\/mors\/wp-json\/wp\/v2\/posts\/156978\/revisions\/159731"}],"wp:attachment":[{"href":"https:\/\/kunmedierne.dk\/mors\/wp-json\/wp\/v2\/media?parent=156978"}],"wp:term":[{"taxonomy":"category","embeddable":true,"href":"https:\/\/kunmedierne.dk\/mors\/wp-json\/wp\/v2\/categories?post=156978"},{"taxonomy":"post_tag","embeddable":true,"href":"https:\/\/kunmedierne.dk\/mors\/wp-json\/wp\/v2\/tags?post=156978"}],"curies":[{"name":"wp","href":"https:\/\/api.w.org\/{rel}","templated":true}]}}