{"id":156274,"date":"2025-09-24T19:02:36","date_gmt":"2025-09-24T17:02:36","guid":{"rendered":"https:\/\/kunmedierne.dk\/mors\/?p=156274"},"modified":"2025-09-24T19:02:36","modified_gmt":"2025-09-24T17:02:36","slug":"for-femte-aar-i-traek-bliver-der-afholdt-frivillig-fredag-en-dag-der-saetter-fokus-paa-de-frivillige-faellesskaber-paa-mors","status":"publish","type":"post","link":"https:\/\/kunmedierne.dk\/mors\/for-femte-aar-i-traek-bliver-der-afholdt-frivillig-fredag-en-dag-der-saetter-fokus-paa-de-frivillige-faellesskaber-paa-mors\/","title":{"rendered":"For femte \u00e5r i tr\u00e6k bliver der afholdt Frivillig Fredag: En dag, der s\u00e6tter fokus p\u00e5 de frivillige f\u00e6llesskaber p\u00e5 Mors"},"content":{"rendered":"<p><strong>FRIVILLIGHED: <\/strong>Frivilligcenter Mors er en del af det landsd\u00e6kkende arrangement Frivillig Fredag, der s\u00e6tter fokus p\u00e5, hvordan man kan engagere sig i lokalsamfundet. For Mors\u00f8 Kommune ligger Frivillig Fredag den 26. september, og som vanligt vil flere foreninger og f\u00e6llesskaber m\u00f8de op, og alle er inviteret til at kigge forbi.<\/p>\n<p>Anette Halkier, der er projektleder hos Frivilligcenter Mors, ser frem til at arrangementet l\u00f8ber af stablen, og hun opfordrer alle til at m\u00f8de op:<\/p>\n<a class=\"dvrt-link\" onClick=\"cdmtrack_click(104781,jQuery(this));return false\" href=\"https:\/\/www.fmspks.dk\/\"><img decoding=\"async\" style=\"width:100%;\" src=\"https:\/\/kunmedierne.dk\/mors\/wp-content\/uploads\/2022\/02\/vip-froeslev-mollerup-sparekasse.jpg\"><\/a><script>cdmtrack_view(104781);<\/script>\n<p>&#8211; Kom, hvis du er nysgerrig p\u00e5 hvad det vil sig at v\u00e6re frivillig, og hvad det kan, eller hvis du savner et f\u00e6llesskab. Vi hj\u00e6lper gerne folk med at finde hinanden og finde et f\u00e6llesskab, der passer til dem.<\/p>\n<p>Fra kl. 16-18 er der fernisering af et v\u00e6rk, pr\u00e6sentation af nye f\u00e6llesskaber og foreninger og live musik fra spillem\u00e6nd.<\/p>\n<p>&nbsp;<\/p>\n<p><strong>Frivilligcenteret s\u00e6tter fokus p\u00e5, hvor vigtigt frivilligt arbejde er<\/strong><\/p>\n<p>Anette Halkier er begejstret for, at det er Frivilligcenter Mors&#8217; femte \u00e5r, som en del af Frivillig Fredag:<\/p>\n<p>&#8211; Det er blevet st\u00f8rre og st\u00f8rre, og vi h\u00e5ber, at det s\u00e6tter fokus p\u00e5 alt det gode, der f\u00f8lger med, n\u00e5r man er frivillig. Vi sl\u00e5r p\u00e5 tromme for, hvor vigtigt frivilligt arbejde er, og derfor er vi glade for at fejre, at vi nu har v\u00e6ret med i fem \u00e5r.<\/p>\n<a class=\"dvrt-link\" onClick=\"cdmtrack_click(104780,jQuery(this));return false\" href=\"https:\/\/www.spard.dk\/\"><img decoding=\"async\" style=\"width:100%;\" src=\"https:\/\/kunmedierne.dk\/mors\/wp-content\/uploads\/2023\/12\/sparekassen-dk-maj25.gif\"><\/a><script>cdmtrack_view(104780);<\/script>\n<p>Udover at sprede kendskabet til foreninger og f\u00e6llesskaber bliver der ogs\u00e5 givet teknisk hj\u00e6lp til at v\u00e6re en del af Socialkompasset (en portal, hvor man kan sl\u00e5 op, hvis man mangler et f\u00e6llesskab).<\/p>\n<p>&nbsp;<\/p>\n<blockquote>\n<h3>Kort om arrangementet<\/h3>\n<h4>Frivillig Fredag foreg\u00e5r i Frivilligcentret, Holgersgade 7, 3. sal. Det er muligt at tage elevatoren. Arrangementet varer fra kl. 16-18, og det er gratis at m\u00f8de op. Om fredagen er der live musik, en frivilligbar med gratis snacks og en gave, der vil bringe lys i hverdagen, til alle der m\u00f8der op.<\/h4>\n<\/blockquote>\n","protected":false},"excerpt":{"rendered":"<p>FRIVILLIGHED: Frivilligcenter Mors er en del af det landsd\u00e6kkende arrangement Frivillig Fredag, der s\u00e6tter fokus p\u00e5, hvordan man kan engagere sig i lokalsamfundet. For Mors\u00f8 Kommune ligger Frivillig Fredag den 26. september, og som vanligt vil flere foreninger og f\u00e6llesskaber m\u00f8de op, og alle er inviteret til at kigge forbi. Anette Halkier, der er projektleder [&hellip;]<\/p>\n","protected":false},"author":4322,"featured_media":0,"comment_status":"closed","ping_status":"closed","sticky":false,"template":"","format":"standard","meta":{"_acf_changed":false,"footnotes":""},"categories":[51],"tags":[196],"class_list":["post-156274","post","type-post","status-publish","format-standard","hentry","category-lokalt","tag-foreningsliv"],"acf":[],"yoast_head":"<!-- This site is optimized with the Yoast SEO plugin v26.8 - https:\/\/yoast.com\/product\/yoast-seo-wordpress\/ -->\n<title>For femte \u00e5r i tr\u00e6k bliver der afholdt Frivillig Fredag: En dag, der s\u00e6tter fokus p\u00e5 de frivillige f\u00e6llesskaber p\u00e5 Mors - Mors<\/title>\n<meta name=\"robots\" content=\"index, follow, max-snippet:-1, max-image-preview:large, max-video-preview:-1\" \/>\n<link rel=\"canonical\" href=\"https:\/\/kunmedierne.dk\/mors\/for-femte-aar-i-traek-bliver-der-afholdt-frivillig-fredag-en-dag-der-saetter-fokus-paa-de-frivillige-faellesskaber-paa-mors\/\" \/>\n<meta property=\"og:locale\" content=\"da_DK\" \/>\n<meta property=\"og:type\" content=\"article\" \/>\n<meta property=\"og:title\" content=\"For femte \u00e5r i tr\u00e6k bliver der afholdt Frivillig Fredag: En dag, der s\u00e6tter fokus p\u00e5 de frivillige f\u00e6llesskaber p\u00e5 Mors - Mors\" \/>\n<meta property=\"og:description\" content=\"FRIVILLIGHED: Frivilligcenter Mors er en del af det landsd\u00e6kkende arrangement Frivillig Fredag, der s\u00e6tter fokus p\u00e5, hvordan man kan engagere sig i lokalsamfundet. For Mors\u00f8 Kommune ligger Frivillig Fredag den 26. september, og som vanligt vil flere foreninger og f\u00e6llesskaber m\u00f8de op, og alle er inviteret til at kigge forbi. Anette Halkier, der er projektleder [&hellip;]\" \/>\n<meta property=\"og:url\" content=\"https:\/\/kunmedierne.dk\/mors\/for-femte-aar-i-traek-bliver-der-afholdt-frivillig-fredag-en-dag-der-saetter-fokus-paa-de-frivillige-faellesskaber-paa-mors\/\" \/>\n<meta property=\"og:site_name\" content=\"Mors\" \/>\n<meta property=\"article:published_time\" content=\"2025-09-24T17:02:36+00:00\" \/>\n<meta name=\"author\" content=\"Anna Sofie L. Millardet\" \/>\n<meta name=\"twitter:card\" content=\"summary_large_image\" \/>\n<meta name=\"twitter:label1\" content=\"Skrevet af\" \/>\n\t<meta name=\"twitter:data1\" content=\"Anna Sofie L. Millardet\" \/>\n\t<meta name=\"twitter:label2\" content=\"Estimeret l\u00e6setid\" \/>\n\t<meta name=\"twitter:data2\" content=\"2 minutter\" \/>\n<script type=\"application\/ld+json\" class=\"yoast-schema-graph\">{\"@context\":\"https:\/\/schema.org\",\"@graph\":[{\"@type\":\"Article\",\"@id\":\"https:\/\/kunmedierne.dk\/mors\/for-femte-aar-i-traek-bliver-der-afholdt-frivillig-fredag-en-dag-der-saetter-fokus-paa-de-frivillige-faellesskaber-paa-mors\/#article\",\"isPartOf\":{\"@id\":\"https:\/\/kunmedierne.dk\/mors\/for-femte-aar-i-traek-bliver-der-afholdt-frivillig-fredag-en-dag-der-saetter-fokus-paa-de-frivillige-faellesskaber-paa-mors\/\"},\"author\":{\"name\":\"Anna Sofie L. Millardet\",\"@id\":\"https:\/\/kunmedierne.dk\/mors\/#\/schema\/person\/5ce65b2f425c5239e1b5904a46b0fc55\"},\"headline\":\"For femte \u00e5r i tr\u00e6k bliver der afholdt Frivillig Fredag: En dag, der s\u00e6tter fokus p\u00e5 de frivillige f\u00e6llesskaber p\u00e5 Mors\",\"datePublished\":\"2025-09-24T17:02:36+00:00\",\"mainEntityOfPage\":{\"@id\":\"https:\/\/kunmedierne.dk\/mors\/for-femte-aar-i-traek-bliver-der-afholdt-frivillig-fredag-en-dag-der-saetter-fokus-paa-de-frivillige-faellesskaber-paa-mors\/\"},\"wordCount\":358,\"publisher\":{\"@id\":\"https:\/\/kunmedierne.dk\/mors\/#organization\"},\"keywords\":[\"Foreningsliv\"],\"articleSection\":[\"Lokalt\"],\"inLanguage\":\"da-DK\"},{\"@type\":\"WebPage\",\"@id\":\"https:\/\/kunmedierne.dk\/mors\/for-femte-aar-i-traek-bliver-der-afholdt-frivillig-fredag-en-dag-der-saetter-fokus-paa-de-frivillige-faellesskaber-paa-mors\/\",\"url\":\"https:\/\/kunmedierne.dk\/mors\/for-femte-aar-i-traek-bliver-der-afholdt-frivillig-fredag-en-dag-der-saetter-fokus-paa-de-frivillige-faellesskaber-paa-mors\/\",\"name\":\"For femte \u00e5r i tr\u00e6k bliver der afholdt Frivillig Fredag: En dag, der s\u00e6tter fokus p\u00e5 de frivillige f\u00e6llesskaber p\u00e5 Mors - Mors\",\"isPartOf\":{\"@id\":\"https:\/\/kunmedierne.dk\/mors\/#website\"},\"datePublished\":\"2025-09-24T17:02:36+00:00\",\"breadcrumb\":{\"@id\":\"https:\/\/kunmedierne.dk\/mors\/for-femte-aar-i-traek-bliver-der-afholdt-frivillig-fredag-en-dag-der-saetter-fokus-paa-de-frivillige-faellesskaber-paa-mors\/#breadcrumb\"},\"inLanguage\":\"da-DK\",\"potentialAction\":[{\"@type\":\"ReadAction\",\"target\":[\"https:\/\/kunmedierne.dk\/mors\/for-femte-aar-i-traek-bliver-der-afholdt-frivillig-fredag-en-dag-der-saetter-fokus-paa-de-frivillige-faellesskaber-paa-mors\/\"]}]},{\"@type\":\"BreadcrumbList\",\"@id\":\"https:\/\/kunmedierne.dk\/mors\/for-femte-aar-i-traek-bliver-der-afholdt-frivillig-fredag-en-dag-der-saetter-fokus-paa-de-frivillige-faellesskaber-paa-mors\/#breadcrumb\",\"itemListElement\":[{\"@type\":\"ListItem\",\"position\":1,\"name\":\"Hjem\",\"item\":\"https:\/\/kunmedierne.dk\/mors\/\"},{\"@type\":\"ListItem\",\"position\":2,\"name\":\"For femte \u00e5r i tr\u00e6k bliver der afholdt Frivillig Fredag: En dag, der s\u00e6tter fokus p\u00e5 de frivillige f\u00e6llesskaber p\u00e5 Mors\"}]},{\"@type\":\"WebSite\",\"@id\":\"https:\/\/kunmedierne.dk\/mors\/#website\",\"url\":\"https:\/\/kunmedierne.dk\/mors\/\",\"name\":\"Mors\",\"description\":\"et netmedie med journalistik om livet p\u00e5 Mors\",\"publisher\":{\"@id\":\"https:\/\/kunmedierne.dk\/mors\/#organization\"},\"potentialAction\":[{\"@type\":\"SearchAction\",\"target\":{\"@type\":\"EntryPoint\",\"urlTemplate\":\"https:\/\/kunmedierne.dk\/mors\/?s={search_term_string}\"},\"query-input\":{\"@type\":\"PropertyValueSpecification\",\"valueRequired\":true,\"valueName\":\"search_term_string\"}}],\"inLanguage\":\"da-DK\"},{\"@type\":\"Organization\",\"@id\":\"https:\/\/kunmedierne.dk\/mors\/#organization\",\"name\":\"Mors\",\"url\":\"https:\/\/kunmedierne.dk\/mors\/\",\"logo\":{\"@type\":\"ImageObject\",\"inLanguage\":\"da-DK\",\"@id\":\"https:\/\/kunmedierne.dk\/mors\/#\/schema\/logo\/image\/\",\"url\":\"https:\/\/kunmedierne.dk\/mors\/wp-content\/uploads\/2024\/08\/kunmors-logo.svg\",\"contentUrl\":\"https:\/\/kunmedierne.dk\/mors\/wp-content\/uploads\/2024\/08\/kunmors-logo.svg\",\"caption\":\"Mors\"},\"image\":{\"@id\":\"https:\/\/kunmedierne.dk\/mors\/#\/schema\/logo\/image\/\"}},{\"@type\":\"Person\",\"@id\":\"https:\/\/kunmedierne.dk\/mors\/#\/schema\/person\/5ce65b2f425c5239e1b5904a46b0fc55\",\"name\":\"Anna Sofie L. Millardet\",\"image\":{\"@type\":\"ImageObject\",\"inLanguage\":\"da-DK\",\"@id\":\"https:\/\/kunmedierne.dk\/mors\/#\/schema\/person\/image\/\",\"url\":\"https:\/\/secure.gravatar.com\/avatar\/06ed27cc9531ba66cd23ad132b530867168736fd8766f9b8dbc38090a0f7ab1d?s=96&d=mm&r=g\",\"contentUrl\":\"https:\/\/secure.gravatar.com\/avatar\/06ed27cc9531ba66cd23ad132b530867168736fd8766f9b8dbc38090a0f7ab1d?s=96&d=mm&r=g\",\"caption\":\"Anna Sofie L. Millardet\"},\"url\":\"https:\/\/kunmedierne.dk\/mors\/author\/anna\/\"}]}<\/script>\n<!-- \/ Yoast SEO plugin. -->","yoast_head_json":{"title":"For femte \u00e5r i tr\u00e6k bliver der afholdt Frivillig Fredag: En dag, der s\u00e6tter fokus p\u00e5 de frivillige f\u00e6llesskaber p\u00e5 Mors - Mors","robots":{"index":"index","follow":"follow","max-snippet":"max-snippet:-1","max-image-preview":"max-image-preview:large","max-video-preview":"max-video-preview:-1"},"canonical":"https:\/\/kunmedierne.dk\/mors\/for-femte-aar-i-traek-bliver-der-afholdt-frivillig-fredag-en-dag-der-saetter-fokus-paa-de-frivillige-faellesskaber-paa-mors\/","og_locale":"da_DK","og_type":"article","og_title":"For femte \u00e5r i tr\u00e6k bliver der afholdt Frivillig Fredag: En dag, der s\u00e6tter fokus p\u00e5 de frivillige f\u00e6llesskaber p\u00e5 Mors - Mors","og_description":"FRIVILLIGHED: Frivilligcenter Mors er en del af det landsd\u00e6kkende arrangement Frivillig Fredag, der s\u00e6tter fokus p\u00e5, hvordan man kan engagere sig i lokalsamfundet. For Mors\u00f8 Kommune ligger Frivillig Fredag den 26. september, og som vanligt vil flere foreninger og f\u00e6llesskaber m\u00f8de op, og alle er inviteret til at kigge forbi. Anette Halkier, der er projektleder [&hellip;]","og_url":"https:\/\/kunmedierne.dk\/mors\/for-femte-aar-i-traek-bliver-der-afholdt-frivillig-fredag-en-dag-der-saetter-fokus-paa-de-frivillige-faellesskaber-paa-mors\/","og_site_name":"Mors","article_published_time":"2025-09-24T17:02:36+00:00","author":"Anna Sofie L. Millardet","twitter_card":"summary_large_image","twitter_misc":{"Skrevet af":"Anna Sofie L. Millardet","Estimeret l\u00e6setid":"2 minutter"},"schema":{"@context":"https:\/\/schema.org","@graph":[{"@type":"Article","@id":"https:\/\/kunmedierne.dk\/mors\/for-femte-aar-i-traek-bliver-der-afholdt-frivillig-fredag-en-dag-der-saetter-fokus-paa-de-frivillige-faellesskaber-paa-mors\/#article","isPartOf":{"@id":"https:\/\/kunmedierne.dk\/mors\/for-femte-aar-i-traek-bliver-der-afholdt-frivillig-fredag-en-dag-der-saetter-fokus-paa-de-frivillige-faellesskaber-paa-mors\/"},"author":{"name":"Anna Sofie L. Millardet","@id":"https:\/\/kunmedierne.dk\/mors\/#\/schema\/person\/5ce65b2f425c5239e1b5904a46b0fc55"},"headline":"For femte \u00e5r i tr\u00e6k bliver der afholdt Frivillig Fredag: En dag, der s\u00e6tter fokus p\u00e5 de frivillige f\u00e6llesskaber p\u00e5 Mors","datePublished":"2025-09-24T17:02:36+00:00","mainEntityOfPage":{"@id":"https:\/\/kunmedierne.dk\/mors\/for-femte-aar-i-traek-bliver-der-afholdt-frivillig-fredag-en-dag-der-saetter-fokus-paa-de-frivillige-faellesskaber-paa-mors\/"},"wordCount":358,"publisher":{"@id":"https:\/\/kunmedierne.dk\/mors\/#organization"},"keywords":["Foreningsliv"],"articleSection":["Lokalt"],"inLanguage":"da-DK"},{"@type":"WebPage","@id":"https:\/\/kunmedierne.dk\/mors\/for-femte-aar-i-traek-bliver-der-afholdt-frivillig-fredag-en-dag-der-saetter-fokus-paa-de-frivillige-faellesskaber-paa-mors\/","url":"https:\/\/kunmedierne.dk\/mors\/for-femte-aar-i-traek-bliver-der-afholdt-frivillig-fredag-en-dag-der-saetter-fokus-paa-de-frivillige-faellesskaber-paa-mors\/","name":"For femte \u00e5r i tr\u00e6k bliver der afholdt Frivillig Fredag: En dag, der s\u00e6tter fokus p\u00e5 de frivillige f\u00e6llesskaber p\u00e5 Mors - Mors","isPartOf":{"@id":"https:\/\/kunmedierne.dk\/mors\/#website"},"datePublished":"2025-09-24T17:02:36+00:00","breadcrumb":{"@id":"https:\/\/kunmedierne.dk\/mors\/for-femte-aar-i-traek-bliver-der-afholdt-frivillig-fredag-en-dag-der-saetter-fokus-paa-de-frivillige-faellesskaber-paa-mors\/#breadcrumb"},"inLanguage":"da-DK","potentialAction":[{"@type":"ReadAction","target":["https:\/\/kunmedierne.dk\/mors\/for-femte-aar-i-traek-bliver-der-afholdt-frivillig-fredag-en-dag-der-saetter-fokus-paa-de-frivillige-faellesskaber-paa-mors\/"]}]},{"@type":"BreadcrumbList","@id":"https:\/\/kunmedierne.dk\/mors\/for-femte-aar-i-traek-bliver-der-afholdt-frivillig-fredag-en-dag-der-saetter-fokus-paa-de-frivillige-faellesskaber-paa-mors\/#breadcrumb","itemListElement":[{"@type":"ListItem","position":1,"name":"Hjem","item":"https:\/\/kunmedierne.dk\/mors\/"},{"@type":"ListItem","position":2,"name":"For femte \u00e5r i tr\u00e6k bliver der afholdt Frivillig Fredag: En dag, der s\u00e6tter fokus p\u00e5 de frivillige f\u00e6llesskaber p\u00e5 Mors"}]},{"@type":"WebSite","@id":"https:\/\/kunmedierne.dk\/mors\/#website","url":"https:\/\/kunmedierne.dk\/mors\/","name":"Mors","description":"et netmedie med journalistik om livet p\u00e5 Mors","publisher":{"@id":"https:\/\/kunmedierne.dk\/mors\/#organization"},"potentialAction":[{"@type":"SearchAction","target":{"@type":"EntryPoint","urlTemplate":"https:\/\/kunmedierne.dk\/mors\/?s={search_term_string}"},"query-input":{"@type":"PropertyValueSpecification","valueRequired":true,"valueName":"search_term_string"}}],"inLanguage":"da-DK"},{"@type":"Organization","@id":"https:\/\/kunmedierne.dk\/mors\/#organization","name":"Mors","url":"https:\/\/kunmedierne.dk\/mors\/","logo":{"@type":"ImageObject","inLanguage":"da-DK","@id":"https:\/\/kunmedierne.dk\/mors\/#\/schema\/logo\/image\/","url":"https:\/\/kunmedierne.dk\/mors\/wp-content\/uploads\/2024\/08\/kunmors-logo.svg","contentUrl":"https:\/\/kunmedierne.dk\/mors\/wp-content\/uploads\/2024\/08\/kunmors-logo.svg","caption":"Mors"},"image":{"@id":"https:\/\/kunmedierne.dk\/mors\/#\/schema\/logo\/image\/"}},{"@type":"Person","@id":"https:\/\/kunmedierne.dk\/mors\/#\/schema\/person\/5ce65b2f425c5239e1b5904a46b0fc55","name":"Anna Sofie L. Millardet","image":{"@type":"ImageObject","inLanguage":"da-DK","@id":"https:\/\/kunmedierne.dk\/mors\/#\/schema\/person\/image\/","url":"https:\/\/secure.gravatar.com\/avatar\/06ed27cc9531ba66cd23ad132b530867168736fd8766f9b8dbc38090a0f7ab1d?s=96&d=mm&r=g","contentUrl":"https:\/\/secure.gravatar.com\/avatar\/06ed27cc9531ba66cd23ad132b530867168736fd8766f9b8dbc38090a0f7ab1d?s=96&d=mm&r=g","caption":"Anna Sofie L. Millardet"},"url":"https:\/\/kunmedierne.dk\/mors\/author\/anna\/"}]}},"_links":{"self":[{"href":"https:\/\/kunmedierne.dk\/mors\/wp-json\/wp\/v2\/posts\/156274","targetHints":{"allow":["GET"]}}],"collection":[{"href":"https:\/\/kunmedierne.dk\/mors\/wp-json\/wp\/v2\/posts"}],"about":[{"href":"https:\/\/kunmedierne.dk\/mors\/wp-json\/wp\/v2\/types\/post"}],"author":[{"embeddable":true,"href":"https:\/\/kunmedierne.dk\/mors\/wp-json\/wp\/v2\/users\/4322"}],"replies":[{"embeddable":true,"href":"https:\/\/kunmedierne.dk\/mors\/wp-json\/wp\/v2\/comments?post=156274"}],"version-history":[{"count":12,"href":"https:\/\/kunmedierne.dk\/mors\/wp-json\/wp\/v2\/posts\/156274\/revisions"}],"predecessor-version":[{"id":156316,"href":"https:\/\/kunmedierne.dk\/mors\/wp-json\/wp\/v2\/posts\/156274\/revisions\/156316"}],"wp:attachment":[{"href":"https:\/\/kunmedierne.dk\/mors\/wp-json\/wp\/v2\/media?parent=156274"}],"wp:term":[{"taxonomy":"category","embeddable":true,"href":"https:\/\/kunmedierne.dk\/mors\/wp-json\/wp\/v2\/categories?post=156274"},{"taxonomy":"post_tag","embeddable":true,"href":"https:\/\/kunmedierne.dk\/mors\/wp-json\/wp\/v2\/tags?post=156274"}],"curies":[{"name":"wp","href":"https:\/\/api.w.org\/{rel}","templated":true}]}}