{"id":156133,"date":"2025-09-23T09:28:24","date_gmt":"2025-09-23T07:28:24","guid":{"rendered":"https:\/\/kunmedierne.dk\/mors\/?p=156133"},"modified":"2025-09-23T09:41:10","modified_gmt":"2025-09-23T07:41:10","slug":"hoejskoleforeningen-begynder-saesonen-med-et-foredrag-om-groenland","status":"publish","type":"post","link":"https:\/\/kunmedierne.dk\/mors\/hoejskoleforeningen-begynder-saesonen-med-et-foredrag-om-groenland\/","title":{"rendered":"H\u00f8jskoleforeningen begynder s\u00e6sonen med et foredrag om Gr\u00f8nland"},"content":{"rendered":"<hr \/>\n<h5 style=\"text-align: center;\">Annonc\u00f8rbetalt indhold<\/h5>\n<hr \/>\n<p style=\"text-align: right;\"><em>23. september 2025<\/em><\/p>\n<p>Er Gr\u00f8nland p\u00e5 vej mod selvst\u00e6ndighed?<\/p>\n<p>D\u00e9t sp\u00f8rgsm\u00e5l \u00e5bner r\u00e6kken af foredrag i s\u00e6sonen 2025-26 for Nyk\u00f8bing Mors H\u00f8jskoleforening.<\/p>\n<p>Tirsdag den 30. september kommer journalist Villy Dall fra Hurup p\u00e5 bes\u00f8g i Nyk\u00f8bing Kirkecenter, hvor foredraget i samarbejde med Mors\u00f8 Folkeuniversitet finder sted.<\/p>\n<p>Det bliver med b\u00e5de historiske og fremtidsm\u00e6ssige perspektiver for Gr\u00f8nland. P\u00e5 baggrund af landets tilsknytning til Norge og Danmark siden 1261 ser vi p\u00e5 dets stilling i dag, og hvad fremtiden m\u00e5ske kan bringe.<\/p>\n<p>&nbsp;<\/p>\n<p><strong>Syv foredrag i s\u00e6sonen 2025-26<\/strong><\/p>\n<p>Foredraget er det f\u00f8rste af syv for Nyk\u00f8bing Mors H\u00f8jskoleforening i s\u00e6sonen 2025-26. Tre finder sted i efter\u00e5ret og fire fra januar til marts.<\/p>\n<p>Som altid er kaffen med i prisen p\u00e5 60 kroner for deltagelse i et enkelt foredrag. Man kan booke plads til alle for kun 300 kroner. Et medlemskab koster 100 kroner pr \u00e5r.<\/p>\n<p>Nyk\u00f8bing Mors H\u00f8jskoleforening blev stiftet den 27. februar 1985. Form\u00e5let var dengang som nu: At virke for folkelig oplysning ud fra det grundtvigske livssyn.<\/p>\n<p>Alle er velkomne til vores m\u00f8der, der holdes cirka en gang om m\u00e5neden fra september til marts.<\/p>\n<blockquote>\n<h3>INFO:<\/h3>\n<h5>Foredrag ved journalist Villy Dall, Hurup:<\/h5>\n<h5>&#8220;Er Gr\u00f8nland p\u00e5 vej mod selvst\u00e6ndighed eller&#8230;?<\/h5>\n<h5>I samarbejde med Mors\u00f8 Folkeuniversitet.<\/h5>\n<h5>Tirsdag den 30. september 2025 kl. 19 i Kirkecentret, Kirkegade 2 i Nyk\u00f8bing.<\/h5>\n<h5>Pris: 60 kr. for enkelt foredrag. 300 kr. for alle s\u00e6sonens syv foredrag.<\/h5>\n<\/blockquote>\n","protected":false},"excerpt":{"rendered":"<p>Annonc\u00f8rbetalt indhold 23. september 2025 Er Gr\u00f8nland p\u00e5 vej mod selvst\u00e6ndighed? D\u00e9t sp\u00f8rgsm\u00e5l \u00e5bner r\u00e6kken af foredrag i s\u00e6sonen 2025-26 for Nyk\u00f8bing Mors H\u00f8jskoleforening. Tirsdag den 30. september kommer journalist Villy Dall fra Hurup p\u00e5 bes\u00f8g i Nyk\u00f8bing Kirkecenter, hvor foredraget i samarbejde med Mors\u00f8 Folkeuniversitet finder sted. Det bliver med b\u00e5de historiske og fremtidsm\u00e6ssige [&hellip;]<\/p>\n","protected":false},"author":10,"featured_media":0,"comment_status":"closed","ping_status":"closed","sticky":false,"template":"","format":"standard","meta":{"_acf_changed":false,"footnotes":""},"categories":[183,49],"tags":[196],"class_list":["post-156133","post","type-post","status-publish","format-standard","hentry","category-annonce","category-kultur","tag-foreningsliv"],"acf":[],"yoast_head":"<!-- This site is optimized with the Yoast SEO plugin v26.8 - https:\/\/yoast.com\/product\/yoast-seo-wordpress\/ -->\n<title>H\u00f8jskoleforeningen begynder s\u00e6sonen med et foredrag om Gr\u00f8nland - Mors<\/title>\n<meta name=\"robots\" content=\"index, follow, max-snippet:-1, max-image-preview:large, max-video-preview:-1\" \/>\n<link rel=\"canonical\" href=\"https:\/\/kunmedierne.dk\/mors\/hoejskoleforeningen-begynder-saesonen-med-et-foredrag-om-groenland\/\" \/>\n<meta property=\"og:locale\" content=\"da_DK\" \/>\n<meta property=\"og:type\" content=\"article\" \/>\n<meta property=\"og:title\" content=\"H\u00f8jskoleforeningen begynder s\u00e6sonen med et foredrag om Gr\u00f8nland - Mors\" \/>\n<meta property=\"og:description\" content=\"Annonc\u00f8rbetalt indhold 23. september 2025 Er Gr\u00f8nland p\u00e5 vej mod selvst\u00e6ndighed? D\u00e9t sp\u00f8rgsm\u00e5l \u00e5bner r\u00e6kken af foredrag i s\u00e6sonen 2025-26 for Nyk\u00f8bing Mors H\u00f8jskoleforening. Tirsdag den 30. september kommer journalist Villy Dall fra Hurup p\u00e5 bes\u00f8g i Nyk\u00f8bing Kirkecenter, hvor foredraget i samarbejde med Mors\u00f8 Folkeuniversitet finder sted. Det bliver med b\u00e5de historiske og fremtidsm\u00e6ssige [&hellip;]\" \/>\n<meta property=\"og:url\" content=\"https:\/\/kunmedierne.dk\/mors\/hoejskoleforeningen-begynder-saesonen-med-et-foredrag-om-groenland\/\" \/>\n<meta property=\"og:site_name\" content=\"Mors\" \/>\n<meta property=\"article:published_time\" content=\"2025-09-23T07:28:24+00:00\" \/>\n<meta property=\"article:modified_time\" content=\"2025-09-23T07:41:10+00:00\" \/>\n<meta name=\"author\" content=\"Annonce\" \/>\n<meta name=\"twitter:card\" content=\"summary_large_image\" \/>\n<meta name=\"twitter:label1\" content=\"Skrevet af\" \/>\n\t<meta name=\"twitter:data1\" content=\"Annonce\" \/>\n\t<meta name=\"twitter:label2\" content=\"Estimeret l\u00e6setid\" \/>\n\t<meta name=\"twitter:data2\" content=\"2 minutter\" \/>\n<script type=\"application\/ld+json\" class=\"yoast-schema-graph\">{\"@context\":\"https:\/\/schema.org\",\"@graph\":[{\"@type\":\"Article\",\"@id\":\"https:\/\/kunmedierne.dk\/mors\/hoejskoleforeningen-begynder-saesonen-med-et-foredrag-om-groenland\/#article\",\"isPartOf\":{\"@id\":\"https:\/\/kunmedierne.dk\/mors\/hoejskoleforeningen-begynder-saesonen-med-et-foredrag-om-groenland\/\"},\"author\":{\"name\":\"Annonce\",\"@id\":\"https:\/\/kunmedierne.dk\/mors\/#\/schema\/person\/5736bdbe0f43bd4b230cdce7c6a8fb0c\"},\"headline\":\"H\u00f8jskoleforeningen begynder s\u00e6sonen med et foredrag om Gr\u00f8nland\",\"datePublished\":\"2025-09-23T07:28:24+00:00\",\"dateModified\":\"2025-09-23T07:41:10+00:00\",\"mainEntityOfPage\":{\"@id\":\"https:\/\/kunmedierne.dk\/mors\/hoejskoleforeningen-begynder-saesonen-med-et-foredrag-om-groenland\/\"},\"wordCount\":258,\"publisher\":{\"@id\":\"https:\/\/kunmedierne.dk\/mors\/#organization\"},\"keywords\":[\"Foreningsliv\"],\"articleSection\":[\"ANNONC\u00d8RBETALT INDHOLD\",\"Kultur\"],\"inLanguage\":\"da-DK\"},{\"@type\":\"WebPage\",\"@id\":\"https:\/\/kunmedierne.dk\/mors\/hoejskoleforeningen-begynder-saesonen-med-et-foredrag-om-groenland\/\",\"url\":\"https:\/\/kunmedierne.dk\/mors\/hoejskoleforeningen-begynder-saesonen-med-et-foredrag-om-groenland\/\",\"name\":\"H\u00f8jskoleforeningen begynder s\u00e6sonen med et foredrag om Gr\u00f8nland - Mors\",\"isPartOf\":{\"@id\":\"https:\/\/kunmedierne.dk\/mors\/#website\"},\"datePublished\":\"2025-09-23T07:28:24+00:00\",\"dateModified\":\"2025-09-23T07:41:10+00:00\",\"breadcrumb\":{\"@id\":\"https:\/\/kunmedierne.dk\/mors\/hoejskoleforeningen-begynder-saesonen-med-et-foredrag-om-groenland\/#breadcrumb\"},\"inLanguage\":\"da-DK\",\"potentialAction\":[{\"@type\":\"ReadAction\",\"target\":[\"https:\/\/kunmedierne.dk\/mors\/hoejskoleforeningen-begynder-saesonen-med-et-foredrag-om-groenland\/\"]}]},{\"@type\":\"BreadcrumbList\",\"@id\":\"https:\/\/kunmedierne.dk\/mors\/hoejskoleforeningen-begynder-saesonen-med-et-foredrag-om-groenland\/#breadcrumb\",\"itemListElement\":[{\"@type\":\"ListItem\",\"position\":1,\"name\":\"Hjem\",\"item\":\"https:\/\/kunmedierne.dk\/mors\/\"},{\"@type\":\"ListItem\",\"position\":2,\"name\":\"H\u00f8jskoleforeningen begynder s\u00e6sonen med et foredrag om Gr\u00f8nland\"}]},{\"@type\":\"WebSite\",\"@id\":\"https:\/\/kunmedierne.dk\/mors\/#website\",\"url\":\"https:\/\/kunmedierne.dk\/mors\/\",\"name\":\"Mors\",\"description\":\"et netmedie med journalistik om livet p\u00e5 Mors\",\"publisher\":{\"@id\":\"https:\/\/kunmedierne.dk\/mors\/#organization\"},\"potentialAction\":[{\"@type\":\"SearchAction\",\"target\":{\"@type\":\"EntryPoint\",\"urlTemplate\":\"https:\/\/kunmedierne.dk\/mors\/?s={search_term_string}\"},\"query-input\":{\"@type\":\"PropertyValueSpecification\",\"valueRequired\":true,\"valueName\":\"search_term_string\"}}],\"inLanguage\":\"da-DK\"},{\"@type\":\"Organization\",\"@id\":\"https:\/\/kunmedierne.dk\/mors\/#organization\",\"name\":\"Mors\",\"url\":\"https:\/\/kunmedierne.dk\/mors\/\",\"logo\":{\"@type\":\"ImageObject\",\"inLanguage\":\"da-DK\",\"@id\":\"https:\/\/kunmedierne.dk\/mors\/#\/schema\/logo\/image\/\",\"url\":\"https:\/\/kunmedierne.dk\/mors\/wp-content\/uploads\/2024\/08\/kunmors-logo.svg\",\"contentUrl\":\"https:\/\/kunmedierne.dk\/mors\/wp-content\/uploads\/2024\/08\/kunmors-logo.svg\",\"caption\":\"Mors\"},\"image\":{\"@id\":\"https:\/\/kunmedierne.dk\/mors\/#\/schema\/logo\/image\/\"}},{\"@type\":\"Person\",\"@id\":\"https:\/\/kunmedierne.dk\/mors\/#\/schema\/person\/5736bdbe0f43bd4b230cdce7c6a8fb0c\",\"name\":\"Annonce\",\"image\":{\"@type\":\"ImageObject\",\"inLanguage\":\"da-DK\",\"@id\":\"https:\/\/kunmedierne.dk\/mors\/#\/schema\/person\/image\/\",\"url\":\"https:\/\/secure.gravatar.com\/avatar\/73b02cb3f3173a1a78aa32de9d4c2476b2ed613b299feef16eaeedd1e3ed4b96?s=96&d=mm&r=g\",\"contentUrl\":\"https:\/\/secure.gravatar.com\/avatar\/73b02cb3f3173a1a78aa32de9d4c2476b2ed613b299feef16eaeedd1e3ed4b96?s=96&d=mm&r=g\",\"caption\":\"Annonce\"},\"url\":\"https:\/\/kunmedierne.dk\/mors\/author\/annonce\/\"}]}<\/script>\n<!-- \/ Yoast SEO plugin. -->","yoast_head_json":{"title":"H\u00f8jskoleforeningen begynder s\u00e6sonen med et foredrag om Gr\u00f8nland - Mors","robots":{"index":"index","follow":"follow","max-snippet":"max-snippet:-1","max-image-preview":"max-image-preview:large","max-video-preview":"max-video-preview:-1"},"canonical":"https:\/\/kunmedierne.dk\/mors\/hoejskoleforeningen-begynder-saesonen-med-et-foredrag-om-groenland\/","og_locale":"da_DK","og_type":"article","og_title":"H\u00f8jskoleforeningen begynder s\u00e6sonen med et foredrag om Gr\u00f8nland - Mors","og_description":"Annonc\u00f8rbetalt indhold 23. september 2025 Er Gr\u00f8nland p\u00e5 vej mod selvst\u00e6ndighed? D\u00e9t sp\u00f8rgsm\u00e5l \u00e5bner r\u00e6kken af foredrag i s\u00e6sonen 2025-26 for Nyk\u00f8bing Mors H\u00f8jskoleforening. Tirsdag den 30. september kommer journalist Villy Dall fra Hurup p\u00e5 bes\u00f8g i Nyk\u00f8bing Kirkecenter, hvor foredraget i samarbejde med Mors\u00f8 Folkeuniversitet finder sted. Det bliver med b\u00e5de historiske og fremtidsm\u00e6ssige [&hellip;]","og_url":"https:\/\/kunmedierne.dk\/mors\/hoejskoleforeningen-begynder-saesonen-med-et-foredrag-om-groenland\/","og_site_name":"Mors","article_published_time":"2025-09-23T07:28:24+00:00","article_modified_time":"2025-09-23T07:41:10+00:00","author":"Annonce","twitter_card":"summary_large_image","twitter_misc":{"Skrevet af":"Annonce","Estimeret l\u00e6setid":"2 minutter"},"schema":{"@context":"https:\/\/schema.org","@graph":[{"@type":"Article","@id":"https:\/\/kunmedierne.dk\/mors\/hoejskoleforeningen-begynder-saesonen-med-et-foredrag-om-groenland\/#article","isPartOf":{"@id":"https:\/\/kunmedierne.dk\/mors\/hoejskoleforeningen-begynder-saesonen-med-et-foredrag-om-groenland\/"},"author":{"name":"Annonce","@id":"https:\/\/kunmedierne.dk\/mors\/#\/schema\/person\/5736bdbe0f43bd4b230cdce7c6a8fb0c"},"headline":"H\u00f8jskoleforeningen begynder s\u00e6sonen med et foredrag om Gr\u00f8nland","datePublished":"2025-09-23T07:28:24+00:00","dateModified":"2025-09-23T07:41:10+00:00","mainEntityOfPage":{"@id":"https:\/\/kunmedierne.dk\/mors\/hoejskoleforeningen-begynder-saesonen-med-et-foredrag-om-groenland\/"},"wordCount":258,"publisher":{"@id":"https:\/\/kunmedierne.dk\/mors\/#organization"},"keywords":["Foreningsliv"],"articleSection":["ANNONC\u00d8RBETALT INDHOLD","Kultur"],"inLanguage":"da-DK"},{"@type":"WebPage","@id":"https:\/\/kunmedierne.dk\/mors\/hoejskoleforeningen-begynder-saesonen-med-et-foredrag-om-groenland\/","url":"https:\/\/kunmedierne.dk\/mors\/hoejskoleforeningen-begynder-saesonen-med-et-foredrag-om-groenland\/","name":"H\u00f8jskoleforeningen begynder s\u00e6sonen med et foredrag om Gr\u00f8nland - Mors","isPartOf":{"@id":"https:\/\/kunmedierne.dk\/mors\/#website"},"datePublished":"2025-09-23T07:28:24+00:00","dateModified":"2025-09-23T07:41:10+00:00","breadcrumb":{"@id":"https:\/\/kunmedierne.dk\/mors\/hoejskoleforeningen-begynder-saesonen-med-et-foredrag-om-groenland\/#breadcrumb"},"inLanguage":"da-DK","potentialAction":[{"@type":"ReadAction","target":["https:\/\/kunmedierne.dk\/mors\/hoejskoleforeningen-begynder-saesonen-med-et-foredrag-om-groenland\/"]}]},{"@type":"BreadcrumbList","@id":"https:\/\/kunmedierne.dk\/mors\/hoejskoleforeningen-begynder-saesonen-med-et-foredrag-om-groenland\/#breadcrumb","itemListElement":[{"@type":"ListItem","position":1,"name":"Hjem","item":"https:\/\/kunmedierne.dk\/mors\/"},{"@type":"ListItem","position":2,"name":"H\u00f8jskoleforeningen begynder s\u00e6sonen med et foredrag om Gr\u00f8nland"}]},{"@type":"WebSite","@id":"https:\/\/kunmedierne.dk\/mors\/#website","url":"https:\/\/kunmedierne.dk\/mors\/","name":"Mors","description":"et netmedie med journalistik om livet p\u00e5 Mors","publisher":{"@id":"https:\/\/kunmedierne.dk\/mors\/#organization"},"potentialAction":[{"@type":"SearchAction","target":{"@type":"EntryPoint","urlTemplate":"https:\/\/kunmedierne.dk\/mors\/?s={search_term_string}"},"query-input":{"@type":"PropertyValueSpecification","valueRequired":true,"valueName":"search_term_string"}}],"inLanguage":"da-DK"},{"@type":"Organization","@id":"https:\/\/kunmedierne.dk\/mors\/#organization","name":"Mors","url":"https:\/\/kunmedierne.dk\/mors\/","logo":{"@type":"ImageObject","inLanguage":"da-DK","@id":"https:\/\/kunmedierne.dk\/mors\/#\/schema\/logo\/image\/","url":"https:\/\/kunmedierne.dk\/mors\/wp-content\/uploads\/2024\/08\/kunmors-logo.svg","contentUrl":"https:\/\/kunmedierne.dk\/mors\/wp-content\/uploads\/2024\/08\/kunmors-logo.svg","caption":"Mors"},"image":{"@id":"https:\/\/kunmedierne.dk\/mors\/#\/schema\/logo\/image\/"}},{"@type":"Person","@id":"https:\/\/kunmedierne.dk\/mors\/#\/schema\/person\/5736bdbe0f43bd4b230cdce7c6a8fb0c","name":"Annonce","image":{"@type":"ImageObject","inLanguage":"da-DK","@id":"https:\/\/kunmedierne.dk\/mors\/#\/schema\/person\/image\/","url":"https:\/\/secure.gravatar.com\/avatar\/73b02cb3f3173a1a78aa32de9d4c2476b2ed613b299feef16eaeedd1e3ed4b96?s=96&d=mm&r=g","contentUrl":"https:\/\/secure.gravatar.com\/avatar\/73b02cb3f3173a1a78aa32de9d4c2476b2ed613b299feef16eaeedd1e3ed4b96?s=96&d=mm&r=g","caption":"Annonce"},"url":"https:\/\/kunmedierne.dk\/mors\/author\/annonce\/"}]}},"_links":{"self":[{"href":"https:\/\/kunmedierne.dk\/mors\/wp-json\/wp\/v2\/posts\/156133","targetHints":{"allow":["GET"]}}],"collection":[{"href":"https:\/\/kunmedierne.dk\/mors\/wp-json\/wp\/v2\/posts"}],"about":[{"href":"https:\/\/kunmedierne.dk\/mors\/wp-json\/wp\/v2\/types\/post"}],"author":[{"embeddable":true,"href":"https:\/\/kunmedierne.dk\/mors\/wp-json\/wp\/v2\/users\/10"}],"replies":[{"embeddable":true,"href":"https:\/\/kunmedierne.dk\/mors\/wp-json\/wp\/v2\/comments?post=156133"}],"version-history":[{"count":7,"href":"https:\/\/kunmedierne.dk\/mors\/wp-json\/wp\/v2\/posts\/156133\/revisions"}],"predecessor-version":[{"id":156176,"href":"https:\/\/kunmedierne.dk\/mors\/wp-json\/wp\/v2\/posts\/156133\/revisions\/156176"}],"wp:attachment":[{"href":"https:\/\/kunmedierne.dk\/mors\/wp-json\/wp\/v2\/media?parent=156133"}],"wp:term":[{"taxonomy":"category","embeddable":true,"href":"https:\/\/kunmedierne.dk\/mors\/wp-json\/wp\/v2\/categories?post=156133"},{"taxonomy":"post_tag","embeddable":true,"href":"https:\/\/kunmedierne.dk\/mors\/wp-json\/wp\/v2\/tags?post=156133"}],"curies":[{"name":"wp","href":"https:\/\/api.w.org\/{rel}","templated":true}]}}