{"id":155774,"date":"2025-09-20T06:43:57","date_gmt":"2025-09-20T04:43:57","guid":{"rendered":"https:\/\/kunmedierne.dk\/mors\/?p=155774"},"modified":"2025-09-18T10:45:08","modified_gmt":"2025-09-18T08:45:08","slug":"noget-om-nordmors-beboerforening-i-min-formandstid","status":"publish","type":"post","link":"https:\/\/kunmedierne.dk\/mors\/noget-om-nordmors-beboerforening-i-min-formandstid\/","title":{"rendered":"Noget om Nordmors Beboerforening i min formandstid"},"content":{"rendered":"<p>Af: Carsten Tolb\u00f8ll<\/p>\n<p><span data-contrast=\"auto\"><strong>JUBIL\u00c6UM:<\/strong> Da jeg desv\u00e6rre er forhindret i at deltage i jeres imponerende jubil\u00e6umsarrangement, leverer jeg hermed et beskedent bidrag til den festlige dag med nogle nedslag fra \u00e5rene 2009-2019.<\/span><span data-ccp-props=\"{&quot;134233117&quot;:false,&quot;134233118&quot;:false,&quot;201341983&quot;:0,&quot;335551550&quot;:0,&quot;335551620&quot;:0,&quot;335559738&quot;:0,&quot;335559739&quot;:160,&quot;335559740&quot;:257}\">\u00a0<\/span><\/p>\n<a class=\"dvrt-link\" onClick=\"cdmtrack_click(104785,jQuery(this));return false\" href=\"https:\/\/www.facebook.com\/lyndrups\"><img decoding=\"async\" style=\"width:100%;\" src=\"https:\/\/kunmedierne.dk\/mors\/wp-content\/uploads\/2022\/02\/vip-lyndrups-rengoering.jpg\"><\/a><script>cdmtrack_view(104785);<\/script>\n<p><span data-contrast=\"auto\">Min kone Dorte og jeg boede i Aarhus i 00\u2019erne. I 2004 k\u00f8bte vi Karen og Kresten Marks husmandssted p\u00e5 Strandv\u00e6nget 73 i J\u00f8rsby som fritidshus. Men senere, da vores b\u00f8rn var flyttet hjemmefra, besluttede vi at flytte herop og fik renoveret og udvidet beboelsen i huset.<\/span><span data-ccp-props=\"{&quot;134233117&quot;:false,&quot;134233118&quot;:false,&quot;201341983&quot;:0,&quot;335551550&quot;:0,&quot;335551620&quot;:0,&quot;335559738&quot;:0,&quot;335559739&quot;:160,&quot;335559740&quot;:257}\">\u00a0<\/span><\/p>\n<p><span data-contrast=\"auto\">S\u00e5 en dag blev vi ops\u00f8gt af Ole Pedersen, som vi jo kendte godt i forvejen fra det gode naboskab p\u00e5 Strandv\u00e6nget. Han spurgte mig direkte, om jeg ikke ville stille op til bestyrelsen i NBF, da han selv var ved at takke af efter at have v\u00e6ret formand i en \u00e5rr\u00e6kke. Joh, det ville jeg vel godt.<\/span><span data-ccp-props=\"{&quot;134233117&quot;:false,&quot;134233118&quot;:false,&quot;201341983&quot;:0,&quot;335551550&quot;:0,&quot;335551620&quot;:0,&quot;335559738&quot;:0,&quot;335559739&quot;:160,&quot;335559740&quot;:257}\">\u00a0<\/span><\/p>\n<p><span data-contrast=\"auto\">S\u00e5 p\u00e5 generalforsamlingen i 2009 blev der valgt en, s\u00e5 vidt jeg husker, n\u00e6sten ny bestyrelse. Jeg tog imod mit eget valg med det forbehold, at jeg hverken ville v\u00e6re formand eller kasserer. Men da jeg k\u00f8rte hjem efter det indledende bestyrelsesm\u00f8de, hvor vi konstituerede os, var det som formand! Jeg t\u00e6nkte, jeg ved jo ikke nok om hverken forening eller de lokale forhold, men de andre forsikrede mig om, at det kunne jeg sagtens klare, og de skulle nok hj\u00e6lpe mig.<\/span><span data-ccp-props=\"{&quot;134233117&quot;:false,&quot;134233118&quot;:false,&quot;201341983&quot;:0,&quot;335551550&quot;:0,&quot;335551620&quot;:0,&quot;335559738&quot;:0,&quot;335559739&quot;:160,&quot;335559740&quot;:257}\">\u00a0<\/span><\/p>\n<a class=\"dvrt-link\" onClick=\"cdmtrack_click(114591,jQuery(this));return false\" href=\"https:\/\/www.facebook.com\/kopogkandemors\"><img decoding=\"async\" style=\"width:100%;\" src=\"https:\/\/kunmedierne.dk\/mors\/wp-content\/uploads\/2024\/03\/kop-og-kande-ja-tak-tilbud.jpg\"><\/a><script>cdmtrack_view(114591);<\/script>\n<p><span data-contrast=\"auto\">Og det gik jo faktisk meget godt i de \u00e5r, der fulgte. Det var hyggeligt at m\u00f8des p\u00e5 skift hos hinanden til de m\u00e5nedlige bestyrelsesm\u00f8der. Dengang var det jo s\u00e5dan, at de fire bysamfund p\u00e5 Nordmors, Sejerslev, Ejerslev, Hesselbjerg og J\u00f8rsby, skulle v\u00e6re repr\u00e6senteret i bestyrelsen, men senere kneb det en smule med at overholde det princip. Men vi fik sat ting i gang i de \u00e5r, hvor der var kommunalt st\u00f8ttet byfornyelse af Sejerslev med etablering af et smukt gadek\u00e6r, gen\u00e5bning af Ejerslev Havn som en lystb\u00e5dehavn, der udviklede sig til \u00f8ens n\u00e6stst\u00f8rste attraktion, og etablering af v\u00e5domr\u00e5derne Hunds\u00f8 og Bisk\u00e6ret. Det var alt sammen ikke NBF\u2019s fortjeneste, men vi skubbede p\u00e5 og hjalp til, hvor vi kunne.<\/span><span data-ccp-props=\"{&quot;134233117&quot;:false,&quot;134233118&quot;:false,&quot;201341983&quot;:0,&quot;335551550&quot;:0,&quot;335551620&quot;:0,&quot;335559738&quot;:0,&quot;335559739&quot;:160,&quot;335559740&quot;:257}\">\u00a0<\/span><\/p>\n<p><span data-contrast=\"auto\">Det gjorde vi ogs\u00e5, da den nye Feggesundf\u00e6rge blev indviet i efter\u00e5ret 2012. Det blev et till\u00e6gsstykke. Bestyrelsen havde p\u00e5taget sig at servere p\u00f8lser, som kommunen havde sk\u00e6nket. Det blev en lidt blandet forn\u00f8jelse for os, idet kommunen kun havde indk\u00f8bt 500 p\u00f8lser. De fik hurtigt ben at g\u00e5 p\u00e5, og s\u00e5 stod vi der i boden og m\u00e5tte skuffe temmelig mange, der ikke n\u00e5ede at f\u00e5 en godbid. Og det var i hvert fald ikke os, der havde spist p\u00f8lserne.<\/span><span data-ccp-props=\"{&quot;134233117&quot;:false,&quot;134233118&quot;:false,&quot;201341983&quot;:0,&quot;335551550&quot;:0,&quot;335551620&quot;:0,&quot;335559738&quot;:0,&quot;335559739&quot;:160,&quot;335559740&quot;:257}\">\u00a0<\/span><\/p>\n<p><span data-contrast=\"auto\">Og nu hvor jeg er i gang med at drille kommunen, kan jeg ikke n\u00e6re mig for at fort\u00e6lle om dengang, de kommunale kr\u00e6fter stjal vores sankthansb\u00e5l. Vi havde en gammel aftale med Dissing, der dengang boede p\u00e5 Strandv\u00e6nget 77 og ejede engstykket der, hvor vejen sl\u00e5r et kn\u00e6k. Her m\u00e5tte private l\u00e6sse grenaffald af fra april, hvorefter det blev stakket op til et b\u00e5l, som i NBF-regi samlede det meste af Nordmors 23. juni. Men et \u00e5r opdagede vi f\u00e5 dage f\u00f8r sankthans, at grenbunken var v\u00e6k! <\/span><span data-ccp-props=\"{&quot;134233117&quot;:false,&quot;134233118&quot;:false,&quot;201341983&quot;:0,&quot;335551550&quot;:0,&quot;335551620&quot;:0,&quot;335559738&quot;:0,&quot;335559739&quot;:160,&quot;335559740&quot;:257}\">\u00a0<\/span><\/p>\n<p><span data-contrast=\"auto\">Det viste sig efter en research, at et kommunalt besk\u00e6ftigelseshold var blevet sendt ud for at fjerne have- og grenaffald med henblik p\u00e5 at omdanne det til kompost. De havde s\u00e5 p\u00e5 deres rundtur set og taget vores gr\u00f8nne affald med, selv om der var en klar aftale om, at det var reserveret til vores arrangement. Vi fik et erstatningsl\u00e6s af den noget br\u00f8debetyngede kommunale driftsafdeling, men det var s\u00e5 fugtigt, at det d\u00e5rligt kunne br\u00e6nde.<\/span><span data-ccp-props=\"{&quot;134233117&quot;:false,&quot;134233118&quot;:false,&quot;201341983&quot;:0,&quot;335551550&quot;:0,&quot;335551620&quot;:0,&quot;335559738&quot;:0,&quot;335559739&quot;:160,&quot;335559740&quot;:257}\">\u00a0<\/span><\/p>\n<p><span data-contrast=\"auto\">Senere slog vi pjalterne sammen med bestyrelsen for Ejerslev Havn og henlagde sankthansb\u00e5let og samlingen til stranden ved havnen, og det blev en ubetinget succes, der ogs\u00e5 kom forpagteren af havnens caf\u00e9 til gode.<\/span><span data-ccp-props=\"{&quot;134233117&quot;:false,&quot;134233118&quot;:false,&quot;201341983&quot;:0,&quot;335551550&quot;:0,&quot;335551620&quot;:0,&quot;335559738&quot;:0,&quot;335559739&quot;:160,&quot;335559740&quot;:257}\">\u00a0<\/span><\/p>\n<a class=\"dvrt-link\" onClick=\"cdmtrack_click(113414,jQuery(this));return false\" href=\"https:\/\/www.p-soerensen.dk\/\"><img decoding=\"async\" style=\"width:100%;\" src=\"https:\/\/kunmedierne.dk\/mors\/wp-content\/uploads\/2024\/03\/p-soerensen-juni25.jpg\"><\/a><script>cdmtrack_view(113414);<\/script>\n<p><span data-contrast=\"auto\">En anden gang m\u00e5tte vi som forening sige fra over for Mors\u00f8 Kommune, og det var ikke just nogen behagelig oplevelse. Kommunen pressede omkring 2010 p\u00e5 for, at vi som forening skulle p\u00e5tage os ansvaret for et gratis eftermiddagstilbud til b\u00f8rn i Sejerslev efter skoletid. Vi var t\u00f8vende over for, om det var en opgave, vi havde muskler til, men da vi opdagede, at b\u00f8rnegruppen talte flere med kognitive og adf\u00e6rdsm\u00e6ssige udfordringer, m\u00e5tte vi sige nej. Det var en kommunal opgave, som vi ikke havde kompetence eller myndighed til at tage p\u00e5 os. Men at sidde til m\u00f8de med og blive sk\u00e6ldt ud for vores holdning af lederen af Mors\u00f8 Ungdomsskole og et senere medlem af kommunalbestyrelsen var i mine \u00f8jne b\u00e5de gr\u00e6nseoverskridende og utilstedeligt. Senere meldte et hold af pensionister sig til at hj\u00e6lpe til p\u00e5 friskolen, og det var jo der, det samarbejde skulle have landet fra starten.<\/span><span data-ccp-props=\"{&quot;134233117&quot;:false,&quot;134233118&quot;:false,&quot;201341983&quot;:0,&quot;335551550&quot;:0,&quot;335551620&quot;:0,&quot;335559738&quot;:0,&quot;335559739&quot;:160,&quot;335559740&quot;:257}\">\u00a0<\/span><\/p>\n<p><span data-contrast=\"auto\">Men inden da havde NBF et fortrinligt samarbejde med Nordmorsskolen frem til den kommunale folkeskoles lukning i 2015. Det drejede sig om den \u00e5rlige affaldsindsamling, hvor vi p\u00e5tog os at samle et hold voksne med biler, der s\u00e5 k\u00f8rte skoleeleverne ud til ruter, der var lagt p\u00e5 forh\u00e5nd. Anf\u00f8rt af chauff\u00f8ren gik b\u00f8rnene herefter vejstr\u00e6kningen igennem og samlede alt det, der ikke burde ligge i gr\u00f8ftekanterne lige fra udtr\u00e5dte \u00f8ld\u00e5ser til kabelskrot, halve hegnsp\u00e6le og slikposer. Der gik sport i den for ungerne, og det gjaldt selvf\u00f8lgelig om at komme tilbage til skoleg\u00e5rden med den mest fyldte skraldes\u00e6k, som s\u00e5 blev smidt i den container, som kommunen havde stillet til r\u00e5dighed. Bel\u00f8nningen var sodavand og boller til alle.<\/span><span data-ccp-props=\"{&quot;134233117&quot;:false,&quot;134233118&quot;:false,&quot;201341983&quot;:0,&quot;335551550&quot;:0,&quot;335551620&quot;:0,&quot;335559738&quot;:0,&quot;335559739&quot;:160,&quot;335559740&quot;:257}\">\u00a0<\/span><\/p>\n<p><span data-contrast=\"auto\">Det var praktisk p\u00e6dagogik i \u00f8jenh\u00f8jde, men desv\u00e6rre blev det af flere grunde umuligt at forts\u00e6tte ordningen. Som jeg husker det, skyldtes det ikke uvilje fra Naturfriskolens side, men ny lovgivning bet\u00f8d, at vi ikke uden videre m\u00e5tte k\u00f8re eleverne i private biler.<\/span><span data-ccp-props=\"{&quot;134233117&quot;:false,&quot;134233118&quot;:false,&quot;201341983&quot;:0,&quot;335551550&quot;:0,&quot;335551620&quot;:0,&quot;335559738&quot;:0,&quot;335559739&quot;:160,&quot;335559740&quot;:257}\">\u00a0<\/span><\/p>\n<p><span data-contrast=\"auto\">En anden praktisk indsats bestod i at finde placering og foretage opstilling af fire \u201dt\u00e6nkeb\u00e6nke\u201d, som Skov- og Naturstyrelsen stillede til r\u00e5dighed for foreningen. Aage Brusgaard og jeg brugte det meste af en l\u00f8rdag p\u00e5 at k\u00f8re rundt med de solidt t\u00f8mrede b\u00e6nke p\u00e5 traileren og f\u00e5 dem i jorden med spade og p\u00e6lebor. Vi skruede sm\u00e5 gr\u00f8nne emaljeskilte med t\u00e6nksomme sentenser af blandt andre Knud S\u00f8rensen fast p\u00e5 rygl\u00e6net. B\u00e6nkene st\u00e5r der forh\u00e5bentligt endnu.<\/span><span data-ccp-props=\"{&quot;134233117&quot;:false,&quot;134233118&quot;:false,&quot;201341983&quot;:0,&quot;335551550&quot;:0,&quot;335551620&quot;:0,&quot;335559738&quot;:0,&quot;335559739&quot;:160,&quot;335559740&quot;:257}\">\u00a0<\/span><\/p>\n<p><span data-contrast=\"auto\">Bestyrelsen arbejdede ogs\u00e5 aktivt for at f\u00e5 det dengang nye fibernet rullet ud p\u00e5 Nordmors, hvor internetd\u00e6kningen mange steder var meget d\u00e5rlig. Vi holdt m\u00f8der i aktivitetshuset, blandt andet med udbyderen Altiboks. Heldigvis besluttede Thy-Mors Energi sig for at bringe fibernet ud til samtlige husstande, der s\u00e5 selv kunne beslutte, om de ville kobles p\u00e5. <\/span><span data-ccp-props=\"{&quot;134233117&quot;:false,&quot;134233118&quot;:false,&quot;201341983&quot;:0,&quot;335551550&quot;:0,&quot;335551620&quot;:0,&quot;335559738&quot;:0,&quot;335559739&quot;:160,&quot;335559740&quot;:257}\">\u00a0<\/span><\/p>\n<a class=\"dvrt-link\" onClick=\"cdmtrack_click(104780,jQuery(this));return false\" href=\"https:\/\/www.spard.dk\/\"><img decoding=\"async\" style=\"width:100%;\" src=\"https:\/\/kunmedierne.dk\/mors\/wp-content\/uploads\/2023\/12\/sparekassen-dk-maj25.gif\"><\/a><script>cdmtrack_view(104780);<\/script>\n<p><span data-contrast=\"auto\">Hvert \u00e5r i januar var det bestyrelsens pligt at s\u00f8rge for det \u00f8konomiske fundament for foreningens virke. Vi skulle ud at s\u00e6lge medlemskort og delte distriktet op, s\u00e5 hver person bestyrelsen havde sine veje og gader. Det kunne f\u00f8les surt i vinterm\u00f8rket, men det var ogs\u00e5 en anledning til at f\u00f8lge med i folks liv. Ofte fik man en snak undervejs, og da det var f\u00f8r, der var noget der hed mobilepay, skulle vi opkr\u00e6ve kontanter. Det var som regel ikke noget problem.<\/span><span data-ccp-props=\"{&quot;134233117&quot;:false,&quot;134233118&quot;:false,&quot;201341983&quot;:0,&quot;335551550&quot;:0,&quot;335551620&quot;:0,&quot;335559738&quot;:0,&quot;335559739&quot;:160,&quot;335559740&quot;:257}\">\u00a0<\/span><\/p>\n<p><span data-contrast=\"auto\">Jeg husker s\u00e6rlig isvintrene i 10 og 11. Engang l\u00e5 der s\u00e5 meget sne, at jeg sp\u00e6ndte skiene p\u00e5 og sk\u00f8d genvej ved at l\u00f8be hen over hegnstr\u00e5dene med medlemskort og penge i rygs\u00e6kken.<\/span><span data-ccp-props=\"{&quot;134233117&quot;:false,&quot;134233118&quot;:false,&quot;201341983&quot;:0,&quot;335551550&quot;:0,&quot;335551620&quot;:0,&quot;335559738&quot;:0,&quot;335559739&quot;:160,&quot;335559740&quot;:257}\">\u00a0<\/span><\/p>\n<p><span data-contrast=\"auto\">Og s\u00e5 var der seniorudflugterne. Jeg blev fra starten opfordret til at tage over som turleder. Det var hele bestyrelsens opgave at afvikle de \u00e5rlige s\u00f8ndagsture med kaffebrygning og kagebagning, men det var to af os, i starten Vagn Kidmose, senere Poul Andreas Bak, som sammen med mig tilrettelagde turene.<\/span><span data-ccp-props=\"{&quot;134233117&quot;:false,&quot;134233118&quot;:false,&quot;201341983&quot;:0,&quot;335551550&quot;:0,&quot;335551620&quot;:0,&quot;335559738&quot;:0,&quot;335559739&quot;:160,&quot;335559740&quot;:257}\">\u00a0<\/span><\/p>\n<p><span data-contrast=\"auto\">Vi kom vidt omkring, og der var altid god stemning med sang og musik i bussen, ind imellem at jeg fortalte om, hvad vi s\u00e5 og skulle se. Mange husker nok turen til Kronjylland, hvor vi bes\u00f8gte Elvis Presley-museet Memphis Mansion, drak kaffe p\u00e5 den historiske Hvidsten Kro, steg p\u00e5 veterantoget til Mariager og sluttede af med middag ved Verdenskortet i Klejtrup S\u00f8.<\/span><span data-ccp-props=\"{&quot;134233117&quot;:false,&quot;134233118&quot;:false,&quot;201341983&quot;:0,&quot;335551550&quot;:0,&quot;335551620&quot;:0,&quot;335559738&quot;:0,&quot;335559739&quot;:160,&quot;335559740&quot;:257}\">\u00a0<\/span><\/p>\n<p><span data-contrast=\"auto\">En anden tur gik til Aalborg, hvor kaffen blev nydt p\u00e5 den tidligere Feggesund tr\u00e6f\u00e6rge, som et ungt arkitektpar og deres venner havde overtaget som eventskib. Derefter skulle vi have en rundvisning i det ny\u00e5bnede Musikkens Hus. Vi blev delt op i tre grupper, men havde det uheld, at en af grupperne kom til at sidde fast i en elevator og m\u00e5tte sidde der i over en time, mens der blev tilkaldt en tekniker fra Br\u00f8nderslev. Det var en h\u00e5rd oplevelse for flere, som vi kun kunne beklage.<\/span><span data-ccp-props=\"{&quot;134233117&quot;:false,&quot;134233118&quot;:false,&quot;201341983&quot;:0,&quot;335551550&quot;:0,&quot;335551620&quot;:0,&quot;335559738&quot;:0,&quot;335559739&quot;:160,&quot;335559740&quot;:257}\">\u00a0<\/span><\/p>\n<a class=\"dvrt-link\" onClick=\"cdmtrack_click(104779,jQuery(this));return false\" href=\"https:\/\/morsoe-begravelsesforretning.dk\/\"><img decoding=\"async\" style=\"width:100%;\" src=\"https:\/\/kunmedierne.dk\/mors\/wp-content\/uploads\/2023\/11\/251215-morsoe-begravelsesforretning.jpg\"><\/a><script>cdmtrack_view(104779);<\/script>\n<p><span data-contrast=\"auto\">Efter at jeg stoppede som formand i 2017, blev jeg bedt om at forts\u00e6tte med seniorudflugterne. Finalen for mit vedkommende indtraf i 2019, og den blev mindev\u00e6rdig p\u00e5 flere m\u00e5der. Vi havde valgt L\u00e6s\u00f8 som m\u00e5l. Det kunne lade sig g\u00f8re inden for tidsrammen, hvis vi spiste om bord p\u00e5 f\u00e6rgen b\u00e5de derover og hjemad. Alt var tilrettelagt, men da jeg tjekkede aftalerne om l\u00f8rdagen dagen f\u00f8r, vi skulle af sted, fik jeg at vide, at formiddagsturen til L\u00e6s\u00f8 var med overfartens lille f\u00e6rge, og den kunne ikke medtage busser. <\/span><span data-ccp-props=\"{&quot;134233117&quot;:false,&quot;134233118&quot;:false,&quot;201341983&quot;:0,&quot;335551550&quot;:0,&quot;335551620&quot;:0,&quot;335559738&quot;:0,&quot;335559739&quot;:160,&quot;335559740&quot;:257}\">\u00a0<\/span><\/p>\n<p><span data-contrast=\"auto\">Jeg fik sved p\u00e5 panden. Her stod vi med en fuldt booket tur med over 50 forventningsfulde Nordmorsingboer, og hvordan skulle vi komme rundt p\u00e5 \u00f8en uden bus? Jeg gav mig til at ringe rundt. Det viste sig, at der var \u00e9n busvognmand p\u00e5 L\u00e6s\u00f8. Jeg ringede til ham. Hans kone tog telefonen og sagde, at manden, Ole, var ude at k\u00f8re, men jeg kunne ringe igen om en time. <\/span><span data-ccp-props=\"{&quot;134233117&quot;:false,&quot;134233118&quot;:false,&quot;201341983&quot;:0,&quot;335551550&quot;:0,&quot;335551620&quot;:0,&quot;335559738&quot;:0,&quot;335559739&quot;:160,&quot;335559740&quot;:257}\">\u00a0<\/span><\/p>\n<p><span data-contrast=\"auto\">Det viste sig heldigvis, at Ole kunne p\u00e5tage sig at overtage rundfarten p\u00e5 \u00f8en. Men hans bus kunne ikke tage s\u00e5 mange passagerer. Dog havde han en mindre bus, og hvis vi kunne p\u00e5tage sig at k\u00f8re den, kunne arrangementet gennemf\u00f8res. Det l\u00f8ste vi ved, at vores kvindelige chauff\u00f8r fra Mors\u00f8 Taxa og Turist tog med f\u00e6rgen over og k\u00f8rte den lille bus i baghjulet p\u00e5 den store. Og s\u00e5 kunne jeg tilmed slappe af ved mikrofonen, for Ole viste sig at v\u00e6re en fortr\u00e6ffelig entertainer, der kendte alt og alle p\u00e5 L\u00e6s\u00f8.<\/span><span data-ccp-props=\"{&quot;134233117&quot;:false,&quot;134233118&quot;:false,&quot;201341983&quot;:0,&quot;335551550&quot;:0,&quot;335551620&quot;:0,&quot;335559738&quot;:0,&quot;335559739&quot;:160,&quot;335559740&quot;:257}\">\u00a0<\/span><\/p>\n<a class=\"dvrt-link\" onClick=\"cdmtrack_click(114591,jQuery(this));return false\" href=\"https:\/\/www.facebook.com\/kopogkandemors\"><img decoding=\"async\" style=\"width:100%;\" src=\"https:\/\/kunmedierne.dk\/mors\/wp-content\/uploads\/2024\/03\/kop-og-kande-ja-tak-tilbud.jpg\"><\/a><script>cdmtrack_view(114591);<\/script>\n<p><span data-contrast=\"auto\">\u00c5ret efter satte coronaen en midlertidig stopper for seniorudflugterne. Og dermed ogs\u00e5 for min frivillige indsats for NBF. Jeg kan kun sige, at det var givende og en l\u00f8bende forn\u00f8jelse for mig at samarbejde med bestyrelsen og alle de andre gode mennesker p\u00e5 Nordmors. Jeg fornemmer, at der er kommet yngre kr\u00e6fter ind i bestyrelsesarbejdet, som g\u00f8r en aktiv indsats, der medvirker til v\u00e6kst og udvikling. Jeg \u00f8nsker jer en rigtig god jubil\u00e6umsdag og alt godt i \u00e5rene fremover.<\/span><span data-ccp-props=\"{&quot;134233117&quot;:false,&quot;134233118&quot;:false,&quot;201341983&quot;:0,&quot;335551550&quot;:0,&quot;335551620&quot;:0,&quot;335559738&quot;:0,&quot;335559739&quot;:160,&quot;335559740&quot;:257}\">\u00a0<\/span><\/p>\n","protected":false},"excerpt":{"rendered":"<p>Af: Carsten Tolb\u00f8ll JUBIL\u00c6UM: Da jeg desv\u00e6rre er forhindret i at deltage i jeres imponerende jubil\u00e6umsarrangement, leverer jeg hermed et beskedent bidrag til den festlige dag med nogle nedslag fra \u00e5rene 2009-2019.\u00a0 Min kone Dorte og jeg boede i Aarhus i 00\u2019erne. I 2004 k\u00f8bte vi Karen og Kresten Marks husmandssted p\u00e5 Strandv\u00e6nget 73 i [&hellip;]<\/p>\n","protected":false},"author":996,"featured_media":0,"comment_status":"closed","ping_status":"closed","sticky":false,"template":"","format":"standard","meta":{"_acf_changed":false,"footnotes":""},"categories":[51,52],"tags":[],"class_list":["post-155774","post","type-post","status-publish","format-standard","hentry","category-lokalt","category-navne"],"acf":[],"yoast_head":"<!-- This site is optimized with the Yoast SEO plugin v26.8 - https:\/\/yoast.com\/product\/yoast-seo-wordpress\/ -->\n<title>Noget om Nordmors Beboerforening i min formandstid - Mors<\/title>\n<meta name=\"robots\" content=\"index, follow, max-snippet:-1, max-image-preview:large, max-video-preview:-1\" \/>\n<link rel=\"canonical\" href=\"https:\/\/kunmedierne.dk\/mors\/noget-om-nordmors-beboerforening-i-min-formandstid\/\" \/>\n<meta property=\"og:locale\" content=\"da_DK\" \/>\n<meta property=\"og:type\" content=\"article\" \/>\n<meta property=\"og:title\" content=\"Noget om Nordmors Beboerforening i min formandstid - Mors\" \/>\n<meta property=\"og:description\" content=\"Af: Carsten Tolb\u00f8ll JUBIL\u00c6UM: Da jeg desv\u00e6rre er forhindret i at deltage i jeres imponerende jubil\u00e6umsarrangement, leverer jeg hermed et beskedent bidrag til den festlige dag med nogle nedslag fra \u00e5rene 2009-2019.\u00a0 Min kone Dorte og jeg boede i Aarhus i 00\u2019erne. I 2004 k\u00f8bte vi Karen og Kresten Marks husmandssted p\u00e5 Strandv\u00e6nget 73 i [&hellip;]\" \/>\n<meta property=\"og:url\" content=\"https:\/\/kunmedierne.dk\/mors\/noget-om-nordmors-beboerforening-i-min-formandstid\/\" \/>\n<meta property=\"og:site_name\" content=\"Mors\" \/>\n<meta property=\"article:published_time\" content=\"2025-09-20T04:43:57+00:00\" \/>\n<meta name=\"author\" content=\"kunmors\" \/>\n<meta name=\"twitter:card\" content=\"summary_large_image\" \/>\n<meta name=\"twitter:label1\" content=\"Skrevet af\" \/>\n\t<meta name=\"twitter:data1\" content=\"kunmors\" \/>\n\t<meta name=\"twitter:label2\" content=\"Estimeret l\u00e6setid\" \/>\n\t<meta name=\"twitter:data2\" content=\"10 minutter\" \/>\n<script type=\"application\/ld+json\" class=\"yoast-schema-graph\">{\"@context\":\"https:\/\/schema.org\",\"@graph\":[{\"@type\":\"Article\",\"@id\":\"https:\/\/kunmedierne.dk\/mors\/noget-om-nordmors-beboerforening-i-min-formandstid\/#article\",\"isPartOf\":{\"@id\":\"https:\/\/kunmedierne.dk\/mors\/noget-om-nordmors-beboerforening-i-min-formandstid\/\"},\"author\":{\"name\":\"kunmors\",\"@id\":\"https:\/\/kunmedierne.dk\/mors\/#\/schema\/person\/976036941aeb67d7da24581e637f2ba5\"},\"headline\":\"Noget om Nordmors Beboerforening i min formandstid\",\"datePublished\":\"2025-09-20T04:43:57+00:00\",\"mainEntityOfPage\":{\"@id\":\"https:\/\/kunmedierne.dk\/mors\/noget-om-nordmors-beboerforening-i-min-formandstid\/\"},\"wordCount\":1885,\"publisher\":{\"@id\":\"https:\/\/kunmedierne.dk\/mors\/#organization\"},\"articleSection\":[\"Lokalt\",\"Navne\"],\"inLanguage\":\"da-DK\"},{\"@type\":\"WebPage\",\"@id\":\"https:\/\/kunmedierne.dk\/mors\/noget-om-nordmors-beboerforening-i-min-formandstid\/\",\"url\":\"https:\/\/kunmedierne.dk\/mors\/noget-om-nordmors-beboerforening-i-min-formandstid\/\",\"name\":\"Noget om Nordmors Beboerforening i min formandstid - Mors\",\"isPartOf\":{\"@id\":\"https:\/\/kunmedierne.dk\/mors\/#website\"},\"datePublished\":\"2025-09-20T04:43:57+00:00\",\"breadcrumb\":{\"@id\":\"https:\/\/kunmedierne.dk\/mors\/noget-om-nordmors-beboerforening-i-min-formandstid\/#breadcrumb\"},\"inLanguage\":\"da-DK\",\"potentialAction\":[{\"@type\":\"ReadAction\",\"target\":[\"https:\/\/kunmedierne.dk\/mors\/noget-om-nordmors-beboerforening-i-min-formandstid\/\"]}]},{\"@type\":\"BreadcrumbList\",\"@id\":\"https:\/\/kunmedierne.dk\/mors\/noget-om-nordmors-beboerforening-i-min-formandstid\/#breadcrumb\",\"itemListElement\":[{\"@type\":\"ListItem\",\"position\":1,\"name\":\"Hjem\",\"item\":\"https:\/\/kunmedierne.dk\/mors\/\"},{\"@type\":\"ListItem\",\"position\":2,\"name\":\"Noget om Nordmors Beboerforening i min formandstid\"}]},{\"@type\":\"WebSite\",\"@id\":\"https:\/\/kunmedierne.dk\/mors\/#website\",\"url\":\"https:\/\/kunmedierne.dk\/mors\/\",\"name\":\"Mors\",\"description\":\"et netmedie med journalistik om livet p\u00e5 Mors\",\"publisher\":{\"@id\":\"https:\/\/kunmedierne.dk\/mors\/#organization\"},\"potentialAction\":[{\"@type\":\"SearchAction\",\"target\":{\"@type\":\"EntryPoint\",\"urlTemplate\":\"https:\/\/kunmedierne.dk\/mors\/?s={search_term_string}\"},\"query-input\":{\"@type\":\"PropertyValueSpecification\",\"valueRequired\":true,\"valueName\":\"search_term_string\"}}],\"inLanguage\":\"da-DK\"},{\"@type\":\"Organization\",\"@id\":\"https:\/\/kunmedierne.dk\/mors\/#organization\",\"name\":\"Mors\",\"url\":\"https:\/\/kunmedierne.dk\/mors\/\",\"logo\":{\"@type\":\"ImageObject\",\"inLanguage\":\"da-DK\",\"@id\":\"https:\/\/kunmedierne.dk\/mors\/#\/schema\/logo\/image\/\",\"url\":\"https:\/\/kunmedierne.dk\/mors\/wp-content\/uploads\/2024\/08\/kunmors-logo.svg\",\"contentUrl\":\"https:\/\/kunmedierne.dk\/mors\/wp-content\/uploads\/2024\/08\/kunmors-logo.svg\",\"caption\":\"Mors\"},\"image\":{\"@id\":\"https:\/\/kunmedierne.dk\/mors\/#\/schema\/logo\/image\/\"}},{\"@type\":\"Person\",\"@id\":\"https:\/\/kunmedierne.dk\/mors\/#\/schema\/person\/976036941aeb67d7da24581e637f2ba5\",\"name\":\"kunmors\",\"image\":{\"@type\":\"ImageObject\",\"inLanguage\":\"da-DK\",\"@id\":\"https:\/\/kunmedierne.dk\/mors\/#\/schema\/person\/image\/\",\"url\":\"https:\/\/secure.gravatar.com\/avatar\/863719231c0bdf22d6b517d97f14a1b3d1b324f1e7076c165656d591ff8cece4?s=96&d=mm&r=g\",\"contentUrl\":\"https:\/\/secure.gravatar.com\/avatar\/863719231c0bdf22d6b517d97f14a1b3d1b324f1e7076c165656d591ff8cece4?s=96&d=mm&r=g\",\"caption\":\"kunmors\"},\"url\":\"https:\/\/kunmedierne.dk\/mors\/author\/kunmors\/\"}]}<\/script>\n<!-- \/ Yoast SEO plugin. -->","yoast_head_json":{"title":"Noget om Nordmors Beboerforening i min formandstid - Mors","robots":{"index":"index","follow":"follow","max-snippet":"max-snippet:-1","max-image-preview":"max-image-preview:large","max-video-preview":"max-video-preview:-1"},"canonical":"https:\/\/kunmedierne.dk\/mors\/noget-om-nordmors-beboerforening-i-min-formandstid\/","og_locale":"da_DK","og_type":"article","og_title":"Noget om Nordmors Beboerforening i min formandstid - Mors","og_description":"Af: Carsten Tolb\u00f8ll JUBIL\u00c6UM: Da jeg desv\u00e6rre er forhindret i at deltage i jeres imponerende jubil\u00e6umsarrangement, leverer jeg hermed et beskedent bidrag til den festlige dag med nogle nedslag fra \u00e5rene 2009-2019.\u00a0 Min kone Dorte og jeg boede i Aarhus i 00\u2019erne. I 2004 k\u00f8bte vi Karen og Kresten Marks husmandssted p\u00e5 Strandv\u00e6nget 73 i [&hellip;]","og_url":"https:\/\/kunmedierne.dk\/mors\/noget-om-nordmors-beboerforening-i-min-formandstid\/","og_site_name":"Mors","article_published_time":"2025-09-20T04:43:57+00:00","author":"kunmors","twitter_card":"summary_large_image","twitter_misc":{"Skrevet af":"kunmors","Estimeret l\u00e6setid":"10 minutter"},"schema":{"@context":"https:\/\/schema.org","@graph":[{"@type":"Article","@id":"https:\/\/kunmedierne.dk\/mors\/noget-om-nordmors-beboerforening-i-min-formandstid\/#article","isPartOf":{"@id":"https:\/\/kunmedierne.dk\/mors\/noget-om-nordmors-beboerforening-i-min-formandstid\/"},"author":{"name":"kunmors","@id":"https:\/\/kunmedierne.dk\/mors\/#\/schema\/person\/976036941aeb67d7da24581e637f2ba5"},"headline":"Noget om Nordmors Beboerforening i min formandstid","datePublished":"2025-09-20T04:43:57+00:00","mainEntityOfPage":{"@id":"https:\/\/kunmedierne.dk\/mors\/noget-om-nordmors-beboerforening-i-min-formandstid\/"},"wordCount":1885,"publisher":{"@id":"https:\/\/kunmedierne.dk\/mors\/#organization"},"articleSection":["Lokalt","Navne"],"inLanguage":"da-DK"},{"@type":"WebPage","@id":"https:\/\/kunmedierne.dk\/mors\/noget-om-nordmors-beboerforening-i-min-formandstid\/","url":"https:\/\/kunmedierne.dk\/mors\/noget-om-nordmors-beboerforening-i-min-formandstid\/","name":"Noget om Nordmors Beboerforening i min formandstid - Mors","isPartOf":{"@id":"https:\/\/kunmedierne.dk\/mors\/#website"},"datePublished":"2025-09-20T04:43:57+00:00","breadcrumb":{"@id":"https:\/\/kunmedierne.dk\/mors\/noget-om-nordmors-beboerforening-i-min-formandstid\/#breadcrumb"},"inLanguage":"da-DK","potentialAction":[{"@type":"ReadAction","target":["https:\/\/kunmedierne.dk\/mors\/noget-om-nordmors-beboerforening-i-min-formandstid\/"]}]},{"@type":"BreadcrumbList","@id":"https:\/\/kunmedierne.dk\/mors\/noget-om-nordmors-beboerforening-i-min-formandstid\/#breadcrumb","itemListElement":[{"@type":"ListItem","position":1,"name":"Hjem","item":"https:\/\/kunmedierne.dk\/mors\/"},{"@type":"ListItem","position":2,"name":"Noget om Nordmors Beboerforening i min formandstid"}]},{"@type":"WebSite","@id":"https:\/\/kunmedierne.dk\/mors\/#website","url":"https:\/\/kunmedierne.dk\/mors\/","name":"Mors","description":"et netmedie med journalistik om livet p\u00e5 Mors","publisher":{"@id":"https:\/\/kunmedierne.dk\/mors\/#organization"},"potentialAction":[{"@type":"SearchAction","target":{"@type":"EntryPoint","urlTemplate":"https:\/\/kunmedierne.dk\/mors\/?s={search_term_string}"},"query-input":{"@type":"PropertyValueSpecification","valueRequired":true,"valueName":"search_term_string"}}],"inLanguage":"da-DK"},{"@type":"Organization","@id":"https:\/\/kunmedierne.dk\/mors\/#organization","name":"Mors","url":"https:\/\/kunmedierne.dk\/mors\/","logo":{"@type":"ImageObject","inLanguage":"da-DK","@id":"https:\/\/kunmedierne.dk\/mors\/#\/schema\/logo\/image\/","url":"https:\/\/kunmedierne.dk\/mors\/wp-content\/uploads\/2024\/08\/kunmors-logo.svg","contentUrl":"https:\/\/kunmedierne.dk\/mors\/wp-content\/uploads\/2024\/08\/kunmors-logo.svg","caption":"Mors"},"image":{"@id":"https:\/\/kunmedierne.dk\/mors\/#\/schema\/logo\/image\/"}},{"@type":"Person","@id":"https:\/\/kunmedierne.dk\/mors\/#\/schema\/person\/976036941aeb67d7da24581e637f2ba5","name":"kunmors","image":{"@type":"ImageObject","inLanguage":"da-DK","@id":"https:\/\/kunmedierne.dk\/mors\/#\/schema\/person\/image\/","url":"https:\/\/secure.gravatar.com\/avatar\/863719231c0bdf22d6b517d97f14a1b3d1b324f1e7076c165656d591ff8cece4?s=96&d=mm&r=g","contentUrl":"https:\/\/secure.gravatar.com\/avatar\/863719231c0bdf22d6b517d97f14a1b3d1b324f1e7076c165656d591ff8cece4?s=96&d=mm&r=g","caption":"kunmors"},"url":"https:\/\/kunmedierne.dk\/mors\/author\/kunmors\/"}]}},"_links":{"self":[{"href":"https:\/\/kunmedierne.dk\/mors\/wp-json\/wp\/v2\/posts\/155774","targetHints":{"allow":["GET"]}}],"collection":[{"href":"https:\/\/kunmedierne.dk\/mors\/wp-json\/wp\/v2\/posts"}],"about":[{"href":"https:\/\/kunmedierne.dk\/mors\/wp-json\/wp\/v2\/types\/post"}],"author":[{"embeddable":true,"href":"https:\/\/kunmedierne.dk\/mors\/wp-json\/wp\/v2\/users\/996"}],"replies":[{"embeddable":true,"href":"https:\/\/kunmedierne.dk\/mors\/wp-json\/wp\/v2\/comments?post=155774"}],"version-history":[{"count":3,"href":"https:\/\/kunmedierne.dk\/mors\/wp-json\/wp\/v2\/posts\/155774\/revisions"}],"predecessor-version":[{"id":155779,"href":"https:\/\/kunmedierne.dk\/mors\/wp-json\/wp\/v2\/posts\/155774\/revisions\/155779"}],"wp:attachment":[{"href":"https:\/\/kunmedierne.dk\/mors\/wp-json\/wp\/v2\/media?parent=155774"}],"wp:term":[{"taxonomy":"category","embeddable":true,"href":"https:\/\/kunmedierne.dk\/mors\/wp-json\/wp\/v2\/categories?post=155774"},{"taxonomy":"post_tag","embeddable":true,"href":"https:\/\/kunmedierne.dk\/mors\/wp-json\/wp\/v2\/tags?post=155774"}],"curies":[{"name":"wp","href":"https:\/\/api.w.org\/{rel}","templated":true}]}}