{"id":155759,"date":"2025-09-18T17:56:25","date_gmt":"2025-09-18T15:56:25","guid":{"rendered":"https:\/\/kunmedierne.dk\/mors\/?p=155759"},"modified":"2025-09-19T08:23:08","modified_gmt":"2025-09-19T06:23:08","slug":"40-aar-med-beboerforeningen-loerdag-den-20-september-er-der-fest-i-sejerslev","status":"publish","type":"post","link":"https:\/\/kunmedierne.dk\/mors\/40-aar-med-beboerforeningen-loerdag-den-20-september-er-der-fest-i-sejerslev\/","title":{"rendered":"Nordmors Beboerforening fylder 40 \u00e5r &#8211; l\u00f8rdag den 20. september er der fest i Sejerslev\u00a0"},"content":{"rendered":"<p><span data-contrast=\"auto\"><strong>SEJERSLEV:<\/strong> Dagen begynder med en fotoudstilling, som viser Nordmors, som omr\u00e5det s\u00e5 ud i 1980\u2019erne. Nordmors Beboerforening har samlet billeder og tekst, der fort\u00e6ller om landsbyen dengang. Udstillingen viser ogs\u00e5 lokale personer, som begyndte deres arbejdsliv i 80\u2019erne og stadig er aktive i dag.<\/span><span data-ccp-props=\"{&quot;134233117&quot;:false,&quot;134233118&quot;:false,&quot;335551550&quot;:0,&quot;335551620&quot;:0,&quot;335559738&quot;:240,&quot;335559739&quot;:240}\">\u00a0<\/span><\/p>\n<a class=\"dvrt-link\" onClick=\"cdmtrack_click(104778,jQuery(this));return false\" href=\"https:\/\/vester-begr.dk\/?gclid=CjwKCAjw5Kv7BRBSEiwAXGDElQB6WMfm9CgYVrruty-I1gaOkTkC3mlA4QRDtYNsxYgVC8sNzAJ7WhoCmBsQAvD_BwE\"><img decoding=\"async\" style=\"width:100%;\" src=\"https:\/\/kunmedierne.dk\/mors\/wp-content\/uploads\/2023\/10\/260203VesterHoukaer-02022026.jpg\"><\/a><script>cdmtrack_view(104778);<\/script>\n<p><span data-contrast=\"auto\">Samtidig fort\u00e6ller foreningen om den revy, som i en \u00e5rr\u00e6kke samlede fulde huse i forsamlingshuset. Ole Pedersen fra J\u00f8rsby, der var en del af bestyrelsen i de f\u00f8rste \u00e5r, var med til at skrive og spille revy. Han husker tydeligt de hektiske men sjove \u00e5r, hvor arbejde, b\u00f8rn og bestyrelsesarbejde ikke stod i vejen for at lave underholdning. <\/span><\/p>\n<p><span data-contrast=\"auto\">Klokken 14.15 st\u00e5r Lisbeth Frandsen for f\u00e6llessang i teltet. Hun leder en halv times sang, hvor alle kan synge med. Bagefter g\u00e5r G\u00f8gler Allan p\u00e5 scenen med forestillingen <\/span><i><span data-contrast=\"auto\">G\u00f8gleren fra Sherwood<\/span><\/i><span data-contrast=\"auto\">. I showet f\u00e5r b\u00f8rnene lov at styre, hvordan historien udvikler sig, og g\u00f8gleren blander trylleri ind undervejs.<\/span><span data-ccp-props=\"{&quot;134233117&quot;:false,&quot;134233118&quot;:false,&quot;335551550&quot;:0,&quot;335551620&quot;:0,&quot;335559738&quot;:240,&quot;335559739&quot;:240}\">\u00a0<\/span><\/p>\n<p><span data-contrast=\"auto\">Senere p\u00e5 eftermiddagen, klokken 16, serverer Min K\u00f8bmand i Sejerslev en gratis p\u00f8lse til alle. B\u00f8rnene f\u00e5r slush ice, og hele dagen kan man k\u00f8be \u00f8l og vand i teltet.<\/span><span data-ccp-props=\"{&quot;134233117&quot;:false,&quot;134233118&quot;:false,&quot;335551550&quot;:0,&quot;335551620&quot;:0,&quot;335559738&quot;:240,&quot;335559739&quot;:240}\">\u00a0<\/span><\/p>\n<p><span data-contrast=\"auto\">Inden festen g\u00e5r i gang p\u00e5 festpladsen, har foreningen inviteret tidligere og nuv\u00e6rende bestyrelsesmedlemmer til en frokost i Aktivitetshuset. Her l\u00e6ser foreningen en beretning h\u00f8jt, som Carsten Tolb\u00f8ll har skrevet om sin tid som formand fra 2009 til 2017. Laila S\u00f8lager, som i dag er forkvinde for beboerforeningen, forventer en hyggelig frokost, hvor gamle historier og oplevelser f\u00e5r plads. Hun understreger, at det skal v\u00e6re rart at deltage i foreningsarbejdet \u2013 og at man gerne m\u00e5 have det sjovt undervejs.<\/span><span data-ccp-props=\"{&quot;134233117&quot;:false,&quot;134233118&quot;:false,&quot;335551550&quot;:0,&quot;335551620&quot;:0,&quot;335559738&quot;:240,&quot;335559739&quot;:240}\">\u00a0<\/span><\/p>\n<a class=\"dvrt-link\" onClick=\"cdmtrack_click(169437,jQuery(this));return false\" href=\"https:\/\/thymors.dk\/sponsorater\/15-til-faellesskabet?utm_source=kunmors&amp;utm_medium=annonce&amp;utm_campaign=sponsorater\"><img decoding=\"async\" style=\"width:100%;\" src=\"https:\/\/kunmedierne.dk\/mors\/wp-content\/uploads\/2026\/03\/260407ThyMors-energi_faellesskab_generel-1.jpg\"><\/a><script>cdmtrack_view(169437);<\/script>\n<p><span data-contrast=\"auto\">Nordmors Beboerforening arbejder i dag med b\u00e5de praktiske og sociale initiativer i lokalomr\u00e5det. Foreningen har blandt andet s\u00f8rget for hjertestartere i b\u00e5de Ejerslev og Sejerslev og afholder hvert for\u00e5r en f\u00e6lles oprydningsdag, hvor skilte bliver rengjort, plantekummer f\u00e5r nye blomster, og landsbyerne bliver gjort for\u00e5rsklar. I december st\u00e5r foreningen bag julelys og julearrangementer ved egetr\u00e6et i Sejerslev, og i vinterm\u00e5nederne arrangerer de bankospil for b\u00e5de b\u00f8rn og voksne. Derudover afholder foreningen markeder ved Naturfriskolen og \u00e5bner snart op for en aften med debat op til kommunalvalget.<\/span><span data-ccp-props=\"{&quot;134233117&quot;:false,&quot;134233118&quot;:false,&quot;335551550&quot;:0,&quot;335551620&quot;:0,&quot;335559738&quot;:240,&quot;335559739&quot;:240}\">\u00a0<\/span><\/p>\n<p><span data-contrast=\"auto\">Jubil\u00e6umsdagen bliver gennemf\u00f8rt med st\u00f8tte fra Sparekassen Nordmors Fonden og med hj\u00e6lp fra frivillige. Beboerforeningen h\u00e5ber, at mange l\u00e6gger vejen forbi Gadek\u00e6ret p\u00e5 l\u00f8rdag og er med til at markere de 40 \u00e5r.<\/span><span data-ccp-props=\"{&quot;134233117&quot;:false,&quot;134233118&quot;:false,&quot;335551550&quot;:0,&quot;335551620&quot;:0,&quot;335559738&quot;:240,&quot;335559739&quot;:240}\">\u00a0<\/span><\/p>\n","protected":false},"excerpt":{"rendered":"<p>SEJERSLEV: Dagen begynder med en fotoudstilling, som viser Nordmors, som omr\u00e5det s\u00e5 ud i 1980\u2019erne. Nordmors Beboerforening har samlet billeder og tekst, der fort\u00e6ller om landsbyen dengang. Udstillingen viser ogs\u00e5 lokale personer, som begyndte deres arbejdsliv i 80\u2019erne og stadig er aktive i dag.\u00a0 Samtidig fort\u00e6ller foreningen om den revy, som i en \u00e5rr\u00e6kke samlede [&hellip;]<\/p>\n","protected":false},"author":2507,"featured_media":0,"comment_status":"closed","ping_status":"closed","sticky":false,"template":"","format":"standard","meta":{"_acf_changed":false,"footnotes":""},"categories":[51],"tags":[196],"class_list":["post-155759","post","type-post","status-publish","format-standard","hentry","category-lokalt","tag-foreningsliv"],"acf":[],"yoast_head":"<!-- This site is optimized with the Yoast SEO plugin v26.8 - https:\/\/yoast.com\/product\/yoast-seo-wordpress\/ -->\n<title>Nordmors Beboerforening fylder 40 \u00e5r - l\u00f8rdag den 20. september er der fest i Sejerslev\u00a0 - Mors<\/title>\n<meta name=\"robots\" content=\"index, follow, max-snippet:-1, max-image-preview:large, max-video-preview:-1\" \/>\n<link rel=\"canonical\" href=\"https:\/\/kunmedierne.dk\/mors\/40-aar-med-beboerforeningen-loerdag-den-20-september-er-der-fest-i-sejerslev\/\" \/>\n<meta property=\"og:locale\" content=\"da_DK\" \/>\n<meta property=\"og:type\" content=\"article\" \/>\n<meta property=\"og:title\" content=\"Nordmors Beboerforening fylder 40 \u00e5r - l\u00f8rdag den 20. september er der fest i Sejerslev\u00a0 - Mors\" \/>\n<meta property=\"og:description\" content=\"SEJERSLEV: Dagen begynder med en fotoudstilling, som viser Nordmors, som omr\u00e5det s\u00e5 ud i 1980\u2019erne. Nordmors Beboerforening har samlet billeder og tekst, der fort\u00e6ller om landsbyen dengang. Udstillingen viser ogs\u00e5 lokale personer, som begyndte deres arbejdsliv i 80\u2019erne og stadig er aktive i dag.\u00a0 Samtidig fort\u00e6ller foreningen om den revy, som i en \u00e5rr\u00e6kke samlede [&hellip;]\" \/>\n<meta property=\"og:url\" content=\"https:\/\/kunmedierne.dk\/mors\/40-aar-med-beboerforeningen-loerdag-den-20-september-er-der-fest-i-sejerslev\/\" \/>\n<meta property=\"og:site_name\" content=\"Mors\" \/>\n<meta property=\"article:published_time\" content=\"2025-09-18T15:56:25+00:00\" \/>\n<meta property=\"article:modified_time\" content=\"2025-09-19T06:23:08+00:00\" \/>\n<meta name=\"author\" content=\"Katrine Hedegaard\" \/>\n<meta name=\"twitter:card\" content=\"summary_large_image\" \/>\n<meta name=\"twitter:label1\" content=\"Skrevet af\" \/>\n\t<meta name=\"twitter:data1\" content=\"Katrine Hedegaard\" \/>\n\t<meta name=\"twitter:label2\" content=\"Estimeret l\u00e6setid\" \/>\n\t<meta name=\"twitter:data2\" content=\"3 minutter\" \/>\n<script type=\"application\/ld+json\" class=\"yoast-schema-graph\">{\"@context\":\"https:\/\/schema.org\",\"@graph\":[{\"@type\":\"Article\",\"@id\":\"https:\/\/kunmedierne.dk\/mors\/40-aar-med-beboerforeningen-loerdag-den-20-september-er-der-fest-i-sejerslev\/#article\",\"isPartOf\":{\"@id\":\"https:\/\/kunmedierne.dk\/mors\/40-aar-med-beboerforeningen-loerdag-den-20-september-er-der-fest-i-sejerslev\/\"},\"author\":{\"name\":\"Katrine Hedegaard\",\"@id\":\"https:\/\/kunmedierne.dk\/mors\/#\/schema\/person\/b2e62a38069b12365e53e087a8709c64\"},\"headline\":\"Nordmors Beboerforening fylder 40 \u00e5r &#8211; l\u00f8rdag den 20. september er der fest i Sejerslev\u00a0\",\"datePublished\":\"2025-09-18T15:56:25+00:00\",\"dateModified\":\"2025-09-19T06:23:08+00:00\",\"mainEntityOfPage\":{\"@id\":\"https:\/\/kunmedierne.dk\/mors\/40-aar-med-beboerforeningen-loerdag-den-20-september-er-der-fest-i-sejerslev\/\"},\"wordCount\":440,\"publisher\":{\"@id\":\"https:\/\/kunmedierne.dk\/mors\/#organization\"},\"keywords\":[\"Foreningsliv\"],\"articleSection\":[\"Lokalt\"],\"inLanguage\":\"da-DK\"},{\"@type\":\"WebPage\",\"@id\":\"https:\/\/kunmedierne.dk\/mors\/40-aar-med-beboerforeningen-loerdag-den-20-september-er-der-fest-i-sejerslev\/\",\"url\":\"https:\/\/kunmedierne.dk\/mors\/40-aar-med-beboerforeningen-loerdag-den-20-september-er-der-fest-i-sejerslev\/\",\"name\":\"Nordmors Beboerforening fylder 40 \u00e5r - l\u00f8rdag den 20. september er der fest i Sejerslev\u00a0 - Mors\",\"isPartOf\":{\"@id\":\"https:\/\/kunmedierne.dk\/mors\/#website\"},\"datePublished\":\"2025-09-18T15:56:25+00:00\",\"dateModified\":\"2025-09-19T06:23:08+00:00\",\"breadcrumb\":{\"@id\":\"https:\/\/kunmedierne.dk\/mors\/40-aar-med-beboerforeningen-loerdag-den-20-september-er-der-fest-i-sejerslev\/#breadcrumb\"},\"inLanguage\":\"da-DK\",\"potentialAction\":[{\"@type\":\"ReadAction\",\"target\":[\"https:\/\/kunmedierne.dk\/mors\/40-aar-med-beboerforeningen-loerdag-den-20-september-er-der-fest-i-sejerslev\/\"]}]},{\"@type\":\"BreadcrumbList\",\"@id\":\"https:\/\/kunmedierne.dk\/mors\/40-aar-med-beboerforeningen-loerdag-den-20-september-er-der-fest-i-sejerslev\/#breadcrumb\",\"itemListElement\":[{\"@type\":\"ListItem\",\"position\":1,\"name\":\"Hjem\",\"item\":\"https:\/\/kunmedierne.dk\/mors\/\"},{\"@type\":\"ListItem\",\"position\":2,\"name\":\"Nordmors Beboerforening fylder 40 \u00e5r &#8211; l\u00f8rdag den 20. september er der fest i Sejerslev\u00a0\"}]},{\"@type\":\"WebSite\",\"@id\":\"https:\/\/kunmedierne.dk\/mors\/#website\",\"url\":\"https:\/\/kunmedierne.dk\/mors\/\",\"name\":\"Mors\",\"description\":\"et netmedie med journalistik om livet p\u00e5 Mors\",\"publisher\":{\"@id\":\"https:\/\/kunmedierne.dk\/mors\/#organization\"},\"potentialAction\":[{\"@type\":\"SearchAction\",\"target\":{\"@type\":\"EntryPoint\",\"urlTemplate\":\"https:\/\/kunmedierne.dk\/mors\/?s={search_term_string}\"},\"query-input\":{\"@type\":\"PropertyValueSpecification\",\"valueRequired\":true,\"valueName\":\"search_term_string\"}}],\"inLanguage\":\"da-DK\"},{\"@type\":\"Organization\",\"@id\":\"https:\/\/kunmedierne.dk\/mors\/#organization\",\"name\":\"Mors\",\"url\":\"https:\/\/kunmedierne.dk\/mors\/\",\"logo\":{\"@type\":\"ImageObject\",\"inLanguage\":\"da-DK\",\"@id\":\"https:\/\/kunmedierne.dk\/mors\/#\/schema\/logo\/image\/\",\"url\":\"https:\/\/kunmedierne.dk\/mors\/wp-content\/uploads\/2024\/08\/kunmors-logo.svg\",\"contentUrl\":\"https:\/\/kunmedierne.dk\/mors\/wp-content\/uploads\/2024\/08\/kunmors-logo.svg\",\"caption\":\"Mors\"},\"image\":{\"@id\":\"https:\/\/kunmedierne.dk\/mors\/#\/schema\/logo\/image\/\"}},{\"@type\":\"Person\",\"@id\":\"https:\/\/kunmedierne.dk\/mors\/#\/schema\/person\/b2e62a38069b12365e53e087a8709c64\",\"name\":\"Katrine Hedegaard\",\"image\":{\"@type\":\"ImageObject\",\"inLanguage\":\"da-DK\",\"@id\":\"https:\/\/kunmedierne.dk\/mors\/#\/schema\/person\/image\/\",\"url\":\"https:\/\/secure.gravatar.com\/avatar\/18a5c72fa9148052fd3ed5a58b40fc83cfdc9811090e6e6eec9539af058edcc0?s=96&d=mm&r=g\",\"contentUrl\":\"https:\/\/secure.gravatar.com\/avatar\/18a5c72fa9148052fd3ed5a58b40fc83cfdc9811090e6e6eec9539af058edcc0?s=96&d=mm&r=g\",\"caption\":\"Katrine Hedegaard\"},\"url\":\"https:\/\/kunmedierne.dk\/mors\/author\/katrine\/\"}]}<\/script>\n<!-- \/ Yoast SEO plugin. -->","yoast_head_json":{"title":"Nordmors Beboerforening fylder 40 \u00e5r - l\u00f8rdag den 20. september er der fest i Sejerslev\u00a0 - Mors","robots":{"index":"index","follow":"follow","max-snippet":"max-snippet:-1","max-image-preview":"max-image-preview:large","max-video-preview":"max-video-preview:-1"},"canonical":"https:\/\/kunmedierne.dk\/mors\/40-aar-med-beboerforeningen-loerdag-den-20-september-er-der-fest-i-sejerslev\/","og_locale":"da_DK","og_type":"article","og_title":"Nordmors Beboerforening fylder 40 \u00e5r - l\u00f8rdag den 20. september er der fest i Sejerslev\u00a0 - Mors","og_description":"SEJERSLEV: Dagen begynder med en fotoudstilling, som viser Nordmors, som omr\u00e5det s\u00e5 ud i 1980\u2019erne. Nordmors Beboerforening har samlet billeder og tekst, der fort\u00e6ller om landsbyen dengang. Udstillingen viser ogs\u00e5 lokale personer, som begyndte deres arbejdsliv i 80\u2019erne og stadig er aktive i dag.\u00a0 Samtidig fort\u00e6ller foreningen om den revy, som i en \u00e5rr\u00e6kke samlede [&hellip;]","og_url":"https:\/\/kunmedierne.dk\/mors\/40-aar-med-beboerforeningen-loerdag-den-20-september-er-der-fest-i-sejerslev\/","og_site_name":"Mors","article_published_time":"2025-09-18T15:56:25+00:00","article_modified_time":"2025-09-19T06:23:08+00:00","author":"Katrine Hedegaard","twitter_card":"summary_large_image","twitter_misc":{"Skrevet af":"Katrine Hedegaard","Estimeret l\u00e6setid":"3 minutter"},"schema":{"@context":"https:\/\/schema.org","@graph":[{"@type":"Article","@id":"https:\/\/kunmedierne.dk\/mors\/40-aar-med-beboerforeningen-loerdag-den-20-september-er-der-fest-i-sejerslev\/#article","isPartOf":{"@id":"https:\/\/kunmedierne.dk\/mors\/40-aar-med-beboerforeningen-loerdag-den-20-september-er-der-fest-i-sejerslev\/"},"author":{"name":"Katrine Hedegaard","@id":"https:\/\/kunmedierne.dk\/mors\/#\/schema\/person\/b2e62a38069b12365e53e087a8709c64"},"headline":"Nordmors Beboerforening fylder 40 \u00e5r &#8211; l\u00f8rdag den 20. september er der fest i Sejerslev\u00a0","datePublished":"2025-09-18T15:56:25+00:00","dateModified":"2025-09-19T06:23:08+00:00","mainEntityOfPage":{"@id":"https:\/\/kunmedierne.dk\/mors\/40-aar-med-beboerforeningen-loerdag-den-20-september-er-der-fest-i-sejerslev\/"},"wordCount":440,"publisher":{"@id":"https:\/\/kunmedierne.dk\/mors\/#organization"},"keywords":["Foreningsliv"],"articleSection":["Lokalt"],"inLanguage":"da-DK"},{"@type":"WebPage","@id":"https:\/\/kunmedierne.dk\/mors\/40-aar-med-beboerforeningen-loerdag-den-20-september-er-der-fest-i-sejerslev\/","url":"https:\/\/kunmedierne.dk\/mors\/40-aar-med-beboerforeningen-loerdag-den-20-september-er-der-fest-i-sejerslev\/","name":"Nordmors Beboerforening fylder 40 \u00e5r - l\u00f8rdag den 20. september er der fest i Sejerslev\u00a0 - Mors","isPartOf":{"@id":"https:\/\/kunmedierne.dk\/mors\/#website"},"datePublished":"2025-09-18T15:56:25+00:00","dateModified":"2025-09-19T06:23:08+00:00","breadcrumb":{"@id":"https:\/\/kunmedierne.dk\/mors\/40-aar-med-beboerforeningen-loerdag-den-20-september-er-der-fest-i-sejerslev\/#breadcrumb"},"inLanguage":"da-DK","potentialAction":[{"@type":"ReadAction","target":["https:\/\/kunmedierne.dk\/mors\/40-aar-med-beboerforeningen-loerdag-den-20-september-er-der-fest-i-sejerslev\/"]}]},{"@type":"BreadcrumbList","@id":"https:\/\/kunmedierne.dk\/mors\/40-aar-med-beboerforeningen-loerdag-den-20-september-er-der-fest-i-sejerslev\/#breadcrumb","itemListElement":[{"@type":"ListItem","position":1,"name":"Hjem","item":"https:\/\/kunmedierne.dk\/mors\/"},{"@type":"ListItem","position":2,"name":"Nordmors Beboerforening fylder 40 \u00e5r &#8211; l\u00f8rdag den 20. september er der fest i Sejerslev\u00a0"}]},{"@type":"WebSite","@id":"https:\/\/kunmedierne.dk\/mors\/#website","url":"https:\/\/kunmedierne.dk\/mors\/","name":"Mors","description":"et netmedie med journalistik om livet p\u00e5 Mors","publisher":{"@id":"https:\/\/kunmedierne.dk\/mors\/#organization"},"potentialAction":[{"@type":"SearchAction","target":{"@type":"EntryPoint","urlTemplate":"https:\/\/kunmedierne.dk\/mors\/?s={search_term_string}"},"query-input":{"@type":"PropertyValueSpecification","valueRequired":true,"valueName":"search_term_string"}}],"inLanguage":"da-DK"},{"@type":"Organization","@id":"https:\/\/kunmedierne.dk\/mors\/#organization","name":"Mors","url":"https:\/\/kunmedierne.dk\/mors\/","logo":{"@type":"ImageObject","inLanguage":"da-DK","@id":"https:\/\/kunmedierne.dk\/mors\/#\/schema\/logo\/image\/","url":"https:\/\/kunmedierne.dk\/mors\/wp-content\/uploads\/2024\/08\/kunmors-logo.svg","contentUrl":"https:\/\/kunmedierne.dk\/mors\/wp-content\/uploads\/2024\/08\/kunmors-logo.svg","caption":"Mors"},"image":{"@id":"https:\/\/kunmedierne.dk\/mors\/#\/schema\/logo\/image\/"}},{"@type":"Person","@id":"https:\/\/kunmedierne.dk\/mors\/#\/schema\/person\/b2e62a38069b12365e53e087a8709c64","name":"Katrine Hedegaard","image":{"@type":"ImageObject","inLanguage":"da-DK","@id":"https:\/\/kunmedierne.dk\/mors\/#\/schema\/person\/image\/","url":"https:\/\/secure.gravatar.com\/avatar\/18a5c72fa9148052fd3ed5a58b40fc83cfdc9811090e6e6eec9539af058edcc0?s=96&d=mm&r=g","contentUrl":"https:\/\/secure.gravatar.com\/avatar\/18a5c72fa9148052fd3ed5a58b40fc83cfdc9811090e6e6eec9539af058edcc0?s=96&d=mm&r=g","caption":"Katrine Hedegaard"},"url":"https:\/\/kunmedierne.dk\/mors\/author\/katrine\/"}]}},"_links":{"self":[{"href":"https:\/\/kunmedierne.dk\/mors\/wp-json\/wp\/v2\/posts\/155759","targetHints":{"allow":["GET"]}}],"collection":[{"href":"https:\/\/kunmedierne.dk\/mors\/wp-json\/wp\/v2\/posts"}],"about":[{"href":"https:\/\/kunmedierne.dk\/mors\/wp-json\/wp\/v2\/types\/post"}],"author":[{"embeddable":true,"href":"https:\/\/kunmedierne.dk\/mors\/wp-json\/wp\/v2\/users\/2507"}],"replies":[{"embeddable":true,"href":"https:\/\/kunmedierne.dk\/mors\/wp-json\/wp\/v2\/comments?post=155759"}],"version-history":[{"count":2,"href":"https:\/\/kunmedierne.dk\/mors\/wp-json\/wp\/v2\/posts\/155759\/revisions"}],"predecessor-version":[{"id":155842,"href":"https:\/\/kunmedierne.dk\/mors\/wp-json\/wp\/v2\/posts\/155759\/revisions\/155842"}],"wp:attachment":[{"href":"https:\/\/kunmedierne.dk\/mors\/wp-json\/wp\/v2\/media?parent=155759"}],"wp:term":[{"taxonomy":"category","embeddable":true,"href":"https:\/\/kunmedierne.dk\/mors\/wp-json\/wp\/v2\/categories?post=155759"},{"taxonomy":"post_tag","embeddable":true,"href":"https:\/\/kunmedierne.dk\/mors\/wp-json\/wp\/v2\/tags?post=155759"}],"curies":[{"name":"wp","href":"https:\/\/api.w.org\/{rel}","templated":true}]}}