{"id":155295,"date":"2025-09-13T13:58:19","date_gmt":"2025-09-13T11:58:19","guid":{"rendered":"https:\/\/kunmedierne.dk\/mors\/?p=155295"},"modified":"2025-09-12T13:58:47","modified_gmt":"2025-09-12T11:58:47","slug":"saet-dit-praeg-paa-fremtidens-fritidsliv-paa-mors","status":"publish","type":"post","link":"https:\/\/kunmedierne.dk\/mors\/saet-dit-praeg-paa-fremtidens-fritidsliv-paa-mors\/","title":{"rendered":"S\u00e6t dit pr\u00e6g p\u00e5 fremtidens fritidsliv p\u00e5 Mors"},"content":{"rendered":"<p><span data-contrast=\"auto\"><strong>BORGERM\u00d8DE:<\/strong> For to \u00e5r siden bidrog mange engagerede foreningsfolk og frivillige med ideer og \u00f8nsker til den nye Idr\u00e6ts- og Folkeoplysningspolitik. Nu fors\u00e6tter arbejdet, og der er kurs mod m\u00e5let med et aftenm\u00f8de den 25. september. <\/span><\/p>\n<a class=\"dvrt-link\" onClick=\"cdmtrack_click(113414,jQuery(this));return false\" href=\"https:\/\/www.p-soerensen.dk\/\"><img decoding=\"async\" style=\"width:100%;\" src=\"https:\/\/kunmedierne.dk\/mors\/wp-content\/uploads\/2024\/03\/p-soerensen-juni25.jpg\"><\/a><script>cdmtrack_view(113414);<\/script>\n<p><span data-contrast=\"auto\">Mors\u00f8 Kommune inviterer alle interesserede til at deltage ud fra tilgangen, at det gode fritidsliv skabes sammen. Derfor er foreningernes og enkeltpersoners erfaringer og id\u00e9er afg\u00f8rende for, at politikken bliver til virkelighed og giver v\u00e6rdi i praksis.<\/span><\/p>\n<p><span data-contrast=\"auto\">Arrangementet finder sted torsdag den 25. september 2025 <\/span><span data-contrast=\"auto\">fra Kl. 18.00 \u2013 21.00 i Sparekassen Thy Arena Mors, lokale <\/span><i><span data-contrast=\"auto\">T\u00f8mmerg\u00e5rden.<\/span><\/i><\/p>\n<p><span data-ccp-props=\"{&quot;134233117&quot;:false,&quot;134233118&quot;:false,&quot;335551550&quot;:0,&quot;335551620&quot;:0,&quot;335559738&quot;:240,&quot;335559739&quot;:240}\">\u00a0<\/span><\/p>\n<p><b><span data-contrast=\"auto\">P\u00e5 aftenen er der fokus p\u00e5 at:<\/span><\/b><span data-ccp-props=\"{&quot;134233117&quot;:false,&quot;134233118&quot;:false,&quot;335551550&quot;:0,&quot;335551620&quot;:0,&quot;335559738&quot;:240,&quot;335559739&quot;:240}\">\u00a0<\/span><\/p>\n<ul>\n<li data-leveltext=\"\uf0b7\" data-font=\"Symbol\" data-listid=\"1\" data-list-defn-props=\"{&quot;335552541&quot;:1,&quot;335559683&quot;:0,&quot;335559684&quot;:-2,&quot;335559685&quot;:720,&quot;335559991&quot;:360,&quot;469769226&quot;:&quot;Symbol&quot;,&quot;469769242&quot;:[8226],&quot;469777803&quot;:&quot;left&quot;,&quot;469777804&quot;:&quot;\uf0b7&quot;,&quot;469777815&quot;:&quot;hybridMultilevel&quot;}\" data-aria-posinset=\"1\" data-aria-level=\"1\"><span data-contrast=\"auto\">Genoptage dialogen og bygge videre p\u00e5 de input, der allerede er kommet<\/span><span data-ccp-props=\"{&quot;134233117&quot;:false,&quot;134233118&quot;:false,&quot;335551550&quot;:0,&quot;335551620&quot;:0,&quot;335559738&quot;:0,&quot;335559739&quot;:0}\">\u00a0<\/span><\/li>\n<\/ul>\n<ul>\n<li data-leveltext=\"\uf0b7\" data-font=\"Symbol\" data-listid=\"1\" data-list-defn-props=\"{&quot;335552541&quot;:1,&quot;335559683&quot;:0,&quot;335559684&quot;:-2,&quot;335559685&quot;:720,&quot;335559991&quot;:360,&quot;469769226&quot;:&quot;Symbol&quot;,&quot;469769242&quot;:[8226],&quot;469777803&quot;:&quot;left&quot;,&quot;469777804&quot;:&quot;\uf0b7&quot;,&quot;469777815&quot;:&quot;hybridMultilevel&quot;}\" data-aria-posinset=\"2\" data-aria-level=\"1\"><span data-contrast=\"auto\">Pr\u00e6sentere den retning og de m\u00e5l, som politikken peger p\u00e5<\/span><span data-ccp-props=\"{&quot;134233117&quot;:false,&quot;134233118&quot;:false,&quot;335551550&quot;:0,&quot;335551620&quot;:0,&quot;335559738&quot;:0,&quot;335559739&quot;:0}\">\u00a0<\/span><\/li>\n<\/ul>\n<ul>\n<li data-leveltext=\"\uf0b7\" data-font=\"Symbol\" data-listid=\"1\" data-list-defn-props=\"{&quot;335552541&quot;:1,&quot;335559683&quot;:0,&quot;335559684&quot;:-2,&quot;335559685&quot;:720,&quot;335559991&quot;:360,&quot;469769226&quot;:&quot;Symbol&quot;,&quot;469769242&quot;:[8226],&quot;469777803&quot;:&quot;left&quot;,&quot;469777804&quot;:&quot;\uf0b7&quot;,&quot;469777815&quot;:&quot;hybridMultilevel&quot;}\" data-aria-posinset=\"3\" data-aria-level=\"1\"><span data-contrast=\"auto\">L\u00e6gge sporene sammen for, hvordan politikken kan g\u00f8res levende i hverdagen \u2013 i hallerne, p\u00e5 boldbanerne, p\u00e5 stierne og i foreningsf\u00e6llesskaberne<\/span><br \/>\n<span data-ccp-props=\"{&quot;134233117&quot;:false,&quot;134233118&quot;:false,&quot;335551550&quot;:0,&quot;335551620&quot;:0,&quot;335559738&quot;:0,&quot;335559739&quot;:0}\">\u00a0<\/span><\/li>\n<\/ul>\n<a class=\"dvrt-link\" onClick=\"cdmtrack_click(104781,jQuery(this));return false\" href=\"https:\/\/www.fmspks.dk\/\"><img decoding=\"async\" style=\"width:100%;\" src=\"https:\/\/kunmedierne.dk\/mors\/wp-content\/uploads\/2022\/02\/vip-froeslev-mollerup-sparekasse.jpg\"><\/a><script>cdmtrack_view(104781);<\/script>\n<p><span data-contrast=\"auto\">Tilmeldingsfrist: 17. september 2025 af hensyn til planl\u00e6gningen,<\/span><\/p>\n<p><span data-contrast=\"auto\">Tilmelding og sp\u00f8rgsm\u00e5l sendes til: <\/span><a href=\"mailto:tagg@morsoe.dk\"><span data-contrast=\"none\">tagg@morsoe.dk<\/span><\/a><span data-ccp-props=\"{&quot;134233117&quot;:false,&quot;134233118&quot;:false,&quot;335551550&quot;:0,&quot;335551620&quot;:0,&quot;335559738&quot;:240,&quot;335559739&quot;:240}\">\u00a0<\/span><\/p>\n<p><span data-ccp-props=\"{&quot;134233117&quot;:false,&quot;134233118&quot;:false,&quot;335551550&quot;:0,&quot;335551620&quot;:0,&quot;335559738&quot;:240,&quot;335559739&quot;:240}\">\u00a0<\/span><\/p>\n<blockquote>\n<h4><b><span data-contrast=\"auto\">FAKTA<\/span><\/b><\/h4>\n<h5><span data-contrast=\"auto\">I 2023 fik 4000 morsingboer en unders\u00f8gelse sendt til deres e-boks. Her spurgte DGI og Mors\u00f8 Kommune til folks vaner med idr\u00e6t og motion.<\/span><\/h5>\n<p><span data-contrast=\"auto\">Svarene i unders\u00f8gelsen skal v\u00e6re med til at danne grundlag for den kommende idr\u00e6ts &#8211; og folkeoplysningspolitik p\u00e5 Mors. <\/span><\/p>\n<p><span data-contrast=\"auto\">Unders\u00f8gelsen er et samarbejde mellem Mors\u00f8 Kommune og organisationen DGI, som arbejder for at styrke motion og idr\u00e6t i Danmark.<\/span><span data-ccp-props=\"{&quot;134233117&quot;:false,&quot;134233118&quot;:false,&quot;335551550&quot;:0,&quot;335551620&quot;:0,&quot;335559738&quot;:240,&quot;335559739&quot;:240}\">\u00a0<\/span><\/p><\/blockquote>\n","protected":false},"excerpt":{"rendered":"<p>BORGERM\u00d8DE: For to \u00e5r siden bidrog mange engagerede foreningsfolk og frivillige med ideer og \u00f8nsker til den nye Idr\u00e6ts- og Folkeoplysningspolitik. Nu fors\u00e6tter arbejdet, og der er kurs mod m\u00e5let med et aftenm\u00f8de den 25. september. Mors\u00f8 Kommune inviterer alle interesserede til at deltage ud fra tilgangen, at det gode fritidsliv skabes sammen. Derfor er [&hellip;]<\/p>\n","protected":false},"author":2507,"featured_media":0,"comment_status":"closed","ping_status":"closed","sticky":false,"template":"","format":"standard","meta":{"_acf_changed":false,"footnotes":""},"categories":[51],"tags":[196],"class_list":["post-155295","post","type-post","status-publish","format-standard","hentry","category-lokalt","tag-foreningsliv"],"acf":[],"yoast_head":"<!-- This site is optimized with the Yoast SEO plugin v26.8 - https:\/\/yoast.com\/product\/yoast-seo-wordpress\/ -->\n<title>S\u00e6t dit pr\u00e6g p\u00e5 fremtidens fritidsliv p\u00e5 Mors - Mors<\/title>\n<meta name=\"robots\" content=\"index, follow, max-snippet:-1, max-image-preview:large, max-video-preview:-1\" \/>\n<link rel=\"canonical\" href=\"https:\/\/kunmedierne.dk\/mors\/saet-dit-praeg-paa-fremtidens-fritidsliv-paa-mors\/\" \/>\n<meta property=\"og:locale\" content=\"da_DK\" \/>\n<meta property=\"og:type\" content=\"article\" \/>\n<meta property=\"og:title\" content=\"S\u00e6t dit pr\u00e6g p\u00e5 fremtidens fritidsliv p\u00e5 Mors - Mors\" \/>\n<meta property=\"og:description\" content=\"BORGERM\u00d8DE: For to \u00e5r siden bidrog mange engagerede foreningsfolk og frivillige med ideer og \u00f8nsker til den nye Idr\u00e6ts- og Folkeoplysningspolitik. Nu fors\u00e6tter arbejdet, og der er kurs mod m\u00e5let med et aftenm\u00f8de den 25. september. Mors\u00f8 Kommune inviterer alle interesserede til at deltage ud fra tilgangen, at det gode fritidsliv skabes sammen. Derfor er [&hellip;]\" \/>\n<meta property=\"og:url\" content=\"https:\/\/kunmedierne.dk\/mors\/saet-dit-praeg-paa-fremtidens-fritidsliv-paa-mors\/\" \/>\n<meta property=\"og:site_name\" content=\"Mors\" \/>\n<meta property=\"article:published_time\" content=\"2025-09-13T11:58:19+00:00\" \/>\n<meta name=\"author\" content=\"Katrine Hedegaard\" \/>\n<meta name=\"twitter:card\" content=\"summary_large_image\" \/>\n<meta name=\"twitter:label1\" content=\"Skrevet af\" \/>\n\t<meta name=\"twitter:data1\" content=\"Katrine Hedegaard\" \/>\n\t<meta name=\"twitter:label2\" content=\"Estimeret l\u00e6setid\" \/>\n\t<meta name=\"twitter:data2\" content=\"1 minut\" \/>\n<script type=\"application\/ld+json\" class=\"yoast-schema-graph\">{\"@context\":\"https:\/\/schema.org\",\"@graph\":[{\"@type\":\"Article\",\"@id\":\"https:\/\/kunmedierne.dk\/mors\/saet-dit-praeg-paa-fremtidens-fritidsliv-paa-mors\/#article\",\"isPartOf\":{\"@id\":\"https:\/\/kunmedierne.dk\/mors\/saet-dit-praeg-paa-fremtidens-fritidsliv-paa-mors\/\"},\"author\":{\"name\":\"Katrine Hedegaard\",\"@id\":\"https:\/\/kunmedierne.dk\/mors\/#\/schema\/person\/b2e62a38069b12365e53e087a8709c64\"},\"headline\":\"S\u00e6t dit pr\u00e6g p\u00e5 fremtidens fritidsliv p\u00e5 Mors\",\"datePublished\":\"2025-09-13T11:58:19+00:00\",\"mainEntityOfPage\":{\"@id\":\"https:\/\/kunmedierne.dk\/mors\/saet-dit-praeg-paa-fremtidens-fritidsliv-paa-mors\/\"},\"wordCount\":251,\"publisher\":{\"@id\":\"https:\/\/kunmedierne.dk\/mors\/#organization\"},\"keywords\":[\"Foreningsliv\"],\"articleSection\":[\"Lokalt\"],\"inLanguage\":\"da-DK\"},{\"@type\":\"WebPage\",\"@id\":\"https:\/\/kunmedierne.dk\/mors\/saet-dit-praeg-paa-fremtidens-fritidsliv-paa-mors\/\",\"url\":\"https:\/\/kunmedierne.dk\/mors\/saet-dit-praeg-paa-fremtidens-fritidsliv-paa-mors\/\",\"name\":\"S\u00e6t dit pr\u00e6g p\u00e5 fremtidens fritidsliv p\u00e5 Mors - Mors\",\"isPartOf\":{\"@id\":\"https:\/\/kunmedierne.dk\/mors\/#website\"},\"datePublished\":\"2025-09-13T11:58:19+00:00\",\"breadcrumb\":{\"@id\":\"https:\/\/kunmedierne.dk\/mors\/saet-dit-praeg-paa-fremtidens-fritidsliv-paa-mors\/#breadcrumb\"},\"inLanguage\":\"da-DK\",\"potentialAction\":[{\"@type\":\"ReadAction\",\"target\":[\"https:\/\/kunmedierne.dk\/mors\/saet-dit-praeg-paa-fremtidens-fritidsliv-paa-mors\/\"]}]},{\"@type\":\"BreadcrumbList\",\"@id\":\"https:\/\/kunmedierne.dk\/mors\/saet-dit-praeg-paa-fremtidens-fritidsliv-paa-mors\/#breadcrumb\",\"itemListElement\":[{\"@type\":\"ListItem\",\"position\":1,\"name\":\"Hjem\",\"item\":\"https:\/\/kunmedierne.dk\/mors\/\"},{\"@type\":\"ListItem\",\"position\":2,\"name\":\"S\u00e6t dit pr\u00e6g p\u00e5 fremtidens fritidsliv p\u00e5 Mors\"}]},{\"@type\":\"WebSite\",\"@id\":\"https:\/\/kunmedierne.dk\/mors\/#website\",\"url\":\"https:\/\/kunmedierne.dk\/mors\/\",\"name\":\"Mors\",\"description\":\"et netmedie med journalistik om livet p\u00e5 Mors\",\"publisher\":{\"@id\":\"https:\/\/kunmedierne.dk\/mors\/#organization\"},\"potentialAction\":[{\"@type\":\"SearchAction\",\"target\":{\"@type\":\"EntryPoint\",\"urlTemplate\":\"https:\/\/kunmedierne.dk\/mors\/?s={search_term_string}\"},\"query-input\":{\"@type\":\"PropertyValueSpecification\",\"valueRequired\":true,\"valueName\":\"search_term_string\"}}],\"inLanguage\":\"da-DK\"},{\"@type\":\"Organization\",\"@id\":\"https:\/\/kunmedierne.dk\/mors\/#organization\",\"name\":\"Mors\",\"url\":\"https:\/\/kunmedierne.dk\/mors\/\",\"logo\":{\"@type\":\"ImageObject\",\"inLanguage\":\"da-DK\",\"@id\":\"https:\/\/kunmedierne.dk\/mors\/#\/schema\/logo\/image\/\",\"url\":\"https:\/\/kunmedierne.dk\/mors\/wp-content\/uploads\/2024\/08\/kunmors-logo.svg\",\"contentUrl\":\"https:\/\/kunmedierne.dk\/mors\/wp-content\/uploads\/2024\/08\/kunmors-logo.svg\",\"caption\":\"Mors\"},\"image\":{\"@id\":\"https:\/\/kunmedierne.dk\/mors\/#\/schema\/logo\/image\/\"}},{\"@type\":\"Person\",\"@id\":\"https:\/\/kunmedierne.dk\/mors\/#\/schema\/person\/b2e62a38069b12365e53e087a8709c64\",\"name\":\"Katrine Hedegaard\",\"image\":{\"@type\":\"ImageObject\",\"inLanguage\":\"da-DK\",\"@id\":\"https:\/\/kunmedierne.dk\/mors\/#\/schema\/person\/image\/\",\"url\":\"https:\/\/secure.gravatar.com\/avatar\/18a5c72fa9148052fd3ed5a58b40fc83cfdc9811090e6e6eec9539af058edcc0?s=96&d=mm&r=g\",\"contentUrl\":\"https:\/\/secure.gravatar.com\/avatar\/18a5c72fa9148052fd3ed5a58b40fc83cfdc9811090e6e6eec9539af058edcc0?s=96&d=mm&r=g\",\"caption\":\"Katrine Hedegaard\"},\"url\":\"https:\/\/kunmedierne.dk\/mors\/author\/katrine\/\"}]}<\/script>\n<!-- \/ Yoast SEO plugin. -->","yoast_head_json":{"title":"S\u00e6t dit pr\u00e6g p\u00e5 fremtidens fritidsliv p\u00e5 Mors - Mors","robots":{"index":"index","follow":"follow","max-snippet":"max-snippet:-1","max-image-preview":"max-image-preview:large","max-video-preview":"max-video-preview:-1"},"canonical":"https:\/\/kunmedierne.dk\/mors\/saet-dit-praeg-paa-fremtidens-fritidsliv-paa-mors\/","og_locale":"da_DK","og_type":"article","og_title":"S\u00e6t dit pr\u00e6g p\u00e5 fremtidens fritidsliv p\u00e5 Mors - Mors","og_description":"BORGERM\u00d8DE: For to \u00e5r siden bidrog mange engagerede foreningsfolk og frivillige med ideer og \u00f8nsker til den nye Idr\u00e6ts- og Folkeoplysningspolitik. Nu fors\u00e6tter arbejdet, og der er kurs mod m\u00e5let med et aftenm\u00f8de den 25. september. Mors\u00f8 Kommune inviterer alle interesserede til at deltage ud fra tilgangen, at det gode fritidsliv skabes sammen. Derfor er [&hellip;]","og_url":"https:\/\/kunmedierne.dk\/mors\/saet-dit-praeg-paa-fremtidens-fritidsliv-paa-mors\/","og_site_name":"Mors","article_published_time":"2025-09-13T11:58:19+00:00","author":"Katrine Hedegaard","twitter_card":"summary_large_image","twitter_misc":{"Skrevet af":"Katrine Hedegaard","Estimeret l\u00e6setid":"1 minut"},"schema":{"@context":"https:\/\/schema.org","@graph":[{"@type":"Article","@id":"https:\/\/kunmedierne.dk\/mors\/saet-dit-praeg-paa-fremtidens-fritidsliv-paa-mors\/#article","isPartOf":{"@id":"https:\/\/kunmedierne.dk\/mors\/saet-dit-praeg-paa-fremtidens-fritidsliv-paa-mors\/"},"author":{"name":"Katrine Hedegaard","@id":"https:\/\/kunmedierne.dk\/mors\/#\/schema\/person\/b2e62a38069b12365e53e087a8709c64"},"headline":"S\u00e6t dit pr\u00e6g p\u00e5 fremtidens fritidsliv p\u00e5 Mors","datePublished":"2025-09-13T11:58:19+00:00","mainEntityOfPage":{"@id":"https:\/\/kunmedierne.dk\/mors\/saet-dit-praeg-paa-fremtidens-fritidsliv-paa-mors\/"},"wordCount":251,"publisher":{"@id":"https:\/\/kunmedierne.dk\/mors\/#organization"},"keywords":["Foreningsliv"],"articleSection":["Lokalt"],"inLanguage":"da-DK"},{"@type":"WebPage","@id":"https:\/\/kunmedierne.dk\/mors\/saet-dit-praeg-paa-fremtidens-fritidsliv-paa-mors\/","url":"https:\/\/kunmedierne.dk\/mors\/saet-dit-praeg-paa-fremtidens-fritidsliv-paa-mors\/","name":"S\u00e6t dit pr\u00e6g p\u00e5 fremtidens fritidsliv p\u00e5 Mors - Mors","isPartOf":{"@id":"https:\/\/kunmedierne.dk\/mors\/#website"},"datePublished":"2025-09-13T11:58:19+00:00","breadcrumb":{"@id":"https:\/\/kunmedierne.dk\/mors\/saet-dit-praeg-paa-fremtidens-fritidsliv-paa-mors\/#breadcrumb"},"inLanguage":"da-DK","potentialAction":[{"@type":"ReadAction","target":["https:\/\/kunmedierne.dk\/mors\/saet-dit-praeg-paa-fremtidens-fritidsliv-paa-mors\/"]}]},{"@type":"BreadcrumbList","@id":"https:\/\/kunmedierne.dk\/mors\/saet-dit-praeg-paa-fremtidens-fritidsliv-paa-mors\/#breadcrumb","itemListElement":[{"@type":"ListItem","position":1,"name":"Hjem","item":"https:\/\/kunmedierne.dk\/mors\/"},{"@type":"ListItem","position":2,"name":"S\u00e6t dit pr\u00e6g p\u00e5 fremtidens fritidsliv p\u00e5 Mors"}]},{"@type":"WebSite","@id":"https:\/\/kunmedierne.dk\/mors\/#website","url":"https:\/\/kunmedierne.dk\/mors\/","name":"Mors","description":"et netmedie med journalistik om livet p\u00e5 Mors","publisher":{"@id":"https:\/\/kunmedierne.dk\/mors\/#organization"},"potentialAction":[{"@type":"SearchAction","target":{"@type":"EntryPoint","urlTemplate":"https:\/\/kunmedierne.dk\/mors\/?s={search_term_string}"},"query-input":{"@type":"PropertyValueSpecification","valueRequired":true,"valueName":"search_term_string"}}],"inLanguage":"da-DK"},{"@type":"Organization","@id":"https:\/\/kunmedierne.dk\/mors\/#organization","name":"Mors","url":"https:\/\/kunmedierne.dk\/mors\/","logo":{"@type":"ImageObject","inLanguage":"da-DK","@id":"https:\/\/kunmedierne.dk\/mors\/#\/schema\/logo\/image\/","url":"https:\/\/kunmedierne.dk\/mors\/wp-content\/uploads\/2024\/08\/kunmors-logo.svg","contentUrl":"https:\/\/kunmedierne.dk\/mors\/wp-content\/uploads\/2024\/08\/kunmors-logo.svg","caption":"Mors"},"image":{"@id":"https:\/\/kunmedierne.dk\/mors\/#\/schema\/logo\/image\/"}},{"@type":"Person","@id":"https:\/\/kunmedierne.dk\/mors\/#\/schema\/person\/b2e62a38069b12365e53e087a8709c64","name":"Katrine Hedegaard","image":{"@type":"ImageObject","inLanguage":"da-DK","@id":"https:\/\/kunmedierne.dk\/mors\/#\/schema\/person\/image\/","url":"https:\/\/secure.gravatar.com\/avatar\/18a5c72fa9148052fd3ed5a58b40fc83cfdc9811090e6e6eec9539af058edcc0?s=96&d=mm&r=g","contentUrl":"https:\/\/secure.gravatar.com\/avatar\/18a5c72fa9148052fd3ed5a58b40fc83cfdc9811090e6e6eec9539af058edcc0?s=96&d=mm&r=g","caption":"Katrine Hedegaard"},"url":"https:\/\/kunmedierne.dk\/mors\/author\/katrine\/"}]}},"_links":{"self":[{"href":"https:\/\/kunmedierne.dk\/mors\/wp-json\/wp\/v2\/posts\/155295","targetHints":{"allow":["GET"]}}],"collection":[{"href":"https:\/\/kunmedierne.dk\/mors\/wp-json\/wp\/v2\/posts"}],"about":[{"href":"https:\/\/kunmedierne.dk\/mors\/wp-json\/wp\/v2\/types\/post"}],"author":[{"embeddable":true,"href":"https:\/\/kunmedierne.dk\/mors\/wp-json\/wp\/v2\/users\/2507"}],"replies":[{"embeddable":true,"href":"https:\/\/kunmedierne.dk\/mors\/wp-json\/wp\/v2\/comments?post=155295"}],"version-history":[{"count":2,"href":"https:\/\/kunmedierne.dk\/mors\/wp-json\/wp\/v2\/posts\/155295\/revisions"}],"predecessor-version":[{"id":155299,"href":"https:\/\/kunmedierne.dk\/mors\/wp-json\/wp\/v2\/posts\/155295\/revisions\/155299"}],"wp:attachment":[{"href":"https:\/\/kunmedierne.dk\/mors\/wp-json\/wp\/v2\/media?parent=155295"}],"wp:term":[{"taxonomy":"category","embeddable":true,"href":"https:\/\/kunmedierne.dk\/mors\/wp-json\/wp\/v2\/categories?post=155295"},{"taxonomy":"post_tag","embeddable":true,"href":"https:\/\/kunmedierne.dk\/mors\/wp-json\/wp\/v2\/tags?post=155295"}],"curies":[{"name":"wp","href":"https:\/\/api.w.org\/{rel}","templated":true}]}}