{"id":153805,"date":"2025-08-27T05:27:56","date_gmt":"2025-08-27T03:27:56","guid":{"rendered":"https:\/\/kunmedierne.dk\/mors\/?p=153805"},"modified":"2025-08-27T09:49:44","modified_gmt":"2025-08-27T07:49:44","slug":"vi-kan-laere-meget-af-at-lytte-til-ukrainske-veteraner-frem-for-alt-kan-vi-laere-noget-om-haab","status":"publish","type":"post","link":"https:\/\/kunmedierne.dk\/mors\/vi-kan-laere-meget-af-at-lytte-til-ukrainske-veteraner-frem-for-alt-kan-vi-laere-noget-om-haab\/","title":{"rendered":"Vi kan l\u00e6re meget af at lytte til ukrainske veteraner \u2013 frem for alt kan vi l\u00e6re noget om h\u00e5b"},"content":{"rendered":"<p><span data-contrast=\"auto\"><strong>MORS:<\/strong>\u00a0<\/span><span data-contrast=\"auto\">Pia Fuglsang, formand for <\/span><i><span data-contrast=\"auto\">Ukrainere p\u00e5 Mors<\/span><\/i><span data-contrast=\"auto\">, har p\u00e5 det seneste gjort en forskel for fire ukrainske veteraner. Torsdag den 21. august s\u00f8rgede hun for, at de fik chancen for at hilse p\u00e5 statsminister Mette Frederiksen under \u00e5bningen af Kulturm\u00f8det<\/span><span data-ccp-props=\"{}\">\u00a0<\/span><\/p>\n<p><span data-contrast=\"auto\">\u2013 De har set hende sammen med Zelenskyj utallige gange. For dem var det vigtigt at kunne takke hende som repr\u00e6sentant for Danmark, siger hun.<\/span><span data-ccp-props=\"{&quot;134233117&quot;:false,&quot;134233118&quot;:false,&quot;335551550&quot;:0,&quot;335551620&quot;:0,&quot;335559738&quot;:240,&quot;335559739&quot;:240}\">\u00a0<\/span><\/p>\n<a class=\"dvrt-link\" onClick=\"cdmtrack_click(169437,jQuery(this));return false\" href=\"https:\/\/thymors.dk\/sponsorater\/15-til-faellesskabet?utm_source=kunmors&amp;utm_medium=annonce&amp;utm_campaign=sponsorater\"><img decoding=\"async\" style=\"width:100%;\" src=\"https:\/\/kunmedierne.dk\/mors\/wp-content\/uploads\/2026\/03\/260407ThyMors-energi_faellesskab_generel-1.jpg\"><\/a><script>cdmtrack_view(169437);<\/script>\n<p><span data-contrast=\"auto\">Pia Fuglsang fort\u00e6ller, hvordan de fire veteraner sad i regnvejr i halvanden time og ventede foran scenen p\u00e5, at Mette Frederiksen skulle g\u00e5 p\u00e5. Da statsministeren havde talt fra scenen, fik hun overrakt en medalje og skrev sit navn p\u00e5 et ukrainsk flag, veteranerne havde med.<\/span><span data-ccp-props=\"{&quot;134233117&quot;:false,&quot;134233118&quot;:false,&quot;335551550&quot;:0,&quot;335551620&quot;:0,&quot;335559738&quot;:240,&quot;335559739&quot;:240}\">\u00a0<\/span><\/p>\n<p>Selvom Pia Fuglsang stiller op for Venstre Mors ved kommunalvalget til efter\u00e5ret, s\u00e5 kunne hun sagtens se det fine i m\u00f8det mellem den socialdemokratiske statsmister og de fire ukrainere.<\/p>\n<p><span data-contrast=\"auto\">\u2013 Det var ikke politisk. Jeg lagde mine egne holdninger til side. Det handlede om respekt og anerkendelse fra deres side. Det Mette Frederiksen har gjort for Ukraine anerkender jeg hende for, udtaler Pia Fuglsang til KunMors.<\/span><span data-ccp-props=\"{&quot;134233117&quot;:false,&quot;134233118&quot;:false,&quot;335551550&quot;:0,&quot;335551620&quot;:0,&quot;335559738&quot;:240,&quot;335559739&quot;:240}\">\u00a0<\/span><\/p>\n<p>&nbsp;<\/p>\n<p><b><span data-contrast=\"auto\">Indblik i frontlinjen \u2013 og livet efter<\/span><\/b><span data-ccp-props=\"{&quot;134233117&quot;:false,&quot;134233118&quot;:false,&quot;335551550&quot;:0,&quot;335551620&quot;:0,&quot;335559738&quot;:240,&quot;335559739&quot;:240}\">\u00a0<\/span><\/p>\n<p><span data-contrast=\"auto\">Den 14. august stod Pia Fuglsang ogs\u00e5 i spidsen for et arrangement, der blev afviklet p\u00e5 Mors\u00f8 Folkebibliotek. Her deltog omkring 20 personer for at lytte til tre af de fire veteraner, der m\u00f8dte Mette Frederiksen (S) ved \u00e5bningen af \u00e5rets Kulturm\u00f8de. Veteranerne \u2013 kaldet <\/span><i><span data-contrast=\"auto\">Kosmos<\/span><\/i><span data-contrast=\"auto\">, <\/span><i><span data-contrast=\"auto\">Turist<\/span><\/i><span data-contrast=\"auto\"> og <\/span><i><span data-contrast=\"auto\">Ivanovic<\/span><\/i><span data-contrast=\"auto\"> \u2013 fortalte \u00e5bent om deres oplevelser fra fronten i Ukraine.<\/span><span data-ccp-props=\"{&quot;134233117&quot;:false,&quot;134233118&quot;:false,&quot;335551550&quot;:0,&quot;335551620&quot;:0,&quot;335559738&quot;:240,&quot;335559739&quot;:240}\">\u00a0<\/span><\/p>\n<div id=\"attachment_153821\" style=\"width: 2010px\" class=\"wp-caption alignnone\"><img loading=\"lazy\" decoding=\"async\" aria-describedby=\"caption-attachment-153821\" class=\"wp-image-153821 size-full\" src=\"https:\/\/kunmedierne.dk\/mors\/wp-content\/uploads\/2025\/08\/Dueholmkilen-Krydsning-Naessundvej-Cykelbro-Tegning-1.pdf368.jpg\" alt=\"\" width=\"2000\" height=\"1414\" srcset=\"https:\/\/kunmedierne.dk\/mors\/wp-content\/uploads\/2025\/08\/Dueholmkilen-Krydsning-Naessundvej-Cykelbro-Tegning-1.pdf368.jpg 2000w, https:\/\/kunmedierne.dk\/mors\/wp-content\/uploads\/2025\/08\/Dueholmkilen-Krydsning-Naessundvej-Cykelbro-Tegning-1.pdf368-300x212.jpg 300w, https:\/\/kunmedierne.dk\/mors\/wp-content\/uploads\/2025\/08\/Dueholmkilen-Krydsning-Naessundvej-Cykelbro-Tegning-1.pdf368-1024x724.jpg 1024w, https:\/\/kunmedierne.dk\/mors\/wp-content\/uploads\/2025\/08\/Dueholmkilen-Krydsning-Naessundvej-Cykelbro-Tegning-1.pdf368-510x361.jpg 510w\" sizes=\"auto, (max-width: 2000px) 100vw, 2000px\" \/><p id=\"caption-attachment-153821\" class=\"wp-caption-text\">Foto: Valentina Kushnereva<\/p><\/div>\n<p><span data-contrast=\"auto\">Pia Fuglsang fort\u00e6ller, at veteranerne fortalte om kampe, skader, deres liv i dag \u2013 og om hvordan det er at leve videre med PTSD. Undervejs var der b\u00e5de alvor og sort humor.<\/span><span data-ccp-props=\"{&quot;134233117&quot;:false,&quot;134233118&quot;:false,&quot;335551550&quot;:0,&quot;335551620&quot;:0,&quot;335559738&quot;:240,&quot;335559739&quot;:240}\">\u00a0<\/span><\/p>\n<a class=\"dvrt-link\" onClick=\"cdmtrack_click(104780,jQuery(this));return false\" href=\"https:\/\/www.spard.dk\/\"><img decoding=\"async\" style=\"width:100%;\" src=\"https:\/\/kunmedierne.dk\/mors\/wp-content\/uploads\/2023\/12\/sparekassen-dk-maj25.gif\"><\/a><script>cdmtrack_view(104780);<\/script>\n<p><span data-contrast=\"auto\">En s\u00e6rlig historie kom fra <\/span><i><span data-contrast=\"auto\">Kosmos<\/span><\/i><span data-contrast=\"auto\">, der blev h\u00e5rdt s\u00e5ret under kamp. Det ene ben blev \u00f8delagt, det andet skudt igennem. Da han blev evakueret af to sm\u00e5 soldater, r\u00f8g bukserne ned.<\/span><\/p>\n<p><span data-contrast=\"auto\">Pia Fuglsang fort\u00e6ller, at han l\u00e5 halvt bevidstl\u00f8s og h\u00f8rte en drone. Han vidste ikke, om det var en fjende. Men han t\u00e6nkte: Russerne skal i hvert fald ikke se mig s\u00e5dan \u2013 og s\u00e5 trak han bukserne op. <\/span><span data-ccp-props=\"{&quot;134233117&quot;:false,&quot;134233118&quot;:false,&quot;335551550&quot;:0,&quot;335551620&quot;:0,&quot;335559738&quot;:240,&quot;335559739&quot;:240}\">\u00a0<\/span><\/p>\n<p>&nbsp;<\/p>\n<p><b><span data-contrast=\"auto\">Samtale og indsigt<\/span><\/b><span data-ccp-props=\"{&quot;134233117&quot;:false,&quot;134233118&quot;:false,&quot;335551550&quot;:0,&quot;335551620&quot;:0,&quot;335559738&quot;:240,&quot;335559739&quot;:240}\">\u00a0<\/span><\/p>\n<p><span data-contrast=\"auto\">Pia Fuglsang fort\u00e6ller, at deltagerne til arrangementet p\u00e5 Mors\u00f8 Folkebibliotek fik lejlighed til at stille sp\u00f8rgsm\u00e5l, mange af dem direkte og personlige.<\/span> &#8220;<span data-contrast=\"auto\">Har du sl\u00e5et nogen ihjel? Hvordan t\u00e6nker du p\u00e5 det bagefter?&#8221;<\/span><span data-ccp-props=\"{&quot;134233117&quot;:false,&quot;134233118&quot;:false,&quot;335551550&quot;:0,&quot;335551620&quot;:0,&quot;335559738&quot;:240,&quot;335559739&quot;:240}\">\u00a0<\/span><\/p>\n<p><span data-contrast=\"auto\">\u2013 Der var en nysgerrighed, som man sj\u00e6ldent m\u00f8der. Det blev taget seri\u00f8st, og veteranerne svarede \u00e6rligt, siger Pia Fuglsang.<\/span><span data-ccp-props=\"{&quot;134233117&quot;:false,&quot;134233118&quot;:false,&quot;335551550&quot;:0,&quot;335551620&quot;:0,&quot;335559738&quot;:240,&quot;335559739&quot;:240}\">\u00a0<\/span><\/p>\n<a class=\"dvrt-link\" onClick=\"cdmtrack_click(104783,jQuery(this));return false\" href=\"https:\/\/konpap.dk\/\"><img decoding=\"async\" style=\"width:100%;\" src=\"https:\/\/kunmedierne.dk\/mors\/wp-content\/uploads\/2023\/10\/Kun-Mors-banner.jpg\"><\/a><script>cdmtrack_view(104783);<\/script>\n<p><span data-contrast=\"auto\">Hun mener, arrangementet gav noget til b\u00e5de lokale og herboende ukrainere.<\/span><\/p>\n<p><span data-contrast=\"auto\">\u2013<\/span><span data-contrast=\"auto\"> For mange er PTSD sv\u00e6rt at forst\u00e5. Til arrangementet gav veteranerne en indsigt i, hvordan det opleves \u2013 og hvordan man kan leve videre med PTSD efter man har v\u00e6ret i krig. <\/span><span data-ccp-props=\"{&quot;134233117&quot;:false,&quot;134233118&quot;:false,&quot;335551550&quot;:0,&quot;335551620&quot;:0,&quot;335559738&quot;:240,&quot;335559739&quot;:240}\">\u00a0<\/span><\/p>\n<p>&nbsp;<\/p>\n<p><b><span data-contrast=\"auto\">Et andet billede af PTSD<\/span><\/b><span data-ccp-props=\"{&quot;134233117&quot;:false,&quot;134233118&quot;:false,&quot;335551550&quot;:0,&quot;335551620&quot;:0,&quot;335559738&quot;:240,&quot;335559739&quot;:240}\">\u00a0<\/span><\/p>\n<p><span data-contrast=\"auto\">Veteraners historier handler i f\u00f8lge Pia Fuglsang ikke kun om traumer, men ogs\u00e5 om muligheder og h\u00e5b.<\/span><span data-ccp-props=\"{&quot;134233117&quot;:false,&quot;134233118&quot;:false,&quot;335551550&quot;:0,&quot;335551620&quot;:0,&quot;335559738&quot;:240,&quot;335559739&quot;:240}\">\u00a0<\/span><\/p>\n<div id=\"attachment_153822\" style=\"width: 2010px\" class=\"wp-caption alignnone\"><img loading=\"lazy\" decoding=\"async\" aria-describedby=\"caption-attachment-153822\" class=\"wp-image-153822 size-full\" src=\"https:\/\/kunmedierne.dk\/mors\/wp-content\/uploads\/2025\/08\/Dueholmkilen-Krydsning-Naessundvej-Cykelbro-Tegning-1.pdf369.jpg\" alt=\"\" width=\"2000\" height=\"1414\" srcset=\"https:\/\/kunmedierne.dk\/mors\/wp-content\/uploads\/2025\/08\/Dueholmkilen-Krydsning-Naessundvej-Cykelbro-Tegning-1.pdf369.jpg 2000w, https:\/\/kunmedierne.dk\/mors\/wp-content\/uploads\/2025\/08\/Dueholmkilen-Krydsning-Naessundvej-Cykelbro-Tegning-1.pdf369-300x212.jpg 300w, https:\/\/kunmedierne.dk\/mors\/wp-content\/uploads\/2025\/08\/Dueholmkilen-Krydsning-Naessundvej-Cykelbro-Tegning-1.pdf369-1024x724.jpg 1024w, https:\/\/kunmedierne.dk\/mors\/wp-content\/uploads\/2025\/08\/Dueholmkilen-Krydsning-Naessundvej-Cykelbro-Tegning-1.pdf369-510x361.jpg 510w\" sizes=\"auto, (max-width: 2000px) 100vw, 2000px\" \/><p id=\"caption-attachment-153822\" class=\"wp-caption-text\">Foto: Valentina Kushnereva<\/p><\/div>\n<p><i><span data-contrast=\"auto\">Kosmos<\/span><\/i><span data-contrast=\"auto\"> fortalte, at han vil bruge sin erstatning fra h\u00e6ren til at starte et PTSD-center i Ukraine med inspiration fra Danmark. <\/span><i><span data-contrast=\"auto\">Turist<\/span><\/i><span data-contrast=\"auto\"> arbejder p\u00e5 at komme tilbage i tjeneste. <\/span><i><span data-contrast=\"auto\">Ivanovic<\/span><\/i><span data-contrast=\"auto\"> samarbejder med danske veteraner om r\u00e5dgivning og mental st\u00f8tte.<\/span><span data-ccp-props=\"{&quot;134233117&quot;:false,&quot;134233118&quot;:false,&quot;335551550&quot;:0,&quot;335551620&quot;:0,&quot;335559738&quot;:240,&quot;335559739&quot;:240}\">\u00a0<\/span><\/p>\n<a class=\"dvrt-link\" onClick=\"cdmtrack_click(116504,jQuery(this));return false\" href=\"https:\/\/www.nybolig.dk\/ejendomsmaeglere\/nordvestjylland\/nybolig-morsoe-nykoebing-mors\"><img decoding=\"async\" style=\"width:100%;\" src=\"https:\/\/kunmedierne.dk\/mors\/wp-content\/uploads\/2024\/04\/250825Nybolig.jpg\"><\/a><script>cdmtrack_view(116504);<\/script>\n<p><span data-contrast=\"auto\">\u2013 Der er en tendens til at tro, at alt stopper med en PTSD-diagnose. Men de her tre viser, at det ikke beh\u00f8ver v\u00e6re s\u00e5dan, siger Pia og forts\u00e6tter:<\/span><span data-ccp-props=\"{&quot;134233117&quot;:false,&quot;134233118&quot;:false,&quot;335551550&quot;:0,&quot;335551620&quot;:0,&quot;335559738&quot;:240,&quot;335559739&quot;:240}\">\u00a0<\/span><\/p>\n<p>&#8211; Vi kan l\u00e6re meget af at lytte til ukrainske veteraner \u2013 frem for alt kan vi l\u00e6re noget om h\u00e5b. De veteraner, der fortalte p\u00e5 Mors\u00f8 Folkebibliotek og dukkede op under Kulturm\u00f8det, deres liv er ikke g\u00e5et i st\u00e5. De vil og kan stadig en helt masse.<\/p>\n<p>&nbsp;<\/p>\n<p><strong>Pias egen historie<\/strong><\/p>\n<p><span data-contrast=\"auto\">Pia Fuglsangs engagement og drivkraft for at hj\u00e6lper ukrainerne p\u00e5 Mors og krigens veteraner udspringer af, at hun tidligere har v\u00e6ret k\u00e6reste med to m\u00e6nd, der begge har v\u00e6ret udsendt \u2013 \u00e9n til Bosnien, \u00e9n til Afghanistan \u2013 og s\u00e5 har hun ogs\u00e5 selv oplevet, hvad det vil sige at have en depression.<\/span><\/p>\n<p><span data-contrast=\"auto\">\u2013 Jeg ved, hvordan det er at leve med noget, der ikke kan ses udefra. Det g\u00f8r det ikke nemmere, men det g\u00f8r det vigtigere at tale om.<\/span><span data-ccp-props=\"{&quot;134233117&quot;:false,&quot;134233118&quot;:false,&quot;335551550&quot;:0,&quot;335551620&quot;:0,&quot;335559738&quot;:240,&quot;335559739&quot;:240}\">\u00a0<\/span><\/p>\n<p>&nbsp;<\/p>\n<p><b><span data-contrast=\"auto\">Nyt arrangement p\u00e5 vej<\/span><\/b><span data-ccp-props=\"{&quot;134233117&quot;:false,&quot;134233118&quot;:false,&quot;335551550&quot;:0,&quot;335551620&quot;:0,&quot;335559738&quot;:240,&quot;335559739&quot;:240}\">\u00a0<\/span><\/p>\n<p><span data-contrast=\"auto\">Pia Fuglsang var med til at starte <\/span><i><span data-contrast=\"auto\">Ukrainere p\u00e5 Mors<\/span><\/i><span data-contrast=\"auto\"> i marts 2022, da krigen i Ukraine sendte flygtninge til Danmark. I dag bor de fire veteraner, der m\u00f8dte Mette Frederiksen til \u00e5bningen af Kulturm\u00f8det i Aarhus, men forbindelsen til Mors er intakt.<\/span><span data-ccp-props=\"{&quot;134233117&quot;:false,&quot;134233118&quot;:false,&quot;335551550&quot;:0,&quot;335551620&quot;:0,&quot;335559738&quot;:240,&quot;335559739&quot;:240}\">\u00a0<\/span><\/p>\n<p><span data-contrast=\"auto\">\u2013 Vi taler allerede om at gentage foredraget p\u00e5 Mors\u00f8 Folkebibliotek. M\u00e5ske p\u00e5 en l\u00f8rdag, s\u00e5 flere kan komme.<\/span><span data-ccp-props=\"{&quot;134233117&quot;:false,&quot;134233118&quot;:false,&quot;335551550&quot;:0,&quot;335551620&quot;:0,&quot;335559738&quot;:240,&quot;335559739&quot;:240}\">\u00a0<\/span><\/p>\n<a class=\"dvrt-link\" onClick=\"cdmtrack_click(169437,jQuery(this));return false\" href=\"https:\/\/thymors.dk\/sponsorater\/15-til-faellesskabet?utm_source=kunmors&amp;utm_medium=annonce&amp;utm_campaign=sponsorater\"><img decoding=\"async\" style=\"width:100%;\" src=\"https:\/\/kunmedierne.dk\/mors\/wp-content\/uploads\/2026\/03\/260407ThyMors-energi_faellesskab_generel-1.jpg\"><\/a><script>cdmtrack_view(169437);<\/script>\n<p><span data-contrast=\"auto\">Til efter\u00e5ret stiller Pia Fuglsang som n\u00e6vnt op til kommunalvalget for Venstre, men understreger, at hendes engagement i arbejdet med veteraner og psykisk s\u00e5rbare ikke handler om valgkamp.<\/span><\/p>\n<p><span data-contrast=\"auto\">\u2013 Det handler om at lytte, l\u00e6re og give plads til de fort\u00e6llinger h\u00e5b, som ellers <\/span>let drukner i elendighed.<\/p>\n<div id=\"attachment_153823\" style=\"width: 2010px\" class=\"wp-caption alignnone\"><img loading=\"lazy\" decoding=\"async\" aria-describedby=\"caption-attachment-153823\" class=\"wp-image-153823 size-full\" src=\"https:\/\/kunmedierne.dk\/mors\/wp-content\/uploads\/2025\/08\/Dueholmkilen-Krydsning-Naessundvej-Cykelbro-Tegning-1.pdf370.jpg\" alt=\"\" width=\"2000\" height=\"1414\" srcset=\"https:\/\/kunmedierne.dk\/mors\/wp-content\/uploads\/2025\/08\/Dueholmkilen-Krydsning-Naessundvej-Cykelbro-Tegning-1.pdf370.jpg 2000w, https:\/\/kunmedierne.dk\/mors\/wp-content\/uploads\/2025\/08\/Dueholmkilen-Krydsning-Naessundvej-Cykelbro-Tegning-1.pdf370-300x212.jpg 300w, https:\/\/kunmedierne.dk\/mors\/wp-content\/uploads\/2025\/08\/Dueholmkilen-Krydsning-Naessundvej-Cykelbro-Tegning-1.pdf370-1024x724.jpg 1024w, https:\/\/kunmedierne.dk\/mors\/wp-content\/uploads\/2025\/08\/Dueholmkilen-Krydsning-Naessundvej-Cykelbro-Tegning-1.pdf370-510x361.jpg 510w\" sizes=\"auto, (max-width: 2000px) 100vw, 2000px\" \/><p id=\"caption-attachment-153823\" class=\"wp-caption-text\">Mette Frederiksen fik under \u00e5bningen af \u00e5rets Kulturm\u00f8de overrakt en medalje fra en ukrainsk veteran.<br \/>Foto: Valentina Kushnereva<\/p><\/div>\n","protected":false},"excerpt":{"rendered":"<p>MORS:\u00a0Pia Fuglsang, formand for Ukrainere p\u00e5 Mors, har p\u00e5 det seneste gjort en forskel for fire ukrainske veteraner. Torsdag den 21. august s\u00f8rgede hun for, at de fik chancen for at hilse p\u00e5 statsminister Mette Frederiksen under \u00e5bningen af Kulturm\u00f8det\u00a0 \u2013 De har set hende sammen med Zelenskyj utallige gange. For dem var det vigtigt [&hellip;]<\/p>\n","protected":false},"author":2507,"featured_media":0,"comment_status":"closed","ping_status":"closed","sticky":false,"template":"","format":"standard","meta":{"_acf_changed":false,"footnotes":""},"categories":[51],"tags":[162],"class_list":["post-153805","post","type-post","status-publish","format-standard","hentry","category-lokalt","tag-kulturmoedet"],"acf":[],"yoast_head":"<!-- This site is optimized with the Yoast SEO plugin v26.8 - https:\/\/yoast.com\/product\/yoast-seo-wordpress\/ -->\n<title>Vi kan l\u00e6re meget af at lytte til ukrainske veteraner \u2013 frem for alt kan vi l\u00e6re noget om h\u00e5b - Mors<\/title>\n<meta name=\"robots\" content=\"index, follow, max-snippet:-1, max-image-preview:large, max-video-preview:-1\" \/>\n<link rel=\"canonical\" href=\"https:\/\/kunmedierne.dk\/mors\/vi-kan-laere-meget-af-at-lytte-til-ukrainske-veteraner-frem-for-alt-kan-vi-laere-noget-om-haab\/\" \/>\n<meta property=\"og:locale\" content=\"da_DK\" \/>\n<meta property=\"og:type\" content=\"article\" \/>\n<meta property=\"og:title\" content=\"Vi kan l\u00e6re meget af at lytte til ukrainske veteraner \u2013 frem for alt kan vi l\u00e6re noget om h\u00e5b - Mors\" \/>\n<meta property=\"og:description\" content=\"MORS:\u00a0Pia Fuglsang, formand for Ukrainere p\u00e5 Mors, har p\u00e5 det seneste gjort en forskel for fire ukrainske veteraner. Torsdag den 21. august s\u00f8rgede hun for, at de fik chancen for at hilse p\u00e5 statsminister Mette Frederiksen under \u00e5bningen af Kulturm\u00f8det\u00a0 \u2013 De har set hende sammen med Zelenskyj utallige gange. For dem var det vigtigt [&hellip;]\" \/>\n<meta property=\"og:url\" content=\"https:\/\/kunmedierne.dk\/mors\/vi-kan-laere-meget-af-at-lytte-til-ukrainske-veteraner-frem-for-alt-kan-vi-laere-noget-om-haab\/\" \/>\n<meta property=\"og:site_name\" content=\"Mors\" \/>\n<meta property=\"article:published_time\" content=\"2025-08-27T03:27:56+00:00\" \/>\n<meta property=\"article:modified_time\" content=\"2025-08-27T07:49:44+00:00\" \/>\n<meta property=\"og:image\" content=\"https:\/\/kunmedierne.dk\/mors\/wp-content\/uploads\/2025\/08\/Dueholmkilen-Krydsning-Naessundvej-Cykelbro-Tegning-1.pdf368.jpg\" \/>\n<meta name=\"author\" content=\"Katrine Hedegaard\" \/>\n<meta name=\"twitter:card\" content=\"summary_large_image\" \/>\n<meta name=\"twitter:label1\" content=\"Skrevet af\" \/>\n\t<meta name=\"twitter:data1\" content=\"Katrine Hedegaard\" \/>\n\t<meta name=\"twitter:label2\" content=\"Estimeret l\u00e6setid\" \/>\n\t<meta name=\"twitter:data2\" content=\"6 minutter\" \/>\n<script type=\"application\/ld+json\" class=\"yoast-schema-graph\">{\"@context\":\"https:\/\/schema.org\",\"@graph\":[{\"@type\":\"Article\",\"@id\":\"https:\/\/kunmedierne.dk\/mors\/vi-kan-laere-meget-af-at-lytte-til-ukrainske-veteraner-frem-for-alt-kan-vi-laere-noget-om-haab\/#article\",\"isPartOf\":{\"@id\":\"https:\/\/kunmedierne.dk\/mors\/vi-kan-laere-meget-af-at-lytte-til-ukrainske-veteraner-frem-for-alt-kan-vi-laere-noget-om-haab\/\"},\"author\":{\"name\":\"Katrine Hedegaard\",\"@id\":\"https:\/\/kunmedierne.dk\/mors\/#\/schema\/person\/b2e62a38069b12365e53e087a8709c64\"},\"headline\":\"Vi kan l\u00e6re meget af at lytte til ukrainske veteraner \u2013 frem for alt kan vi l\u00e6re noget om h\u00e5b\",\"datePublished\":\"2025-08-27T03:27:56+00:00\",\"dateModified\":\"2025-08-27T07:49:44+00:00\",\"mainEntityOfPage\":{\"@id\":\"https:\/\/kunmedierne.dk\/mors\/vi-kan-laere-meget-af-at-lytte-til-ukrainske-veteraner-frem-for-alt-kan-vi-laere-noget-om-haab\/\"},\"wordCount\":906,\"publisher\":{\"@id\":\"https:\/\/kunmedierne.dk\/mors\/#organization\"},\"image\":{\"@id\":\"https:\/\/kunmedierne.dk\/mors\/vi-kan-laere-meget-af-at-lytte-til-ukrainske-veteraner-frem-for-alt-kan-vi-laere-noget-om-haab\/#primaryimage\"},\"thumbnailUrl\":\"https:\/\/kunmedierne.dk\/mors\/wp-content\/uploads\/2025\/08\/Dueholmkilen-Krydsning-Naessundvej-Cykelbro-Tegning-1.pdf368.jpg\",\"keywords\":[\"Kulturm\u00f8det\"],\"articleSection\":[\"Lokalt\"],\"inLanguage\":\"da-DK\"},{\"@type\":\"WebPage\",\"@id\":\"https:\/\/kunmedierne.dk\/mors\/vi-kan-laere-meget-af-at-lytte-til-ukrainske-veteraner-frem-for-alt-kan-vi-laere-noget-om-haab\/\",\"url\":\"https:\/\/kunmedierne.dk\/mors\/vi-kan-laere-meget-af-at-lytte-til-ukrainske-veteraner-frem-for-alt-kan-vi-laere-noget-om-haab\/\",\"name\":\"Vi kan l\u00e6re meget af at lytte til ukrainske veteraner \u2013 frem for alt kan vi l\u00e6re noget om h\u00e5b - Mors\",\"isPartOf\":{\"@id\":\"https:\/\/kunmedierne.dk\/mors\/#website\"},\"primaryImageOfPage\":{\"@id\":\"https:\/\/kunmedierne.dk\/mors\/vi-kan-laere-meget-af-at-lytte-til-ukrainske-veteraner-frem-for-alt-kan-vi-laere-noget-om-haab\/#primaryimage\"},\"image\":{\"@id\":\"https:\/\/kunmedierne.dk\/mors\/vi-kan-laere-meget-af-at-lytte-til-ukrainske-veteraner-frem-for-alt-kan-vi-laere-noget-om-haab\/#primaryimage\"},\"thumbnailUrl\":\"https:\/\/kunmedierne.dk\/mors\/wp-content\/uploads\/2025\/08\/Dueholmkilen-Krydsning-Naessundvej-Cykelbro-Tegning-1.pdf368.jpg\",\"datePublished\":\"2025-08-27T03:27:56+00:00\",\"dateModified\":\"2025-08-27T07:49:44+00:00\",\"breadcrumb\":{\"@id\":\"https:\/\/kunmedierne.dk\/mors\/vi-kan-laere-meget-af-at-lytte-til-ukrainske-veteraner-frem-for-alt-kan-vi-laere-noget-om-haab\/#breadcrumb\"},\"inLanguage\":\"da-DK\",\"potentialAction\":[{\"@type\":\"ReadAction\",\"target\":[\"https:\/\/kunmedierne.dk\/mors\/vi-kan-laere-meget-af-at-lytte-til-ukrainske-veteraner-frem-for-alt-kan-vi-laere-noget-om-haab\/\"]}]},{\"@type\":\"ImageObject\",\"inLanguage\":\"da-DK\",\"@id\":\"https:\/\/kunmedierne.dk\/mors\/vi-kan-laere-meget-af-at-lytte-til-ukrainske-veteraner-frem-for-alt-kan-vi-laere-noget-om-haab\/#primaryimage\",\"url\":\"https:\/\/kunmedierne.dk\/mors\/wp-content\/uploads\/2025\/08\/Dueholmkilen-Krydsning-Naessundvej-Cykelbro-Tegning-1.pdf368.jpg\",\"contentUrl\":\"https:\/\/kunmedierne.dk\/mors\/wp-content\/uploads\/2025\/08\/Dueholmkilen-Krydsning-Naessundvej-Cykelbro-Tegning-1.pdf368.jpg\",\"width\":2000,\"height\":1414,\"caption\":\"Foto: Valentina Kushnereva\"},{\"@type\":\"BreadcrumbList\",\"@id\":\"https:\/\/kunmedierne.dk\/mors\/vi-kan-laere-meget-af-at-lytte-til-ukrainske-veteraner-frem-for-alt-kan-vi-laere-noget-om-haab\/#breadcrumb\",\"itemListElement\":[{\"@type\":\"ListItem\",\"position\":1,\"name\":\"Hjem\",\"item\":\"https:\/\/kunmedierne.dk\/mors\/\"},{\"@type\":\"ListItem\",\"position\":2,\"name\":\"Vi kan l\u00e6re meget af at lytte til ukrainske veteraner \u2013 frem for alt kan vi l\u00e6re noget om h\u00e5b\"}]},{\"@type\":\"WebSite\",\"@id\":\"https:\/\/kunmedierne.dk\/mors\/#website\",\"url\":\"https:\/\/kunmedierne.dk\/mors\/\",\"name\":\"Mors\",\"description\":\"et netmedie med journalistik om livet p\u00e5 Mors\",\"publisher\":{\"@id\":\"https:\/\/kunmedierne.dk\/mors\/#organization\"},\"potentialAction\":[{\"@type\":\"SearchAction\",\"target\":{\"@type\":\"EntryPoint\",\"urlTemplate\":\"https:\/\/kunmedierne.dk\/mors\/?s={search_term_string}\"},\"query-input\":{\"@type\":\"PropertyValueSpecification\",\"valueRequired\":true,\"valueName\":\"search_term_string\"}}],\"inLanguage\":\"da-DK\"},{\"@type\":\"Organization\",\"@id\":\"https:\/\/kunmedierne.dk\/mors\/#organization\",\"name\":\"Mors\",\"url\":\"https:\/\/kunmedierne.dk\/mors\/\",\"logo\":{\"@type\":\"ImageObject\",\"inLanguage\":\"da-DK\",\"@id\":\"https:\/\/kunmedierne.dk\/mors\/#\/schema\/logo\/image\/\",\"url\":\"https:\/\/kunmedierne.dk\/mors\/wp-content\/uploads\/2024\/08\/kunmors-logo.svg\",\"contentUrl\":\"https:\/\/kunmedierne.dk\/mors\/wp-content\/uploads\/2024\/08\/kunmors-logo.svg\",\"caption\":\"Mors\"},\"image\":{\"@id\":\"https:\/\/kunmedierne.dk\/mors\/#\/schema\/logo\/image\/\"}},{\"@type\":\"Person\",\"@id\":\"https:\/\/kunmedierne.dk\/mors\/#\/schema\/person\/b2e62a38069b12365e53e087a8709c64\",\"name\":\"Katrine Hedegaard\",\"image\":{\"@type\":\"ImageObject\",\"inLanguage\":\"da-DK\",\"@id\":\"https:\/\/kunmedierne.dk\/mors\/#\/schema\/person\/image\/\",\"url\":\"https:\/\/secure.gravatar.com\/avatar\/18a5c72fa9148052fd3ed5a58b40fc83cfdc9811090e6e6eec9539af058edcc0?s=96&d=mm&r=g\",\"contentUrl\":\"https:\/\/secure.gravatar.com\/avatar\/18a5c72fa9148052fd3ed5a58b40fc83cfdc9811090e6e6eec9539af058edcc0?s=96&d=mm&r=g\",\"caption\":\"Katrine Hedegaard\"},\"url\":\"https:\/\/kunmedierne.dk\/mors\/author\/katrine\/\"}]}<\/script>\n<!-- \/ Yoast SEO plugin. -->","yoast_head_json":{"title":"Vi kan l\u00e6re meget af at lytte til ukrainske veteraner \u2013 frem for alt kan vi l\u00e6re noget om h\u00e5b - Mors","robots":{"index":"index","follow":"follow","max-snippet":"max-snippet:-1","max-image-preview":"max-image-preview:large","max-video-preview":"max-video-preview:-1"},"canonical":"https:\/\/kunmedierne.dk\/mors\/vi-kan-laere-meget-af-at-lytte-til-ukrainske-veteraner-frem-for-alt-kan-vi-laere-noget-om-haab\/","og_locale":"da_DK","og_type":"article","og_title":"Vi kan l\u00e6re meget af at lytte til ukrainske veteraner \u2013 frem for alt kan vi l\u00e6re noget om h\u00e5b - Mors","og_description":"MORS:\u00a0Pia Fuglsang, formand for Ukrainere p\u00e5 Mors, har p\u00e5 det seneste gjort en forskel for fire ukrainske veteraner. Torsdag den 21. august s\u00f8rgede hun for, at de fik chancen for at hilse p\u00e5 statsminister Mette Frederiksen under \u00e5bningen af Kulturm\u00f8det\u00a0 \u2013 De har set hende sammen med Zelenskyj utallige gange. For dem var det vigtigt [&hellip;]","og_url":"https:\/\/kunmedierne.dk\/mors\/vi-kan-laere-meget-af-at-lytte-til-ukrainske-veteraner-frem-for-alt-kan-vi-laere-noget-om-haab\/","og_site_name":"Mors","article_published_time":"2025-08-27T03:27:56+00:00","article_modified_time":"2025-08-27T07:49:44+00:00","og_image":[{"url":"https:\/\/kunmedierne.dk\/mors\/wp-content\/uploads\/2025\/08\/Dueholmkilen-Krydsning-Naessundvej-Cykelbro-Tegning-1.pdf368.jpg","type":"","width":"","height":""}],"author":"Katrine Hedegaard","twitter_card":"summary_large_image","twitter_misc":{"Skrevet af":"Katrine Hedegaard","Estimeret l\u00e6setid":"6 minutter"},"schema":{"@context":"https:\/\/schema.org","@graph":[{"@type":"Article","@id":"https:\/\/kunmedierne.dk\/mors\/vi-kan-laere-meget-af-at-lytte-til-ukrainske-veteraner-frem-for-alt-kan-vi-laere-noget-om-haab\/#article","isPartOf":{"@id":"https:\/\/kunmedierne.dk\/mors\/vi-kan-laere-meget-af-at-lytte-til-ukrainske-veteraner-frem-for-alt-kan-vi-laere-noget-om-haab\/"},"author":{"name":"Katrine Hedegaard","@id":"https:\/\/kunmedierne.dk\/mors\/#\/schema\/person\/b2e62a38069b12365e53e087a8709c64"},"headline":"Vi kan l\u00e6re meget af at lytte til ukrainske veteraner \u2013 frem for alt kan vi l\u00e6re noget om h\u00e5b","datePublished":"2025-08-27T03:27:56+00:00","dateModified":"2025-08-27T07:49:44+00:00","mainEntityOfPage":{"@id":"https:\/\/kunmedierne.dk\/mors\/vi-kan-laere-meget-af-at-lytte-til-ukrainske-veteraner-frem-for-alt-kan-vi-laere-noget-om-haab\/"},"wordCount":906,"publisher":{"@id":"https:\/\/kunmedierne.dk\/mors\/#organization"},"image":{"@id":"https:\/\/kunmedierne.dk\/mors\/vi-kan-laere-meget-af-at-lytte-til-ukrainske-veteraner-frem-for-alt-kan-vi-laere-noget-om-haab\/#primaryimage"},"thumbnailUrl":"https:\/\/kunmedierne.dk\/mors\/wp-content\/uploads\/2025\/08\/Dueholmkilen-Krydsning-Naessundvej-Cykelbro-Tegning-1.pdf368.jpg","keywords":["Kulturm\u00f8det"],"articleSection":["Lokalt"],"inLanguage":"da-DK"},{"@type":"WebPage","@id":"https:\/\/kunmedierne.dk\/mors\/vi-kan-laere-meget-af-at-lytte-til-ukrainske-veteraner-frem-for-alt-kan-vi-laere-noget-om-haab\/","url":"https:\/\/kunmedierne.dk\/mors\/vi-kan-laere-meget-af-at-lytte-til-ukrainske-veteraner-frem-for-alt-kan-vi-laere-noget-om-haab\/","name":"Vi kan l\u00e6re meget af at lytte til ukrainske veteraner \u2013 frem for alt kan vi l\u00e6re noget om h\u00e5b - Mors","isPartOf":{"@id":"https:\/\/kunmedierne.dk\/mors\/#website"},"primaryImageOfPage":{"@id":"https:\/\/kunmedierne.dk\/mors\/vi-kan-laere-meget-af-at-lytte-til-ukrainske-veteraner-frem-for-alt-kan-vi-laere-noget-om-haab\/#primaryimage"},"image":{"@id":"https:\/\/kunmedierne.dk\/mors\/vi-kan-laere-meget-af-at-lytte-til-ukrainske-veteraner-frem-for-alt-kan-vi-laere-noget-om-haab\/#primaryimage"},"thumbnailUrl":"https:\/\/kunmedierne.dk\/mors\/wp-content\/uploads\/2025\/08\/Dueholmkilen-Krydsning-Naessundvej-Cykelbro-Tegning-1.pdf368.jpg","datePublished":"2025-08-27T03:27:56+00:00","dateModified":"2025-08-27T07:49:44+00:00","breadcrumb":{"@id":"https:\/\/kunmedierne.dk\/mors\/vi-kan-laere-meget-af-at-lytte-til-ukrainske-veteraner-frem-for-alt-kan-vi-laere-noget-om-haab\/#breadcrumb"},"inLanguage":"da-DK","potentialAction":[{"@type":"ReadAction","target":["https:\/\/kunmedierne.dk\/mors\/vi-kan-laere-meget-af-at-lytte-til-ukrainske-veteraner-frem-for-alt-kan-vi-laere-noget-om-haab\/"]}]},{"@type":"ImageObject","inLanguage":"da-DK","@id":"https:\/\/kunmedierne.dk\/mors\/vi-kan-laere-meget-af-at-lytte-til-ukrainske-veteraner-frem-for-alt-kan-vi-laere-noget-om-haab\/#primaryimage","url":"https:\/\/kunmedierne.dk\/mors\/wp-content\/uploads\/2025\/08\/Dueholmkilen-Krydsning-Naessundvej-Cykelbro-Tegning-1.pdf368.jpg","contentUrl":"https:\/\/kunmedierne.dk\/mors\/wp-content\/uploads\/2025\/08\/Dueholmkilen-Krydsning-Naessundvej-Cykelbro-Tegning-1.pdf368.jpg","width":2000,"height":1414,"caption":"Foto: Valentina Kushnereva"},{"@type":"BreadcrumbList","@id":"https:\/\/kunmedierne.dk\/mors\/vi-kan-laere-meget-af-at-lytte-til-ukrainske-veteraner-frem-for-alt-kan-vi-laere-noget-om-haab\/#breadcrumb","itemListElement":[{"@type":"ListItem","position":1,"name":"Hjem","item":"https:\/\/kunmedierne.dk\/mors\/"},{"@type":"ListItem","position":2,"name":"Vi kan l\u00e6re meget af at lytte til ukrainske veteraner \u2013 frem for alt kan vi l\u00e6re noget om h\u00e5b"}]},{"@type":"WebSite","@id":"https:\/\/kunmedierne.dk\/mors\/#website","url":"https:\/\/kunmedierne.dk\/mors\/","name":"Mors","description":"et netmedie med journalistik om livet p\u00e5 Mors","publisher":{"@id":"https:\/\/kunmedierne.dk\/mors\/#organization"},"potentialAction":[{"@type":"SearchAction","target":{"@type":"EntryPoint","urlTemplate":"https:\/\/kunmedierne.dk\/mors\/?s={search_term_string}"},"query-input":{"@type":"PropertyValueSpecification","valueRequired":true,"valueName":"search_term_string"}}],"inLanguage":"da-DK"},{"@type":"Organization","@id":"https:\/\/kunmedierne.dk\/mors\/#organization","name":"Mors","url":"https:\/\/kunmedierne.dk\/mors\/","logo":{"@type":"ImageObject","inLanguage":"da-DK","@id":"https:\/\/kunmedierne.dk\/mors\/#\/schema\/logo\/image\/","url":"https:\/\/kunmedierne.dk\/mors\/wp-content\/uploads\/2024\/08\/kunmors-logo.svg","contentUrl":"https:\/\/kunmedierne.dk\/mors\/wp-content\/uploads\/2024\/08\/kunmors-logo.svg","caption":"Mors"},"image":{"@id":"https:\/\/kunmedierne.dk\/mors\/#\/schema\/logo\/image\/"}},{"@type":"Person","@id":"https:\/\/kunmedierne.dk\/mors\/#\/schema\/person\/b2e62a38069b12365e53e087a8709c64","name":"Katrine Hedegaard","image":{"@type":"ImageObject","inLanguage":"da-DK","@id":"https:\/\/kunmedierne.dk\/mors\/#\/schema\/person\/image\/","url":"https:\/\/secure.gravatar.com\/avatar\/18a5c72fa9148052fd3ed5a58b40fc83cfdc9811090e6e6eec9539af058edcc0?s=96&d=mm&r=g","contentUrl":"https:\/\/secure.gravatar.com\/avatar\/18a5c72fa9148052fd3ed5a58b40fc83cfdc9811090e6e6eec9539af058edcc0?s=96&d=mm&r=g","caption":"Katrine Hedegaard"},"url":"https:\/\/kunmedierne.dk\/mors\/author\/katrine\/"}]}},"_links":{"self":[{"href":"https:\/\/kunmedierne.dk\/mors\/wp-json\/wp\/v2\/posts\/153805","targetHints":{"allow":["GET"]}}],"collection":[{"href":"https:\/\/kunmedierne.dk\/mors\/wp-json\/wp\/v2\/posts"}],"about":[{"href":"https:\/\/kunmedierne.dk\/mors\/wp-json\/wp\/v2\/types\/post"}],"author":[{"embeddable":true,"href":"https:\/\/kunmedierne.dk\/mors\/wp-json\/wp\/v2\/users\/2507"}],"replies":[{"embeddable":true,"href":"https:\/\/kunmedierne.dk\/mors\/wp-json\/wp\/v2\/comments?post=153805"}],"version-history":[{"count":11,"href":"https:\/\/kunmedierne.dk\/mors\/wp-json\/wp\/v2\/posts\/153805\/revisions"}],"predecessor-version":[{"id":153897,"href":"https:\/\/kunmedierne.dk\/mors\/wp-json\/wp\/v2\/posts\/153805\/revisions\/153897"}],"wp:attachment":[{"href":"https:\/\/kunmedierne.dk\/mors\/wp-json\/wp\/v2\/media?parent=153805"}],"wp:term":[{"taxonomy":"category","embeddable":true,"href":"https:\/\/kunmedierne.dk\/mors\/wp-json\/wp\/v2\/categories?post=153805"},{"taxonomy":"post_tag","embeddable":true,"href":"https:\/\/kunmedierne.dk\/mors\/wp-json\/wp\/v2\/tags?post=153805"}],"curies":[{"name":"wp","href":"https:\/\/api.w.org\/{rel}","templated":true}]}}