{"id":153598,"date":"2025-08-23T15:35:31","date_gmt":"2025-08-23T13:35:31","guid":{"rendered":"https:\/\/kunmedierne.dk\/mors\/?p=153598"},"modified":"2025-08-23T15:52:36","modified_gmt":"2025-08-23T13:52:36","slug":"masser-af-medier-paa-mors-mindretallet-i-sydslesvig-er-ogsaa-med","status":"publish","type":"post","link":"https:\/\/kunmedierne.dk\/mors\/masser-af-medier-paa-mors-mindretallet-i-sydslesvig-er-ogsaa-med\/","title":{"rendered":"<span>Masser af medier p\u00e5 Mors: <\/span>Avisen for det danske mindretal i Sydslesvig er her ogs\u00e5"},"content":{"rendered":"<p><strong>KULTURM\u00d8DET<\/strong>: Der er selvf\u00f8lgelig de \u00e5benlyse: DR, TV2, Berlingske Tidende og andre af sv\u00e6rv\u00e6gterne i dansk presse.<\/p>\n<p>De regionale medier er ogs\u00e5 p\u00e5 plads under Kulturm\u00f8det. Og selvf\u00f8lgelig det lokale medie KunMors.<\/p>\n<p>S\u00e5 er der nichemedier som for eksempel Altinget, Kulturmonitor og Kultursektionen.dk &#8211; et nystartet nordjysk initiativ af eksilmorsingboen Anne Marie Heide Hviid.<\/p>\n<a class=\"dvrt-link\" onClick=\"cdmtrack_click(104785,jQuery(this));return false\" href=\"https:\/\/www.facebook.com\/lyndrups\"><img decoding=\"async\" style=\"width:100%;\" src=\"https:\/\/kunmedierne.dk\/mors\/wp-content\/uploads\/2022\/02\/vip-lyndrups-rengoering.jpg\"><\/a><script>cdmtrack_view(104785);<\/script>\n<p>Men ogs\u00e5 uden for Danmarks gr\u00e6nser har man kig p\u00e5 Kulturm\u00f8det Mors.<\/p>\n<p>Det er Flensborg Avis et bevis p\u00e5. Avisen for det danske mindretal i Sydslesvig har sendt journalist Christian Dahl til Mors. Det skyldes blandt andet, at Dansk Centralbibliotek for Sydslesvig er til stede med en bogbus, hvilket selvf\u00f8lgelig giver anledning til en reportage p\u00e5 stedet.<\/p>\n<p>&#8211; Samtidig er der i \u00f8jeblikket en debat i Sydslesvig om, hvordan man skal deltage i forskellige ting i Danmark. I mange \u00e5r har Sydslesvig deltaget i Folkem\u00f8det p\u00e5 Bornholm. Det er der en diskussion, om man skal blive ved med, eller om man skal deltage i nogle andre ting, siger Christian Dahl og uddyber sit \u00e6rinde p\u00e5 Mors:<\/p>\n<a class=\"dvrt-link\" onClick=\"cdmtrack_click(104783,jQuery(this));return false\" href=\"https:\/\/konpap.dk\/\"><img decoding=\"async\" style=\"width:100%;\" src=\"https:\/\/kunmedierne.dk\/mors\/wp-content\/uploads\/2023\/10\/Kun-Mors-banner.jpg\"><\/a><script>cdmtrack_view(104783);<\/script>\n<p>&#8211; Derfor er det selvf\u00f8lgelig interessant at se p\u00e5, hvad biblioteket f\u00e5r ud af Kulturm\u00f8det. Er det noget, der kan supplere Folkem\u00f8det p\u00e5 Bornholm? Eller kan det st\u00e5 i stedet for det?<\/p>\n<p>&nbsp;<\/p>\n<p><strong>Debat med Mirco Reimer-Elster<\/strong><\/p>\n<p>Ogs\u00e5 en koncert med den sydslesvigske vinder af X Factor 2025, Helene Frank, er p\u00e5 opgavelisten hos Christian Dahl, lige som en debat om forholdet mellem Danmark og Tyskland med overskriften &#8220;Hygge muss sein&#8221; er det.<\/p>\n<p>Den fandt sted fredag og havde deltagelse af tv-kommentator Mirco Reimer-Elster, der ogs\u00e5 er formand for Gr\u00e6nseforeningen.<\/p>\n<a class=\"dvrt-link\" onClick=\"cdmtrack_click(104780,jQuery(this));return false\" href=\"https:\/\/www.spard.dk\/\"><img decoding=\"async\" style=\"width:100%;\" src=\"https:\/\/kunmedierne.dk\/mors\/wp-content\/uploads\/2023\/12\/sparekassen-dk-maj25.gif\"><\/a><script>cdmtrack_view(104780);<\/script>\n<p>&#8211; Det er dem, der har v\u00e6ret ude og sige, at de ikke l\u00e6ngere vil st\u00e5 som tovholder for et samlet Sydslesvig p\u00e5 Folkem\u00f8det Bornholm &#8211; og han er en af dem, der har v\u00e6ret ude og itales\u00e6tte, at man kan f\u00e5 mere for pengene andre steder. S\u00e5 det er interessant at h\u00f8re hans vurdering, siger Christian Dahl.<\/p>\n<p>Da KunMors taler med ham fredag eftermiddag, er han lige ankommet til Mors og har endnu ikke dannet sig det store indtryk af Kulturm\u00f8det. B\u00e5de for ham og Flensborg Avis er det f\u00f8rste gang.<\/p>\n<p>&#8211; Jeg ved ikke rigtigt, hvad jeg havde regnet med, men det er behageligt afslappet. Der er masser af mennesker, uden at man f\u00f8ler, det er &#8220;crowded&#8221;. Og jeg er lidt overrasket over, hvor meget musik der egentlig er &#8211; og p\u00e5 et forholdsvist h\u00f8jt niveau, siger Christian Dahl.<\/p>\n<a class=\"dvrt-link\" onClick=\"cdmtrack_click(113414,jQuery(this));return false\" href=\"https:\/\/www.p-soerensen.dk\/\"><img decoding=\"async\" style=\"width:100%;\" src=\"https:\/\/kunmedierne.dk\/mors\/wp-content\/uploads\/2024\/03\/p-soerensen-juni25.jpg\"><\/a><script>cdmtrack_view(113414);<\/script>\n<p>If\u00f8lge <a href=\"https:\/\/graenseforeningen.dk\/\" target=\"_blank\" rel=\"noopener\">Gr\u00e6nseforeningen<\/a> best\u00e5r det danske mindretal i Sydslesvig af cirka 50.000 dansksindede. Dem, der l\u00e6ser Flensborg Avis, kan f\u00f8lge avisens d\u00e6kning af Kulturm\u00f8det <a href=\"https:\/\/www.fla.de\/\" target=\"_blank\" rel=\"noopener\">her<\/a> &#8211; eller i <a href=\"https:\/\/www.fla.de\/archive\" target=\"_blank\" rel=\"noopener\">papirudgaven<\/a>, der blandt andet er planlagt med en side om bes\u00f8get p\u00e5 Mors p\u00e5 mandag.<\/p>\n<p>Kulturm\u00f8det Mors 2025 slutter l\u00f8rdag aften.<\/p>\n<blockquote>\n<h5>TIP: Brug vores sektion med tags i bunden af sk\u00e6rmen og find samlinger af artikler om forskellige emner. Siden 2020 har vi for eksempel nu udgivet 149 artikler om <a href=\"https:\/\/kunmedierne.dk\/mors\/tag\/kulturmoedet\/\" target=\"_blank\" rel=\"noopener\">Kulturm\u00f8det<\/a>.<\/h5>\n<\/blockquote>\n","protected":false},"excerpt":{"rendered":"<p>KULTURM\u00d8DET: Der er selvf\u00f8lgelig de \u00e5benlyse: DR, TV2, Berlingske Tidende og andre af sv\u00e6rv\u00e6gterne i dansk presse. De regionale medier er ogs\u00e5 p\u00e5 plads under Kulturm\u00f8det. Og selvf\u00f8lgelig det lokale medie KunMors. S\u00e5 er der nichemedier som for eksempel Altinget, Kulturmonitor og Kultursektionen.dk &#8211; et nystartet nordjysk initiativ af eksilmorsingboen Anne Marie Heide Hviid. Men [&hellip;]<\/p>\n","protected":false},"author":8,"featured_media":0,"comment_status":"closed","ping_status":"closed","sticky":false,"template":"","format":"standard","meta":{"_acf_changed":false,"footnotes":""},"categories":[51],"tags":[162],"class_list":["post-153598","post","type-post","status-publish","format-standard","hentry","category-lokalt","tag-kulturmoedet"],"acf":[],"yoast_head":"<!-- This site is optimized with the Yoast SEO plugin v26.8 - https:\/\/yoast.com\/product\/yoast-seo-wordpress\/ -->\n<title>Masser af medier p\u00e5 Mors: Avisen for det danske mindretal i Sydslesvig er her ogs\u00e5 - Mors<\/title>\n<meta name=\"robots\" content=\"index, follow, max-snippet:-1, max-image-preview:large, max-video-preview:-1\" \/>\n<link rel=\"canonical\" href=\"https:\/\/kunmedierne.dk\/mors\/masser-af-medier-paa-mors-mindretallet-i-sydslesvig-er-ogsaa-med\/\" \/>\n<meta property=\"og:locale\" content=\"da_DK\" \/>\n<meta property=\"og:type\" content=\"article\" \/>\n<meta property=\"og:title\" content=\"Masser af medier p\u00e5 Mors: Avisen for det danske mindretal i Sydslesvig er her ogs\u00e5 - Mors\" \/>\n<meta property=\"og:description\" content=\"KULTURM\u00d8DET: Der er selvf\u00f8lgelig de \u00e5benlyse: DR, TV2, Berlingske Tidende og andre af sv\u00e6rv\u00e6gterne i dansk presse. De regionale medier er ogs\u00e5 p\u00e5 plads under Kulturm\u00f8det. Og selvf\u00f8lgelig det lokale medie KunMors. S\u00e5 er der nichemedier som for eksempel Altinget, Kulturmonitor og Kultursektionen.dk &#8211; et nystartet nordjysk initiativ af eksilmorsingboen Anne Marie Heide Hviid. Men [&hellip;]\" \/>\n<meta property=\"og:url\" content=\"https:\/\/kunmedierne.dk\/mors\/masser-af-medier-paa-mors-mindretallet-i-sydslesvig-er-ogsaa-med\/\" \/>\n<meta property=\"og:site_name\" content=\"Mors\" \/>\n<meta property=\"article:published_time\" content=\"2025-08-23T13:35:31+00:00\" \/>\n<meta property=\"article:modified_time\" content=\"2025-08-23T13:52:36+00:00\" \/>\n<meta name=\"author\" content=\"David H\u00f8jmark\" \/>\n<meta name=\"twitter:card\" content=\"summary_large_image\" \/>\n<meta name=\"twitter:label1\" content=\"Skrevet af\" \/>\n\t<meta name=\"twitter:data1\" content=\"David H\u00f8jmark\" \/>\n\t<meta name=\"twitter:label2\" content=\"Estimeret l\u00e6setid\" \/>\n\t<meta name=\"twitter:data2\" content=\"3 minutter\" \/>\n<script type=\"application\/ld+json\" class=\"yoast-schema-graph\">{\"@context\":\"https:\/\/schema.org\",\"@graph\":[{\"@type\":\"Article\",\"@id\":\"https:\/\/kunmedierne.dk\/mors\/masser-af-medier-paa-mors-mindretallet-i-sydslesvig-er-ogsaa-med\/#article\",\"isPartOf\":{\"@id\":\"https:\/\/kunmedierne.dk\/mors\/masser-af-medier-paa-mors-mindretallet-i-sydslesvig-er-ogsaa-med\/\"},\"author\":{\"name\":\"David H\u00f8jmark\",\"@id\":\"https:\/\/kunmedierne.dk\/mors\/#\/schema\/person\/5fe23251bf1d0abbcdc6f7896579d548\"},\"headline\":\"Masser af medier p\u00e5 Mors: Avisen for det danske mindretal i Sydslesvig er her ogs\u00e5\",\"datePublished\":\"2025-08-23T13:35:31+00:00\",\"dateModified\":\"2025-08-23T13:52:36+00:00\",\"mainEntityOfPage\":{\"@id\":\"https:\/\/kunmedierne.dk\/mors\/masser-af-medier-paa-mors-mindretallet-i-sydslesvig-er-ogsaa-med\/\"},\"wordCount\":536,\"publisher\":{\"@id\":\"https:\/\/kunmedierne.dk\/mors\/#organization\"},\"keywords\":[\"Kulturm\u00f8det\"],\"articleSection\":[\"Lokalt\"],\"inLanguage\":\"da-DK\"},{\"@type\":\"WebPage\",\"@id\":\"https:\/\/kunmedierne.dk\/mors\/masser-af-medier-paa-mors-mindretallet-i-sydslesvig-er-ogsaa-med\/\",\"url\":\"https:\/\/kunmedierne.dk\/mors\/masser-af-medier-paa-mors-mindretallet-i-sydslesvig-er-ogsaa-med\/\",\"name\":\"Masser af medier p\u00e5 Mors: Avisen for det danske mindretal i Sydslesvig er her ogs\u00e5 - Mors\",\"isPartOf\":{\"@id\":\"https:\/\/kunmedierne.dk\/mors\/#website\"},\"datePublished\":\"2025-08-23T13:35:31+00:00\",\"dateModified\":\"2025-08-23T13:52:36+00:00\",\"breadcrumb\":{\"@id\":\"https:\/\/kunmedierne.dk\/mors\/masser-af-medier-paa-mors-mindretallet-i-sydslesvig-er-ogsaa-med\/#breadcrumb\"},\"inLanguage\":\"da-DK\",\"potentialAction\":[{\"@type\":\"ReadAction\",\"target\":[\"https:\/\/kunmedierne.dk\/mors\/masser-af-medier-paa-mors-mindretallet-i-sydslesvig-er-ogsaa-med\/\"]}]},{\"@type\":\"BreadcrumbList\",\"@id\":\"https:\/\/kunmedierne.dk\/mors\/masser-af-medier-paa-mors-mindretallet-i-sydslesvig-er-ogsaa-med\/#breadcrumb\",\"itemListElement\":[{\"@type\":\"ListItem\",\"position\":1,\"name\":\"Hjem\",\"item\":\"https:\/\/kunmedierne.dk\/mors\/\"},{\"@type\":\"ListItem\",\"position\":2,\"name\":\"Masser af medier p\u00e5 Mors: Avisen for det danske mindretal i Sydslesvig er her ogs\u00e5\"}]},{\"@type\":\"WebSite\",\"@id\":\"https:\/\/kunmedierne.dk\/mors\/#website\",\"url\":\"https:\/\/kunmedierne.dk\/mors\/\",\"name\":\"Mors\",\"description\":\"et netmedie med journalistik om livet p\u00e5 Mors\",\"publisher\":{\"@id\":\"https:\/\/kunmedierne.dk\/mors\/#organization\"},\"potentialAction\":[{\"@type\":\"SearchAction\",\"target\":{\"@type\":\"EntryPoint\",\"urlTemplate\":\"https:\/\/kunmedierne.dk\/mors\/?s={search_term_string}\"},\"query-input\":{\"@type\":\"PropertyValueSpecification\",\"valueRequired\":true,\"valueName\":\"search_term_string\"}}],\"inLanguage\":\"da-DK\"},{\"@type\":\"Organization\",\"@id\":\"https:\/\/kunmedierne.dk\/mors\/#organization\",\"name\":\"Mors\",\"url\":\"https:\/\/kunmedierne.dk\/mors\/\",\"logo\":{\"@type\":\"ImageObject\",\"inLanguage\":\"da-DK\",\"@id\":\"https:\/\/kunmedierne.dk\/mors\/#\/schema\/logo\/image\/\",\"url\":\"https:\/\/kunmedierne.dk\/mors\/wp-content\/uploads\/2024\/08\/kunmors-logo.svg\",\"contentUrl\":\"https:\/\/kunmedierne.dk\/mors\/wp-content\/uploads\/2024\/08\/kunmors-logo.svg\",\"caption\":\"Mors\"},\"image\":{\"@id\":\"https:\/\/kunmedierne.dk\/mors\/#\/schema\/logo\/image\/\"}},{\"@type\":\"Person\",\"@id\":\"https:\/\/kunmedierne.dk\/mors\/#\/schema\/person\/5fe23251bf1d0abbcdc6f7896579d548\",\"name\":\"David H\u00f8jmark\",\"image\":{\"@type\":\"ImageObject\",\"inLanguage\":\"da-DK\",\"@id\":\"https:\/\/kunmedierne.dk\/mors\/#\/schema\/person\/image\/\",\"url\":\"https:\/\/secure.gravatar.com\/avatar\/4315d6fb9ef244d729989f5f90268eb08d5bf8a3d84402f595fa194bb35784fd?s=96&d=mm&r=g\",\"contentUrl\":\"https:\/\/secure.gravatar.com\/avatar\/4315d6fb9ef244d729989f5f90268eb08d5bf8a3d84402f595fa194bb35784fd?s=96&d=mm&r=g\",\"caption\":\"David H\u00f8jmark\"},\"sameAs\":[\"https:\/\/www.kunmedierne.dk\"],\"url\":\"https:\/\/kunmedierne.dk\/mors\/author\/david\/\"}]}<\/script>\n<!-- \/ Yoast SEO plugin. -->","yoast_head_json":{"title":"Masser af medier p\u00e5 Mors: Avisen for det danske mindretal i Sydslesvig er her ogs\u00e5 - Mors","robots":{"index":"index","follow":"follow","max-snippet":"max-snippet:-1","max-image-preview":"max-image-preview:large","max-video-preview":"max-video-preview:-1"},"canonical":"https:\/\/kunmedierne.dk\/mors\/masser-af-medier-paa-mors-mindretallet-i-sydslesvig-er-ogsaa-med\/","og_locale":"da_DK","og_type":"article","og_title":"Masser af medier p\u00e5 Mors: Avisen for det danske mindretal i Sydslesvig er her ogs\u00e5 - Mors","og_description":"KULTURM\u00d8DET: Der er selvf\u00f8lgelig de \u00e5benlyse: DR, TV2, Berlingske Tidende og andre af sv\u00e6rv\u00e6gterne i dansk presse. De regionale medier er ogs\u00e5 p\u00e5 plads under Kulturm\u00f8det. Og selvf\u00f8lgelig det lokale medie KunMors. S\u00e5 er der nichemedier som for eksempel Altinget, Kulturmonitor og Kultursektionen.dk &#8211; et nystartet nordjysk initiativ af eksilmorsingboen Anne Marie Heide Hviid. Men [&hellip;]","og_url":"https:\/\/kunmedierne.dk\/mors\/masser-af-medier-paa-mors-mindretallet-i-sydslesvig-er-ogsaa-med\/","og_site_name":"Mors","article_published_time":"2025-08-23T13:35:31+00:00","article_modified_time":"2025-08-23T13:52:36+00:00","author":"David H\u00f8jmark","twitter_card":"summary_large_image","twitter_misc":{"Skrevet af":"David H\u00f8jmark","Estimeret l\u00e6setid":"3 minutter"},"schema":{"@context":"https:\/\/schema.org","@graph":[{"@type":"Article","@id":"https:\/\/kunmedierne.dk\/mors\/masser-af-medier-paa-mors-mindretallet-i-sydslesvig-er-ogsaa-med\/#article","isPartOf":{"@id":"https:\/\/kunmedierne.dk\/mors\/masser-af-medier-paa-mors-mindretallet-i-sydslesvig-er-ogsaa-med\/"},"author":{"name":"David H\u00f8jmark","@id":"https:\/\/kunmedierne.dk\/mors\/#\/schema\/person\/5fe23251bf1d0abbcdc6f7896579d548"},"headline":"Masser af medier p\u00e5 Mors: Avisen for det danske mindretal i Sydslesvig er her ogs\u00e5","datePublished":"2025-08-23T13:35:31+00:00","dateModified":"2025-08-23T13:52:36+00:00","mainEntityOfPage":{"@id":"https:\/\/kunmedierne.dk\/mors\/masser-af-medier-paa-mors-mindretallet-i-sydslesvig-er-ogsaa-med\/"},"wordCount":536,"publisher":{"@id":"https:\/\/kunmedierne.dk\/mors\/#organization"},"keywords":["Kulturm\u00f8det"],"articleSection":["Lokalt"],"inLanguage":"da-DK"},{"@type":"WebPage","@id":"https:\/\/kunmedierne.dk\/mors\/masser-af-medier-paa-mors-mindretallet-i-sydslesvig-er-ogsaa-med\/","url":"https:\/\/kunmedierne.dk\/mors\/masser-af-medier-paa-mors-mindretallet-i-sydslesvig-er-ogsaa-med\/","name":"Masser af medier p\u00e5 Mors: Avisen for det danske mindretal i Sydslesvig er her ogs\u00e5 - Mors","isPartOf":{"@id":"https:\/\/kunmedierne.dk\/mors\/#website"},"datePublished":"2025-08-23T13:35:31+00:00","dateModified":"2025-08-23T13:52:36+00:00","breadcrumb":{"@id":"https:\/\/kunmedierne.dk\/mors\/masser-af-medier-paa-mors-mindretallet-i-sydslesvig-er-ogsaa-med\/#breadcrumb"},"inLanguage":"da-DK","potentialAction":[{"@type":"ReadAction","target":["https:\/\/kunmedierne.dk\/mors\/masser-af-medier-paa-mors-mindretallet-i-sydslesvig-er-ogsaa-med\/"]}]},{"@type":"BreadcrumbList","@id":"https:\/\/kunmedierne.dk\/mors\/masser-af-medier-paa-mors-mindretallet-i-sydslesvig-er-ogsaa-med\/#breadcrumb","itemListElement":[{"@type":"ListItem","position":1,"name":"Hjem","item":"https:\/\/kunmedierne.dk\/mors\/"},{"@type":"ListItem","position":2,"name":"Masser af medier p\u00e5 Mors: Avisen for det danske mindretal i Sydslesvig er her ogs\u00e5"}]},{"@type":"WebSite","@id":"https:\/\/kunmedierne.dk\/mors\/#website","url":"https:\/\/kunmedierne.dk\/mors\/","name":"Mors","description":"et netmedie med journalistik om livet p\u00e5 Mors","publisher":{"@id":"https:\/\/kunmedierne.dk\/mors\/#organization"},"potentialAction":[{"@type":"SearchAction","target":{"@type":"EntryPoint","urlTemplate":"https:\/\/kunmedierne.dk\/mors\/?s={search_term_string}"},"query-input":{"@type":"PropertyValueSpecification","valueRequired":true,"valueName":"search_term_string"}}],"inLanguage":"da-DK"},{"@type":"Organization","@id":"https:\/\/kunmedierne.dk\/mors\/#organization","name":"Mors","url":"https:\/\/kunmedierne.dk\/mors\/","logo":{"@type":"ImageObject","inLanguage":"da-DK","@id":"https:\/\/kunmedierne.dk\/mors\/#\/schema\/logo\/image\/","url":"https:\/\/kunmedierne.dk\/mors\/wp-content\/uploads\/2024\/08\/kunmors-logo.svg","contentUrl":"https:\/\/kunmedierne.dk\/mors\/wp-content\/uploads\/2024\/08\/kunmors-logo.svg","caption":"Mors"},"image":{"@id":"https:\/\/kunmedierne.dk\/mors\/#\/schema\/logo\/image\/"}},{"@type":"Person","@id":"https:\/\/kunmedierne.dk\/mors\/#\/schema\/person\/5fe23251bf1d0abbcdc6f7896579d548","name":"David H\u00f8jmark","image":{"@type":"ImageObject","inLanguage":"da-DK","@id":"https:\/\/kunmedierne.dk\/mors\/#\/schema\/person\/image\/","url":"https:\/\/secure.gravatar.com\/avatar\/4315d6fb9ef244d729989f5f90268eb08d5bf8a3d84402f595fa194bb35784fd?s=96&d=mm&r=g","contentUrl":"https:\/\/secure.gravatar.com\/avatar\/4315d6fb9ef244d729989f5f90268eb08d5bf8a3d84402f595fa194bb35784fd?s=96&d=mm&r=g","caption":"David H\u00f8jmark"},"sameAs":["https:\/\/www.kunmedierne.dk"],"url":"https:\/\/kunmedierne.dk\/mors\/author\/david\/"}]}},"_links":{"self":[{"href":"https:\/\/kunmedierne.dk\/mors\/wp-json\/wp\/v2\/posts\/153598","targetHints":{"allow":["GET"]}}],"collection":[{"href":"https:\/\/kunmedierne.dk\/mors\/wp-json\/wp\/v2\/posts"}],"about":[{"href":"https:\/\/kunmedierne.dk\/mors\/wp-json\/wp\/v2\/types\/post"}],"author":[{"embeddable":true,"href":"https:\/\/kunmedierne.dk\/mors\/wp-json\/wp\/v2\/users\/8"}],"replies":[{"embeddable":true,"href":"https:\/\/kunmedierne.dk\/mors\/wp-json\/wp\/v2\/comments?post=153598"}],"version-history":[{"count":12,"href":"https:\/\/kunmedierne.dk\/mors\/wp-json\/wp\/v2\/posts\/153598\/revisions"}],"predecessor-version":[{"id":153615,"href":"https:\/\/kunmedierne.dk\/mors\/wp-json\/wp\/v2\/posts\/153598\/revisions\/153615"}],"wp:attachment":[{"href":"https:\/\/kunmedierne.dk\/mors\/wp-json\/wp\/v2\/media?parent=153598"}],"wp:term":[{"taxonomy":"category","embeddable":true,"href":"https:\/\/kunmedierne.dk\/mors\/wp-json\/wp\/v2\/categories?post=153598"},{"taxonomy":"post_tag","embeddable":true,"href":"https:\/\/kunmedierne.dk\/mors\/wp-json\/wp\/v2\/tags?post=153598"}],"curies":[{"name":"wp","href":"https:\/\/api.w.org\/{rel}","templated":true}]}}