{"id":153592,"date":"2025-08-23T14:00:03","date_gmt":"2025-08-23T12:00:03","guid":{"rendered":"https:\/\/kunmedierne.dk\/mors\/?p=153592"},"modified":"2025-08-23T14:00:03","modified_gmt":"2025-08-23T12:00:03","slug":"kulturmoedet-mors-en-folkefest-for-37-000","status":"publish","type":"post","link":"https:\/\/kunmedierne.dk\/mors\/kulturmoedet-mors-en-folkefest-for-37-000\/","title":{"rendered":"<span>Kulturm\u00f8det Mors: <\/span>En folkefest for 37.000"},"content":{"rendered":"<p><strong>KULTURM\u00d8DET<\/strong>: Mors danner ramme om nogle af de vigtigste samtaler, man overhovedet kan have netop nu.<\/p>\n<p>S\u00e5dan lyder det fra Caspar Ryttergaard, direkt\u00f8r for Kulturm\u00f8det Mors, i en forel\u00f8big status over det, der ligner en bragende succes. Vurderingen er, at hele 37.000 mennesker deltager i 2025-udgaven &#8211; med alle dens temaer med relevans for nutid og fremtid.<\/p>\n<a class=\"dvrt-link\" onClick=\"cdmtrack_click(116504,jQuery(this));return false\" href=\"https:\/\/www.nybolig.dk\/ejendomsmaeglere\/nordvestjylland\/nybolig-morsoe-nykoebing-mors\"><img decoding=\"async\" style=\"width:100%;\" src=\"https:\/\/kunmedierne.dk\/mors\/wp-content\/uploads\/2024\/04\/250825Nybolig.jpg\"><\/a><script>cdmtrack_view(116504);<\/script>\n<p>&#8211; Kulturm\u00f8det har i d\u00e9n grad cementeret sig som en platform for de allervigtigste samtaler, vi skal have om den tid, vi lever i netop nu. Samtaler, der gennem kunsten og kulturens prisme r\u00e6kker ud i samfundet og konstruktivt kommer med forslag til, hvordan vi kan sikre den bedst mulige fremtid for os alle sammen,&#8221; siger Caspar Ryttergaard i en pressemeddelelse fra Kulturm\u00f8det Mors.<\/p>\n<p>Den fort\u00e6ller, at\u00a0Kulturm\u00f8dets tiltagende relevans i \u00e5r er blevet tydeliggjort af, at ikke blot kulturminister Jakob Engel-Schmidt (M) har v\u00e6ret p\u00e5 scenen, men ogs\u00e5 b\u00e5de statsminister Mette Frederiksen (S) og minister for samfundssikkerhed og beredskab Torsten Schack Pedersen (V).<\/p>\n<p>&nbsp;<\/p>\n<p><strong>37.000 deltagere\u00a0<\/strong><\/p>\n<p>\u00c5rets program er med sine mere end 700 programpunkter, der rummer b\u00e5de samtaler, kunst og oplevelser, det st\u00f8rste i Kulturm\u00f8dets historie, og interessen for at v\u00e6re en del af Kulturm\u00f8det er ogs\u00e5 stor.<\/p>\n<p>Det ses i det bugnende antal partnerskaber med organisationer, fonde, virksomheder og offentlige instanser, ligesom det ses i antallet af deltagere, som i \u00e5r er p\u00e5 cirka 37.000 mennesker over tre dage.<\/p>\n<a class=\"dvrt-link\" onClick=\"cdmtrack_click(111725,jQuery(this));return false\" href=\"https:\/\/www.thistedforsikring.dk\/?utm_source=partnerskaber&amp;utm_campaign=kun_mors\"><img decoding=\"async\" style=\"width:100%;\" src=\"https:\/\/kunmedierne.dk\/mors\/wp-content\/uploads\/2024\/02\/269409KunMors-ThistedFor-1.png\"><\/a><script>cdmtrack_view(111725);<\/script>\n<p>Allerede inden Kulturm\u00f8det officielt \u00e5bnede, havde n\u00e6sten 3.000 mennesker placeret sig forventningsfuldt foran Folkescenen for at h\u00f8re statsministeren i samtale om \u00e5ndelig oprustning.<\/p>\n<p>Caspar Ryttergaard er taknemmelig og glad over den store interesse:<\/p>\n<p>&#8211; Jeg er ved at revne af stolthed. Vi sl\u00e5r fast, at kunst og kultur har en afg\u00f8rende plads i en usikker verden. Vi viser, at nordiske og europ\u00e6iske stemmer og kunstnere giver et vigtigt internationale perspektiv, og minder os om, hvor meget vi er bundet sammen i et v\u00e6rdif\u00e6llesskab. Og s\u00e5 er Kulturm\u00f8det folkets m\u00f8de, hvor hele landet samles i alle aldre om kunst og kultur, siger han.<\/p>\n<p>&nbsp;<\/p>\n<p><strong>Et st\u00e6rkt internationalt udsyn\u00a0<\/strong><\/p>\n<p>Endnu et s\u00e6rligt kendetegn for \u00e5rets udgave af Kulturm\u00f8det er det st\u00e6rke internationale udsyn, som is\u00e6r manifesterer sig ved EU-programmet, der er planlagt i forbindelse med Danmarks EU-formandskab.<\/p>\n<p>P\u00e5 Kulturm\u00f8det har man blandt andet kunnet opleve en st\u00e6rk samtale mellem to europ\u00e6iske kvinder, Sofi Oksanen og Apolonia Sokol, om feminisme og aktivisme, og hvordan den kommer til udtryk i deres kunstneriske praksisser.<\/p>\n<a class=\"dvrt-link\" onClick=\"cdmtrack_click(104787,jQuery(this));return false\" href=\"https:\/\/www.jyskebank.dk\/kontakt\/afdelingsinfo?departmentid=11890\"><img decoding=\"async\" style=\"width:100%;\" src=\"https:\/\/kunmedierne.dk\/mors\/wp-content\/uploads\/2023\/10\/260325JyskeBankMorsNy-1.jpg\"><\/a><script>cdmtrack_view(104787);<\/script>\n<p>EU-programmet forts\u00e6tter p\u00e5 Ungdommens Kulturm\u00f8de den 3. og 4. september i Valby, ligesom det vil udfolde sig i Herning, Horsens og K\u00f8benhavn de kommende m\u00e5neder.<\/p>\n<p>Kulturm\u00f8det Mors afsluttes i aften, hvor Mads Langer giver koncert p\u00e5 Folkescenen kl. 21, hvorefter Patina g\u00e5r p\u00e5 scenen hos Ung Kult kl. 22:15.<\/p>\n<p>L\u00e6s mere om Kulturm\u00f8det p\u00e5\u00a0<a href=\"http:\/\/kl7x.mjt.lu\/lnk\/BAAAB3KuKjgAAc3EEJgAAdQpHqYAAYC7i20AAAAAAAkk8QBoqZEoOBunRbH5Rre3jAV2RzNwiAAIq_0\/1\/MoH1qvdwk8s12-zq5T9lXw\/aHR0cDovL3d3dy5rdWx0dXJtb2RldC5kay8\" target=\"_blank\" rel=\"noopener noreferrer\">www.kulturmodet.dk<\/a>.<\/p>\n","protected":false},"excerpt":{"rendered":"<p>KULTURM\u00d8DET: Mors danner ramme om nogle af de vigtigste samtaler, man overhovedet kan have netop nu. S\u00e5dan lyder det fra Caspar Ryttergaard, direkt\u00f8r for Kulturm\u00f8det Mors, i en forel\u00f8big status over det, der ligner en bragende succes. Vurderingen er, at hele 37.000 mennesker deltager i 2025-udgaven &#8211; med alle dens temaer med relevans for nutid [&hellip;]<\/p>\n","protected":false},"author":8,"featured_media":0,"comment_status":"closed","ping_status":"closed","sticky":false,"template":"","format":"standard","meta":{"_acf_changed":false,"footnotes":""},"categories":[49],"tags":[162],"class_list":["post-153592","post","type-post","status-publish","format-standard","hentry","category-kultur","tag-kulturmoedet"],"acf":[],"yoast_head":"<!-- This site is optimized with the Yoast SEO plugin v26.8 - https:\/\/yoast.com\/product\/yoast-seo-wordpress\/ -->\n<title>Kulturm\u00f8det Mors: En folkefest for 37.000 - Mors<\/title>\n<meta name=\"robots\" content=\"index, follow, max-snippet:-1, max-image-preview:large, max-video-preview:-1\" \/>\n<link rel=\"canonical\" href=\"https:\/\/kunmedierne.dk\/mors\/kulturmoedet-mors-en-folkefest-for-37-000\/\" \/>\n<meta property=\"og:locale\" content=\"da_DK\" \/>\n<meta property=\"og:type\" content=\"article\" \/>\n<meta property=\"og:title\" content=\"Kulturm\u00f8det Mors: En folkefest for 37.000 - Mors\" \/>\n<meta property=\"og:description\" content=\"KULTURM\u00d8DET: Mors danner ramme om nogle af de vigtigste samtaler, man overhovedet kan have netop nu. S\u00e5dan lyder det fra Caspar Ryttergaard, direkt\u00f8r for Kulturm\u00f8det Mors, i en forel\u00f8big status over det, der ligner en bragende succes. Vurderingen er, at hele 37.000 mennesker deltager i 2025-udgaven &#8211; med alle dens temaer med relevans for nutid [&hellip;]\" \/>\n<meta property=\"og:url\" content=\"https:\/\/kunmedierne.dk\/mors\/kulturmoedet-mors-en-folkefest-for-37-000\/\" \/>\n<meta property=\"og:site_name\" content=\"Mors\" \/>\n<meta property=\"article:published_time\" content=\"2025-08-23T12:00:03+00:00\" \/>\n<meta name=\"author\" content=\"David H\u00f8jmark\" \/>\n<meta name=\"twitter:card\" content=\"summary_large_image\" \/>\n<meta name=\"twitter:label1\" content=\"Skrevet af\" \/>\n\t<meta name=\"twitter:data1\" content=\"David H\u00f8jmark\" \/>\n\t<meta name=\"twitter:label2\" content=\"Estimeret l\u00e6setid\" \/>\n\t<meta name=\"twitter:data2\" content=\"3 minutter\" \/>\n<script type=\"application\/ld+json\" class=\"yoast-schema-graph\">{\"@context\":\"https:\/\/schema.org\",\"@graph\":[{\"@type\":\"Article\",\"@id\":\"https:\/\/kunmedierne.dk\/mors\/kulturmoedet-mors-en-folkefest-for-37-000\/#article\",\"isPartOf\":{\"@id\":\"https:\/\/kunmedierne.dk\/mors\/kulturmoedet-mors-en-folkefest-for-37-000\/\"},\"author\":{\"name\":\"David H\u00f8jmark\",\"@id\":\"https:\/\/kunmedierne.dk\/mors\/#\/schema\/person\/5fe23251bf1d0abbcdc6f7896579d548\"},\"headline\":\"Kulturm\u00f8det Mors: En folkefest for 37.000\",\"datePublished\":\"2025-08-23T12:00:03+00:00\",\"mainEntityOfPage\":{\"@id\":\"https:\/\/kunmedierne.dk\/mors\/kulturmoedet-mors-en-folkefest-for-37-000\/\"},\"wordCount\":502,\"publisher\":{\"@id\":\"https:\/\/kunmedierne.dk\/mors\/#organization\"},\"keywords\":[\"Kulturm\u00f8det\"],\"articleSection\":[\"Kultur\"],\"inLanguage\":\"da-DK\"},{\"@type\":\"WebPage\",\"@id\":\"https:\/\/kunmedierne.dk\/mors\/kulturmoedet-mors-en-folkefest-for-37-000\/\",\"url\":\"https:\/\/kunmedierne.dk\/mors\/kulturmoedet-mors-en-folkefest-for-37-000\/\",\"name\":\"Kulturm\u00f8det Mors: En folkefest for 37.000 - Mors\",\"isPartOf\":{\"@id\":\"https:\/\/kunmedierne.dk\/mors\/#website\"},\"datePublished\":\"2025-08-23T12:00:03+00:00\",\"breadcrumb\":{\"@id\":\"https:\/\/kunmedierne.dk\/mors\/kulturmoedet-mors-en-folkefest-for-37-000\/#breadcrumb\"},\"inLanguage\":\"da-DK\",\"potentialAction\":[{\"@type\":\"ReadAction\",\"target\":[\"https:\/\/kunmedierne.dk\/mors\/kulturmoedet-mors-en-folkefest-for-37-000\/\"]}]},{\"@type\":\"BreadcrumbList\",\"@id\":\"https:\/\/kunmedierne.dk\/mors\/kulturmoedet-mors-en-folkefest-for-37-000\/#breadcrumb\",\"itemListElement\":[{\"@type\":\"ListItem\",\"position\":1,\"name\":\"Hjem\",\"item\":\"https:\/\/kunmedierne.dk\/mors\/\"},{\"@type\":\"ListItem\",\"position\":2,\"name\":\"Kulturm\u00f8det Mors: En folkefest for 37.000\"}]},{\"@type\":\"WebSite\",\"@id\":\"https:\/\/kunmedierne.dk\/mors\/#website\",\"url\":\"https:\/\/kunmedierne.dk\/mors\/\",\"name\":\"Mors\",\"description\":\"et netmedie med journalistik om livet p\u00e5 Mors\",\"publisher\":{\"@id\":\"https:\/\/kunmedierne.dk\/mors\/#organization\"},\"potentialAction\":[{\"@type\":\"SearchAction\",\"target\":{\"@type\":\"EntryPoint\",\"urlTemplate\":\"https:\/\/kunmedierne.dk\/mors\/?s={search_term_string}\"},\"query-input\":{\"@type\":\"PropertyValueSpecification\",\"valueRequired\":true,\"valueName\":\"search_term_string\"}}],\"inLanguage\":\"da-DK\"},{\"@type\":\"Organization\",\"@id\":\"https:\/\/kunmedierne.dk\/mors\/#organization\",\"name\":\"Mors\",\"url\":\"https:\/\/kunmedierne.dk\/mors\/\",\"logo\":{\"@type\":\"ImageObject\",\"inLanguage\":\"da-DK\",\"@id\":\"https:\/\/kunmedierne.dk\/mors\/#\/schema\/logo\/image\/\",\"url\":\"https:\/\/kunmedierne.dk\/mors\/wp-content\/uploads\/2024\/08\/kunmors-logo.svg\",\"contentUrl\":\"https:\/\/kunmedierne.dk\/mors\/wp-content\/uploads\/2024\/08\/kunmors-logo.svg\",\"caption\":\"Mors\"},\"image\":{\"@id\":\"https:\/\/kunmedierne.dk\/mors\/#\/schema\/logo\/image\/\"}},{\"@type\":\"Person\",\"@id\":\"https:\/\/kunmedierne.dk\/mors\/#\/schema\/person\/5fe23251bf1d0abbcdc6f7896579d548\",\"name\":\"David H\u00f8jmark\",\"image\":{\"@type\":\"ImageObject\",\"inLanguage\":\"da-DK\",\"@id\":\"https:\/\/kunmedierne.dk\/mors\/#\/schema\/person\/image\/\",\"url\":\"https:\/\/secure.gravatar.com\/avatar\/4315d6fb9ef244d729989f5f90268eb08d5bf8a3d84402f595fa194bb35784fd?s=96&d=mm&r=g\",\"contentUrl\":\"https:\/\/secure.gravatar.com\/avatar\/4315d6fb9ef244d729989f5f90268eb08d5bf8a3d84402f595fa194bb35784fd?s=96&d=mm&r=g\",\"caption\":\"David H\u00f8jmark\"},\"sameAs\":[\"https:\/\/www.kunmedierne.dk\"],\"url\":\"https:\/\/kunmedierne.dk\/mors\/author\/david\/\"}]}<\/script>\n<!-- \/ Yoast SEO plugin. -->","yoast_head_json":{"title":"Kulturm\u00f8det Mors: En folkefest for 37.000 - Mors","robots":{"index":"index","follow":"follow","max-snippet":"max-snippet:-1","max-image-preview":"max-image-preview:large","max-video-preview":"max-video-preview:-1"},"canonical":"https:\/\/kunmedierne.dk\/mors\/kulturmoedet-mors-en-folkefest-for-37-000\/","og_locale":"da_DK","og_type":"article","og_title":"Kulturm\u00f8det Mors: En folkefest for 37.000 - Mors","og_description":"KULTURM\u00d8DET: Mors danner ramme om nogle af de vigtigste samtaler, man overhovedet kan have netop nu. S\u00e5dan lyder det fra Caspar Ryttergaard, direkt\u00f8r for Kulturm\u00f8det Mors, i en forel\u00f8big status over det, der ligner en bragende succes. Vurderingen er, at hele 37.000 mennesker deltager i 2025-udgaven &#8211; med alle dens temaer med relevans for nutid [&hellip;]","og_url":"https:\/\/kunmedierne.dk\/mors\/kulturmoedet-mors-en-folkefest-for-37-000\/","og_site_name":"Mors","article_published_time":"2025-08-23T12:00:03+00:00","author":"David H\u00f8jmark","twitter_card":"summary_large_image","twitter_misc":{"Skrevet af":"David H\u00f8jmark","Estimeret l\u00e6setid":"3 minutter"},"schema":{"@context":"https:\/\/schema.org","@graph":[{"@type":"Article","@id":"https:\/\/kunmedierne.dk\/mors\/kulturmoedet-mors-en-folkefest-for-37-000\/#article","isPartOf":{"@id":"https:\/\/kunmedierne.dk\/mors\/kulturmoedet-mors-en-folkefest-for-37-000\/"},"author":{"name":"David H\u00f8jmark","@id":"https:\/\/kunmedierne.dk\/mors\/#\/schema\/person\/5fe23251bf1d0abbcdc6f7896579d548"},"headline":"Kulturm\u00f8det Mors: En folkefest for 37.000","datePublished":"2025-08-23T12:00:03+00:00","mainEntityOfPage":{"@id":"https:\/\/kunmedierne.dk\/mors\/kulturmoedet-mors-en-folkefest-for-37-000\/"},"wordCount":502,"publisher":{"@id":"https:\/\/kunmedierne.dk\/mors\/#organization"},"keywords":["Kulturm\u00f8det"],"articleSection":["Kultur"],"inLanguage":"da-DK"},{"@type":"WebPage","@id":"https:\/\/kunmedierne.dk\/mors\/kulturmoedet-mors-en-folkefest-for-37-000\/","url":"https:\/\/kunmedierne.dk\/mors\/kulturmoedet-mors-en-folkefest-for-37-000\/","name":"Kulturm\u00f8det Mors: En folkefest for 37.000 - Mors","isPartOf":{"@id":"https:\/\/kunmedierne.dk\/mors\/#website"},"datePublished":"2025-08-23T12:00:03+00:00","breadcrumb":{"@id":"https:\/\/kunmedierne.dk\/mors\/kulturmoedet-mors-en-folkefest-for-37-000\/#breadcrumb"},"inLanguage":"da-DK","potentialAction":[{"@type":"ReadAction","target":["https:\/\/kunmedierne.dk\/mors\/kulturmoedet-mors-en-folkefest-for-37-000\/"]}]},{"@type":"BreadcrumbList","@id":"https:\/\/kunmedierne.dk\/mors\/kulturmoedet-mors-en-folkefest-for-37-000\/#breadcrumb","itemListElement":[{"@type":"ListItem","position":1,"name":"Hjem","item":"https:\/\/kunmedierne.dk\/mors\/"},{"@type":"ListItem","position":2,"name":"Kulturm\u00f8det Mors: En folkefest for 37.000"}]},{"@type":"WebSite","@id":"https:\/\/kunmedierne.dk\/mors\/#website","url":"https:\/\/kunmedierne.dk\/mors\/","name":"Mors","description":"et netmedie med journalistik om livet p\u00e5 Mors","publisher":{"@id":"https:\/\/kunmedierne.dk\/mors\/#organization"},"potentialAction":[{"@type":"SearchAction","target":{"@type":"EntryPoint","urlTemplate":"https:\/\/kunmedierne.dk\/mors\/?s={search_term_string}"},"query-input":{"@type":"PropertyValueSpecification","valueRequired":true,"valueName":"search_term_string"}}],"inLanguage":"da-DK"},{"@type":"Organization","@id":"https:\/\/kunmedierne.dk\/mors\/#organization","name":"Mors","url":"https:\/\/kunmedierne.dk\/mors\/","logo":{"@type":"ImageObject","inLanguage":"da-DK","@id":"https:\/\/kunmedierne.dk\/mors\/#\/schema\/logo\/image\/","url":"https:\/\/kunmedierne.dk\/mors\/wp-content\/uploads\/2024\/08\/kunmors-logo.svg","contentUrl":"https:\/\/kunmedierne.dk\/mors\/wp-content\/uploads\/2024\/08\/kunmors-logo.svg","caption":"Mors"},"image":{"@id":"https:\/\/kunmedierne.dk\/mors\/#\/schema\/logo\/image\/"}},{"@type":"Person","@id":"https:\/\/kunmedierne.dk\/mors\/#\/schema\/person\/5fe23251bf1d0abbcdc6f7896579d548","name":"David H\u00f8jmark","image":{"@type":"ImageObject","inLanguage":"da-DK","@id":"https:\/\/kunmedierne.dk\/mors\/#\/schema\/person\/image\/","url":"https:\/\/secure.gravatar.com\/avatar\/4315d6fb9ef244d729989f5f90268eb08d5bf8a3d84402f595fa194bb35784fd?s=96&d=mm&r=g","contentUrl":"https:\/\/secure.gravatar.com\/avatar\/4315d6fb9ef244d729989f5f90268eb08d5bf8a3d84402f595fa194bb35784fd?s=96&d=mm&r=g","caption":"David H\u00f8jmark"},"sameAs":["https:\/\/www.kunmedierne.dk"],"url":"https:\/\/kunmedierne.dk\/mors\/author\/david\/"}]}},"_links":{"self":[{"href":"https:\/\/kunmedierne.dk\/mors\/wp-json\/wp\/v2\/posts\/153592","targetHints":{"allow":["GET"]}}],"collection":[{"href":"https:\/\/kunmedierne.dk\/mors\/wp-json\/wp\/v2\/posts"}],"about":[{"href":"https:\/\/kunmedierne.dk\/mors\/wp-json\/wp\/v2\/types\/post"}],"author":[{"embeddable":true,"href":"https:\/\/kunmedierne.dk\/mors\/wp-json\/wp\/v2\/users\/8"}],"replies":[{"embeddable":true,"href":"https:\/\/kunmedierne.dk\/mors\/wp-json\/wp\/v2\/comments?post=153592"}],"version-history":[{"count":1,"href":"https:\/\/kunmedierne.dk\/mors\/wp-json\/wp\/v2\/posts\/153592\/revisions"}],"predecessor-version":[{"id":153595,"href":"https:\/\/kunmedierne.dk\/mors\/wp-json\/wp\/v2\/posts\/153592\/revisions\/153595"}],"wp:attachment":[{"href":"https:\/\/kunmedierne.dk\/mors\/wp-json\/wp\/v2\/media?parent=153592"}],"wp:term":[{"taxonomy":"category","embeddable":true,"href":"https:\/\/kunmedierne.dk\/mors\/wp-json\/wp\/v2\/categories?post=153592"},{"taxonomy":"post_tag","embeddable":true,"href":"https:\/\/kunmedierne.dk\/mors\/wp-json\/wp\/v2\/tags?post=153592"}],"curies":[{"name":"wp","href":"https:\/\/api.w.org\/{rel}","templated":true}]}}