{"id":153463,"date":"2025-08-21T21:16:55","date_gmt":"2025-08-21T19:16:55","guid":{"rendered":"https:\/\/kunmedierne.dk\/mors\/?p=153463"},"modified":"2025-08-21T16:17:15","modified_gmt":"2025-08-21T14:17:15","slug":"monas-plads-blev-indviet-alt-godt-kommer-til-den-der-venter","status":"publish","type":"post","link":"https:\/\/kunmedierne.dk\/mors\/monas-plads-blev-indviet-alt-godt-kommer-til-den-der-venter\/","title":{"rendered":"Monas Plads blev indviet: &#8211; Alt godt kommer til den, der venter"},"content":{"rendered":"<p><strong>KULTURM\u00d8DET:<\/strong> Det var egentligt et privat hus, der var ejet af Mona Ingemann. Men under Kulturm\u00f8det \u00e5bnede Mona d\u00f8rene og lukkede kunst, debatter og musik indenfor.<\/p>\n<p>Efter Mona Ingemanns d\u00f8d i 2014 k\u00f8bte kommunen huset, der derefter blev brugt under Kulturm\u00f8det til at huse forskellige kunstnere. Navne som Michael Kvium, Wilhem Freddie og Julie Nord er nogle af de kunstnere, der har v\u00e6ret udstillet i Monas Hus. Og det danske band HUGORM spillede sin f\u00f8rste koncert i huset.<\/p>\n<a class=\"dvrt-link\" onClick=\"cdmtrack_click(147315,jQuery(this));return false\" href=\"https:\/\/sdrhaa.dk\/\"><img decoding=\"async\" style=\"width:100%;\" src=\"https:\/\/kunmedierne.dk\/mors\/wp-content\/uploads\/2025\/05\/260302Sdr-HaaDin-gebyrvenlige-sparekasse_mors-002.gif\"><\/a><script>cdmtrack_view(147315);<\/script>\n<p>Men huset kom gennem tiden i d\u00e5rligere og d\u00e5rligere stand, og i starten af \u00e5ret gik den ikke l\u00e6ngere: huset skulle rives ned.<\/p>\n<p>Efter nedrivningen blev der lavet en plads \u2013 belagt med gule mursten og med store blomsterkrukker.<\/p>\n<p>Monas Plads.<\/p>\n<p>Monas Plads blev indviet torsdag middag, hvor Monas to oldeb\u00f8rn, Mads og Anton, klippede den r\u00f8de snor, hvorefter der blev serveret gul sodavand.<\/p>\n<a class=\"dvrt-link\" onClick=\"cdmtrack_click(169437,jQuery(this));return false\" href=\"https:\/\/thymors.dk\/sponsorater\/15-til-faellesskabet?utm_source=kunmors&amp;utm_medium=annonce&amp;utm_campaign=sponsorater\"><img decoding=\"async\" style=\"width:100%;\" src=\"https:\/\/kunmedierne.dk\/mors\/wp-content\/uploads\/2026\/03\/260407ThyMors-energi_faellesskab_generel-1.jpg\"><\/a><script>cdmtrack_view(169437);<\/script>\n<p>&nbsp;<\/p>\n<p><strong>En plads til gavn for alle<\/strong><\/p>\n<p>Formand for Udvalget for Teknik og Milj\u00f8, Meiner N\u00f8rgaard (DD), talte ved indvielsen af Monas Plads, og han udtrykte stor begejstring i sin tale, over at pladsen nu er en levede og et fleksibelt bytorv til gavn for alle.<\/p>\n<p>&#8211; Giv gerne Mona en k\u00e6rlig tanke undervejs, og lad os sammen nyde vores f\u00e6lles nye samlingspunkt, sagde Meiner N\u00f8rgaard i sin tale.<\/p>\n<div id=\"attachment_153487\" style=\"width: 2010px\" class=\"wp-caption alignnone\"><img loading=\"lazy\" decoding=\"async\" aria-describedby=\"caption-attachment-153487\" class=\"wp-image-153487 size-full\" src=\"https:\/\/kunmedierne.dk\/mors\/wp-content\/uploads\/2025\/08\/5.jpg\" alt=\"\" width=\"2000\" height=\"1414\" srcset=\"https:\/\/kunmedierne.dk\/mors\/wp-content\/uploads\/2025\/08\/5.jpg 2000w, https:\/\/kunmedierne.dk\/mors\/wp-content\/uploads\/2025\/08\/5-300x212.jpg 300w, https:\/\/kunmedierne.dk\/mors\/wp-content\/uploads\/2025\/08\/5-1024x724.jpg 1024w, https:\/\/kunmedierne.dk\/mors\/wp-content\/uploads\/2025\/08\/5-510x361.jpg 510w\" sizes=\"auto, (max-width: 2000px) 100vw, 2000px\" \/><p id=\"caption-attachment-153487\" class=\"wp-caption-text\">Meiner N\u00f8rgaard talte ved indvielsen af Monas Plads. Foto: Katrine Kronstrand<\/p><\/div>\n<p>Efter indvielsen fort\u00e6ller Meiner N\u00f8rgaard til KunMors, at han er glad for pladsen, som den er kommet til at se ud.<\/p>\n<p>&#8211; Jeg er rigtig glad for resultatet. Jeg tror p\u00e5, at det her er en plads til gavn for rigtig mange mennesker, fordi man kan bruge denne plads hele tiden. Huset var jo afl\u00e5st, n\u00e5r der ikke var Kulturm\u00f8de, men nu kan man altid komme her.<\/p>\n<a class=\"dvrt-link\" onClick=\"cdmtrack_click(169437,jQuery(this));return false\" href=\"https:\/\/thymors.dk\/sponsorater\/15-til-faellesskabet?utm_source=kunmors&amp;utm_medium=annonce&amp;utm_campaign=sponsorater\"><img decoding=\"async\" style=\"width:100%;\" src=\"https:\/\/kunmedierne.dk\/mors\/wp-content\/uploads\/2026\/03\/260407ThyMors-energi_faellesskab_generel-1.jpg\"><\/a><script>cdmtrack_view(169437);<\/script>\n<p>Meiner N\u00f8rgaard fort\u00e6ller, at mange af dem, der har arbejdet med at lave pladsen, har sagt, at det har v\u00e6ret en vanskelig men sjov opgave, at v\u00e6re en del af.<\/p>\n<p>&#8211; Det hart v\u00e6ret vigtigt for os, at vi kan \u00e6re Mona med denne plads. Derfor er bel\u00e6gningen naturligvis gul som huset var.<\/p>\n<div id=\"attachment_153485\" style=\"width: 2010px\" class=\"wp-caption alignnone\"><img loading=\"lazy\" decoding=\"async\" aria-describedby=\"caption-attachment-153485\" class=\"wp-image-153485 size-full\" src=\"https:\/\/kunmedierne.dk\/mors\/wp-content\/uploads\/2025\/08\/7-1.jpg\" alt=\"\" width=\"2000\" height=\"1414\" srcset=\"https:\/\/kunmedierne.dk\/mors\/wp-content\/uploads\/2025\/08\/7-1.jpg 2000w, https:\/\/kunmedierne.dk\/mors\/wp-content\/uploads\/2025\/08\/7-1-300x212.jpg 300w, https:\/\/kunmedierne.dk\/mors\/wp-content\/uploads\/2025\/08\/7-1-1024x724.jpg 1024w, https:\/\/kunmedierne.dk\/mors\/wp-content\/uploads\/2025\/08\/7-1-510x361.jpg 510w\" sizes=\"auto, (max-width: 2000px) 100vw, 2000px\" \/><p id=\"caption-attachment-153485\" class=\"wp-caption-text\">Det var Monas oldeb\u00f8rn, Mads og Anton, der klippede snoren til pladsen. Foto: Katrine Kronstrand<\/p><\/div>\n<p>&nbsp;<\/p>\n<p><strong>Alt godt kommer til den, der venter<\/strong><\/p>\n<p>Meiner N\u00f8rgaard l\u00e6gger ikke skjul p\u00e5, at han gerne ville have revet Monas Hus ned noget tidligere. Alligevel \u00e6rger han sig ikke over, at det f\u00f8rst blev i 2025, det kom til at ske.<\/p>\n<a class=\"dvrt-link\" onClick=\"cdmtrack_click(104787,jQuery(this));return false\" href=\"https:\/\/www.jyskebank.dk\/kontakt\/afdelingsinfo?departmentid=11890\"><img decoding=\"async\" style=\"width:100%;\" src=\"https:\/\/kunmedierne.dk\/mors\/wp-content\/uploads\/2023\/10\/260325JyskeBankMorsNy-1.jpg\"><\/a><script>cdmtrack_view(104787);<\/script>\n<p>&#8211; Det er jo ikke nogen hemmelighed, at jeg har haft en \u00f8nske om at rive huset ned i noget tid. Men jeg m\u00e5 sige, at jeg tror ikke det var blevet s\u00e5 godt, hvis det var blevet revet ned f\u00f8r. For nu fik vi jo lidt l\u00e6ngere tid til at t\u00e6nke os om, men hensyn til, hvad der s\u00e5 skulle v\u00e6re p\u00e5 grunden, siger Meiner N\u00f8rgaard.<\/p>\n<p><em>S\u00e5 man kan godt sige, at du er glad for, at du ikke fik din vilje med det samme?<\/em><\/p>\n<p>&#8211; Ja, det kan man godt sige. Alt godt kommer jo til den, der venter, siger Meiner N\u00f8rgaard og griner.<\/p>\n","protected":false},"excerpt":{"rendered":"<p>KULTURM\u00d8DET: Det var egentligt et privat hus, der var ejet af Mona Ingemann. Men under Kulturm\u00f8det \u00e5bnede Mona d\u00f8rene og lukkede kunst, debatter og musik indenfor. Efter Mona Ingemanns d\u00f8d i 2014 k\u00f8bte kommunen huset, der derefter blev brugt under Kulturm\u00f8det til at huse forskellige kunstnere. Navne som Michael Kvium, Wilhem Freddie og Julie Nord [&hellip;]<\/p>\n","protected":false},"author":5146,"featured_media":0,"comment_status":"closed","ping_status":"closed","sticky":false,"template":"","format":"standard","meta":{"_acf_changed":false,"footnotes":""},"categories":[49],"tags":[162],"class_list":["post-153463","post","type-post","status-publish","format-standard","hentry","category-kultur","tag-kulturmoedet"],"acf":[],"yoast_head":"<!-- This site is optimized with the Yoast SEO plugin v26.8 - https:\/\/yoast.com\/product\/yoast-seo-wordpress\/ -->\n<title>Monas Plads blev indviet: - Alt godt kommer til den, der venter - Mors<\/title>\n<meta name=\"robots\" content=\"index, follow, max-snippet:-1, max-image-preview:large, max-video-preview:-1\" \/>\n<link rel=\"canonical\" href=\"https:\/\/kunmedierne.dk\/mors\/monas-plads-blev-indviet-alt-godt-kommer-til-den-der-venter\/\" \/>\n<meta property=\"og:locale\" content=\"da_DK\" \/>\n<meta property=\"og:type\" content=\"article\" \/>\n<meta property=\"og:title\" content=\"Monas Plads blev indviet: - Alt godt kommer til den, der venter - Mors\" \/>\n<meta property=\"og:description\" content=\"KULTURM\u00d8DET: Det var egentligt et privat hus, der var ejet af Mona Ingemann. Men under Kulturm\u00f8det \u00e5bnede Mona d\u00f8rene og lukkede kunst, debatter og musik indenfor. Efter Mona Ingemanns d\u00f8d i 2014 k\u00f8bte kommunen huset, der derefter blev brugt under Kulturm\u00f8det til at huse forskellige kunstnere. Navne som Michael Kvium, Wilhem Freddie og Julie Nord [&hellip;]\" \/>\n<meta property=\"og:url\" content=\"https:\/\/kunmedierne.dk\/mors\/monas-plads-blev-indviet-alt-godt-kommer-til-den-der-venter\/\" \/>\n<meta property=\"og:site_name\" content=\"Mors\" \/>\n<meta property=\"article:published_time\" content=\"2025-08-21T19:16:55+00:00\" \/>\n<meta property=\"og:image\" content=\"https:\/\/kunmedierne.dk\/mors\/wp-content\/uploads\/2025\/08\/5.jpg\" \/>\n<meta name=\"author\" content=\"Katrine Kronstrand\" \/>\n<meta name=\"twitter:card\" content=\"summary_large_image\" \/>\n<meta name=\"twitter:label1\" content=\"Skrevet af\" \/>\n\t<meta name=\"twitter:data1\" content=\"Katrine Kronstrand\" \/>\n\t<meta name=\"twitter:label2\" content=\"Estimeret l\u00e6setid\" \/>\n\t<meta name=\"twitter:data2\" content=\"4 minutter\" \/>\n<script type=\"application\/ld+json\" class=\"yoast-schema-graph\">{\"@context\":\"https:\/\/schema.org\",\"@graph\":[{\"@type\":\"Article\",\"@id\":\"https:\/\/kunmedierne.dk\/mors\/monas-plads-blev-indviet-alt-godt-kommer-til-den-der-venter\/#article\",\"isPartOf\":{\"@id\":\"https:\/\/kunmedierne.dk\/mors\/monas-plads-blev-indviet-alt-godt-kommer-til-den-der-venter\/\"},\"author\":{\"name\":\"Katrine Kronstrand\",\"@id\":\"https:\/\/kunmedierne.dk\/mors\/#\/schema\/person\/41289bce3056a3e3d485ec8f09a96d28\"},\"headline\":\"Monas Plads blev indviet: &#8211; Alt godt kommer til den, der venter\",\"datePublished\":\"2025-08-21T19:16:55+00:00\",\"mainEntityOfPage\":{\"@id\":\"https:\/\/kunmedierne.dk\/mors\/monas-plads-blev-indviet-alt-godt-kommer-til-den-der-venter\/\"},\"wordCount\":575,\"publisher\":{\"@id\":\"https:\/\/kunmedierne.dk\/mors\/#organization\"},\"image\":{\"@id\":\"https:\/\/kunmedierne.dk\/mors\/monas-plads-blev-indviet-alt-godt-kommer-til-den-der-venter\/#primaryimage\"},\"thumbnailUrl\":\"https:\/\/kunmedierne.dk\/mors\/wp-content\/uploads\/2025\/08\/5.jpg\",\"keywords\":[\"Kulturm\u00f8det\"],\"articleSection\":[\"Kultur\"],\"inLanguage\":\"da-DK\"},{\"@type\":\"WebPage\",\"@id\":\"https:\/\/kunmedierne.dk\/mors\/monas-plads-blev-indviet-alt-godt-kommer-til-den-der-venter\/\",\"url\":\"https:\/\/kunmedierne.dk\/mors\/monas-plads-blev-indviet-alt-godt-kommer-til-den-der-venter\/\",\"name\":\"Monas Plads blev indviet: - Alt godt kommer til den, der venter - Mors\",\"isPartOf\":{\"@id\":\"https:\/\/kunmedierne.dk\/mors\/#website\"},\"primaryImageOfPage\":{\"@id\":\"https:\/\/kunmedierne.dk\/mors\/monas-plads-blev-indviet-alt-godt-kommer-til-den-der-venter\/#primaryimage\"},\"image\":{\"@id\":\"https:\/\/kunmedierne.dk\/mors\/monas-plads-blev-indviet-alt-godt-kommer-til-den-der-venter\/#primaryimage\"},\"thumbnailUrl\":\"https:\/\/kunmedierne.dk\/mors\/wp-content\/uploads\/2025\/08\/5.jpg\",\"datePublished\":\"2025-08-21T19:16:55+00:00\",\"breadcrumb\":{\"@id\":\"https:\/\/kunmedierne.dk\/mors\/monas-plads-blev-indviet-alt-godt-kommer-til-den-der-venter\/#breadcrumb\"},\"inLanguage\":\"da-DK\",\"potentialAction\":[{\"@type\":\"ReadAction\",\"target\":[\"https:\/\/kunmedierne.dk\/mors\/monas-plads-blev-indviet-alt-godt-kommer-til-den-der-venter\/\"]}]},{\"@type\":\"ImageObject\",\"inLanguage\":\"da-DK\",\"@id\":\"https:\/\/kunmedierne.dk\/mors\/monas-plads-blev-indviet-alt-godt-kommer-til-den-der-venter\/#primaryimage\",\"url\":\"https:\/\/kunmedierne.dk\/mors\/wp-content\/uploads\/2025\/08\/5.jpg\",\"contentUrl\":\"https:\/\/kunmedierne.dk\/mors\/wp-content\/uploads\/2025\/08\/5.jpg\",\"width\":2000,\"height\":1414,\"caption\":\"Meiner N\u00f8rgaard talte ved indvielsen af Monas Plads. Foto: Katrine Kronstrand\"},{\"@type\":\"BreadcrumbList\",\"@id\":\"https:\/\/kunmedierne.dk\/mors\/monas-plads-blev-indviet-alt-godt-kommer-til-den-der-venter\/#breadcrumb\",\"itemListElement\":[{\"@type\":\"ListItem\",\"position\":1,\"name\":\"Hjem\",\"item\":\"https:\/\/kunmedierne.dk\/mors\/\"},{\"@type\":\"ListItem\",\"position\":2,\"name\":\"Monas Plads blev indviet: &#8211; Alt godt kommer til den, der venter\"}]},{\"@type\":\"WebSite\",\"@id\":\"https:\/\/kunmedierne.dk\/mors\/#website\",\"url\":\"https:\/\/kunmedierne.dk\/mors\/\",\"name\":\"Mors\",\"description\":\"et netmedie med journalistik om livet p\u00e5 Mors\",\"publisher\":{\"@id\":\"https:\/\/kunmedierne.dk\/mors\/#organization\"},\"potentialAction\":[{\"@type\":\"SearchAction\",\"target\":{\"@type\":\"EntryPoint\",\"urlTemplate\":\"https:\/\/kunmedierne.dk\/mors\/?s={search_term_string}\"},\"query-input\":{\"@type\":\"PropertyValueSpecification\",\"valueRequired\":true,\"valueName\":\"search_term_string\"}}],\"inLanguage\":\"da-DK\"},{\"@type\":\"Organization\",\"@id\":\"https:\/\/kunmedierne.dk\/mors\/#organization\",\"name\":\"Mors\",\"url\":\"https:\/\/kunmedierne.dk\/mors\/\",\"logo\":{\"@type\":\"ImageObject\",\"inLanguage\":\"da-DK\",\"@id\":\"https:\/\/kunmedierne.dk\/mors\/#\/schema\/logo\/image\/\",\"url\":\"https:\/\/kunmedierne.dk\/mors\/wp-content\/uploads\/2024\/08\/kunmors-logo.svg\",\"contentUrl\":\"https:\/\/kunmedierne.dk\/mors\/wp-content\/uploads\/2024\/08\/kunmors-logo.svg\",\"caption\":\"Mors\"},\"image\":{\"@id\":\"https:\/\/kunmedierne.dk\/mors\/#\/schema\/logo\/image\/\"}},{\"@type\":\"Person\",\"@id\":\"https:\/\/kunmedierne.dk\/mors\/#\/schema\/person\/41289bce3056a3e3d485ec8f09a96d28\",\"name\":\"Katrine Kronstrand\",\"image\":{\"@type\":\"ImageObject\",\"inLanguage\":\"da-DK\",\"@id\":\"https:\/\/kunmedierne.dk\/mors\/#\/schema\/person\/image\/\",\"url\":\"https:\/\/secure.gravatar.com\/avatar\/5b3afd06fc2a282f448c39083508b630e100945e4d8eec6e2fb5d79f7596e886?s=96&d=mm&r=g\",\"contentUrl\":\"https:\/\/secure.gravatar.com\/avatar\/5b3afd06fc2a282f448c39083508b630e100945e4d8eec6e2fb5d79f7596e886?s=96&d=mm&r=g\",\"caption\":\"Katrine Kronstrand\"},\"url\":\"https:\/\/kunmedierne.dk\/mors\/author\/katrine-kronstrand\/\"}]}<\/script>\n<!-- \/ Yoast SEO plugin. -->","yoast_head_json":{"title":"Monas Plads blev indviet: - Alt godt kommer til den, der venter - Mors","robots":{"index":"index","follow":"follow","max-snippet":"max-snippet:-1","max-image-preview":"max-image-preview:large","max-video-preview":"max-video-preview:-1"},"canonical":"https:\/\/kunmedierne.dk\/mors\/monas-plads-blev-indviet-alt-godt-kommer-til-den-der-venter\/","og_locale":"da_DK","og_type":"article","og_title":"Monas Plads blev indviet: - Alt godt kommer til den, der venter - Mors","og_description":"KULTURM\u00d8DET: Det var egentligt et privat hus, der var ejet af Mona Ingemann. Men under Kulturm\u00f8det \u00e5bnede Mona d\u00f8rene og lukkede kunst, debatter og musik indenfor. Efter Mona Ingemanns d\u00f8d i 2014 k\u00f8bte kommunen huset, der derefter blev brugt under Kulturm\u00f8det til at huse forskellige kunstnere. Navne som Michael Kvium, Wilhem Freddie og Julie Nord [&hellip;]","og_url":"https:\/\/kunmedierne.dk\/mors\/monas-plads-blev-indviet-alt-godt-kommer-til-den-der-venter\/","og_site_name":"Mors","article_published_time":"2025-08-21T19:16:55+00:00","og_image":[{"url":"https:\/\/kunmedierne.dk\/mors\/wp-content\/uploads\/2025\/08\/5.jpg","type":"","width":"","height":""}],"author":"Katrine Kronstrand","twitter_card":"summary_large_image","twitter_misc":{"Skrevet af":"Katrine Kronstrand","Estimeret l\u00e6setid":"4 minutter"},"schema":{"@context":"https:\/\/schema.org","@graph":[{"@type":"Article","@id":"https:\/\/kunmedierne.dk\/mors\/monas-plads-blev-indviet-alt-godt-kommer-til-den-der-venter\/#article","isPartOf":{"@id":"https:\/\/kunmedierne.dk\/mors\/monas-plads-blev-indviet-alt-godt-kommer-til-den-der-venter\/"},"author":{"name":"Katrine Kronstrand","@id":"https:\/\/kunmedierne.dk\/mors\/#\/schema\/person\/41289bce3056a3e3d485ec8f09a96d28"},"headline":"Monas Plads blev indviet: &#8211; Alt godt kommer til den, der venter","datePublished":"2025-08-21T19:16:55+00:00","mainEntityOfPage":{"@id":"https:\/\/kunmedierne.dk\/mors\/monas-plads-blev-indviet-alt-godt-kommer-til-den-der-venter\/"},"wordCount":575,"publisher":{"@id":"https:\/\/kunmedierne.dk\/mors\/#organization"},"image":{"@id":"https:\/\/kunmedierne.dk\/mors\/monas-plads-blev-indviet-alt-godt-kommer-til-den-der-venter\/#primaryimage"},"thumbnailUrl":"https:\/\/kunmedierne.dk\/mors\/wp-content\/uploads\/2025\/08\/5.jpg","keywords":["Kulturm\u00f8det"],"articleSection":["Kultur"],"inLanguage":"da-DK"},{"@type":"WebPage","@id":"https:\/\/kunmedierne.dk\/mors\/monas-plads-blev-indviet-alt-godt-kommer-til-den-der-venter\/","url":"https:\/\/kunmedierne.dk\/mors\/monas-plads-blev-indviet-alt-godt-kommer-til-den-der-venter\/","name":"Monas Plads blev indviet: - Alt godt kommer til den, der venter - Mors","isPartOf":{"@id":"https:\/\/kunmedierne.dk\/mors\/#website"},"primaryImageOfPage":{"@id":"https:\/\/kunmedierne.dk\/mors\/monas-plads-blev-indviet-alt-godt-kommer-til-den-der-venter\/#primaryimage"},"image":{"@id":"https:\/\/kunmedierne.dk\/mors\/monas-plads-blev-indviet-alt-godt-kommer-til-den-der-venter\/#primaryimage"},"thumbnailUrl":"https:\/\/kunmedierne.dk\/mors\/wp-content\/uploads\/2025\/08\/5.jpg","datePublished":"2025-08-21T19:16:55+00:00","breadcrumb":{"@id":"https:\/\/kunmedierne.dk\/mors\/monas-plads-blev-indviet-alt-godt-kommer-til-den-der-venter\/#breadcrumb"},"inLanguage":"da-DK","potentialAction":[{"@type":"ReadAction","target":["https:\/\/kunmedierne.dk\/mors\/monas-plads-blev-indviet-alt-godt-kommer-til-den-der-venter\/"]}]},{"@type":"ImageObject","inLanguage":"da-DK","@id":"https:\/\/kunmedierne.dk\/mors\/monas-plads-blev-indviet-alt-godt-kommer-til-den-der-venter\/#primaryimage","url":"https:\/\/kunmedierne.dk\/mors\/wp-content\/uploads\/2025\/08\/5.jpg","contentUrl":"https:\/\/kunmedierne.dk\/mors\/wp-content\/uploads\/2025\/08\/5.jpg","width":2000,"height":1414,"caption":"Meiner N\u00f8rgaard talte ved indvielsen af Monas Plads. Foto: Katrine Kronstrand"},{"@type":"BreadcrumbList","@id":"https:\/\/kunmedierne.dk\/mors\/monas-plads-blev-indviet-alt-godt-kommer-til-den-der-venter\/#breadcrumb","itemListElement":[{"@type":"ListItem","position":1,"name":"Hjem","item":"https:\/\/kunmedierne.dk\/mors\/"},{"@type":"ListItem","position":2,"name":"Monas Plads blev indviet: &#8211; Alt godt kommer til den, der venter"}]},{"@type":"WebSite","@id":"https:\/\/kunmedierne.dk\/mors\/#website","url":"https:\/\/kunmedierne.dk\/mors\/","name":"Mors","description":"et netmedie med journalistik om livet p\u00e5 Mors","publisher":{"@id":"https:\/\/kunmedierne.dk\/mors\/#organization"},"potentialAction":[{"@type":"SearchAction","target":{"@type":"EntryPoint","urlTemplate":"https:\/\/kunmedierne.dk\/mors\/?s={search_term_string}"},"query-input":{"@type":"PropertyValueSpecification","valueRequired":true,"valueName":"search_term_string"}}],"inLanguage":"da-DK"},{"@type":"Organization","@id":"https:\/\/kunmedierne.dk\/mors\/#organization","name":"Mors","url":"https:\/\/kunmedierne.dk\/mors\/","logo":{"@type":"ImageObject","inLanguage":"da-DK","@id":"https:\/\/kunmedierne.dk\/mors\/#\/schema\/logo\/image\/","url":"https:\/\/kunmedierne.dk\/mors\/wp-content\/uploads\/2024\/08\/kunmors-logo.svg","contentUrl":"https:\/\/kunmedierne.dk\/mors\/wp-content\/uploads\/2024\/08\/kunmors-logo.svg","caption":"Mors"},"image":{"@id":"https:\/\/kunmedierne.dk\/mors\/#\/schema\/logo\/image\/"}},{"@type":"Person","@id":"https:\/\/kunmedierne.dk\/mors\/#\/schema\/person\/41289bce3056a3e3d485ec8f09a96d28","name":"Katrine Kronstrand","image":{"@type":"ImageObject","inLanguage":"da-DK","@id":"https:\/\/kunmedierne.dk\/mors\/#\/schema\/person\/image\/","url":"https:\/\/secure.gravatar.com\/avatar\/5b3afd06fc2a282f448c39083508b630e100945e4d8eec6e2fb5d79f7596e886?s=96&d=mm&r=g","contentUrl":"https:\/\/secure.gravatar.com\/avatar\/5b3afd06fc2a282f448c39083508b630e100945e4d8eec6e2fb5d79f7596e886?s=96&d=mm&r=g","caption":"Katrine Kronstrand"},"url":"https:\/\/kunmedierne.dk\/mors\/author\/katrine-kronstrand\/"}]}},"_links":{"self":[{"href":"https:\/\/kunmedierne.dk\/mors\/wp-json\/wp\/v2\/posts\/153463","targetHints":{"allow":["GET"]}}],"collection":[{"href":"https:\/\/kunmedierne.dk\/mors\/wp-json\/wp\/v2\/posts"}],"about":[{"href":"https:\/\/kunmedierne.dk\/mors\/wp-json\/wp\/v2\/types\/post"}],"author":[{"embeddable":true,"href":"https:\/\/kunmedierne.dk\/mors\/wp-json\/wp\/v2\/users\/5146"}],"replies":[{"embeddable":true,"href":"https:\/\/kunmedierne.dk\/mors\/wp-json\/wp\/v2\/comments?post=153463"}],"version-history":[{"count":3,"href":"https:\/\/kunmedierne.dk\/mors\/wp-json\/wp\/v2\/posts\/153463\/revisions"}],"predecessor-version":[{"id":153490,"href":"https:\/\/kunmedierne.dk\/mors\/wp-json\/wp\/v2\/posts\/153463\/revisions\/153490"}],"wp:attachment":[{"href":"https:\/\/kunmedierne.dk\/mors\/wp-json\/wp\/v2\/media?parent=153463"}],"wp:term":[{"taxonomy":"category","embeddable":true,"href":"https:\/\/kunmedierne.dk\/mors\/wp-json\/wp\/v2\/categories?post=153463"},{"taxonomy":"post_tag","embeddable":true,"href":"https:\/\/kunmedierne.dk\/mors\/wp-json\/wp\/v2\/tags?post=153463"}],"curies":[{"name":"wp","href":"https:\/\/api.w.org\/{rel}","templated":true}]}}