{"id":153461,"date":"2025-08-23T12:34:44","date_gmt":"2025-08-23T10:34:44","guid":{"rendered":"https:\/\/kunmedierne.dk\/mors\/?p=153461"},"modified":"2025-08-23T15:43:28","modified_gmt":"2025-08-23T13:43:28","slug":"arbejde-lysten-til-at-moede-nye-mennesker-og-debatter-laes-mere-om-der-faar-folk-til-at-tage-til-kulturmoedet","status":"publish","type":"post","link":"https:\/\/kunmedierne.dk\/mors\/arbejde-lysten-til-at-moede-nye-mennesker-og-debatter-laes-mere-om-der-faar-folk-til-at-tage-til-kulturmoedet\/","title":{"rendered":"Arbejde, lysten til at m\u00f8de nye mennesker og debatter: L\u00e6s mere om, hvad der f\u00e5r folk til at tage til Kulturm\u00f8det"},"content":{"rendered":"<p><strong>KUlTURM\u00d8DET: <\/strong>I UngKult campen er der flere unge at finde ved halv 11-tiden. En af dem er Marius Holtze (19), der er taget hele vejen fra Solr\u00f8d Strand med flere unge fra UngKult:<\/p>\n<p>&#8211; Kultur er fedt. Jeg er med til Kulturm\u00f8det for at m\u00f8de mennesker, som ogs\u00e5 g\u00e5r op i kultur, siger Marius.<\/p>\n<a class=\"dvrt-link\" onClick=\"cdmtrack_click(104778,jQuery(this));return false\" href=\"https:\/\/vester-begr.dk\/?gclid=CjwKCAjw5Kv7BRBSEiwAXGDElQB6WMfm9CgYVrruty-I1gaOkTkC3mlA4QRDtYNsxYgVC8sNzAJ7WhoCmBsQAvD_BwE\"><img decoding=\"async\" style=\"width:100%;\" src=\"https:\/\/kunmedierne.dk\/mors\/wp-content\/uploads\/2023\/10\/260203VesterHoukaer-02022026.jpg\"><\/a><script>cdmtrack_view(104778);<\/script>\n<p>Han er klar til at v\u00e6re med i det \u00e5bne redaktionsm\u00f8de, som <a href=\"https:\/\/kunmedierne.dk\/mors\/?p=153443&amp;preview_id=153443&amp;preview_nonce=e93ec40c9c&amp;_thumbnail_id=-1&amp;preview=true\" target=\"_blank\" rel=\"noopener\">Constructive Institute st\u00e5r for<\/a>. Det ligger i UngKults del af Kulturm\u00f8det. Regnen bryder frem og opl\u00e6gget fra Constructive Institute, som han skal h\u00f8re, bliver lidt forsinket.<\/p>\n<p>&nbsp;<\/p>\n<p><b>Det f\u00f8rste Kulturm\u00f8det g\u00e5r med arbejde og forn\u00f8jelse<\/b><\/p>\n<p>Helt oppe ved begyndelsen af Kulturm\u00f8dets plads g\u00e5r Pernille Hede Muddy Jensen (34) og Mathilde Lund Larsen (34) v\u00e6k fra Folkescenen, efter Mette Frederiksen har deltaget i en samtale om \u00e5ndelig og demokratisk oprustning med Lykke Friis.<\/p>\n<p>Pernille og Mathilde er taget til Kulturm\u00f8det som en del af deres arbejde, men de ser ogs\u00e5 frem til at deltage i Kulturm\u00f8det efter det, for det er deres f\u00f8rste gang p\u00e5 Kulturm\u00f8det. Pernille Hede Moody Jensen er ansat i Nygadehuset i Aabenraa, og Mathilde Lund Larsen er daglig leder i Kulturhusene i Danmark. Mathilde gl\u00e6der sig til at:<\/p>\n<p>&#8211; Arbejde for at v\u00e6re med til at skabe rammer for Kultur Danmark, og jeg gl\u00e6der mig til at h\u00f8re mere om, hvordan kulturen er i samspil med verden.<\/p>\n<p>&#8211; Jeg gl\u00e6der mig til UngKult og at h\u00e6nge ud ved debatm\u00f8der, siger Pernille.<\/p>\n<p>&nbsp;<\/p>\n<p><strong>Vennegrupppen fra Mors<\/strong><\/p>\n<p>Der kommer masser af folk g\u00e5ende til og fra Kulturm\u00f8dets indgang. Nogle af dem, som er p\u00e5 vej mod deres venner, er Sebastian Langer (29) og Jonathan Frank (20). Lidt l\u00e6ngere fremme i menneskemylderet st\u00e5r Lauritz Boe S\u00f8rensen (23) og Tobias B\u00f8rstr\u00f8m (23). De g\u00e5r alle p\u00e5 H\u00f8jskolen Mors. For Jonathan er det et fast indslag at v\u00e6re til Kulturm\u00f8det Mors, da han kommer fra Mors. For de tre andre er det f\u00f8rste gang, de tager til Kulturm\u00f8det.<\/p>\n<a class=\"dvrt-link\" onClick=\"cdmtrack_click(114591,jQuery(this));return false\" href=\"https:\/\/www.facebook.com\/kopogkandemors\"><img decoding=\"async\" style=\"width:100%;\" src=\"https:\/\/kunmedierne.dk\/mors\/wp-content\/uploads\/2024\/03\/kop-og-kande-ja-tak-tilbud.jpg\"><\/a><script>cdmtrack_view(114591);<\/script>\n<p><em>Hvad ser I frem til p\u00e5 Kulturm\u00f8det? <\/em><\/p>\n<p>Jonathan:<\/p>\n<p>&#8211; Jeg er sp\u00e6ndt p\u00e5 at opleve endnu et Kulturm\u00f8det, og der er en god stemning.<\/p>\n<p>For Lauritz er det sjove oplevelser med mennesker, hvilket alle er enige i.<\/p>\n<p>&#8211; Jeg ser frem til de politiske debatter om kultur og konflikten i verden, siger Sebastian.<\/p>\n<p>Kulturm\u00f8det slutter med l\u00f8rdagens program.<\/p>\n","protected":false},"excerpt":{"rendered":"<p>KUlTURM\u00d8DET: I UngKult campen er der flere unge at finde ved halv 11-tiden. En af dem er Marius Holtze (19), der er taget hele vejen fra Solr\u00f8d Strand med flere unge fra UngKult: &#8211; Kultur er fedt. Jeg er med til Kulturm\u00f8det for at m\u00f8de mennesker, som ogs\u00e5 g\u00e5r op i kultur, siger Marius. Han [&hellip;]<\/p>\n","protected":false},"author":4322,"featured_media":0,"comment_status":"closed","ping_status":"closed","sticky":false,"template":"","format":"standard","meta":{"_acf_changed":false,"footnotes":""},"categories":[49,51],"tags":[162],"class_list":["post-153461","post","type-post","status-publish","format-standard","hentry","category-kultur","category-lokalt","tag-kulturmoedet"],"acf":[],"yoast_head":"<!-- This site is optimized with the Yoast SEO plugin v26.8 - https:\/\/yoast.com\/product\/yoast-seo-wordpress\/ -->\n<title>Arbejde, lysten til at m\u00f8de nye mennesker og debatter: L\u00e6s mere om, hvad der f\u00e5r folk til at tage til Kulturm\u00f8det - Mors<\/title>\n<meta name=\"robots\" content=\"index, follow, max-snippet:-1, max-image-preview:large, max-video-preview:-1\" \/>\n<link rel=\"canonical\" href=\"https:\/\/kunmedierne.dk\/mors\/arbejde-lysten-til-at-moede-nye-mennesker-og-debatter-laes-mere-om-der-faar-folk-til-at-tage-til-kulturmoedet\/\" \/>\n<meta property=\"og:locale\" content=\"da_DK\" \/>\n<meta property=\"og:type\" content=\"article\" \/>\n<meta property=\"og:title\" content=\"Arbejde, lysten til at m\u00f8de nye mennesker og debatter: L\u00e6s mere om, hvad der f\u00e5r folk til at tage til Kulturm\u00f8det - Mors\" \/>\n<meta property=\"og:description\" content=\"KUlTURM\u00d8DET: I UngKult campen er der flere unge at finde ved halv 11-tiden. En af dem er Marius Holtze (19), der er taget hele vejen fra Solr\u00f8d Strand med flere unge fra UngKult: &#8211; Kultur er fedt. Jeg er med til Kulturm\u00f8det for at m\u00f8de mennesker, som ogs\u00e5 g\u00e5r op i kultur, siger Marius. Han [&hellip;]\" \/>\n<meta property=\"og:url\" content=\"https:\/\/kunmedierne.dk\/mors\/arbejde-lysten-til-at-moede-nye-mennesker-og-debatter-laes-mere-om-der-faar-folk-til-at-tage-til-kulturmoedet\/\" \/>\n<meta property=\"og:site_name\" content=\"Mors\" \/>\n<meta property=\"article:published_time\" content=\"2025-08-23T10:34:44+00:00\" \/>\n<meta property=\"article:modified_time\" content=\"2025-08-23T13:43:28+00:00\" \/>\n<meta name=\"author\" content=\"Anna Sofie L. Millardet\" \/>\n<meta name=\"twitter:card\" content=\"summary_large_image\" \/>\n<meta name=\"twitter:label1\" content=\"Skrevet af\" \/>\n\t<meta name=\"twitter:data1\" content=\"Anna Sofie L. Millardet\" \/>\n\t<meta name=\"twitter:label2\" content=\"Estimeret l\u00e6setid\" \/>\n\t<meta name=\"twitter:data2\" content=\"3 minutter\" \/>\n<script type=\"application\/ld+json\" class=\"yoast-schema-graph\">{\"@context\":\"https:\/\/schema.org\",\"@graph\":[{\"@type\":\"Article\",\"@id\":\"https:\/\/kunmedierne.dk\/mors\/arbejde-lysten-til-at-moede-nye-mennesker-og-debatter-laes-mere-om-der-faar-folk-til-at-tage-til-kulturmoedet\/#article\",\"isPartOf\":{\"@id\":\"https:\/\/kunmedierne.dk\/mors\/arbejde-lysten-til-at-moede-nye-mennesker-og-debatter-laes-mere-om-der-faar-folk-til-at-tage-til-kulturmoedet\/\"},\"author\":{\"name\":\"Anna Sofie L. Millardet\",\"@id\":\"https:\/\/kunmedierne.dk\/mors\/#\/schema\/person\/5ce65b2f425c5239e1b5904a46b0fc55\"},\"headline\":\"Arbejde, lysten til at m\u00f8de nye mennesker og debatter: L\u00e6s mere om, hvad der f\u00e5r folk til at tage til Kulturm\u00f8det\",\"datePublished\":\"2025-08-23T10:34:44+00:00\",\"dateModified\":\"2025-08-23T13:43:28+00:00\",\"mainEntityOfPage\":{\"@id\":\"https:\/\/kunmedierne.dk\/mors\/arbejde-lysten-til-at-moede-nye-mennesker-og-debatter-laes-mere-om-der-faar-folk-til-at-tage-til-kulturmoedet\/\"},\"wordCount\":449,\"publisher\":{\"@id\":\"https:\/\/kunmedierne.dk\/mors\/#organization\"},\"keywords\":[\"Kulturm\u00f8det\"],\"articleSection\":[\"Kultur\",\"Lokalt\"],\"inLanguage\":\"da-DK\"},{\"@type\":\"WebPage\",\"@id\":\"https:\/\/kunmedierne.dk\/mors\/arbejde-lysten-til-at-moede-nye-mennesker-og-debatter-laes-mere-om-der-faar-folk-til-at-tage-til-kulturmoedet\/\",\"url\":\"https:\/\/kunmedierne.dk\/mors\/arbejde-lysten-til-at-moede-nye-mennesker-og-debatter-laes-mere-om-der-faar-folk-til-at-tage-til-kulturmoedet\/\",\"name\":\"Arbejde, lysten til at m\u00f8de nye mennesker og debatter: L\u00e6s mere om, hvad der f\u00e5r folk til at tage til Kulturm\u00f8det - Mors\",\"isPartOf\":{\"@id\":\"https:\/\/kunmedierne.dk\/mors\/#website\"},\"datePublished\":\"2025-08-23T10:34:44+00:00\",\"dateModified\":\"2025-08-23T13:43:28+00:00\",\"breadcrumb\":{\"@id\":\"https:\/\/kunmedierne.dk\/mors\/arbejde-lysten-til-at-moede-nye-mennesker-og-debatter-laes-mere-om-der-faar-folk-til-at-tage-til-kulturmoedet\/#breadcrumb\"},\"inLanguage\":\"da-DK\",\"potentialAction\":[{\"@type\":\"ReadAction\",\"target\":[\"https:\/\/kunmedierne.dk\/mors\/arbejde-lysten-til-at-moede-nye-mennesker-og-debatter-laes-mere-om-der-faar-folk-til-at-tage-til-kulturmoedet\/\"]}]},{\"@type\":\"BreadcrumbList\",\"@id\":\"https:\/\/kunmedierne.dk\/mors\/arbejde-lysten-til-at-moede-nye-mennesker-og-debatter-laes-mere-om-der-faar-folk-til-at-tage-til-kulturmoedet\/#breadcrumb\",\"itemListElement\":[{\"@type\":\"ListItem\",\"position\":1,\"name\":\"Hjem\",\"item\":\"https:\/\/kunmedierne.dk\/mors\/\"},{\"@type\":\"ListItem\",\"position\":2,\"name\":\"Arbejde, lysten til at m\u00f8de nye mennesker og debatter: L\u00e6s mere om, hvad der f\u00e5r folk til at tage til Kulturm\u00f8det\"}]},{\"@type\":\"WebSite\",\"@id\":\"https:\/\/kunmedierne.dk\/mors\/#website\",\"url\":\"https:\/\/kunmedierne.dk\/mors\/\",\"name\":\"Mors\",\"description\":\"et netmedie med journalistik om livet p\u00e5 Mors\",\"publisher\":{\"@id\":\"https:\/\/kunmedierne.dk\/mors\/#organization\"},\"potentialAction\":[{\"@type\":\"SearchAction\",\"target\":{\"@type\":\"EntryPoint\",\"urlTemplate\":\"https:\/\/kunmedierne.dk\/mors\/?s={search_term_string}\"},\"query-input\":{\"@type\":\"PropertyValueSpecification\",\"valueRequired\":true,\"valueName\":\"search_term_string\"}}],\"inLanguage\":\"da-DK\"},{\"@type\":\"Organization\",\"@id\":\"https:\/\/kunmedierne.dk\/mors\/#organization\",\"name\":\"Mors\",\"url\":\"https:\/\/kunmedierne.dk\/mors\/\",\"logo\":{\"@type\":\"ImageObject\",\"inLanguage\":\"da-DK\",\"@id\":\"https:\/\/kunmedierne.dk\/mors\/#\/schema\/logo\/image\/\",\"url\":\"https:\/\/kunmedierne.dk\/mors\/wp-content\/uploads\/2024\/08\/kunmors-logo.svg\",\"contentUrl\":\"https:\/\/kunmedierne.dk\/mors\/wp-content\/uploads\/2024\/08\/kunmors-logo.svg\",\"caption\":\"Mors\"},\"image\":{\"@id\":\"https:\/\/kunmedierne.dk\/mors\/#\/schema\/logo\/image\/\"}},{\"@type\":\"Person\",\"@id\":\"https:\/\/kunmedierne.dk\/mors\/#\/schema\/person\/5ce65b2f425c5239e1b5904a46b0fc55\",\"name\":\"Anna Sofie L. Millardet\",\"image\":{\"@type\":\"ImageObject\",\"inLanguage\":\"da-DK\",\"@id\":\"https:\/\/kunmedierne.dk\/mors\/#\/schema\/person\/image\/\",\"url\":\"https:\/\/secure.gravatar.com\/avatar\/06ed27cc9531ba66cd23ad132b530867168736fd8766f9b8dbc38090a0f7ab1d?s=96&d=mm&r=g\",\"contentUrl\":\"https:\/\/secure.gravatar.com\/avatar\/06ed27cc9531ba66cd23ad132b530867168736fd8766f9b8dbc38090a0f7ab1d?s=96&d=mm&r=g\",\"caption\":\"Anna Sofie L. Millardet\"},\"url\":\"https:\/\/kunmedierne.dk\/mors\/author\/anna\/\"}]}<\/script>\n<!-- \/ Yoast SEO plugin. -->","yoast_head_json":{"title":"Arbejde, lysten til at m\u00f8de nye mennesker og debatter: L\u00e6s mere om, hvad der f\u00e5r folk til at tage til Kulturm\u00f8det - Mors","robots":{"index":"index","follow":"follow","max-snippet":"max-snippet:-1","max-image-preview":"max-image-preview:large","max-video-preview":"max-video-preview:-1"},"canonical":"https:\/\/kunmedierne.dk\/mors\/arbejde-lysten-til-at-moede-nye-mennesker-og-debatter-laes-mere-om-der-faar-folk-til-at-tage-til-kulturmoedet\/","og_locale":"da_DK","og_type":"article","og_title":"Arbejde, lysten til at m\u00f8de nye mennesker og debatter: L\u00e6s mere om, hvad der f\u00e5r folk til at tage til Kulturm\u00f8det - Mors","og_description":"KUlTURM\u00d8DET: I UngKult campen er der flere unge at finde ved halv 11-tiden. En af dem er Marius Holtze (19), der er taget hele vejen fra Solr\u00f8d Strand med flere unge fra UngKult: &#8211; Kultur er fedt. Jeg er med til Kulturm\u00f8det for at m\u00f8de mennesker, som ogs\u00e5 g\u00e5r op i kultur, siger Marius. Han [&hellip;]","og_url":"https:\/\/kunmedierne.dk\/mors\/arbejde-lysten-til-at-moede-nye-mennesker-og-debatter-laes-mere-om-der-faar-folk-til-at-tage-til-kulturmoedet\/","og_site_name":"Mors","article_published_time":"2025-08-23T10:34:44+00:00","article_modified_time":"2025-08-23T13:43:28+00:00","author":"Anna Sofie L. Millardet","twitter_card":"summary_large_image","twitter_misc":{"Skrevet af":"Anna Sofie L. Millardet","Estimeret l\u00e6setid":"3 minutter"},"schema":{"@context":"https:\/\/schema.org","@graph":[{"@type":"Article","@id":"https:\/\/kunmedierne.dk\/mors\/arbejde-lysten-til-at-moede-nye-mennesker-og-debatter-laes-mere-om-der-faar-folk-til-at-tage-til-kulturmoedet\/#article","isPartOf":{"@id":"https:\/\/kunmedierne.dk\/mors\/arbejde-lysten-til-at-moede-nye-mennesker-og-debatter-laes-mere-om-der-faar-folk-til-at-tage-til-kulturmoedet\/"},"author":{"name":"Anna Sofie L. Millardet","@id":"https:\/\/kunmedierne.dk\/mors\/#\/schema\/person\/5ce65b2f425c5239e1b5904a46b0fc55"},"headline":"Arbejde, lysten til at m\u00f8de nye mennesker og debatter: L\u00e6s mere om, hvad der f\u00e5r folk til at tage til Kulturm\u00f8det","datePublished":"2025-08-23T10:34:44+00:00","dateModified":"2025-08-23T13:43:28+00:00","mainEntityOfPage":{"@id":"https:\/\/kunmedierne.dk\/mors\/arbejde-lysten-til-at-moede-nye-mennesker-og-debatter-laes-mere-om-der-faar-folk-til-at-tage-til-kulturmoedet\/"},"wordCount":449,"publisher":{"@id":"https:\/\/kunmedierne.dk\/mors\/#organization"},"keywords":["Kulturm\u00f8det"],"articleSection":["Kultur","Lokalt"],"inLanguage":"da-DK"},{"@type":"WebPage","@id":"https:\/\/kunmedierne.dk\/mors\/arbejde-lysten-til-at-moede-nye-mennesker-og-debatter-laes-mere-om-der-faar-folk-til-at-tage-til-kulturmoedet\/","url":"https:\/\/kunmedierne.dk\/mors\/arbejde-lysten-til-at-moede-nye-mennesker-og-debatter-laes-mere-om-der-faar-folk-til-at-tage-til-kulturmoedet\/","name":"Arbejde, lysten til at m\u00f8de nye mennesker og debatter: L\u00e6s mere om, hvad der f\u00e5r folk til at tage til Kulturm\u00f8det - Mors","isPartOf":{"@id":"https:\/\/kunmedierne.dk\/mors\/#website"},"datePublished":"2025-08-23T10:34:44+00:00","dateModified":"2025-08-23T13:43:28+00:00","breadcrumb":{"@id":"https:\/\/kunmedierne.dk\/mors\/arbejde-lysten-til-at-moede-nye-mennesker-og-debatter-laes-mere-om-der-faar-folk-til-at-tage-til-kulturmoedet\/#breadcrumb"},"inLanguage":"da-DK","potentialAction":[{"@type":"ReadAction","target":["https:\/\/kunmedierne.dk\/mors\/arbejde-lysten-til-at-moede-nye-mennesker-og-debatter-laes-mere-om-der-faar-folk-til-at-tage-til-kulturmoedet\/"]}]},{"@type":"BreadcrumbList","@id":"https:\/\/kunmedierne.dk\/mors\/arbejde-lysten-til-at-moede-nye-mennesker-og-debatter-laes-mere-om-der-faar-folk-til-at-tage-til-kulturmoedet\/#breadcrumb","itemListElement":[{"@type":"ListItem","position":1,"name":"Hjem","item":"https:\/\/kunmedierne.dk\/mors\/"},{"@type":"ListItem","position":2,"name":"Arbejde, lysten til at m\u00f8de nye mennesker og debatter: L\u00e6s mere om, hvad der f\u00e5r folk til at tage til Kulturm\u00f8det"}]},{"@type":"WebSite","@id":"https:\/\/kunmedierne.dk\/mors\/#website","url":"https:\/\/kunmedierne.dk\/mors\/","name":"Mors","description":"et netmedie med journalistik om livet p\u00e5 Mors","publisher":{"@id":"https:\/\/kunmedierne.dk\/mors\/#organization"},"potentialAction":[{"@type":"SearchAction","target":{"@type":"EntryPoint","urlTemplate":"https:\/\/kunmedierne.dk\/mors\/?s={search_term_string}"},"query-input":{"@type":"PropertyValueSpecification","valueRequired":true,"valueName":"search_term_string"}}],"inLanguage":"da-DK"},{"@type":"Organization","@id":"https:\/\/kunmedierne.dk\/mors\/#organization","name":"Mors","url":"https:\/\/kunmedierne.dk\/mors\/","logo":{"@type":"ImageObject","inLanguage":"da-DK","@id":"https:\/\/kunmedierne.dk\/mors\/#\/schema\/logo\/image\/","url":"https:\/\/kunmedierne.dk\/mors\/wp-content\/uploads\/2024\/08\/kunmors-logo.svg","contentUrl":"https:\/\/kunmedierne.dk\/mors\/wp-content\/uploads\/2024\/08\/kunmors-logo.svg","caption":"Mors"},"image":{"@id":"https:\/\/kunmedierne.dk\/mors\/#\/schema\/logo\/image\/"}},{"@type":"Person","@id":"https:\/\/kunmedierne.dk\/mors\/#\/schema\/person\/5ce65b2f425c5239e1b5904a46b0fc55","name":"Anna Sofie L. Millardet","image":{"@type":"ImageObject","inLanguage":"da-DK","@id":"https:\/\/kunmedierne.dk\/mors\/#\/schema\/person\/image\/","url":"https:\/\/secure.gravatar.com\/avatar\/06ed27cc9531ba66cd23ad132b530867168736fd8766f9b8dbc38090a0f7ab1d?s=96&d=mm&r=g","contentUrl":"https:\/\/secure.gravatar.com\/avatar\/06ed27cc9531ba66cd23ad132b530867168736fd8766f9b8dbc38090a0f7ab1d?s=96&d=mm&r=g","caption":"Anna Sofie L. Millardet"},"url":"https:\/\/kunmedierne.dk\/mors\/author\/anna\/"}]}},"_links":{"self":[{"href":"https:\/\/kunmedierne.dk\/mors\/wp-json\/wp\/v2\/posts\/153461","targetHints":{"allow":["GET"]}}],"collection":[{"href":"https:\/\/kunmedierne.dk\/mors\/wp-json\/wp\/v2\/posts"}],"about":[{"href":"https:\/\/kunmedierne.dk\/mors\/wp-json\/wp\/v2\/types\/post"}],"author":[{"embeddable":true,"href":"https:\/\/kunmedierne.dk\/mors\/wp-json\/wp\/v2\/users\/4322"}],"replies":[{"embeddable":true,"href":"https:\/\/kunmedierne.dk\/mors\/wp-json\/wp\/v2\/comments?post=153461"}],"version-history":[{"count":8,"href":"https:\/\/kunmedierne.dk\/mors\/wp-json\/wp\/v2\/posts\/153461\/revisions"}],"predecessor-version":[{"id":153590,"href":"https:\/\/kunmedierne.dk\/mors\/wp-json\/wp\/v2\/posts\/153461\/revisions\/153590"}],"wp:attachment":[{"href":"https:\/\/kunmedierne.dk\/mors\/wp-json\/wp\/v2\/media?parent=153461"}],"wp:term":[{"taxonomy":"category","embeddable":true,"href":"https:\/\/kunmedierne.dk\/mors\/wp-json\/wp\/v2\/categories?post=153461"},{"taxonomy":"post_tag","embeddable":true,"href":"https:\/\/kunmedierne.dk\/mors\/wp-json\/wp\/v2\/tags?post=153461"}],"curies":[{"name":"wp","href":"https:\/\/api.w.org\/{rel}","templated":true}]}}