{"id":153443,"date":"2025-08-22T11:02:10","date_gmt":"2025-08-22T09:02:10","guid":{"rendered":"https:\/\/kunmedierne.dk\/mors\/?p=153443"},"modified":"2025-08-29T19:52:28","modified_gmt":"2025-08-29T17:52:28","slug":"spoergsmaal-og-refleksioner-hjaelper-fire-gymnasieelever-med-at-lave-journalistik-paa-kulturmoedet","status":"publish","type":"post","link":"https:\/\/kunmedierne.dk\/mors\/spoergsmaal-og-refleksioner-hjaelper-fire-gymnasieelever-med-at-lave-journalistik-paa-kulturmoedet\/","title":{"rendered":"Sp\u00f8rgsm\u00e5l og refleksioner hj\u00e6lper fire gymnasieelever med at lave journalistik p\u00e5 Kulturm\u00f8det"},"content":{"rendered":"<p><strong>KULTURM\u00d8DET: <\/strong>Et stykke v\u00e6k fra Kulturm\u00f8det holder Ung Kult til. Inde i en container st\u00e5r en r\u00f8d sofa og en bl\u00f8d, r\u00f8d stol. Der er sorte sl\u00e5 ud stole, som bliver fyldt med vand, da regnen begynder at falde. Kl. 10.30 d. 21. august l\u00e6gger Containeren hus til et \u00e5bent redaktionsm\u00f8de, som kl\u00e6der fire gymnasieelever p\u00e5 til at finde historier og lave videoer p\u00e5 Kulturm\u00f8det. De fire gymnasieelever s\u00e6tter sig til rette i sofaen, mens Sonja Morell Lundorff (30) modererer opl\u00e6gget. Omkring 15 personer er m\u00f8dt op. De fremm\u00f8dte sp\u00e6nder fra 19 \u00e5r til omkring de 40 \u00e5r.<\/p>\n<a class=\"dvrt-link\" onClick=\"cdmtrack_click(104779,jQuery(this));return false\" href=\"https:\/\/morsoe-begravelsesforretning.dk\/\"><img decoding=\"async\" style=\"width:100%;\" src=\"https:\/\/kunmedierne.dk\/mors\/wp-content\/uploads\/2023\/11\/251215-morsoe-begravelsesforretning.jpg\"><\/a><script>cdmtrack_view(104779);<\/script>\n<p>Sonja leder publikum igennem mange sp\u00f8rgsm\u00e5l, for at f\u00e5 dem til at t\u00e6nke over deres medievaner. Sonja arbejder som projektkoordinator p\u00e5 Constructive Insititute. Opl\u00e6gget, der fungerer som et \u00e5bent redaktionsm\u00f8de, er vigtigt, fordi der skal v\u00e6re plads til de unge i medierne:<\/p>\n<p>&#8211; De unges perspektiv skal blive h\u00f8rt, for det er der v\u00e6rdi i. Journalistikken skal give plads til dem og deres id\u00e9er, siger Sonja.<\/p>\n<p>Constructive Institute l\u00e6gger v\u00e6gt p\u00e5 konstruktiv journalistik, som fokuserer p\u00e5 l\u00f8sninger, nuancer og den demokratiske samtale. Missionen er at \u00e6ndre nyhedskulturen og hj\u00e6lpe demokratiet, for konstruktiv journalistik er en m\u00e5de, at f\u00e5 flere til at f\u00f8lge med i nyhederne. Constructive Institute ligger i Aarhus, og de hj\u00e6lper blandt andet journalister og nyhedsorganisationer med at bruge konstruktiv journalistik.<\/p>\n<p><strong>Redaktionsm\u00f8det g\u00e5r i gang, og de sociale medier bliver debatteret<\/strong><\/p>\n<p>Sonja sp\u00f8rger for eksempel om hvem der l\u00e6ser nyheder p\u00e5 daglig basis. S\u00e5 tager publikum, de udleverede r\u00f8de og gr\u00f8nne papirer for at svare ja eller nej til sp\u00f8rgsm\u00e5let. Teltet i n\u00e6rheden har gang i en musikquiz, og tonerne blander sig ind i samtalen.<\/p>\n<a class=\"dvrt-link\" onClick=\"cdmtrack_click(111725,jQuery(this));return false\" href=\"https:\/\/www.thistedforsikring.dk\/?utm_source=partnerskaber&amp;utm_campaign=kun_mors\"><img decoding=\"async\" style=\"width:100%;\" src=\"https:\/\/kunmedierne.dk\/mors\/wp-content\/uploads\/2024\/02\/269409KunMors-ThistedFor-1.png\"><\/a><script>cdmtrack_view(111725);<\/script>\n<p>Der bliver stillet flere sp\u00f8rgsm\u00e5l, men meget af tiden g\u00e5r med at tale om de sociale medier:<\/p>\n<p>&#8211; Hvad er ulemper og fordele ved at f\u00e5 nyheder fra sociale medier, sp\u00f8rger Sonja.<\/p>\n<p>Gustav Aiken, der er en del af UngKult, og Sor\u00f8s Ungdomsprojekt siger:<\/p>\n<p>&#8211; Sociale medier kan hj\u00e6lpe nyheder p\u00e5 vej, fx i Gaza. Der kommer mere ud.<\/p>\n<a class=\"dvrt-link\" onClick=\"cdmtrack_click(104787,jQuery(this));return false\" href=\"https:\/\/www.jyskebank.dk\/kontakt\/afdelingsinfo?departmentid=11890\"><img decoding=\"async\" style=\"width:100%;\" src=\"https:\/\/kunmedierne.dk\/mors\/wp-content\/uploads\/2023\/10\/260325JyskeBankMorsNy-1.jpg\"><\/a><script>cdmtrack_view(104787);<\/script>\n<p>Leander Nilsen kommer med sit syn:<\/p>\n<p>&#8211; Kvalitetssikring forsvinder p\u00e5 de sociale medier. Nyhederne er som regel kortfattede, og der er risiko for, at de ikke er faktatjekkede.<\/p>\n<p>Sonja betoner vigtigheden af at betale for nyheder, for journalistik koster penge at lave.<\/p>\n<p>&nbsp;<\/p>\n<p><strong>Gymnasieeleverne gl\u00e6der sig til at lave journalistik <\/strong><\/p>\n<p>Musikquizzen er ved at v\u00e6re slut, og der er mere stille.<\/p>\n<p>Til slut er det tid til at id\u00e9udvikle. Sonja siger:<\/p>\n<p>&#8211; Vi skal komme p\u00e5 id\u00e9er i dag, som vi skal d\u00e6kke fra Kulturm\u00f8det. Hvad gl\u00e6der I jer mest til?<\/p>\n<p>Folk summer, og der bliver talt om koncerter, debatter, m\u00f8der med nye mennesker. Jeg skal have kigget programmet igennem, siger en af de fremm\u00f8dte.<\/p>\n<a class=\"dvrt-link\" onClick=\"cdmtrack_click(147315,jQuery(this));return false\" href=\"https:\/\/sdrhaa.dk\/\"><img decoding=\"async\" style=\"width:100%;\" src=\"https:\/\/kunmedierne.dk\/mors\/wp-content\/uploads\/2025\/05\/260302Sdr-HaaDin-gebyrvenlige-sparekasse_mors-002.gif\"><\/a><script>cdmtrack_view(147315);<\/script>\n<p>Vinder bl\u00e6ser i papirlamperne, der h\u00e6nger i containerne, og Sonja siger:<\/p>\n<p>&#8211; Tak for denne gang. Og husk at skrive jeres id\u00e9er ned.<\/p>\n<p>Flere g\u00e5r hen til et gr\u00f8nt stykke pap, som st\u00e5r oppe. Foran det ligger der post-its og kuglepenne, og publikum skriver deres id\u00e9er ned. Solen bryder helt igennem ved halv 12-tiden.<\/p>\n<p>Gymnasieeleverne fra Mors\u00f8 Gymnasium Sofie Heise (18), Kirstine Fisker Aggerholm (18), Ella Smed (17) og Sille Kokkede (17) er snart p\u00e5 vej videre til Kulturm\u00f8det. De meldte sig til, fordi de alle syntes, det l\u00f8d fedt, og de gl\u00e6der sig til at komme ud p\u00e5 Kulturm\u00f8det og lave journalistik.<\/p>\n<blockquote>\n<h3>Kort om Constructive Insititutes projekt \u2019Demokratisk Mobilisering af N\u00e6ste Generation\u2019<\/h3>\n<h4>Det \u00e5bne redaktionsm\u00f8de p\u00e5 Kulturm\u00f8det er et af Constructive Institutes events, som er med i projektet. I de kommende tre \u00e5r vil Constructive Insititute bes\u00f8ge ungdomsuddannelser for at styrke kendskabet til journalistikken, og hvad journalistikken betyder for demokratiet.<\/h4>\n<\/blockquote>\n","protected":false},"excerpt":{"rendered":"<p>KULTURM\u00d8DET: Et stykke v\u00e6k fra Kulturm\u00f8det holder Ung Kult til. Inde i en container st\u00e5r en r\u00f8d sofa og en bl\u00f8d, r\u00f8d stol. Der er sorte sl\u00e5 ud stole, som bliver fyldt med vand, da regnen begynder at falde. Kl. 10.30 d. 21. august l\u00e6gger Containeren hus til et \u00e5bent redaktionsm\u00f8de, som kl\u00e6der fire gymnasieelever [&hellip;]<\/p>\n","protected":false},"author":4322,"featured_media":0,"comment_status":"closed","ping_status":"closed","sticky":false,"template":"","format":"standard","meta":{"_acf_changed":false,"footnotes":""},"categories":[49,51],"tags":[162],"class_list":["post-153443","post","type-post","status-publish","format-standard","hentry","category-kultur","category-lokalt","tag-kulturmoedet"],"acf":[],"yoast_head":"<!-- This site is optimized with the Yoast SEO plugin v26.8 - https:\/\/yoast.com\/product\/yoast-seo-wordpress\/ -->\n<title>Sp\u00f8rgsm\u00e5l og refleksioner hj\u00e6lper fire gymnasieelever med at lave journalistik p\u00e5 Kulturm\u00f8det - Mors<\/title>\n<meta name=\"robots\" content=\"index, follow, max-snippet:-1, max-image-preview:large, max-video-preview:-1\" \/>\n<link rel=\"canonical\" href=\"https:\/\/kunmedierne.dk\/mors\/spoergsmaal-og-refleksioner-hjaelper-fire-gymnasieelever-med-at-lave-journalistik-paa-kulturmoedet\/\" \/>\n<meta property=\"og:locale\" content=\"da_DK\" \/>\n<meta property=\"og:type\" content=\"article\" \/>\n<meta property=\"og:title\" content=\"Sp\u00f8rgsm\u00e5l og refleksioner hj\u00e6lper fire gymnasieelever med at lave journalistik p\u00e5 Kulturm\u00f8det - Mors\" \/>\n<meta property=\"og:description\" content=\"KULTURM\u00d8DET: Et stykke v\u00e6k fra Kulturm\u00f8det holder Ung Kult til. Inde i en container st\u00e5r en r\u00f8d sofa og en bl\u00f8d, r\u00f8d stol. Der er sorte sl\u00e5 ud stole, som bliver fyldt med vand, da regnen begynder at falde. Kl. 10.30 d. 21. august l\u00e6gger Containeren hus til et \u00e5bent redaktionsm\u00f8de, som kl\u00e6der fire gymnasieelever [&hellip;]\" \/>\n<meta property=\"og:url\" content=\"https:\/\/kunmedierne.dk\/mors\/spoergsmaal-og-refleksioner-hjaelper-fire-gymnasieelever-med-at-lave-journalistik-paa-kulturmoedet\/\" \/>\n<meta property=\"og:site_name\" content=\"Mors\" \/>\n<meta property=\"article:published_time\" content=\"2025-08-22T09:02:10+00:00\" \/>\n<meta property=\"article:modified_time\" content=\"2025-08-29T17:52:28+00:00\" \/>\n<meta name=\"author\" content=\"Anna Sofie L. Millardet\" \/>\n<meta name=\"twitter:card\" content=\"summary_large_image\" \/>\n<meta name=\"twitter:label1\" content=\"Skrevet af\" \/>\n\t<meta name=\"twitter:data1\" content=\"Anna Sofie L. Millardet\" \/>\n\t<meta name=\"twitter:label2\" content=\"Estimeret l\u00e6setid\" \/>\n\t<meta name=\"twitter:data2\" content=\"4 minutter\" \/>\n<script type=\"application\/ld+json\" class=\"yoast-schema-graph\">{\"@context\":\"https:\/\/schema.org\",\"@graph\":[{\"@type\":\"Article\",\"@id\":\"https:\/\/kunmedierne.dk\/mors\/spoergsmaal-og-refleksioner-hjaelper-fire-gymnasieelever-med-at-lave-journalistik-paa-kulturmoedet\/#article\",\"isPartOf\":{\"@id\":\"https:\/\/kunmedierne.dk\/mors\/spoergsmaal-og-refleksioner-hjaelper-fire-gymnasieelever-med-at-lave-journalistik-paa-kulturmoedet\/\"},\"author\":{\"name\":\"Anna Sofie L. Millardet\",\"@id\":\"https:\/\/kunmedierne.dk\/mors\/#\/schema\/person\/5ce65b2f425c5239e1b5904a46b0fc55\"},\"headline\":\"Sp\u00f8rgsm\u00e5l og refleksioner hj\u00e6lper fire gymnasieelever med at lave journalistik p\u00e5 Kulturm\u00f8det\",\"datePublished\":\"2025-08-22T09:02:10+00:00\",\"dateModified\":\"2025-08-29T17:52:28+00:00\",\"mainEntityOfPage\":{\"@id\":\"https:\/\/kunmedierne.dk\/mors\/spoergsmaal-og-refleksioner-hjaelper-fire-gymnasieelever-med-at-lave-journalistik-paa-kulturmoedet\/\"},\"wordCount\":685,\"publisher\":{\"@id\":\"https:\/\/kunmedierne.dk\/mors\/#organization\"},\"keywords\":[\"Kulturm\u00f8det\"],\"articleSection\":[\"Kultur\",\"Lokalt\"],\"inLanguage\":\"da-DK\"},{\"@type\":\"WebPage\",\"@id\":\"https:\/\/kunmedierne.dk\/mors\/spoergsmaal-og-refleksioner-hjaelper-fire-gymnasieelever-med-at-lave-journalistik-paa-kulturmoedet\/\",\"url\":\"https:\/\/kunmedierne.dk\/mors\/spoergsmaal-og-refleksioner-hjaelper-fire-gymnasieelever-med-at-lave-journalistik-paa-kulturmoedet\/\",\"name\":\"Sp\u00f8rgsm\u00e5l og refleksioner hj\u00e6lper fire gymnasieelever med at lave journalistik p\u00e5 Kulturm\u00f8det - Mors\",\"isPartOf\":{\"@id\":\"https:\/\/kunmedierne.dk\/mors\/#website\"},\"datePublished\":\"2025-08-22T09:02:10+00:00\",\"dateModified\":\"2025-08-29T17:52:28+00:00\",\"breadcrumb\":{\"@id\":\"https:\/\/kunmedierne.dk\/mors\/spoergsmaal-og-refleksioner-hjaelper-fire-gymnasieelever-med-at-lave-journalistik-paa-kulturmoedet\/#breadcrumb\"},\"inLanguage\":\"da-DK\",\"potentialAction\":[{\"@type\":\"ReadAction\",\"target\":[\"https:\/\/kunmedierne.dk\/mors\/spoergsmaal-og-refleksioner-hjaelper-fire-gymnasieelever-med-at-lave-journalistik-paa-kulturmoedet\/\"]}]},{\"@type\":\"BreadcrumbList\",\"@id\":\"https:\/\/kunmedierne.dk\/mors\/spoergsmaal-og-refleksioner-hjaelper-fire-gymnasieelever-med-at-lave-journalistik-paa-kulturmoedet\/#breadcrumb\",\"itemListElement\":[{\"@type\":\"ListItem\",\"position\":1,\"name\":\"Hjem\",\"item\":\"https:\/\/kunmedierne.dk\/mors\/\"},{\"@type\":\"ListItem\",\"position\":2,\"name\":\"Sp\u00f8rgsm\u00e5l og refleksioner hj\u00e6lper fire gymnasieelever med at lave journalistik p\u00e5 Kulturm\u00f8det\"}]},{\"@type\":\"WebSite\",\"@id\":\"https:\/\/kunmedierne.dk\/mors\/#website\",\"url\":\"https:\/\/kunmedierne.dk\/mors\/\",\"name\":\"Mors\",\"description\":\"et netmedie med journalistik om livet p\u00e5 Mors\",\"publisher\":{\"@id\":\"https:\/\/kunmedierne.dk\/mors\/#organization\"},\"potentialAction\":[{\"@type\":\"SearchAction\",\"target\":{\"@type\":\"EntryPoint\",\"urlTemplate\":\"https:\/\/kunmedierne.dk\/mors\/?s={search_term_string}\"},\"query-input\":{\"@type\":\"PropertyValueSpecification\",\"valueRequired\":true,\"valueName\":\"search_term_string\"}}],\"inLanguage\":\"da-DK\"},{\"@type\":\"Organization\",\"@id\":\"https:\/\/kunmedierne.dk\/mors\/#organization\",\"name\":\"Mors\",\"url\":\"https:\/\/kunmedierne.dk\/mors\/\",\"logo\":{\"@type\":\"ImageObject\",\"inLanguage\":\"da-DK\",\"@id\":\"https:\/\/kunmedierne.dk\/mors\/#\/schema\/logo\/image\/\",\"url\":\"https:\/\/kunmedierne.dk\/mors\/wp-content\/uploads\/2024\/08\/kunmors-logo.svg\",\"contentUrl\":\"https:\/\/kunmedierne.dk\/mors\/wp-content\/uploads\/2024\/08\/kunmors-logo.svg\",\"caption\":\"Mors\"},\"image\":{\"@id\":\"https:\/\/kunmedierne.dk\/mors\/#\/schema\/logo\/image\/\"}},{\"@type\":\"Person\",\"@id\":\"https:\/\/kunmedierne.dk\/mors\/#\/schema\/person\/5ce65b2f425c5239e1b5904a46b0fc55\",\"name\":\"Anna Sofie L. Millardet\",\"image\":{\"@type\":\"ImageObject\",\"inLanguage\":\"da-DK\",\"@id\":\"https:\/\/kunmedierne.dk\/mors\/#\/schema\/person\/image\/\",\"url\":\"https:\/\/secure.gravatar.com\/avatar\/06ed27cc9531ba66cd23ad132b530867168736fd8766f9b8dbc38090a0f7ab1d?s=96&d=mm&r=g\",\"contentUrl\":\"https:\/\/secure.gravatar.com\/avatar\/06ed27cc9531ba66cd23ad132b530867168736fd8766f9b8dbc38090a0f7ab1d?s=96&d=mm&r=g\",\"caption\":\"Anna Sofie L. Millardet\"},\"url\":\"https:\/\/kunmedierne.dk\/mors\/author\/anna\/\"}]}<\/script>\n<!-- \/ Yoast SEO plugin. -->","yoast_head_json":{"title":"Sp\u00f8rgsm\u00e5l og refleksioner hj\u00e6lper fire gymnasieelever med at lave journalistik p\u00e5 Kulturm\u00f8det - Mors","robots":{"index":"index","follow":"follow","max-snippet":"max-snippet:-1","max-image-preview":"max-image-preview:large","max-video-preview":"max-video-preview:-1"},"canonical":"https:\/\/kunmedierne.dk\/mors\/spoergsmaal-og-refleksioner-hjaelper-fire-gymnasieelever-med-at-lave-journalistik-paa-kulturmoedet\/","og_locale":"da_DK","og_type":"article","og_title":"Sp\u00f8rgsm\u00e5l og refleksioner hj\u00e6lper fire gymnasieelever med at lave journalistik p\u00e5 Kulturm\u00f8det - Mors","og_description":"KULTURM\u00d8DET: Et stykke v\u00e6k fra Kulturm\u00f8det holder Ung Kult til. Inde i en container st\u00e5r en r\u00f8d sofa og en bl\u00f8d, r\u00f8d stol. Der er sorte sl\u00e5 ud stole, som bliver fyldt med vand, da regnen begynder at falde. Kl. 10.30 d. 21. august l\u00e6gger Containeren hus til et \u00e5bent redaktionsm\u00f8de, som kl\u00e6der fire gymnasieelever [&hellip;]","og_url":"https:\/\/kunmedierne.dk\/mors\/spoergsmaal-og-refleksioner-hjaelper-fire-gymnasieelever-med-at-lave-journalistik-paa-kulturmoedet\/","og_site_name":"Mors","article_published_time":"2025-08-22T09:02:10+00:00","article_modified_time":"2025-08-29T17:52:28+00:00","author":"Anna Sofie L. Millardet","twitter_card":"summary_large_image","twitter_misc":{"Skrevet af":"Anna Sofie L. Millardet","Estimeret l\u00e6setid":"4 minutter"},"schema":{"@context":"https:\/\/schema.org","@graph":[{"@type":"Article","@id":"https:\/\/kunmedierne.dk\/mors\/spoergsmaal-og-refleksioner-hjaelper-fire-gymnasieelever-med-at-lave-journalistik-paa-kulturmoedet\/#article","isPartOf":{"@id":"https:\/\/kunmedierne.dk\/mors\/spoergsmaal-og-refleksioner-hjaelper-fire-gymnasieelever-med-at-lave-journalistik-paa-kulturmoedet\/"},"author":{"name":"Anna Sofie L. Millardet","@id":"https:\/\/kunmedierne.dk\/mors\/#\/schema\/person\/5ce65b2f425c5239e1b5904a46b0fc55"},"headline":"Sp\u00f8rgsm\u00e5l og refleksioner hj\u00e6lper fire gymnasieelever med at lave journalistik p\u00e5 Kulturm\u00f8det","datePublished":"2025-08-22T09:02:10+00:00","dateModified":"2025-08-29T17:52:28+00:00","mainEntityOfPage":{"@id":"https:\/\/kunmedierne.dk\/mors\/spoergsmaal-og-refleksioner-hjaelper-fire-gymnasieelever-med-at-lave-journalistik-paa-kulturmoedet\/"},"wordCount":685,"publisher":{"@id":"https:\/\/kunmedierne.dk\/mors\/#organization"},"keywords":["Kulturm\u00f8det"],"articleSection":["Kultur","Lokalt"],"inLanguage":"da-DK"},{"@type":"WebPage","@id":"https:\/\/kunmedierne.dk\/mors\/spoergsmaal-og-refleksioner-hjaelper-fire-gymnasieelever-med-at-lave-journalistik-paa-kulturmoedet\/","url":"https:\/\/kunmedierne.dk\/mors\/spoergsmaal-og-refleksioner-hjaelper-fire-gymnasieelever-med-at-lave-journalistik-paa-kulturmoedet\/","name":"Sp\u00f8rgsm\u00e5l og refleksioner hj\u00e6lper fire gymnasieelever med at lave journalistik p\u00e5 Kulturm\u00f8det - Mors","isPartOf":{"@id":"https:\/\/kunmedierne.dk\/mors\/#website"},"datePublished":"2025-08-22T09:02:10+00:00","dateModified":"2025-08-29T17:52:28+00:00","breadcrumb":{"@id":"https:\/\/kunmedierne.dk\/mors\/spoergsmaal-og-refleksioner-hjaelper-fire-gymnasieelever-med-at-lave-journalistik-paa-kulturmoedet\/#breadcrumb"},"inLanguage":"da-DK","potentialAction":[{"@type":"ReadAction","target":["https:\/\/kunmedierne.dk\/mors\/spoergsmaal-og-refleksioner-hjaelper-fire-gymnasieelever-med-at-lave-journalistik-paa-kulturmoedet\/"]}]},{"@type":"BreadcrumbList","@id":"https:\/\/kunmedierne.dk\/mors\/spoergsmaal-og-refleksioner-hjaelper-fire-gymnasieelever-med-at-lave-journalistik-paa-kulturmoedet\/#breadcrumb","itemListElement":[{"@type":"ListItem","position":1,"name":"Hjem","item":"https:\/\/kunmedierne.dk\/mors\/"},{"@type":"ListItem","position":2,"name":"Sp\u00f8rgsm\u00e5l og refleksioner hj\u00e6lper fire gymnasieelever med at lave journalistik p\u00e5 Kulturm\u00f8det"}]},{"@type":"WebSite","@id":"https:\/\/kunmedierne.dk\/mors\/#website","url":"https:\/\/kunmedierne.dk\/mors\/","name":"Mors","description":"et netmedie med journalistik om livet p\u00e5 Mors","publisher":{"@id":"https:\/\/kunmedierne.dk\/mors\/#organization"},"potentialAction":[{"@type":"SearchAction","target":{"@type":"EntryPoint","urlTemplate":"https:\/\/kunmedierne.dk\/mors\/?s={search_term_string}"},"query-input":{"@type":"PropertyValueSpecification","valueRequired":true,"valueName":"search_term_string"}}],"inLanguage":"da-DK"},{"@type":"Organization","@id":"https:\/\/kunmedierne.dk\/mors\/#organization","name":"Mors","url":"https:\/\/kunmedierne.dk\/mors\/","logo":{"@type":"ImageObject","inLanguage":"da-DK","@id":"https:\/\/kunmedierne.dk\/mors\/#\/schema\/logo\/image\/","url":"https:\/\/kunmedierne.dk\/mors\/wp-content\/uploads\/2024\/08\/kunmors-logo.svg","contentUrl":"https:\/\/kunmedierne.dk\/mors\/wp-content\/uploads\/2024\/08\/kunmors-logo.svg","caption":"Mors"},"image":{"@id":"https:\/\/kunmedierne.dk\/mors\/#\/schema\/logo\/image\/"}},{"@type":"Person","@id":"https:\/\/kunmedierne.dk\/mors\/#\/schema\/person\/5ce65b2f425c5239e1b5904a46b0fc55","name":"Anna Sofie L. Millardet","image":{"@type":"ImageObject","inLanguage":"da-DK","@id":"https:\/\/kunmedierne.dk\/mors\/#\/schema\/person\/image\/","url":"https:\/\/secure.gravatar.com\/avatar\/06ed27cc9531ba66cd23ad132b530867168736fd8766f9b8dbc38090a0f7ab1d?s=96&d=mm&r=g","contentUrl":"https:\/\/secure.gravatar.com\/avatar\/06ed27cc9531ba66cd23ad132b530867168736fd8766f9b8dbc38090a0f7ab1d?s=96&d=mm&r=g","caption":"Anna Sofie L. Millardet"},"url":"https:\/\/kunmedierne.dk\/mors\/author\/anna\/"}]}},"_links":{"self":[{"href":"https:\/\/kunmedierne.dk\/mors\/wp-json\/wp\/v2\/posts\/153443","targetHints":{"allow":["GET"]}}],"collection":[{"href":"https:\/\/kunmedierne.dk\/mors\/wp-json\/wp\/v2\/posts"}],"about":[{"href":"https:\/\/kunmedierne.dk\/mors\/wp-json\/wp\/v2\/types\/post"}],"author":[{"embeddable":true,"href":"https:\/\/kunmedierne.dk\/mors\/wp-json\/wp\/v2\/users\/4322"}],"replies":[{"embeddable":true,"href":"https:\/\/kunmedierne.dk\/mors\/wp-json\/wp\/v2\/comments?post=153443"}],"version-history":[{"count":9,"href":"https:\/\/kunmedierne.dk\/mors\/wp-json\/wp\/v2\/posts\/153443\/revisions"}],"predecessor-version":[{"id":154216,"href":"https:\/\/kunmedierne.dk\/mors\/wp-json\/wp\/v2\/posts\/153443\/revisions\/154216"}],"wp:attachment":[{"href":"https:\/\/kunmedierne.dk\/mors\/wp-json\/wp\/v2\/media?parent=153443"}],"wp:term":[{"taxonomy":"category","embeddable":true,"href":"https:\/\/kunmedierne.dk\/mors\/wp-json\/wp\/v2\/categories?post=153443"},{"taxonomy":"post_tag","embeddable":true,"href":"https:\/\/kunmedierne.dk\/mors\/wp-json\/wp\/v2\/tags?post=153443"}],"curies":[{"name":"wp","href":"https:\/\/api.w.org\/{rel}","templated":true}]}}