{"id":153400,"date":"2025-08-21T10:25:05","date_gmt":"2025-08-21T08:25:05","guid":{"rendered":"https:\/\/kunmedierne.dk\/mors\/?p=153400"},"modified":"2025-08-21T10:25:05","modified_gmt":"2025-08-21T08:25:05","slug":"thisted-kommune-siger-nej-ingen-penge-til-naessundfaergen","status":"publish","type":"post","link":"https:\/\/kunmedierne.dk\/mors\/thisted-kommune-siger-nej-ingen-penge-til-naessundfaergen\/","title":{"rendered":"Thisted Kommune siger &#8220;nej&#8221;: Ingen penge til N\u00e6ssundf\u00e6rgen"},"content":{"rendered":"<p><strong>THISTED:<\/strong> Med en enkelt undtagelse var der enighed blandt medlemmerne af Thisted Kommunes udvalg for sundhed, kultur og fritid om at sige &#8220;nej&#8221; til en ans\u00f8gning fra Foreningen N\u00e6ssundf\u00e6rgens Venner om at f\u00e5 et kommunalt tilskud p\u00e5 500.000 kroner i 2026.<\/p>\n<a class=\"dvrt-link\" onClick=\"cdmtrack_click(104781,jQuery(this));return false\" href=\"https:\/\/www.fmspks.dk\/\"><img decoding=\"async\" style=\"width:100%;\" src=\"https:\/\/kunmedierne.dk\/mors\/wp-content\/uploads\/2022\/02\/vip-froeslev-mollerup-sparekasse.jpg\"><\/a><script>cdmtrack_view(104781);<\/script>\n<p>Et enkelt medlem af udvalget, socialdemokraten Susanne Olander \u00f8nskede, at sp\u00f8rgsm\u00e5let om st\u00f8tte til f\u00e6rgen skulle indg\u00e5 i de kommende forhandlinger om 2026-budgettet for Thisted Kommune.<\/p>\n<p>Med beslutningen fulgte udvalgets flertal en anbefaling fra forvaltningen om, at ans\u00f8gningen ikke blev im\u00f8dekommet, fordi den &#8220;falder udenfor eksisterende puljer s\u00e5som de frie kulturmidler&#8221;.<\/p>\n<p>I ans\u00f8gningen fra N\u00e6ssundf\u00e6rgens Venner fremg\u00e5r det, at foreningen skulle bruge de 500.000 kroner til &#8220;at bevare og udvikle den kulturelle og samfundsm\u00e6ssige betydning af b\u00e5de f\u00e6rgedriften og foreningens andre aktiviteter i land b\u00e5de i Thy og p\u00e5 Mors&#8221;.<\/p>\n<a class=\"dvrt-link\" onClick=\"cdmtrack_click(104779,jQuery(this));return false\" href=\"https:\/\/morsoe-begravelsesforretning.dk\/\"><img decoding=\"async\" style=\"width:100%;\" src=\"https:\/\/kunmedierne.dk\/mors\/wp-content\/uploads\/2023\/11\/251215-morsoe-begravelsesforretning.jpg\"><\/a><script>cdmtrack_view(104779);<\/script>\n<p>Foreningens oplyser i sin ans\u00f8gning om st\u00f8tte fra Thisted Kommune, at bel\u00f8bet p\u00e5 500.000 kroner er p\u00e5 &#8220;linje med det tilskud, Mors\u00f8 Kommune planl\u00e6gger at bevilge&#8221;.<\/p>\n<p>Pengene var tilt\u00e6nkt temam\u00f8der og sejladser, etablering af en udstilling inklusive indk\u00f8b af udstillingsvogn samt opbygning af netv\u00e6rk mellem institutioner og foreninger i lokalomr\u00e5det.<\/p>\n<p>Desuden vil foreningen i samarbejde med andre foreninger holde koncerter is\u00e6r med lokale musikere b\u00e5de til s\u00f8s og p\u00e5 land.<\/p>\n<p>Foreningen N\u00e6ssundf\u00e6rgens Venner har omkring 330 medlemmer. Mere end 50 frivillige fra Thy og Mors bemander f\u00e6rgens lille butik, arrangerer aften- og temasejladser og st\u00e5r for vedligeholdelse og ombygning.<\/p>\n","protected":false},"excerpt":{"rendered":"<p>THISTED: Med en enkelt undtagelse var der enighed blandt medlemmerne af Thisted Kommunes udvalg for sundhed, kultur og fritid om at sige &#8220;nej&#8221; til en ans\u00f8gning fra Foreningen N\u00e6ssundf\u00e6rgens Venner om at f\u00e5 et kommunalt tilskud p\u00e5 500.000 kroner i 2026. Et enkelt medlem af udvalget, socialdemokraten Susanne Olander \u00f8nskede, at sp\u00f8rgsm\u00e5let om st\u00f8tte til [&hellip;]<\/p>\n","protected":false},"author":4535,"featured_media":0,"comment_status":"closed","ping_status":"closed","sticky":false,"template":"","format":"standard","meta":{"_acf_changed":false,"footnotes":""},"categories":[51],"tags":[196],"class_list":["post-153400","post","type-post","status-publish","format-standard","hentry","category-lokalt","tag-foreningsliv"],"acf":[],"yoast_head":"<!-- This site is optimized with the Yoast SEO plugin v26.8 - https:\/\/yoast.com\/product\/yoast-seo-wordpress\/ -->\n<title>Thisted Kommune siger &quot;nej&quot;: Ingen penge til N\u00e6ssundf\u00e6rgen - Mors<\/title>\n<meta name=\"robots\" content=\"index, follow, max-snippet:-1, max-image-preview:large, max-video-preview:-1\" \/>\n<link rel=\"canonical\" href=\"https:\/\/kunmedierne.dk\/mors\/thisted-kommune-siger-nej-ingen-penge-til-naessundfaergen\/\" \/>\n<meta property=\"og:locale\" content=\"da_DK\" \/>\n<meta property=\"og:type\" content=\"article\" \/>\n<meta property=\"og:title\" content=\"Thisted Kommune siger &quot;nej&quot;: Ingen penge til N\u00e6ssundf\u00e6rgen - Mors\" \/>\n<meta property=\"og:description\" content=\"THISTED: Med en enkelt undtagelse var der enighed blandt medlemmerne af Thisted Kommunes udvalg for sundhed, kultur og fritid om at sige &#8220;nej&#8221; til en ans\u00f8gning fra Foreningen N\u00e6ssundf\u00e6rgens Venner om at f\u00e5 et kommunalt tilskud p\u00e5 500.000 kroner i 2026. Et enkelt medlem af udvalget, socialdemokraten Susanne Olander \u00f8nskede, at sp\u00f8rgsm\u00e5let om st\u00f8tte til [&hellip;]\" \/>\n<meta property=\"og:url\" content=\"https:\/\/kunmedierne.dk\/mors\/thisted-kommune-siger-nej-ingen-penge-til-naessundfaergen\/\" \/>\n<meta property=\"og:site_name\" content=\"Mors\" \/>\n<meta property=\"article:published_time\" content=\"2025-08-21T08:25:05+00:00\" \/>\n<meta name=\"author\" content=\"Jens Fogh Andersen\" \/>\n<meta name=\"twitter:card\" content=\"summary_large_image\" \/>\n<meta name=\"twitter:label1\" content=\"Skrevet af\" \/>\n\t<meta name=\"twitter:data1\" content=\"Jens Fogh Andersen\" \/>\n\t<meta name=\"twitter:label2\" content=\"Estimeret l\u00e6setid\" \/>\n\t<meta name=\"twitter:data2\" content=\"2 minutter\" \/>\n<script type=\"application\/ld+json\" class=\"yoast-schema-graph\">{\"@context\":\"https:\/\/schema.org\",\"@graph\":[{\"@type\":\"Article\",\"@id\":\"https:\/\/kunmedierne.dk\/mors\/thisted-kommune-siger-nej-ingen-penge-til-naessundfaergen\/#article\",\"isPartOf\":{\"@id\":\"https:\/\/kunmedierne.dk\/mors\/thisted-kommune-siger-nej-ingen-penge-til-naessundfaergen\/\"},\"author\":{\"name\":\"Jens Fogh Andersen\",\"@id\":\"https:\/\/kunmedierne.dk\/mors\/#\/schema\/person\/88f5be46809ca2a5533760eb574fef93\"},\"headline\":\"Thisted Kommune siger &#8220;nej&#8221;: Ingen penge til N\u00e6ssundf\u00e6rgen\",\"datePublished\":\"2025-08-21T08:25:05+00:00\",\"mainEntityOfPage\":{\"@id\":\"https:\/\/kunmedierne.dk\/mors\/thisted-kommune-siger-nej-ingen-penge-til-naessundfaergen\/\"},\"wordCount\":272,\"publisher\":{\"@id\":\"https:\/\/kunmedierne.dk\/mors\/#organization\"},\"keywords\":[\"Foreningsliv\"],\"articleSection\":[\"Lokalt\"],\"inLanguage\":\"da-DK\"},{\"@type\":\"WebPage\",\"@id\":\"https:\/\/kunmedierne.dk\/mors\/thisted-kommune-siger-nej-ingen-penge-til-naessundfaergen\/\",\"url\":\"https:\/\/kunmedierne.dk\/mors\/thisted-kommune-siger-nej-ingen-penge-til-naessundfaergen\/\",\"name\":\"Thisted Kommune siger \\\"nej\\\": Ingen penge til N\u00e6ssundf\u00e6rgen - Mors\",\"isPartOf\":{\"@id\":\"https:\/\/kunmedierne.dk\/mors\/#website\"},\"datePublished\":\"2025-08-21T08:25:05+00:00\",\"breadcrumb\":{\"@id\":\"https:\/\/kunmedierne.dk\/mors\/thisted-kommune-siger-nej-ingen-penge-til-naessundfaergen\/#breadcrumb\"},\"inLanguage\":\"da-DK\",\"potentialAction\":[{\"@type\":\"ReadAction\",\"target\":[\"https:\/\/kunmedierne.dk\/mors\/thisted-kommune-siger-nej-ingen-penge-til-naessundfaergen\/\"]}]},{\"@type\":\"BreadcrumbList\",\"@id\":\"https:\/\/kunmedierne.dk\/mors\/thisted-kommune-siger-nej-ingen-penge-til-naessundfaergen\/#breadcrumb\",\"itemListElement\":[{\"@type\":\"ListItem\",\"position\":1,\"name\":\"Hjem\",\"item\":\"https:\/\/kunmedierne.dk\/mors\/\"},{\"@type\":\"ListItem\",\"position\":2,\"name\":\"Thisted Kommune siger &#8220;nej&#8221;: Ingen penge til N\u00e6ssundf\u00e6rgen\"}]},{\"@type\":\"WebSite\",\"@id\":\"https:\/\/kunmedierne.dk\/mors\/#website\",\"url\":\"https:\/\/kunmedierne.dk\/mors\/\",\"name\":\"Mors\",\"description\":\"et netmedie med journalistik om livet p\u00e5 Mors\",\"publisher\":{\"@id\":\"https:\/\/kunmedierne.dk\/mors\/#organization\"},\"potentialAction\":[{\"@type\":\"SearchAction\",\"target\":{\"@type\":\"EntryPoint\",\"urlTemplate\":\"https:\/\/kunmedierne.dk\/mors\/?s={search_term_string}\"},\"query-input\":{\"@type\":\"PropertyValueSpecification\",\"valueRequired\":true,\"valueName\":\"search_term_string\"}}],\"inLanguage\":\"da-DK\"},{\"@type\":\"Organization\",\"@id\":\"https:\/\/kunmedierne.dk\/mors\/#organization\",\"name\":\"Mors\",\"url\":\"https:\/\/kunmedierne.dk\/mors\/\",\"logo\":{\"@type\":\"ImageObject\",\"inLanguage\":\"da-DK\",\"@id\":\"https:\/\/kunmedierne.dk\/mors\/#\/schema\/logo\/image\/\",\"url\":\"https:\/\/kunmedierne.dk\/mors\/wp-content\/uploads\/2024\/08\/kunmors-logo.svg\",\"contentUrl\":\"https:\/\/kunmedierne.dk\/mors\/wp-content\/uploads\/2024\/08\/kunmors-logo.svg\",\"caption\":\"Mors\"},\"image\":{\"@id\":\"https:\/\/kunmedierne.dk\/mors\/#\/schema\/logo\/image\/\"}},{\"@type\":\"Person\",\"@id\":\"https:\/\/kunmedierne.dk\/mors\/#\/schema\/person\/88f5be46809ca2a5533760eb574fef93\",\"name\":\"Jens Fogh Andersen\",\"image\":{\"@type\":\"ImageObject\",\"inLanguage\":\"da-DK\",\"@id\":\"https:\/\/kunmedierne.dk\/mors\/#\/schema\/person\/image\/\",\"url\":\"https:\/\/secure.gravatar.com\/avatar\/2b367a4ef139b1c41dccc9ee7af926b81f8b4cca3359772e86c7fd5ced26c0a3?s=96&d=mm&r=g\",\"contentUrl\":\"https:\/\/secure.gravatar.com\/avatar\/2b367a4ef139b1c41dccc9ee7af926b81f8b4cca3359772e86c7fd5ced26c0a3?s=96&d=mm&r=g\",\"caption\":\"Jens Fogh Andersen\"},\"url\":\"https:\/\/kunmedierne.dk\/mors\/author\/jfa\/\"}]}<\/script>\n<!-- \/ Yoast SEO plugin. -->","yoast_head_json":{"title":"Thisted Kommune siger \"nej\": Ingen penge til N\u00e6ssundf\u00e6rgen - Mors","robots":{"index":"index","follow":"follow","max-snippet":"max-snippet:-1","max-image-preview":"max-image-preview:large","max-video-preview":"max-video-preview:-1"},"canonical":"https:\/\/kunmedierne.dk\/mors\/thisted-kommune-siger-nej-ingen-penge-til-naessundfaergen\/","og_locale":"da_DK","og_type":"article","og_title":"Thisted Kommune siger \"nej\": Ingen penge til N\u00e6ssundf\u00e6rgen - Mors","og_description":"THISTED: Med en enkelt undtagelse var der enighed blandt medlemmerne af Thisted Kommunes udvalg for sundhed, kultur og fritid om at sige &#8220;nej&#8221; til en ans\u00f8gning fra Foreningen N\u00e6ssundf\u00e6rgens Venner om at f\u00e5 et kommunalt tilskud p\u00e5 500.000 kroner i 2026. Et enkelt medlem af udvalget, socialdemokraten Susanne Olander \u00f8nskede, at sp\u00f8rgsm\u00e5let om st\u00f8tte til [&hellip;]","og_url":"https:\/\/kunmedierne.dk\/mors\/thisted-kommune-siger-nej-ingen-penge-til-naessundfaergen\/","og_site_name":"Mors","article_published_time":"2025-08-21T08:25:05+00:00","author":"Jens Fogh Andersen","twitter_card":"summary_large_image","twitter_misc":{"Skrevet af":"Jens Fogh Andersen","Estimeret l\u00e6setid":"2 minutter"},"schema":{"@context":"https:\/\/schema.org","@graph":[{"@type":"Article","@id":"https:\/\/kunmedierne.dk\/mors\/thisted-kommune-siger-nej-ingen-penge-til-naessundfaergen\/#article","isPartOf":{"@id":"https:\/\/kunmedierne.dk\/mors\/thisted-kommune-siger-nej-ingen-penge-til-naessundfaergen\/"},"author":{"name":"Jens Fogh Andersen","@id":"https:\/\/kunmedierne.dk\/mors\/#\/schema\/person\/88f5be46809ca2a5533760eb574fef93"},"headline":"Thisted Kommune siger &#8220;nej&#8221;: Ingen penge til N\u00e6ssundf\u00e6rgen","datePublished":"2025-08-21T08:25:05+00:00","mainEntityOfPage":{"@id":"https:\/\/kunmedierne.dk\/mors\/thisted-kommune-siger-nej-ingen-penge-til-naessundfaergen\/"},"wordCount":272,"publisher":{"@id":"https:\/\/kunmedierne.dk\/mors\/#organization"},"keywords":["Foreningsliv"],"articleSection":["Lokalt"],"inLanguage":"da-DK"},{"@type":"WebPage","@id":"https:\/\/kunmedierne.dk\/mors\/thisted-kommune-siger-nej-ingen-penge-til-naessundfaergen\/","url":"https:\/\/kunmedierne.dk\/mors\/thisted-kommune-siger-nej-ingen-penge-til-naessundfaergen\/","name":"Thisted Kommune siger \"nej\": Ingen penge til N\u00e6ssundf\u00e6rgen - Mors","isPartOf":{"@id":"https:\/\/kunmedierne.dk\/mors\/#website"},"datePublished":"2025-08-21T08:25:05+00:00","breadcrumb":{"@id":"https:\/\/kunmedierne.dk\/mors\/thisted-kommune-siger-nej-ingen-penge-til-naessundfaergen\/#breadcrumb"},"inLanguage":"da-DK","potentialAction":[{"@type":"ReadAction","target":["https:\/\/kunmedierne.dk\/mors\/thisted-kommune-siger-nej-ingen-penge-til-naessundfaergen\/"]}]},{"@type":"BreadcrumbList","@id":"https:\/\/kunmedierne.dk\/mors\/thisted-kommune-siger-nej-ingen-penge-til-naessundfaergen\/#breadcrumb","itemListElement":[{"@type":"ListItem","position":1,"name":"Hjem","item":"https:\/\/kunmedierne.dk\/mors\/"},{"@type":"ListItem","position":2,"name":"Thisted Kommune siger &#8220;nej&#8221;: Ingen penge til N\u00e6ssundf\u00e6rgen"}]},{"@type":"WebSite","@id":"https:\/\/kunmedierne.dk\/mors\/#website","url":"https:\/\/kunmedierne.dk\/mors\/","name":"Mors","description":"et netmedie med journalistik om livet p\u00e5 Mors","publisher":{"@id":"https:\/\/kunmedierne.dk\/mors\/#organization"},"potentialAction":[{"@type":"SearchAction","target":{"@type":"EntryPoint","urlTemplate":"https:\/\/kunmedierne.dk\/mors\/?s={search_term_string}"},"query-input":{"@type":"PropertyValueSpecification","valueRequired":true,"valueName":"search_term_string"}}],"inLanguage":"da-DK"},{"@type":"Organization","@id":"https:\/\/kunmedierne.dk\/mors\/#organization","name":"Mors","url":"https:\/\/kunmedierne.dk\/mors\/","logo":{"@type":"ImageObject","inLanguage":"da-DK","@id":"https:\/\/kunmedierne.dk\/mors\/#\/schema\/logo\/image\/","url":"https:\/\/kunmedierne.dk\/mors\/wp-content\/uploads\/2024\/08\/kunmors-logo.svg","contentUrl":"https:\/\/kunmedierne.dk\/mors\/wp-content\/uploads\/2024\/08\/kunmors-logo.svg","caption":"Mors"},"image":{"@id":"https:\/\/kunmedierne.dk\/mors\/#\/schema\/logo\/image\/"}},{"@type":"Person","@id":"https:\/\/kunmedierne.dk\/mors\/#\/schema\/person\/88f5be46809ca2a5533760eb574fef93","name":"Jens Fogh Andersen","image":{"@type":"ImageObject","inLanguage":"da-DK","@id":"https:\/\/kunmedierne.dk\/mors\/#\/schema\/person\/image\/","url":"https:\/\/secure.gravatar.com\/avatar\/2b367a4ef139b1c41dccc9ee7af926b81f8b4cca3359772e86c7fd5ced26c0a3?s=96&d=mm&r=g","contentUrl":"https:\/\/secure.gravatar.com\/avatar\/2b367a4ef139b1c41dccc9ee7af926b81f8b4cca3359772e86c7fd5ced26c0a3?s=96&d=mm&r=g","caption":"Jens Fogh Andersen"},"url":"https:\/\/kunmedierne.dk\/mors\/author\/jfa\/"}]}},"_links":{"self":[{"href":"https:\/\/kunmedierne.dk\/mors\/wp-json\/wp\/v2\/posts\/153400","targetHints":{"allow":["GET"]}}],"collection":[{"href":"https:\/\/kunmedierne.dk\/mors\/wp-json\/wp\/v2\/posts"}],"about":[{"href":"https:\/\/kunmedierne.dk\/mors\/wp-json\/wp\/v2\/types\/post"}],"author":[{"embeddable":true,"href":"https:\/\/kunmedierne.dk\/mors\/wp-json\/wp\/v2\/users\/4535"}],"replies":[{"embeddable":true,"href":"https:\/\/kunmedierne.dk\/mors\/wp-json\/wp\/v2\/comments?post=153400"}],"version-history":[{"count":3,"href":"https:\/\/kunmedierne.dk\/mors\/wp-json\/wp\/v2\/posts\/153400\/revisions"}],"predecessor-version":[{"id":153404,"href":"https:\/\/kunmedierne.dk\/mors\/wp-json\/wp\/v2\/posts\/153400\/revisions\/153404"}],"wp:attachment":[{"href":"https:\/\/kunmedierne.dk\/mors\/wp-json\/wp\/v2\/media?parent=153400"}],"wp:term":[{"taxonomy":"category","embeddable":true,"href":"https:\/\/kunmedierne.dk\/mors\/wp-json\/wp\/v2\/categories?post=153400"},{"taxonomy":"post_tag","embeddable":true,"href":"https:\/\/kunmedierne.dk\/mors\/wp-json\/wp\/v2\/tags?post=153400"}],"curies":[{"name":"wp","href":"https:\/\/api.w.org\/{rel}","templated":true}]}}