{"id":153396,"date":"2025-08-21T13:28:46","date_gmt":"2025-08-21T11:28:46","guid":{"rendered":"https:\/\/kunmedierne.dk\/mors\/?p=153396"},"modified":"2025-08-21T13:28:46","modified_gmt":"2025-08-21T11:28:46","slug":"kulturmoedet-aabnede-med-regn-rungende-korsang-og-fornemt-besoeg","status":"publish","type":"post","link":"https:\/\/kunmedierne.dk\/mors\/kulturmoedet-aabnede-med-regn-rungende-korsang-og-fornemt-besoeg\/","title":{"rendered":"Kulturm\u00f8det \u00e5bnede med regn, rungende korsang og fornemt bes\u00f8g"},"content":{"rendered":"<p><b><span data-contrast=\"auto\">KULTURM\u00d8DET:<\/span><\/b><span data-contrast=\"auto\"> Nyk\u00f8bing er forvandlet. P\u00e5 Gasv\u00e6rksvej \u2013 hovedpuls\u00e5ren, der leder publikum ned mod Kulturm\u00f8det \u2013 er menneskem\u00e6ngden t\u00e6t. I gaderne omkring L\u00f8vbjerg k\u00f8rer ungdommen forbi med nedrullede vinduer og h\u00f8j musik. Kulturm\u00f8det f\u00f8les som en forl\u00f8sning. Endelig sker der noget.<\/span><span data-ccp-props=\"{&quot;134233117&quot;:false,&quot;134233118&quot;:false,&quot;335551550&quot;:0,&quot;335551620&quot;:0,&quot;335559738&quot;:240,&quot;335559739&quot;:240}\">\u00a0<\/span><\/p>\n<p><span data-contrast=\"auto\">\u2013 Se Niels, hele Mors er samlet. Det er sygt fedt!<\/span><span data-ccp-props=\"{&quot;134233117&quot;:false,&quot;134233118&quot;:false,&quot;335551550&quot;:0,&quot;335551620&quot;:0,&quot;335559738&quot;:240,&quot;335559739&quot;:240}\">\u00a0<\/span><\/p>\n<p><span data-contrast=\"auto\">En ung mand smiler til sin ven, mens de g\u00e5r ned mod Folkescenen. B\u00f8rnehaveb\u00f8rn g\u00e5r h\u00e5nd i h\u00e5nd, skoleelever, pensionister, unge og \u00e6ldre er samlet for at fejre kulturen. <\/span><span data-ccp-props=\"{&quot;134233117&quot;:false,&quot;134233118&quot;:false,&quot;335551550&quot;:0,&quot;335551620&quot;:0,&quot;335559738&quot;:240,&quot;335559739&quot;:240}\">\u00a0<\/span><\/p>\n<p><span data-contrast=\"auto\">Folk p\u00e5 Mors kommer til tiden \u2013 ofte en halv time f\u00f8r. Foran \u00e5bningsscenen sl\u00e5r Mors\u00f8 Kommunes borgmester, Hans Ejner Bertelsen (V), sin sorte paraply op. P\u00e5 sk\u00e6rmen st\u00e5r der &#8220;Porse Guld&#8221; med gyldne bogstaver.<\/span><span data-ccp-props=\"{&quot;134233117&quot;:false,&quot;134233118&quot;:false,&quot;335551550&quot;:0,&quot;335551620&quot;:0,&quot;335559738&quot;:240,&quot;335559739&quot;:240}\">\u00a0<\/span><\/p>\n<p><span data-contrast=\"auto\">Oppe p\u00e5 scenen tr\u00e6der Clement Kjersgaard frem:<\/span><span data-ccp-props=\"{&quot;134233117&quot;:false,&quot;134233118&quot;:false,&quot;335551550&quot;:0,&quot;335551620&quot;:0,&quot;335559738&quot;:240,&quot;335559739&quot;:240}\">\u00a0<\/span><\/p>\n<p><span data-contrast=\"auto\">\u2013 Nu skal I ikke vente l\u00e6ngere. Kulturm\u00f8det er i gang.<\/span><span data-ccp-props=\"{&quot;134233117&quot;:false,&quot;134233118&quot;:false,&quot;335551550&quot;:0,&quot;335551620&quot;:0,&quot;335559738&quot;:240,&quot;335559739&quot;:240}\">\u00a0<\/span><\/p>\n<p><span data-contrast=\"auto\">Den garvede konferencier byder publikum velkommen, f\u00f8r han giver sin stemme videre til H\u00e5ndv\u00e6rkerkoret, der med myndige stemmer synger: <\/span><i><span data-contrast=\"auto\">&#8220;Bl\u00e6sten g\u00e5r frisk over Limfjordens vande.&#8221;<\/span><\/i><span data-ccp-props=\"{&quot;134233117&quot;:false,&quot;134233118&quot;:false,&quot;335551550&quot;:0,&quot;335551620&quot;:0,&quot;335559738&quot;:240,&quot;335559739&quot;:240}\">\u00a0<\/span><\/p>\n<div id=\"attachment_153425\" style=\"width: 2010px\" class=\"wp-caption alignnone\"><img loading=\"lazy\" decoding=\"async\" aria-describedby=\"caption-attachment-153425\" class=\"wp-image-153425 size-full\" src=\"https:\/\/kunmedierne.dk\/mors\/wp-content\/uploads\/2025\/08\/Dueholmkilen-Krydsning-Naessundvej-Cykelbro-Tegning-1.pdf352.jpg\" alt=\"\" width=\"2000\" height=\"1414\" srcset=\"https:\/\/kunmedierne.dk\/mors\/wp-content\/uploads\/2025\/08\/Dueholmkilen-Krydsning-Naessundvej-Cykelbro-Tegning-1.pdf352.jpg 2000w, https:\/\/kunmedierne.dk\/mors\/wp-content\/uploads\/2025\/08\/Dueholmkilen-Krydsning-Naessundvej-Cykelbro-Tegning-1.pdf352-300x212.jpg 300w, https:\/\/kunmedierne.dk\/mors\/wp-content\/uploads\/2025\/08\/Dueholmkilen-Krydsning-Naessundvej-Cykelbro-Tegning-1.pdf352-1024x724.jpg 1024w, https:\/\/kunmedierne.dk\/mors\/wp-content\/uploads\/2025\/08\/Dueholmkilen-Krydsning-Naessundvej-Cykelbro-Tegning-1.pdf352-510x361.jpg 510w\" sizes=\"auto, (max-width: 2000px) 100vw, 2000px\" \/><p id=\"caption-attachment-153425\" class=\"wp-caption-text\">H\u00e5ndv\u00e6rkerkoret \u00e5bnede &#8211; traditionen tro -Kulturm\u00f8det Mors med sangen &#8220;Bl\u00e6sten g\u00e5r frisk over Limfjordens vande&#8221;<\/p><\/div>\n<p><span data-contrast=\"auto\">Regnen letter, og borgmesteren sl\u00e5r sin &#8220;Porse Guld&#8221;-paraply sammen.<\/span><span data-ccp-props=\"{&quot;134233117&quot;:false,&quot;134233118&quot;:false,&quot;335551550&quot;:0,&quot;335551620&quot;:0,&quot;335559738&quot;:240,&quot;335559739&quot;:240}\">\u00a0<\/span><\/p>\n<p><span data-contrast=\"auto\">\u2013 Og nu til h\u00f8vdingen af det hele.<\/span><span data-ccp-props=\"{&quot;134233117&quot;:false,&quot;134233118&quot;:false,&quot;335551550&quot;:0,&quot;335551620&quot;:0,&quot;335559738&quot;:240,&quot;335559739&quot;:240}\">\u00a0<\/span><\/p>\n<p><span data-contrast=\"auto\">Clement Kjersgaard introducerer borgmesteren, som indtager scenen og holder en tale om, hvor vigtig kulturen er \u2013 m\u00e5ske is\u00e6r nu, hvor verden st\u00e5r i flammer:<\/span><span data-ccp-props=\"{&quot;134233117&quot;:false,&quot;134233118&quot;:false,&quot;335551550&quot;:0,&quot;335551620&quot;:0,&quot;335559738&quot;:240,&quot;335559739&quot;:240}\">\u00a0<\/span><\/p>\n<p><span data-contrast=\"auto\">\u2013 Lige nu skal kunsten hele sj\u00e6len, og medicinen kroppen.<\/span><span data-ccp-props=\"{&quot;134233117&quot;:false,&quot;134233118&quot;:false,&quot;335551550&quot;:0,&quot;335551620&quot;:0,&quot;335559738&quot;:240,&quot;335559739&quot;:240}\">\u00a0<\/span><\/p>\n<p><span data-contrast=\"auto\">\u2013 \u00c5rets program er det mest ambiti\u00f8se nogensinde. Velkommen til tre dage, hvor vi lytter, taler og sammen skaber det f\u00e6llesskab, der skal b\u00e6re os ind i fremtiden.<\/span><span data-ccp-props=\"{&quot;134233117&quot;:false,&quot;134233118&quot;:false,&quot;335551550&quot;:0,&quot;335551620&quot;:0,&quot;335559738&quot;:240,&quot;335559739&quot;:240}\">\u00a0<\/span><\/p>\n<div id=\"attachment_153417\" style=\"width: 2010px\" class=\"wp-caption alignnone\"><img loading=\"lazy\" decoding=\"async\" aria-describedby=\"caption-attachment-153417\" class=\"wp-image-153417 size-full\" src=\"https:\/\/kunmedierne.dk\/mors\/wp-content\/uploads\/2025\/08\/Dueholmkilen-Krydsning-Naessundvej-Cykelbro-Tegning-1.pdf348.jpg\" alt=\"\" width=\"2000\" height=\"1414\" srcset=\"https:\/\/kunmedierne.dk\/mors\/wp-content\/uploads\/2025\/08\/Dueholmkilen-Krydsning-Naessundvej-Cykelbro-Tegning-1.pdf348.jpg 2000w, https:\/\/kunmedierne.dk\/mors\/wp-content\/uploads\/2025\/08\/Dueholmkilen-Krydsning-Naessundvej-Cykelbro-Tegning-1.pdf348-300x212.jpg 300w, https:\/\/kunmedierne.dk\/mors\/wp-content\/uploads\/2025\/08\/Dueholmkilen-Krydsning-Naessundvej-Cykelbro-Tegning-1.pdf348-1024x724.jpg 1024w, https:\/\/kunmedierne.dk\/mors\/wp-content\/uploads\/2025\/08\/Dueholmkilen-Krydsning-Naessundvej-Cykelbro-Tegning-1.pdf348-510x361.jpg 510w\" sizes=\"auto, (max-width: 2000px) 100vw, 2000px\" \/><p id=\"caption-attachment-153417\" class=\"wp-caption-text\">Mors\u00f8 Kommunes Borgmester Hans Ejner Bertelsen (V) \u00e5bner Kulturm\u00f8det 2025<\/p><\/div>\n<p><span data-contrast=\"auto\">Publikum klapper, og solen kigger frem.<\/span><span data-ccp-props=\"{&quot;134233117&quot;:false,&quot;134233118&quot;:false,&quot;335551550&quot;:0,&quot;335551620&quot;:0,&quot;335559738&quot;:240,&quot;335559739&quot;:240}\">\u00a0<\/span><\/p>\n<p><span data-contrast=\"auto\">\u00c5bningsceremonien forts\u00e6tter. Regionsr\u00e5dsformand Mads Duedahl (V) g\u00e5r p\u00e5. F\u00e6lles for alle talerne er budskabet: Vi har brug for kunsten og kulturen mere end nogensinde. Som Duedahl siger:<\/span><span data-ccp-props=\"{&quot;134233117&quot;:false,&quot;134233118&quot;:false,&quot;335551550&quot;:0,&quot;335551620&quot;:0,&quot;335559738&quot;:240,&quot;335559739&quot;:240}\">\u00a0<\/span><\/p>\n<p><span data-contrast=\"auto\">\u2013 Der er en grund til, at diktatorer som noget af det f\u00f8rste fjerner teatret, kunstmuseet og den frie presse. Alt det, der g\u00f8r os klogere og giver perspektiv, er som regel det, der ryger f\u00f8rst.<\/span><span data-ccp-props=\"{&quot;134233117&quot;:false,&quot;134233118&quot;:false,&quot;335551550&quot;:0,&quot;335551620&quot;:0,&quot;335559738&quot;:240,&quot;335559739&quot;:240}\">\u00a0<\/span><\/p>\n<p><span data-contrast=\"auto\">Caspar Ryttergaard, direkt\u00f8r for Kulturm\u00f8det Mors, byder naturligvis ogs\u00e5 velkommen. Stemningen l\u00f8fter sig yderligere \u2013 indtil regnen igen s\u00e6tter ind.<\/span><span data-ccp-props=\"{&quot;134233117&quot;:false,&quot;134233118&quot;:false,&quot;335551550&quot;:0,&quot;335551620&quot;:0,&quot;335559738&quot;:240,&quot;335559739&quot;:240}\">\u00a0<\/span><\/p>\n<p><span data-contrast=\"auto\">S\u00e5 g\u00e5r kulturminister Jakob Engel-Schmidt (M) p\u00e5 scenen. Han benytter lejligheden til at annoncere, at regeringen vil fjerne momsen p\u00e5 b\u00f8ger \u2013 og i \u00f8vrigt ogs\u00e5 elafgiften.<\/span><span data-ccp-props=\"{&quot;134233117&quot;:false,&quot;134233118&quot;:false,&quot;335551550&quot;:0,&quot;335551620&quot;:0,&quot;335559738&quot;:240,&quot;335559739&quot;:240}\">\u00a0<\/span><\/p>\n<p><span data-contrast=\"auto\">Ogs\u00e5 statsminister Mette Frederiksen (S) kigger forbi. Hun n\u00e5r lige at svinge indenom, inden hendes dag forts\u00e6tter med en vandretur i Thy.<\/span><span data-ccp-props=\"{&quot;134233117&quot;:false,&quot;134233118&quot;:false,&quot;335551550&quot;:0,&quot;335551620&quot;:0,&quot;335559738&quot;:240,&quot;335559739&quot;:240}\">\u00a0<\/span><\/p>\n<div id=\"attachment_153428\" style=\"width: 2010px\" class=\"wp-caption alignnone\"><img loading=\"lazy\" decoding=\"async\" aria-describedby=\"caption-attachment-153428\" class=\"wp-image-153428 size-full\" src=\"https:\/\/kunmedierne.dk\/mors\/wp-content\/uploads\/2025\/08\/Dueholmkilen-Krydsning-Naessundvej-Cykelbro-Tegning-1.pdf354.jpg\" alt=\"\" width=\"2000\" height=\"1414\" srcset=\"https:\/\/kunmedierne.dk\/mors\/wp-content\/uploads\/2025\/08\/Dueholmkilen-Krydsning-Naessundvej-Cykelbro-Tegning-1.pdf354.jpg 2000w, https:\/\/kunmedierne.dk\/mors\/wp-content\/uploads\/2025\/08\/Dueholmkilen-Krydsning-Naessundvej-Cykelbro-Tegning-1.pdf354-300x212.jpg 300w, https:\/\/kunmedierne.dk\/mors\/wp-content\/uploads\/2025\/08\/Dueholmkilen-Krydsning-Naessundvej-Cykelbro-Tegning-1.pdf354-1024x724.jpg 1024w, https:\/\/kunmedierne.dk\/mors\/wp-content\/uploads\/2025\/08\/Dueholmkilen-Krydsning-Naessundvej-Cykelbro-Tegning-1.pdf354-510x361.jpg 510w\" sizes=\"auto, (max-width: 2000px) 100vw, 2000px\" \/><p id=\"caption-attachment-153428\" class=\"wp-caption-text\">Danserne fra forestillingen: BLOODY MOON deltog i \u00e5bningen af \u00e5rets Kulturm\u00f8de<\/p><\/div>\n<p><span data-contrast=\"auto\">Alt i alt var \u00e5bningen af \u00e5rets Kulturm\u00f8de flottere end nogensinde. Og som lokalt medie kan man ikke andet end at v\u00e6re pavestolt.<\/span><span data-ccp-props=\"{&quot;134233117&quot;:false,&quot;134233118&quot;:false,&quot;335551550&quot;:0,&quot;335551620&quot;:0,&quot;335559738&quot;:240,&quot;335559739&quot;:240}\">\u00a0<\/span><\/p>\n<div id=\"attachment_153415\" style=\"width: 2010px\" class=\"wp-caption alignnone\"><img loading=\"lazy\" decoding=\"async\" aria-describedby=\"caption-attachment-153415\" class=\"wp-image-153415 size-full\" src=\"https:\/\/kunmedierne.dk\/mors\/wp-content\/uploads\/2025\/08\/Dueholmkilen-Krydsning-Naessundvej-Cykelbro-Tegning-1.pdf347-1.jpg\" alt=\"\" width=\"2000\" height=\"1414\" srcset=\"https:\/\/kunmedierne.dk\/mors\/wp-content\/uploads\/2025\/08\/Dueholmkilen-Krydsning-Naessundvej-Cykelbro-Tegning-1.pdf347-1.jpg 2000w, https:\/\/kunmedierne.dk\/mors\/wp-content\/uploads\/2025\/08\/Dueholmkilen-Krydsning-Naessundvej-Cykelbro-Tegning-1.pdf347-1-300x212.jpg 300w, https:\/\/kunmedierne.dk\/mors\/wp-content\/uploads\/2025\/08\/Dueholmkilen-Krydsning-Naessundvej-Cykelbro-Tegning-1.pdf347-1-1024x724.jpg 1024w, https:\/\/kunmedierne.dk\/mors\/wp-content\/uploads\/2025\/08\/Dueholmkilen-Krydsning-Naessundvej-Cykelbro-Tegning-1.pdf347-1-510x361.jpg 510w\" sizes=\"auto, (max-width: 2000px) 100vw, 2000px\" \/><p id=\"caption-attachment-153415\" class=\"wp-caption-text\">Caspar Ryttergaard ved \u00e5bningen af Kulturm\u00f8det Mors 2025<\/p><\/div>\n<div id=\"attachment_153426\" style=\"width: 2010px\" class=\"wp-caption alignnone\"><img loading=\"lazy\" decoding=\"async\" aria-describedby=\"caption-attachment-153426\" class=\"wp-image-153426 size-full\" src=\"https:\/\/kunmedierne.dk\/mors\/wp-content\/uploads\/2025\/08\/Dueholmkilen-Krydsning-Naessundvej-Cykelbro-Tegning-1.pdf353.jpg\" alt=\"\" width=\"2000\" height=\"1414\" srcset=\"https:\/\/kunmedierne.dk\/mors\/wp-content\/uploads\/2025\/08\/Dueholmkilen-Krydsning-Naessundvej-Cykelbro-Tegning-1.pdf353.jpg 2000w, https:\/\/kunmedierne.dk\/mors\/wp-content\/uploads\/2025\/08\/Dueholmkilen-Krydsning-Naessundvej-Cykelbro-Tegning-1.pdf353-300x212.jpg 300w, https:\/\/kunmedierne.dk\/mors\/wp-content\/uploads\/2025\/08\/Dueholmkilen-Krydsning-Naessundvej-Cykelbro-Tegning-1.pdf353-1024x724.jpg 1024w, https:\/\/kunmedierne.dk\/mors\/wp-content\/uploads\/2025\/08\/Dueholmkilen-Krydsning-Naessundvej-Cykelbro-Tegning-1.pdf353-510x361.jpg 510w\" sizes=\"auto, (max-width: 2000px) 100vw, 2000px\" \/><p id=\"caption-attachment-153426\" class=\"wp-caption-text\">Statsminister Mette Frederiksen (S) var med et \u00e5rets \u00e5bning af Kulturm\u00f8det Mors<\/p><\/div>\n<p>&nbsp;<\/p>\n","protected":false},"excerpt":{"rendered":"<p>KULTURM\u00d8DET: Nyk\u00f8bing er forvandlet. P\u00e5 Gasv\u00e6rksvej \u2013 hovedpuls\u00e5ren, der leder publikum ned mod Kulturm\u00f8det \u2013 er menneskem\u00e6ngden t\u00e6t. I gaderne omkring L\u00f8vbjerg k\u00f8rer ungdommen forbi med nedrullede vinduer og h\u00f8j musik. Kulturm\u00f8det f\u00f8les som en forl\u00f8sning. Endelig sker der noget.\u00a0 \u2013 Se Niels, hele Mors er samlet. Det er sygt fedt!\u00a0 En ung mand smiler [&hellip;]<\/p>\n","protected":false},"author":2507,"featured_media":0,"comment_status":"closed","ping_status":"closed","sticky":false,"template":"","format":"standard","meta":{"_acf_changed":false,"footnotes":""},"categories":[49],"tags":[162],"class_list":["post-153396","post","type-post","status-publish","format-standard","hentry","category-kultur","tag-kulturmoedet"],"acf":[],"yoast_head":"<!-- This site is optimized with the Yoast SEO plugin v26.8 - https:\/\/yoast.com\/product\/yoast-seo-wordpress\/ -->\n<title>Kulturm\u00f8det \u00e5bnede med regn, rungende korsang og fornemt bes\u00f8g - Mors<\/title>\n<meta name=\"robots\" content=\"index, follow, max-snippet:-1, max-image-preview:large, max-video-preview:-1\" \/>\n<link rel=\"canonical\" href=\"https:\/\/kunmedierne.dk\/mors\/kulturmoedet-aabnede-med-regn-rungende-korsang-og-fornemt-besoeg\/\" \/>\n<meta property=\"og:locale\" content=\"da_DK\" \/>\n<meta property=\"og:type\" content=\"article\" \/>\n<meta property=\"og:title\" content=\"Kulturm\u00f8det \u00e5bnede med regn, rungende korsang og fornemt bes\u00f8g - Mors\" \/>\n<meta property=\"og:description\" content=\"KULTURM\u00d8DET: Nyk\u00f8bing er forvandlet. P\u00e5 Gasv\u00e6rksvej \u2013 hovedpuls\u00e5ren, der leder publikum ned mod Kulturm\u00f8det \u2013 er menneskem\u00e6ngden t\u00e6t. I gaderne omkring L\u00f8vbjerg k\u00f8rer ungdommen forbi med nedrullede vinduer og h\u00f8j musik. Kulturm\u00f8det f\u00f8les som en forl\u00f8sning. Endelig sker der noget.\u00a0 \u2013 Se Niels, hele Mors er samlet. Det er sygt fedt!\u00a0 En ung mand smiler [&hellip;]\" \/>\n<meta property=\"og:url\" content=\"https:\/\/kunmedierne.dk\/mors\/kulturmoedet-aabnede-med-regn-rungende-korsang-og-fornemt-besoeg\/\" \/>\n<meta property=\"og:site_name\" content=\"Mors\" \/>\n<meta property=\"article:published_time\" content=\"2025-08-21T11:28:46+00:00\" \/>\n<meta property=\"og:image\" content=\"https:\/\/kunmedierne.dk\/mors\/wp-content\/uploads\/2025\/08\/Dueholmkilen-Krydsning-Naessundvej-Cykelbro-Tegning-1.pdf352.jpg\" \/>\n<meta name=\"author\" content=\"Katrine Hedegaard\" \/>\n<meta name=\"twitter:card\" content=\"summary_large_image\" \/>\n<meta name=\"twitter:label1\" content=\"Skrevet af\" \/>\n\t<meta name=\"twitter:data1\" content=\"Katrine Hedegaard\" \/>\n\t<meta name=\"twitter:label2\" content=\"Estimeret l\u00e6setid\" \/>\n\t<meta name=\"twitter:data2\" content=\"4 minutter\" \/>\n<script type=\"application\/ld+json\" class=\"yoast-schema-graph\">{\"@context\":\"https:\/\/schema.org\",\"@graph\":[{\"@type\":\"Article\",\"@id\":\"https:\/\/kunmedierne.dk\/mors\/kulturmoedet-aabnede-med-regn-rungende-korsang-og-fornemt-besoeg\/#article\",\"isPartOf\":{\"@id\":\"https:\/\/kunmedierne.dk\/mors\/kulturmoedet-aabnede-med-regn-rungende-korsang-og-fornemt-besoeg\/\"},\"author\":{\"name\":\"Katrine Hedegaard\",\"@id\":\"https:\/\/kunmedierne.dk\/mors\/#\/schema\/person\/b2e62a38069b12365e53e087a8709c64\"},\"headline\":\"Kulturm\u00f8det \u00e5bnede med regn, rungende korsang og fornemt bes\u00f8g\",\"datePublished\":\"2025-08-21T11:28:46+00:00\",\"mainEntityOfPage\":{\"@id\":\"https:\/\/kunmedierne.dk\/mors\/kulturmoedet-aabnede-med-regn-rungende-korsang-og-fornemt-besoeg\/\"},\"wordCount\":555,\"publisher\":{\"@id\":\"https:\/\/kunmedierne.dk\/mors\/#organization\"},\"image\":{\"@id\":\"https:\/\/kunmedierne.dk\/mors\/kulturmoedet-aabnede-med-regn-rungende-korsang-og-fornemt-besoeg\/#primaryimage\"},\"thumbnailUrl\":\"https:\/\/kunmedierne.dk\/mors\/wp-content\/uploads\/2025\/08\/Dueholmkilen-Krydsning-Naessundvej-Cykelbro-Tegning-1.pdf352.jpg\",\"keywords\":[\"Kulturm\u00f8det\"],\"articleSection\":[\"Kultur\"],\"inLanguage\":\"da-DK\"},{\"@type\":\"WebPage\",\"@id\":\"https:\/\/kunmedierne.dk\/mors\/kulturmoedet-aabnede-med-regn-rungende-korsang-og-fornemt-besoeg\/\",\"url\":\"https:\/\/kunmedierne.dk\/mors\/kulturmoedet-aabnede-med-regn-rungende-korsang-og-fornemt-besoeg\/\",\"name\":\"Kulturm\u00f8det \u00e5bnede med regn, rungende korsang og fornemt bes\u00f8g - Mors\",\"isPartOf\":{\"@id\":\"https:\/\/kunmedierne.dk\/mors\/#website\"},\"primaryImageOfPage\":{\"@id\":\"https:\/\/kunmedierne.dk\/mors\/kulturmoedet-aabnede-med-regn-rungende-korsang-og-fornemt-besoeg\/#primaryimage\"},\"image\":{\"@id\":\"https:\/\/kunmedierne.dk\/mors\/kulturmoedet-aabnede-med-regn-rungende-korsang-og-fornemt-besoeg\/#primaryimage\"},\"thumbnailUrl\":\"https:\/\/kunmedierne.dk\/mors\/wp-content\/uploads\/2025\/08\/Dueholmkilen-Krydsning-Naessundvej-Cykelbro-Tegning-1.pdf352.jpg\",\"datePublished\":\"2025-08-21T11:28:46+00:00\",\"breadcrumb\":{\"@id\":\"https:\/\/kunmedierne.dk\/mors\/kulturmoedet-aabnede-med-regn-rungende-korsang-og-fornemt-besoeg\/#breadcrumb\"},\"inLanguage\":\"da-DK\",\"potentialAction\":[{\"@type\":\"ReadAction\",\"target\":[\"https:\/\/kunmedierne.dk\/mors\/kulturmoedet-aabnede-med-regn-rungende-korsang-og-fornemt-besoeg\/\"]}]},{\"@type\":\"ImageObject\",\"inLanguage\":\"da-DK\",\"@id\":\"https:\/\/kunmedierne.dk\/mors\/kulturmoedet-aabnede-med-regn-rungende-korsang-og-fornemt-besoeg\/#primaryimage\",\"url\":\"https:\/\/kunmedierne.dk\/mors\/wp-content\/uploads\/2025\/08\/Dueholmkilen-Krydsning-Naessundvej-Cykelbro-Tegning-1.pdf352.jpg\",\"contentUrl\":\"https:\/\/kunmedierne.dk\/mors\/wp-content\/uploads\/2025\/08\/Dueholmkilen-Krydsning-Naessundvej-Cykelbro-Tegning-1.pdf352.jpg\",\"width\":2000,\"height\":1414,\"caption\":\"H\u00e5ndv\u00e6rkerkoret \u00e5bnede - traditionen tro -Kulturm\u00f8det Mors med sangen \\\"Bl\u00e6sten g\u00e5r frisk over Limfjordens vande\\\"\"},{\"@type\":\"BreadcrumbList\",\"@id\":\"https:\/\/kunmedierne.dk\/mors\/kulturmoedet-aabnede-med-regn-rungende-korsang-og-fornemt-besoeg\/#breadcrumb\",\"itemListElement\":[{\"@type\":\"ListItem\",\"position\":1,\"name\":\"Hjem\",\"item\":\"https:\/\/kunmedierne.dk\/mors\/\"},{\"@type\":\"ListItem\",\"position\":2,\"name\":\"Kulturm\u00f8det \u00e5bnede med regn, rungende korsang og fornemt bes\u00f8g\"}]},{\"@type\":\"WebSite\",\"@id\":\"https:\/\/kunmedierne.dk\/mors\/#website\",\"url\":\"https:\/\/kunmedierne.dk\/mors\/\",\"name\":\"Mors\",\"description\":\"et netmedie med journalistik om livet p\u00e5 Mors\",\"publisher\":{\"@id\":\"https:\/\/kunmedierne.dk\/mors\/#organization\"},\"potentialAction\":[{\"@type\":\"SearchAction\",\"target\":{\"@type\":\"EntryPoint\",\"urlTemplate\":\"https:\/\/kunmedierne.dk\/mors\/?s={search_term_string}\"},\"query-input\":{\"@type\":\"PropertyValueSpecification\",\"valueRequired\":true,\"valueName\":\"search_term_string\"}}],\"inLanguage\":\"da-DK\"},{\"@type\":\"Organization\",\"@id\":\"https:\/\/kunmedierne.dk\/mors\/#organization\",\"name\":\"Mors\",\"url\":\"https:\/\/kunmedierne.dk\/mors\/\",\"logo\":{\"@type\":\"ImageObject\",\"inLanguage\":\"da-DK\",\"@id\":\"https:\/\/kunmedierne.dk\/mors\/#\/schema\/logo\/image\/\",\"url\":\"https:\/\/kunmedierne.dk\/mors\/wp-content\/uploads\/2024\/08\/kunmors-logo.svg\",\"contentUrl\":\"https:\/\/kunmedierne.dk\/mors\/wp-content\/uploads\/2024\/08\/kunmors-logo.svg\",\"caption\":\"Mors\"},\"image\":{\"@id\":\"https:\/\/kunmedierne.dk\/mors\/#\/schema\/logo\/image\/\"}},{\"@type\":\"Person\",\"@id\":\"https:\/\/kunmedierne.dk\/mors\/#\/schema\/person\/b2e62a38069b12365e53e087a8709c64\",\"name\":\"Katrine Hedegaard\",\"image\":{\"@type\":\"ImageObject\",\"inLanguage\":\"da-DK\",\"@id\":\"https:\/\/kunmedierne.dk\/mors\/#\/schema\/person\/image\/\",\"url\":\"https:\/\/secure.gravatar.com\/avatar\/18a5c72fa9148052fd3ed5a58b40fc83cfdc9811090e6e6eec9539af058edcc0?s=96&d=mm&r=g\",\"contentUrl\":\"https:\/\/secure.gravatar.com\/avatar\/18a5c72fa9148052fd3ed5a58b40fc83cfdc9811090e6e6eec9539af058edcc0?s=96&d=mm&r=g\",\"caption\":\"Katrine Hedegaard\"},\"url\":\"https:\/\/kunmedierne.dk\/mors\/author\/katrine\/\"}]}<\/script>\n<!-- \/ Yoast SEO plugin. -->","yoast_head_json":{"title":"Kulturm\u00f8det \u00e5bnede med regn, rungende korsang og fornemt bes\u00f8g - Mors","robots":{"index":"index","follow":"follow","max-snippet":"max-snippet:-1","max-image-preview":"max-image-preview:large","max-video-preview":"max-video-preview:-1"},"canonical":"https:\/\/kunmedierne.dk\/mors\/kulturmoedet-aabnede-med-regn-rungende-korsang-og-fornemt-besoeg\/","og_locale":"da_DK","og_type":"article","og_title":"Kulturm\u00f8det \u00e5bnede med regn, rungende korsang og fornemt bes\u00f8g - Mors","og_description":"KULTURM\u00d8DET: Nyk\u00f8bing er forvandlet. P\u00e5 Gasv\u00e6rksvej \u2013 hovedpuls\u00e5ren, der leder publikum ned mod Kulturm\u00f8det \u2013 er menneskem\u00e6ngden t\u00e6t. I gaderne omkring L\u00f8vbjerg k\u00f8rer ungdommen forbi med nedrullede vinduer og h\u00f8j musik. Kulturm\u00f8det f\u00f8les som en forl\u00f8sning. Endelig sker der noget.\u00a0 \u2013 Se Niels, hele Mors er samlet. Det er sygt fedt!\u00a0 En ung mand smiler [&hellip;]","og_url":"https:\/\/kunmedierne.dk\/mors\/kulturmoedet-aabnede-med-regn-rungende-korsang-og-fornemt-besoeg\/","og_site_name":"Mors","article_published_time":"2025-08-21T11:28:46+00:00","og_image":[{"url":"https:\/\/kunmedierne.dk\/mors\/wp-content\/uploads\/2025\/08\/Dueholmkilen-Krydsning-Naessundvej-Cykelbro-Tegning-1.pdf352.jpg","type":"","width":"","height":""}],"author":"Katrine Hedegaard","twitter_card":"summary_large_image","twitter_misc":{"Skrevet af":"Katrine Hedegaard","Estimeret l\u00e6setid":"4 minutter"},"schema":{"@context":"https:\/\/schema.org","@graph":[{"@type":"Article","@id":"https:\/\/kunmedierne.dk\/mors\/kulturmoedet-aabnede-med-regn-rungende-korsang-og-fornemt-besoeg\/#article","isPartOf":{"@id":"https:\/\/kunmedierne.dk\/mors\/kulturmoedet-aabnede-med-regn-rungende-korsang-og-fornemt-besoeg\/"},"author":{"name":"Katrine Hedegaard","@id":"https:\/\/kunmedierne.dk\/mors\/#\/schema\/person\/b2e62a38069b12365e53e087a8709c64"},"headline":"Kulturm\u00f8det \u00e5bnede med regn, rungende korsang og fornemt bes\u00f8g","datePublished":"2025-08-21T11:28:46+00:00","mainEntityOfPage":{"@id":"https:\/\/kunmedierne.dk\/mors\/kulturmoedet-aabnede-med-regn-rungende-korsang-og-fornemt-besoeg\/"},"wordCount":555,"publisher":{"@id":"https:\/\/kunmedierne.dk\/mors\/#organization"},"image":{"@id":"https:\/\/kunmedierne.dk\/mors\/kulturmoedet-aabnede-med-regn-rungende-korsang-og-fornemt-besoeg\/#primaryimage"},"thumbnailUrl":"https:\/\/kunmedierne.dk\/mors\/wp-content\/uploads\/2025\/08\/Dueholmkilen-Krydsning-Naessundvej-Cykelbro-Tegning-1.pdf352.jpg","keywords":["Kulturm\u00f8det"],"articleSection":["Kultur"],"inLanguage":"da-DK"},{"@type":"WebPage","@id":"https:\/\/kunmedierne.dk\/mors\/kulturmoedet-aabnede-med-regn-rungende-korsang-og-fornemt-besoeg\/","url":"https:\/\/kunmedierne.dk\/mors\/kulturmoedet-aabnede-med-regn-rungende-korsang-og-fornemt-besoeg\/","name":"Kulturm\u00f8det \u00e5bnede med regn, rungende korsang og fornemt bes\u00f8g - Mors","isPartOf":{"@id":"https:\/\/kunmedierne.dk\/mors\/#website"},"primaryImageOfPage":{"@id":"https:\/\/kunmedierne.dk\/mors\/kulturmoedet-aabnede-med-regn-rungende-korsang-og-fornemt-besoeg\/#primaryimage"},"image":{"@id":"https:\/\/kunmedierne.dk\/mors\/kulturmoedet-aabnede-med-regn-rungende-korsang-og-fornemt-besoeg\/#primaryimage"},"thumbnailUrl":"https:\/\/kunmedierne.dk\/mors\/wp-content\/uploads\/2025\/08\/Dueholmkilen-Krydsning-Naessundvej-Cykelbro-Tegning-1.pdf352.jpg","datePublished":"2025-08-21T11:28:46+00:00","breadcrumb":{"@id":"https:\/\/kunmedierne.dk\/mors\/kulturmoedet-aabnede-med-regn-rungende-korsang-og-fornemt-besoeg\/#breadcrumb"},"inLanguage":"da-DK","potentialAction":[{"@type":"ReadAction","target":["https:\/\/kunmedierne.dk\/mors\/kulturmoedet-aabnede-med-regn-rungende-korsang-og-fornemt-besoeg\/"]}]},{"@type":"ImageObject","inLanguage":"da-DK","@id":"https:\/\/kunmedierne.dk\/mors\/kulturmoedet-aabnede-med-regn-rungende-korsang-og-fornemt-besoeg\/#primaryimage","url":"https:\/\/kunmedierne.dk\/mors\/wp-content\/uploads\/2025\/08\/Dueholmkilen-Krydsning-Naessundvej-Cykelbro-Tegning-1.pdf352.jpg","contentUrl":"https:\/\/kunmedierne.dk\/mors\/wp-content\/uploads\/2025\/08\/Dueholmkilen-Krydsning-Naessundvej-Cykelbro-Tegning-1.pdf352.jpg","width":2000,"height":1414,"caption":"H\u00e5ndv\u00e6rkerkoret \u00e5bnede - traditionen tro -Kulturm\u00f8det Mors med sangen \"Bl\u00e6sten g\u00e5r frisk over Limfjordens vande\""},{"@type":"BreadcrumbList","@id":"https:\/\/kunmedierne.dk\/mors\/kulturmoedet-aabnede-med-regn-rungende-korsang-og-fornemt-besoeg\/#breadcrumb","itemListElement":[{"@type":"ListItem","position":1,"name":"Hjem","item":"https:\/\/kunmedierne.dk\/mors\/"},{"@type":"ListItem","position":2,"name":"Kulturm\u00f8det \u00e5bnede med regn, rungende korsang og fornemt bes\u00f8g"}]},{"@type":"WebSite","@id":"https:\/\/kunmedierne.dk\/mors\/#website","url":"https:\/\/kunmedierne.dk\/mors\/","name":"Mors","description":"et netmedie med journalistik om livet p\u00e5 Mors","publisher":{"@id":"https:\/\/kunmedierne.dk\/mors\/#organization"},"potentialAction":[{"@type":"SearchAction","target":{"@type":"EntryPoint","urlTemplate":"https:\/\/kunmedierne.dk\/mors\/?s={search_term_string}"},"query-input":{"@type":"PropertyValueSpecification","valueRequired":true,"valueName":"search_term_string"}}],"inLanguage":"da-DK"},{"@type":"Organization","@id":"https:\/\/kunmedierne.dk\/mors\/#organization","name":"Mors","url":"https:\/\/kunmedierne.dk\/mors\/","logo":{"@type":"ImageObject","inLanguage":"da-DK","@id":"https:\/\/kunmedierne.dk\/mors\/#\/schema\/logo\/image\/","url":"https:\/\/kunmedierne.dk\/mors\/wp-content\/uploads\/2024\/08\/kunmors-logo.svg","contentUrl":"https:\/\/kunmedierne.dk\/mors\/wp-content\/uploads\/2024\/08\/kunmors-logo.svg","caption":"Mors"},"image":{"@id":"https:\/\/kunmedierne.dk\/mors\/#\/schema\/logo\/image\/"}},{"@type":"Person","@id":"https:\/\/kunmedierne.dk\/mors\/#\/schema\/person\/b2e62a38069b12365e53e087a8709c64","name":"Katrine Hedegaard","image":{"@type":"ImageObject","inLanguage":"da-DK","@id":"https:\/\/kunmedierne.dk\/mors\/#\/schema\/person\/image\/","url":"https:\/\/secure.gravatar.com\/avatar\/18a5c72fa9148052fd3ed5a58b40fc83cfdc9811090e6e6eec9539af058edcc0?s=96&d=mm&r=g","contentUrl":"https:\/\/secure.gravatar.com\/avatar\/18a5c72fa9148052fd3ed5a58b40fc83cfdc9811090e6e6eec9539af058edcc0?s=96&d=mm&r=g","caption":"Katrine Hedegaard"},"url":"https:\/\/kunmedierne.dk\/mors\/author\/katrine\/"}]}},"_links":{"self":[{"href":"https:\/\/kunmedierne.dk\/mors\/wp-json\/wp\/v2\/posts\/153396","targetHints":{"allow":["GET"]}}],"collection":[{"href":"https:\/\/kunmedierne.dk\/mors\/wp-json\/wp\/v2\/posts"}],"about":[{"href":"https:\/\/kunmedierne.dk\/mors\/wp-json\/wp\/v2\/types\/post"}],"author":[{"embeddable":true,"href":"https:\/\/kunmedierne.dk\/mors\/wp-json\/wp\/v2\/users\/2507"}],"replies":[{"embeddable":true,"href":"https:\/\/kunmedierne.dk\/mors\/wp-json\/wp\/v2\/comments?post=153396"}],"version-history":[{"count":11,"href":"https:\/\/kunmedierne.dk\/mors\/wp-json\/wp\/v2\/posts\/153396\/revisions"}],"predecessor-version":[{"id":153435,"href":"https:\/\/kunmedierne.dk\/mors\/wp-json\/wp\/v2\/posts\/153396\/revisions\/153435"}],"wp:attachment":[{"href":"https:\/\/kunmedierne.dk\/mors\/wp-json\/wp\/v2\/media?parent=153396"}],"wp:term":[{"taxonomy":"category","embeddable":true,"href":"https:\/\/kunmedierne.dk\/mors\/wp-json\/wp\/v2\/categories?post=153396"},{"taxonomy":"post_tag","embeddable":true,"href":"https:\/\/kunmedierne.dk\/mors\/wp-json\/wp\/v2\/tags?post=153396"}],"curies":[{"name":"wp","href":"https:\/\/api.w.org\/{rel}","templated":true}]}}