{"id":153303,"date":"2025-08-20T14:17:23","date_gmt":"2025-08-20T12:17:23","guid":{"rendered":"https:\/\/kunmedierne.dk\/mors\/?p=153303"},"modified":"2025-08-20T14:17:23","modified_gmt":"2025-08-20T12:17:23","slug":"klar-til-kulturmoedet-mors-oeen-summer-af-forventning","status":"publish","type":"post","link":"https:\/\/kunmedierne.dk\/mors\/klar-til-kulturmoedet-mors-oeen-summer-af-forventning\/","title":{"rendered":"Klar til Kulturm\u00f8det Mors: \u00d8en summer af forventning\u00a0"},"content":{"rendered":"<p><b><span data-contrast=\"auto\">NYK\u00d8BING:<\/span><\/b><span data-contrast=\"auto\"> Der er stille f\u00f8r stormen. Det er onsdag eftermiddag, og g\u00e5gaden i Nyk\u00f8bing summer allerede lidt mere af liv. Men i morgen \u2013 torsdag den 21. august klokken 9 \u2013 begynder det hele for alvor: Kulturm\u00f8det 2025.<\/span><span data-ccp-props=\"{&quot;134233117&quot;:false,&quot;134233118&quot;:false,&quot;335551550&quot;:0,&quot;335551620&quot;:0,&quot;335559738&quot;:240,&quot;335559739&quot;:240}\">\u00a0<\/span><\/p>\n<a class=\"dvrt-link\" onClick=\"cdmtrack_click(116504,jQuery(this));return false\" href=\"https:\/\/www.nybolig.dk\/ejendomsmaeglere\/nordvestjylland\/nybolig-morsoe-nykoebing-mors\"><img decoding=\"async\" style=\"width:100%;\" src=\"https:\/\/kunmedierne.dk\/mors\/wp-content\/uploads\/2024\/04\/250825Nybolig.jpg\"><\/a><script>cdmtrack_view(116504);<\/script>\n<p><span data-contrast=\"auto\">Charlotte Holm Paulsen (40) og hendes datter Rosa (8) tr\u00e6kker deres cykler op ad g\u00e5gaden. De m\u00e6rker, at stemningen er ved at vende.<\/span><span data-ccp-props=\"{&quot;134233117&quot;:false,&quot;134233118&quot;:false,&quot;335551550&quot;:0,&quot;335551620&quot;:0,&quot;335559738&quot;:240,&quot;335559739&quot;:240}\">\u00a0<\/span><\/p>\n<p><span data-contrast=\"auto\">\u2013 Der er mange turister i byen hele sommeren, men nu begynder det at summe p\u00e5 en anden m\u00e5de, siger Charlotte og kigger sig omkring.<\/span><span data-ccp-props=\"{&quot;134233117&quot;:false,&quot;134233118&quot;:false,&quot;335551550&quot;:0,&quot;335551620&quot;:0,&quot;335559738&quot;:240,&quot;335559739&quot;:240}\">\u00a0<\/span><\/p>\n<p><span data-contrast=\"auto\">Lidt l\u00e6ngere oppe viser et farverigt skilt vejen mod Gasv\u00e6rksvej og Kulturm\u00f8dets centrum.<\/span><\/p>\n<p><span data-contrast=\"auto\">Charlotte har fulgt Kulturm\u00f8det siden starten i 2012 og gl\u00e6der sig igen i \u00e5r:<\/span><span data-ccp-props=\"{&quot;134233117&quot;:false,&quot;134233118&quot;:false,&quot;335551550&quot;:0,&quot;335551620&quot;:0,&quot;335559738&quot;:240,&quot;335559739&quot;:240}\">\u00a0<\/span><\/p>\n<p><span data-contrast=\"auto\">\u2013 Det er vigtigt at st\u00f8tte op om de lokale ting. <\/span><\/p>\n<p><span data-contrast=\"auto\">P\u00e5 listen over de ting, hun skal opleve st\u00e5r <\/span>debatter \u00f8verst.<\/p>\n<p><span data-contrast=\"auto\">Datteren Rosa gl\u00e6der sig til den del af programmet, der er m\u00e5lrettet hende: B\u00f8rnenes Kulturm\u00f8de. Her skal hun blandt andet se udstillingen med fremtidsbilleder, som hun selv har v\u00e6ret med til at lave.<\/span><span data-ccp-props=\"{&quot;134233117&quot;:false,&quot;134233118&quot;:false,&quot;335551550&quot;:0,&quot;335551620&quot;:0,&quot;335559738&quot;:240,&quot;335559739&quot;:240}\">\u00a0<\/span><\/p>\n<p>&nbsp;<\/p>\n<p><b><span data-contrast=\"auto\">Loppemarkedet rykker ud i g\u00e5gaden<\/span><\/b><span data-ccp-props=\"{&quot;134233117&quot;:false,&quot;134233118&quot;:false,&quot;335551550&quot;:0,&quot;335551620&quot;:0,&quot;335559738&quot;:240,&quot;335559739&quot;:240}\">\u00a0<\/span><\/p>\n<p><span data-contrast=\"auto\">L\u00e6ngere oppe ad gaden skinner solen ogs\u00e5, og foran et stort butikslokale st\u00e5r et skilt: <\/span><i><span data-contrast=\"auto\">Loppemarked<\/span><\/i><span data-contrast=\"auto\">. Her har Helle Bang Nielsen (63) taget initiativ til et af de arrangementer, der er blevet en fast del af Kulturm\u00f8det \u2013 nu for fjerde \u00e5r i tr\u00e6k.<\/span><span data-ccp-props=\"{&quot;134233117&quot;:false,&quot;134233118&quot;:false,&quot;335551550&quot;:0,&quot;335551620&quot;:0,&quot;335559738&quot;:240,&quot;335559739&quot;:240}\">\u00a0<\/span><\/p>\n<p><span data-contrast=\"auto\">\u2013 Det er f\u00f8rste gang, vi har loppemarkedet midt i g\u00e5gaden, og det g\u00f8r virkelig en forskel. Der er meget mere liv, fort\u00e6ller Helle, mens nysgerrige forbipasserende kigger ind.<\/span><span data-ccp-props=\"{&quot;134233117&quot;:false,&quot;134233118&quot;:false,&quot;335551550&quot;:0,&quot;335551620&quot;:0,&quot;335559738&quot;:240,&quot;335559739&quot;:240}\">\u00a0<\/span><\/p>\n<div id=\"attachment_153309\" style=\"width: 2010px\" class=\"wp-caption alignnone\"><img loading=\"lazy\" decoding=\"async\" aria-describedby=\"caption-attachment-153309\" class=\"wp-image-153309 size-full\" src=\"https:\/\/kunmedierne.dk\/mors\/wp-content\/uploads\/2025\/08\/Design-uden-navn-2025-08-20T134308.966.png\" alt=\"\" width=\"2000\" height=\"1414\" srcset=\"https:\/\/kunmedierne.dk\/mors\/wp-content\/uploads\/2025\/08\/Design-uden-navn-2025-08-20T134308.966.png 2000w, https:\/\/kunmedierne.dk\/mors\/wp-content\/uploads\/2025\/08\/Design-uden-navn-2025-08-20T134308.966-300x212.png 300w, https:\/\/kunmedierne.dk\/mors\/wp-content\/uploads\/2025\/08\/Design-uden-navn-2025-08-20T134308.966-1024x724.png 1024w, https:\/\/kunmedierne.dk\/mors\/wp-content\/uploads\/2025\/08\/Design-uden-navn-2025-08-20T134308.966-510x361.png 510w\" sizes=\"auto, (max-width: 2000px) 100vw, 2000px\" \/><p id=\"caption-attachment-153309\" class=\"wp-caption-text\">Helle Bang Nielsen i lokalet i Algade, hvor loppemarkedet holder til<\/p><\/div>\n<a class=\"dvrt-link\" onClick=\"cdmtrack_click(104780,jQuery(this));return false\" href=\"https:\/\/www.spard.dk\/\"><img decoding=\"async\" style=\"width:100%;\" src=\"https:\/\/kunmedierne.dk\/mors\/wp-content\/uploads\/2023\/12\/sparekassen-dk-maj25.gif\"><\/a><script>cdmtrack_view(104780);<\/script>\n<p><span data-contrast=\"auto\">Flere frivillige hj\u00e6lper med, s\u00e5 Helle ogs\u00e5 selv f\u00e5r tid til at deltage i Kulturm\u00f8det.<\/span><span data-ccp-props=\"{&quot;134233117&quot;:false,&quot;134233118&quot;:false,&quot;335551550&quot;:0,&quot;335551620&quot;:0,&quot;335559738&quot;:240,&quot;335559739&quot;:240}\">\u00a0<\/span><\/p>\n<p><span data-contrast=\"auto\">\u2013 Der har v\u00e6ret en del forbi her. Der er en speciel stemning. N\u00e5r Kulturm\u00f8det finder sted, kan man m\u00e6rke gl\u00e6den og se mange unge og \u00e6ldre i g\u00e5gaden, siger hun med et smil.<\/span><span data-ccp-props=\"{&quot;134233117&quot;:false,&quot;134233118&quot;:false,&quot;335551550&quot;:0,&quot;335551620&quot;:0,&quot;335559738&quot;:240,&quot;335559739&quot;:240}\">\u00a0<\/span><\/p>\n<p>&nbsp;<\/p>\n<p><b><span data-contrast=\"auto\">Kulturm\u00f8det 2025\u00a0<\/span><\/b><\/p>\n<p><span data-contrast=\"auto\">Kulturm\u00f8det begynder torsdag den 21. august kl. 9 p\u00e5 Gasv\u00e6rksvej i Nyk\u00f8bing. Samtidig begynder B\u00f8rnenes Kulturm\u00f8de ved Kulturfjorden. Til og med L\u00f8rdag den 23. august vil hele Mors summe af debatter, kunst, musik og aktiviteter for b\u00e5de store og sm\u00e5.<\/span><span data-ccp-props=\"{&quot;134233117&quot;:false,&quot;134233118&quot;:false,&quot;335551550&quot;:0,&quot;335551620&quot;:0,&quot;335559738&quot;:240,&quot;335559739&quot;:240}\">\u00a0<\/span><\/p>\n<p><span data-ccp-props=\"{}\">&#8230; Og KunMors vi er selvf\u00f8lgelig med hele vejen igennem.\u00a0<\/span><\/p>\n","protected":false},"excerpt":{"rendered":"<p>NYK\u00d8BING: Der er stille f\u00f8r stormen. Det er onsdag eftermiddag, og g\u00e5gaden i Nyk\u00f8bing summer allerede lidt mere af liv. Men i morgen \u2013 torsdag den 21. august klokken 9 \u2013 begynder det hele for alvor: Kulturm\u00f8det 2025.\u00a0 Charlotte Holm Paulsen (40) og hendes datter Rosa (8) tr\u00e6kker deres cykler op ad g\u00e5gaden. De m\u00e6rker, [&hellip;]<\/p>\n","protected":false},"author":4322,"featured_media":0,"comment_status":"closed","ping_status":"closed","sticky":false,"template":"","format":"standard","meta":{"_acf_changed":false,"footnotes":""},"categories":[51],"tags":[162],"class_list":["post-153303","post","type-post","status-publish","format-standard","hentry","category-lokalt","tag-kulturmoedet"],"acf":[],"yoast_head":"<!-- This site is optimized with the Yoast SEO plugin v26.8 - https:\/\/yoast.com\/product\/yoast-seo-wordpress\/ -->\n<title>Klar til Kulturm\u00f8det Mors: \u00d8en summer af forventning\u00a0 - Mors<\/title>\n<meta name=\"robots\" content=\"index, follow, max-snippet:-1, max-image-preview:large, max-video-preview:-1\" \/>\n<link rel=\"canonical\" href=\"https:\/\/kunmedierne.dk\/mors\/klar-til-kulturmoedet-mors-oeen-summer-af-forventning\/\" \/>\n<meta property=\"og:locale\" content=\"da_DK\" \/>\n<meta property=\"og:type\" content=\"article\" \/>\n<meta property=\"og:title\" content=\"Klar til Kulturm\u00f8det Mors: \u00d8en summer af forventning\u00a0 - Mors\" \/>\n<meta property=\"og:description\" content=\"NYK\u00d8BING: Der er stille f\u00f8r stormen. Det er onsdag eftermiddag, og g\u00e5gaden i Nyk\u00f8bing summer allerede lidt mere af liv. Men i morgen \u2013 torsdag den 21. august klokken 9 \u2013 begynder det hele for alvor: Kulturm\u00f8det 2025.\u00a0 Charlotte Holm Paulsen (40) og hendes datter Rosa (8) tr\u00e6kker deres cykler op ad g\u00e5gaden. De m\u00e6rker, [&hellip;]\" \/>\n<meta property=\"og:url\" content=\"https:\/\/kunmedierne.dk\/mors\/klar-til-kulturmoedet-mors-oeen-summer-af-forventning\/\" \/>\n<meta property=\"og:site_name\" content=\"Mors\" \/>\n<meta property=\"article:published_time\" content=\"2025-08-20T12:17:23+00:00\" \/>\n<meta property=\"og:image\" content=\"https:\/\/kunmedierne.dk\/mors\/wp-content\/uploads\/2025\/08\/Design-uden-navn-2025-08-20T134308.966.png\" \/>\n<meta name=\"author\" content=\"Anna Sofie L. Millardet\" \/>\n<meta name=\"twitter:card\" content=\"summary_large_image\" \/>\n<meta name=\"twitter:label1\" content=\"Skrevet af\" \/>\n\t<meta name=\"twitter:data1\" content=\"Anna Sofie L. Millardet\" \/>\n\t<meta name=\"twitter:label2\" content=\"Estimeret l\u00e6setid\" \/>\n\t<meta name=\"twitter:data2\" content=\"3 minutter\" \/>\n<script type=\"application\/ld+json\" class=\"yoast-schema-graph\">{\"@context\":\"https:\/\/schema.org\",\"@graph\":[{\"@type\":\"Article\",\"@id\":\"https:\/\/kunmedierne.dk\/mors\/klar-til-kulturmoedet-mors-oeen-summer-af-forventning\/#article\",\"isPartOf\":{\"@id\":\"https:\/\/kunmedierne.dk\/mors\/klar-til-kulturmoedet-mors-oeen-summer-af-forventning\/\"},\"author\":{\"name\":\"Anna Sofie L. Millardet\",\"@id\":\"https:\/\/kunmedierne.dk\/mors\/#\/schema\/person\/5ce65b2f425c5239e1b5904a46b0fc55\"},\"headline\":\"Klar til Kulturm\u00f8det Mors: \u00d8en summer af forventning\u00a0\",\"datePublished\":\"2025-08-20T12:17:23+00:00\",\"mainEntityOfPage\":{\"@id\":\"https:\/\/kunmedierne.dk\/mors\/klar-til-kulturmoedet-mors-oeen-summer-af-forventning\/\"},\"wordCount\":409,\"publisher\":{\"@id\":\"https:\/\/kunmedierne.dk\/mors\/#organization\"},\"image\":{\"@id\":\"https:\/\/kunmedierne.dk\/mors\/klar-til-kulturmoedet-mors-oeen-summer-af-forventning\/#primaryimage\"},\"thumbnailUrl\":\"https:\/\/kunmedierne.dk\/mors\/wp-content\/uploads\/2025\/08\/Design-uden-navn-2025-08-20T134308.966.png\",\"keywords\":[\"Kulturm\u00f8det\"],\"articleSection\":[\"Lokalt\"],\"inLanguage\":\"da-DK\"},{\"@type\":\"WebPage\",\"@id\":\"https:\/\/kunmedierne.dk\/mors\/klar-til-kulturmoedet-mors-oeen-summer-af-forventning\/\",\"url\":\"https:\/\/kunmedierne.dk\/mors\/klar-til-kulturmoedet-mors-oeen-summer-af-forventning\/\",\"name\":\"Klar til Kulturm\u00f8det Mors: \u00d8en summer af forventning\u00a0 - Mors\",\"isPartOf\":{\"@id\":\"https:\/\/kunmedierne.dk\/mors\/#website\"},\"primaryImageOfPage\":{\"@id\":\"https:\/\/kunmedierne.dk\/mors\/klar-til-kulturmoedet-mors-oeen-summer-af-forventning\/#primaryimage\"},\"image\":{\"@id\":\"https:\/\/kunmedierne.dk\/mors\/klar-til-kulturmoedet-mors-oeen-summer-af-forventning\/#primaryimage\"},\"thumbnailUrl\":\"https:\/\/kunmedierne.dk\/mors\/wp-content\/uploads\/2025\/08\/Design-uden-navn-2025-08-20T134308.966.png\",\"datePublished\":\"2025-08-20T12:17:23+00:00\",\"breadcrumb\":{\"@id\":\"https:\/\/kunmedierne.dk\/mors\/klar-til-kulturmoedet-mors-oeen-summer-af-forventning\/#breadcrumb\"},\"inLanguage\":\"da-DK\",\"potentialAction\":[{\"@type\":\"ReadAction\",\"target\":[\"https:\/\/kunmedierne.dk\/mors\/klar-til-kulturmoedet-mors-oeen-summer-af-forventning\/\"]}]},{\"@type\":\"ImageObject\",\"inLanguage\":\"da-DK\",\"@id\":\"https:\/\/kunmedierne.dk\/mors\/klar-til-kulturmoedet-mors-oeen-summer-af-forventning\/#primaryimage\",\"url\":\"https:\/\/kunmedierne.dk\/mors\/wp-content\/uploads\/2025\/08\/Design-uden-navn-2025-08-20T134308.966.png\",\"contentUrl\":\"https:\/\/kunmedierne.dk\/mors\/wp-content\/uploads\/2025\/08\/Design-uden-navn-2025-08-20T134308.966.png\",\"width\":2000,\"height\":1414},{\"@type\":\"BreadcrumbList\",\"@id\":\"https:\/\/kunmedierne.dk\/mors\/klar-til-kulturmoedet-mors-oeen-summer-af-forventning\/#breadcrumb\",\"itemListElement\":[{\"@type\":\"ListItem\",\"position\":1,\"name\":\"Hjem\",\"item\":\"https:\/\/kunmedierne.dk\/mors\/\"},{\"@type\":\"ListItem\",\"position\":2,\"name\":\"Klar til Kulturm\u00f8det Mors: \u00d8en summer af forventning\u00a0\"}]},{\"@type\":\"WebSite\",\"@id\":\"https:\/\/kunmedierne.dk\/mors\/#website\",\"url\":\"https:\/\/kunmedierne.dk\/mors\/\",\"name\":\"Mors\",\"description\":\"et netmedie med journalistik om livet p\u00e5 Mors\",\"publisher\":{\"@id\":\"https:\/\/kunmedierne.dk\/mors\/#organization\"},\"potentialAction\":[{\"@type\":\"SearchAction\",\"target\":{\"@type\":\"EntryPoint\",\"urlTemplate\":\"https:\/\/kunmedierne.dk\/mors\/?s={search_term_string}\"},\"query-input\":{\"@type\":\"PropertyValueSpecification\",\"valueRequired\":true,\"valueName\":\"search_term_string\"}}],\"inLanguage\":\"da-DK\"},{\"@type\":\"Organization\",\"@id\":\"https:\/\/kunmedierne.dk\/mors\/#organization\",\"name\":\"Mors\",\"url\":\"https:\/\/kunmedierne.dk\/mors\/\",\"logo\":{\"@type\":\"ImageObject\",\"inLanguage\":\"da-DK\",\"@id\":\"https:\/\/kunmedierne.dk\/mors\/#\/schema\/logo\/image\/\",\"url\":\"https:\/\/kunmedierne.dk\/mors\/wp-content\/uploads\/2024\/08\/kunmors-logo.svg\",\"contentUrl\":\"https:\/\/kunmedierne.dk\/mors\/wp-content\/uploads\/2024\/08\/kunmors-logo.svg\",\"caption\":\"Mors\"},\"image\":{\"@id\":\"https:\/\/kunmedierne.dk\/mors\/#\/schema\/logo\/image\/\"}},{\"@type\":\"Person\",\"@id\":\"https:\/\/kunmedierne.dk\/mors\/#\/schema\/person\/5ce65b2f425c5239e1b5904a46b0fc55\",\"name\":\"Anna Sofie L. Millardet\",\"image\":{\"@type\":\"ImageObject\",\"inLanguage\":\"da-DK\",\"@id\":\"https:\/\/kunmedierne.dk\/mors\/#\/schema\/person\/image\/\",\"url\":\"https:\/\/secure.gravatar.com\/avatar\/06ed27cc9531ba66cd23ad132b530867168736fd8766f9b8dbc38090a0f7ab1d?s=96&d=mm&r=g\",\"contentUrl\":\"https:\/\/secure.gravatar.com\/avatar\/06ed27cc9531ba66cd23ad132b530867168736fd8766f9b8dbc38090a0f7ab1d?s=96&d=mm&r=g\",\"caption\":\"Anna Sofie L. Millardet\"},\"url\":\"https:\/\/kunmedierne.dk\/mors\/author\/anna\/\"}]}<\/script>\n<!-- \/ Yoast SEO plugin. -->","yoast_head_json":{"title":"Klar til Kulturm\u00f8det Mors: \u00d8en summer af forventning\u00a0 - Mors","robots":{"index":"index","follow":"follow","max-snippet":"max-snippet:-1","max-image-preview":"max-image-preview:large","max-video-preview":"max-video-preview:-1"},"canonical":"https:\/\/kunmedierne.dk\/mors\/klar-til-kulturmoedet-mors-oeen-summer-af-forventning\/","og_locale":"da_DK","og_type":"article","og_title":"Klar til Kulturm\u00f8det Mors: \u00d8en summer af forventning\u00a0 - Mors","og_description":"NYK\u00d8BING: Der er stille f\u00f8r stormen. Det er onsdag eftermiddag, og g\u00e5gaden i Nyk\u00f8bing summer allerede lidt mere af liv. Men i morgen \u2013 torsdag den 21. august klokken 9 \u2013 begynder det hele for alvor: Kulturm\u00f8det 2025.\u00a0 Charlotte Holm Paulsen (40) og hendes datter Rosa (8) tr\u00e6kker deres cykler op ad g\u00e5gaden. De m\u00e6rker, [&hellip;]","og_url":"https:\/\/kunmedierne.dk\/mors\/klar-til-kulturmoedet-mors-oeen-summer-af-forventning\/","og_site_name":"Mors","article_published_time":"2025-08-20T12:17:23+00:00","og_image":[{"url":"https:\/\/kunmedierne.dk\/mors\/wp-content\/uploads\/2025\/08\/Design-uden-navn-2025-08-20T134308.966.png","type":"","width":"","height":""}],"author":"Anna Sofie L. Millardet","twitter_card":"summary_large_image","twitter_misc":{"Skrevet af":"Anna Sofie L. Millardet","Estimeret l\u00e6setid":"3 minutter"},"schema":{"@context":"https:\/\/schema.org","@graph":[{"@type":"Article","@id":"https:\/\/kunmedierne.dk\/mors\/klar-til-kulturmoedet-mors-oeen-summer-af-forventning\/#article","isPartOf":{"@id":"https:\/\/kunmedierne.dk\/mors\/klar-til-kulturmoedet-mors-oeen-summer-af-forventning\/"},"author":{"name":"Anna Sofie L. Millardet","@id":"https:\/\/kunmedierne.dk\/mors\/#\/schema\/person\/5ce65b2f425c5239e1b5904a46b0fc55"},"headline":"Klar til Kulturm\u00f8det Mors: \u00d8en summer af forventning\u00a0","datePublished":"2025-08-20T12:17:23+00:00","mainEntityOfPage":{"@id":"https:\/\/kunmedierne.dk\/mors\/klar-til-kulturmoedet-mors-oeen-summer-af-forventning\/"},"wordCount":409,"publisher":{"@id":"https:\/\/kunmedierne.dk\/mors\/#organization"},"image":{"@id":"https:\/\/kunmedierne.dk\/mors\/klar-til-kulturmoedet-mors-oeen-summer-af-forventning\/#primaryimage"},"thumbnailUrl":"https:\/\/kunmedierne.dk\/mors\/wp-content\/uploads\/2025\/08\/Design-uden-navn-2025-08-20T134308.966.png","keywords":["Kulturm\u00f8det"],"articleSection":["Lokalt"],"inLanguage":"da-DK"},{"@type":"WebPage","@id":"https:\/\/kunmedierne.dk\/mors\/klar-til-kulturmoedet-mors-oeen-summer-af-forventning\/","url":"https:\/\/kunmedierne.dk\/mors\/klar-til-kulturmoedet-mors-oeen-summer-af-forventning\/","name":"Klar til Kulturm\u00f8det Mors: \u00d8en summer af forventning\u00a0 - Mors","isPartOf":{"@id":"https:\/\/kunmedierne.dk\/mors\/#website"},"primaryImageOfPage":{"@id":"https:\/\/kunmedierne.dk\/mors\/klar-til-kulturmoedet-mors-oeen-summer-af-forventning\/#primaryimage"},"image":{"@id":"https:\/\/kunmedierne.dk\/mors\/klar-til-kulturmoedet-mors-oeen-summer-af-forventning\/#primaryimage"},"thumbnailUrl":"https:\/\/kunmedierne.dk\/mors\/wp-content\/uploads\/2025\/08\/Design-uden-navn-2025-08-20T134308.966.png","datePublished":"2025-08-20T12:17:23+00:00","breadcrumb":{"@id":"https:\/\/kunmedierne.dk\/mors\/klar-til-kulturmoedet-mors-oeen-summer-af-forventning\/#breadcrumb"},"inLanguage":"da-DK","potentialAction":[{"@type":"ReadAction","target":["https:\/\/kunmedierne.dk\/mors\/klar-til-kulturmoedet-mors-oeen-summer-af-forventning\/"]}]},{"@type":"ImageObject","inLanguage":"da-DK","@id":"https:\/\/kunmedierne.dk\/mors\/klar-til-kulturmoedet-mors-oeen-summer-af-forventning\/#primaryimage","url":"https:\/\/kunmedierne.dk\/mors\/wp-content\/uploads\/2025\/08\/Design-uden-navn-2025-08-20T134308.966.png","contentUrl":"https:\/\/kunmedierne.dk\/mors\/wp-content\/uploads\/2025\/08\/Design-uden-navn-2025-08-20T134308.966.png","width":2000,"height":1414},{"@type":"BreadcrumbList","@id":"https:\/\/kunmedierne.dk\/mors\/klar-til-kulturmoedet-mors-oeen-summer-af-forventning\/#breadcrumb","itemListElement":[{"@type":"ListItem","position":1,"name":"Hjem","item":"https:\/\/kunmedierne.dk\/mors\/"},{"@type":"ListItem","position":2,"name":"Klar til Kulturm\u00f8det Mors: \u00d8en summer af forventning\u00a0"}]},{"@type":"WebSite","@id":"https:\/\/kunmedierne.dk\/mors\/#website","url":"https:\/\/kunmedierne.dk\/mors\/","name":"Mors","description":"et netmedie med journalistik om livet p\u00e5 Mors","publisher":{"@id":"https:\/\/kunmedierne.dk\/mors\/#organization"},"potentialAction":[{"@type":"SearchAction","target":{"@type":"EntryPoint","urlTemplate":"https:\/\/kunmedierne.dk\/mors\/?s={search_term_string}"},"query-input":{"@type":"PropertyValueSpecification","valueRequired":true,"valueName":"search_term_string"}}],"inLanguage":"da-DK"},{"@type":"Organization","@id":"https:\/\/kunmedierne.dk\/mors\/#organization","name":"Mors","url":"https:\/\/kunmedierne.dk\/mors\/","logo":{"@type":"ImageObject","inLanguage":"da-DK","@id":"https:\/\/kunmedierne.dk\/mors\/#\/schema\/logo\/image\/","url":"https:\/\/kunmedierne.dk\/mors\/wp-content\/uploads\/2024\/08\/kunmors-logo.svg","contentUrl":"https:\/\/kunmedierne.dk\/mors\/wp-content\/uploads\/2024\/08\/kunmors-logo.svg","caption":"Mors"},"image":{"@id":"https:\/\/kunmedierne.dk\/mors\/#\/schema\/logo\/image\/"}},{"@type":"Person","@id":"https:\/\/kunmedierne.dk\/mors\/#\/schema\/person\/5ce65b2f425c5239e1b5904a46b0fc55","name":"Anna Sofie L. Millardet","image":{"@type":"ImageObject","inLanguage":"da-DK","@id":"https:\/\/kunmedierne.dk\/mors\/#\/schema\/person\/image\/","url":"https:\/\/secure.gravatar.com\/avatar\/06ed27cc9531ba66cd23ad132b530867168736fd8766f9b8dbc38090a0f7ab1d?s=96&d=mm&r=g","contentUrl":"https:\/\/secure.gravatar.com\/avatar\/06ed27cc9531ba66cd23ad132b530867168736fd8766f9b8dbc38090a0f7ab1d?s=96&d=mm&r=g","caption":"Anna Sofie L. Millardet"},"url":"https:\/\/kunmedierne.dk\/mors\/author\/anna\/"}]}},"_links":{"self":[{"href":"https:\/\/kunmedierne.dk\/mors\/wp-json\/wp\/v2\/posts\/153303","targetHints":{"allow":["GET"]}}],"collection":[{"href":"https:\/\/kunmedierne.dk\/mors\/wp-json\/wp\/v2\/posts"}],"about":[{"href":"https:\/\/kunmedierne.dk\/mors\/wp-json\/wp\/v2\/types\/post"}],"author":[{"embeddable":true,"href":"https:\/\/kunmedierne.dk\/mors\/wp-json\/wp\/v2\/users\/4322"}],"replies":[{"embeddable":true,"href":"https:\/\/kunmedierne.dk\/mors\/wp-json\/wp\/v2\/comments?post=153303"}],"version-history":[{"count":16,"href":"https:\/\/kunmedierne.dk\/mors\/wp-json\/wp\/v2\/posts\/153303\/revisions"}],"predecessor-version":[{"id":153328,"href":"https:\/\/kunmedierne.dk\/mors\/wp-json\/wp\/v2\/posts\/153303\/revisions\/153328"}],"wp:attachment":[{"href":"https:\/\/kunmedierne.dk\/mors\/wp-json\/wp\/v2\/media?parent=153303"}],"wp:term":[{"taxonomy":"category","embeddable":true,"href":"https:\/\/kunmedierne.dk\/mors\/wp-json\/wp\/v2\/categories?post=153303"},{"taxonomy":"post_tag","embeddable":true,"href":"https:\/\/kunmedierne.dk\/mors\/wp-json\/wp\/v2\/tags?post=153303"}],"curies":[{"name":"wp","href":"https:\/\/api.w.org\/{rel}","templated":true}]}}