{"id":152913,"date":"2025-08-15T17:51:09","date_gmt":"2025-08-15T15:51:09","guid":{"rendered":"https:\/\/kunmedierne.dk\/mors\/?p=152913"},"modified":"2025-08-15T14:13:00","modified_gmt":"2025-08-15T12:13:00","slug":"naessundfaergen-indgaar-i-kulturmoedet-og-sejler-i-aar-fra-nykoebing-havn","status":"publish","type":"post","link":"https:\/\/kunmedierne.dk\/mors\/naessundfaergen-indgaar-i-kulturmoedet-og-sejler-i-aar-fra-nykoebing-havn\/","title":{"rendered":"N\u00e6ssundf\u00e6rgen indg\u00e5r i Kulturm\u00f8det og sejler i \u00e5r fra Nyk\u00f8bing Havn"},"content":{"rendered":"<p><strong>SEJLADS: <\/strong>N\u00e6ssundf\u00e6rgen er igen i \u00e5r en del af Kulturm\u00f8det. Selve f\u00e6rgen er over 60 \u00e5r og i sig selv en kulturinstans. Sidste \u00e5r sejlede N\u00e6ssundf\u00e6rgen fra sit vanlige <span data-huuid=\"10936998848692068341\">overfartssted<\/span> i N\u00e6ssund, men i \u00e5r kommer den til at sejle fra Nyk\u00f8bing havn.<\/p>\n<a class=\"dvrt-link\" onClick=\"cdmtrack_click(104786,jQuery(this));return false\" href=\"https:\/\/limfjordsteatret.dk\/events\/tobias-dybvad-mit-bedste-onemanshow\/\"><img decoding=\"async\" style=\"width:100%;\" src=\"https:\/\/kunmedierne.dk\/mors\/wp-content\/uploads\/2023\/10\/aarskortLim_KunMors_1100x125.jpg\"><\/a><script>cdmtrack_view(104786);<\/script>\n<p>Melsen Fonden har doneret 27.500 kr., og<span style=\"color: initial\">\u00a0derfor kan N\u00e6ssundf\u00e6rgen deltage i Kulturm\u00f8det. Tilbage i vinter s\u00f8gte N\u00e6ssundf\u00e6rgen fondsmidlerne.<\/span><\/p>\n<p>Jens Bech Mogensen, der er formand for N\u00e6ssundf\u00e6rgens Venner, s\u00e6tter stor pris p\u00e5 donationen, og hvad den har betydet for N\u00e6ssundf\u00e6rgens deltagelse i Kulturm\u00f8det. Han siger i en pressemeddelelse:<\/p>\n<p>&#8211; Vi er meget glade for tilskuddet p\u00e5 27.500 kr. til Kulturm\u00f8det, siger formanden for foreningen N\u00e6ssundf\u00e6rgens Venner. Vi vil meget gerne tilbyde gratis deltagelse i udflugterne p\u00e5 linje med de fleste andre arrangementer p\u00e5 Kulturm\u00f8det. Det kan vi nu g\u00f8re takket v\u00e6re Melsen Fonden.<\/p>\n<p><span style=\"color: initial\">Dette \u00e5r vil f\u00e6rgen have fire gratis ture b\u00e5de d. 22 august og 23 august.<\/span><span style=\"color: initial\">\u00a0<\/span><\/p>\n<p>Det er andet \u00e5r N\u00e6ssundf\u00e6rgen deltager i Kulturm\u00f8de. Form\u00e5let med det er at f\u00e5 flere til at \u00f8jnene op for f\u00e6rgen, fort\u00e6ller Jens Bech-Mogensen, der er formand for N\u00e6ssundf\u00e6rgens Venner.<\/p>\n<p>F\u00e6rgen sejler hen mod Sallingsundbroen, og en guide vil fort\u00e6lle om s\u00f8farten- og f\u00e6rgens historie, samt broens betydning for Mors. De fire gratis afgange er l\u00f8rdag d. 22. august og s\u00f8ndag d. 23. august.<\/p>\n<a class=\"dvrt-link\" onClick=\"cdmtrack_click(111725,jQuery(this));return false\" href=\"https:\/\/www.thistedforsikring.dk\/?utm_source=partnerskaber&amp;utm_campaign=kun_mors\"><img decoding=\"async\" style=\"width:100%;\" src=\"https:\/\/kunmedierne.dk\/mors\/wp-content\/uploads\/2024\/02\/269409KunMors-ThistedFor-1.png\"><\/a><script>cdmtrack_view(111725);<\/script>\n<p>Sidste \u00e5r sejlede f\u00e6rgen ikke fra Nyk\u00f8bing, men det er der s\u00f8rget for i \u00e5r. Det h\u00e5ber Jens Bech-Mogensen vil g\u00f8re en forskel for antallet af bes\u00f8gende:<\/p>\n<p>&#8211; Sidste \u00e5r gik vi lige pludselig i gang med at planl\u00e6gge at v\u00e6re en del af Kulturm\u00f8det. Vi har s\u00f8rget for, at f\u00e6rgen i \u00e5r sejler fra Nyk\u00f8bing. Det h\u00e5ber vi medf\u00f8rer, at flere folk kommer.<\/p>\n<p>&nbsp;<\/p>\n<p><strong>N\u00e6ssundf\u00e6rgen deltager for at f\u00e5 flere medlemmer<\/strong><\/p>\n<p>Udover at f\u00e5 skabt et st\u00f8rre kendskab til N\u00e6ssundf\u00e6rgen, s\u00e5 er hovedform\u00e5let pengebidrag:<\/p>\n<p>&#8211; Vi h\u00e5ber p\u00e5 flere medlemmer og flere medlemsbidrag, ved at deltage i Kulturm\u00f8det, siger Jens Bech-Mogensen.<\/p>\n<p>N\u00e6ssundf\u00e6rgen sejler gratis fredag d. 22. august og l\u00f8rdag d. 23. august fra havnen i Nyk\u00f8bing ved Fjord Bryghus\/den gamle toldbod kl. 10, 11.30, 13 og 14.30. F\u00e6rgen har plads til 90 passagerer, s\u00e5 det er f\u00f8rst til m\u00f8lle. Til de f\u00f8rste morgenafgange kan man k\u00f8be morgenmad p\u00e5 f\u00e6rgen.<\/p>\n<p>Ud over de gratis ture, s\u00e5 er der ogs\u00e5 ture kl. 16 d. 22- og 23- august, hvor der er \u2019\u00d8lsmagning p\u00e5 fjorden\u2019 i samarbejde med Thisted Bryghus. Det koster en smule over 200 kr. og via Turistkontoret i Nyk\u00f8bing eller foreningens hjemmeside, kan man tilmelde sig turene.<\/p>\n<p>En af N\u00e6ssundf\u00e6rgens ture er udsolgt, og det er sejlturen med musik fra Nobody\u2019s Man fra Thy og helstegt pattegris fra N\u00e6ssund til Nyk\u00f8bing d. 22. august. Derfor h\u00e5ber Jens Bech Mogensen ogs\u00e5 p\u00e5, at over 50 personer deltager p\u00e5 hjemturen l\u00f8rdag d. 22. august fra Nyk\u00f8bing til N\u00e6ssund kl. 18.30. P\u00e5 hjemturen er det en selv, som st\u00e5r for maden, men man kan k\u00f8be drikkevarer.<\/p>\n<a class=\"dvrt-link\" onClick=\"cdmtrack_click(104786,jQuery(this));return false\" href=\"https:\/\/limfjordsteatret.dk\/events\/tobias-dybvad-mit-bedste-onemanshow\/\"><img decoding=\"async\" style=\"width:100%;\" src=\"https:\/\/kunmedierne.dk\/mors\/wp-content\/uploads\/2023\/10\/aarskortLim_KunMors_1100x125.jpg\"><\/a><script>cdmtrack_view(104786);<\/script>\n<p>Om N\u00e6ssundf\u00e6rgen vil sejle til Kulturm\u00f8det igen n\u00e6ste \u00e5r, afh\u00e6nger af antallet af g\u00e6ster. Dette \u00e5r er to almindelige sejldage (22. august og 23. august) taget ud af N\u00e6ssundf\u00e6rgens kalender for at g\u00f8re det muligt at deltage i Kulturm\u00f8det. Derfor vil N\u00e6ssundf\u00e6rgens Venner evaluere, om det giver mening at deltage n\u00e6ste \u00e5r ogs\u00e5.<\/p>\n","protected":false},"excerpt":{"rendered":"<p>SEJLADS: N\u00e6ssundf\u00e6rgen er igen i \u00e5r en del af Kulturm\u00f8det. Selve f\u00e6rgen er over 60 \u00e5r og i sig selv en kulturinstans. Sidste \u00e5r sejlede N\u00e6ssundf\u00e6rgen fra sit vanlige overfartssted i N\u00e6ssund, men i \u00e5r kommer den til at sejle fra Nyk\u00f8bing havn. Melsen Fonden har doneret 27.500 kr., og\u00a0derfor kan N\u00e6ssundf\u00e6rgen deltage i Kulturm\u00f8det. [&hellip;]<\/p>\n","protected":false},"author":4322,"featured_media":0,"comment_status":"closed","ping_status":"closed","sticky":false,"template":"","format":"standard","meta":{"_acf_changed":false,"footnotes":""},"categories":[51],"tags":[],"class_list":["post-152913","post","type-post","status-publish","format-standard","hentry","category-lokalt"],"acf":[],"yoast_head":"<!-- This site is optimized with the Yoast SEO plugin v26.8 - https:\/\/yoast.com\/product\/yoast-seo-wordpress\/ -->\n<title>N\u00e6ssundf\u00e6rgen indg\u00e5r i Kulturm\u00f8det og sejler i \u00e5r fra Nyk\u00f8bing Havn - Mors<\/title>\n<meta name=\"robots\" content=\"index, follow, max-snippet:-1, max-image-preview:large, max-video-preview:-1\" \/>\n<link rel=\"canonical\" href=\"https:\/\/kunmedierne.dk\/mors\/naessundfaergen-indgaar-i-kulturmoedet-og-sejler-i-aar-fra-nykoebing-havn\/\" \/>\n<meta property=\"og:locale\" content=\"da_DK\" \/>\n<meta property=\"og:type\" content=\"article\" \/>\n<meta property=\"og:title\" content=\"N\u00e6ssundf\u00e6rgen indg\u00e5r i Kulturm\u00f8det og sejler i \u00e5r fra Nyk\u00f8bing Havn - Mors\" \/>\n<meta property=\"og:description\" content=\"SEJLADS: N\u00e6ssundf\u00e6rgen er igen i \u00e5r en del af Kulturm\u00f8det. Selve f\u00e6rgen er over 60 \u00e5r og i sig selv en kulturinstans. Sidste \u00e5r sejlede N\u00e6ssundf\u00e6rgen fra sit vanlige overfartssted i N\u00e6ssund, men i \u00e5r kommer den til at sejle fra Nyk\u00f8bing havn. Melsen Fonden har doneret 27.500 kr., og\u00a0derfor kan N\u00e6ssundf\u00e6rgen deltage i Kulturm\u00f8det. [&hellip;]\" \/>\n<meta property=\"og:url\" content=\"https:\/\/kunmedierne.dk\/mors\/naessundfaergen-indgaar-i-kulturmoedet-og-sejler-i-aar-fra-nykoebing-havn\/\" \/>\n<meta property=\"og:site_name\" content=\"Mors\" \/>\n<meta property=\"article:published_time\" content=\"2025-08-15T15:51:09+00:00\" \/>\n<meta name=\"author\" content=\"Anna Sofie L. Millardet\" \/>\n<meta name=\"twitter:card\" content=\"summary_large_image\" \/>\n<meta name=\"twitter:label1\" content=\"Skrevet af\" \/>\n\t<meta name=\"twitter:data1\" content=\"Anna Sofie L. Millardet\" \/>\n\t<meta name=\"twitter:label2\" content=\"Estimeret l\u00e6setid\" \/>\n\t<meta name=\"twitter:data2\" content=\"3 minutter\" \/>\n<script type=\"application\/ld+json\" class=\"yoast-schema-graph\">{\"@context\":\"https:\/\/schema.org\",\"@graph\":[{\"@type\":\"Article\",\"@id\":\"https:\/\/kunmedierne.dk\/mors\/naessundfaergen-indgaar-i-kulturmoedet-og-sejler-i-aar-fra-nykoebing-havn\/#article\",\"isPartOf\":{\"@id\":\"https:\/\/kunmedierne.dk\/mors\/naessundfaergen-indgaar-i-kulturmoedet-og-sejler-i-aar-fra-nykoebing-havn\/\"},\"author\":{\"name\":\"Anna Sofie L. Millardet\",\"@id\":\"https:\/\/kunmedierne.dk\/mors\/#\/schema\/person\/5ce65b2f425c5239e1b5904a46b0fc55\"},\"headline\":\"N\u00e6ssundf\u00e6rgen indg\u00e5r i Kulturm\u00f8det og sejler i \u00e5r fra Nyk\u00f8bing Havn\",\"datePublished\":\"2025-08-15T15:51:09+00:00\",\"mainEntityOfPage\":{\"@id\":\"https:\/\/kunmedierne.dk\/mors\/naessundfaergen-indgaar-i-kulturmoedet-og-sejler-i-aar-fra-nykoebing-havn\/\"},\"wordCount\":633,\"publisher\":{\"@id\":\"https:\/\/kunmedierne.dk\/mors\/#organization\"},\"articleSection\":[\"Lokalt\"],\"inLanguage\":\"da-DK\"},{\"@type\":\"WebPage\",\"@id\":\"https:\/\/kunmedierne.dk\/mors\/naessundfaergen-indgaar-i-kulturmoedet-og-sejler-i-aar-fra-nykoebing-havn\/\",\"url\":\"https:\/\/kunmedierne.dk\/mors\/naessundfaergen-indgaar-i-kulturmoedet-og-sejler-i-aar-fra-nykoebing-havn\/\",\"name\":\"N\u00e6ssundf\u00e6rgen indg\u00e5r i Kulturm\u00f8det og sejler i \u00e5r fra Nyk\u00f8bing Havn - Mors\",\"isPartOf\":{\"@id\":\"https:\/\/kunmedierne.dk\/mors\/#website\"},\"datePublished\":\"2025-08-15T15:51:09+00:00\",\"breadcrumb\":{\"@id\":\"https:\/\/kunmedierne.dk\/mors\/naessundfaergen-indgaar-i-kulturmoedet-og-sejler-i-aar-fra-nykoebing-havn\/#breadcrumb\"},\"inLanguage\":\"da-DK\",\"potentialAction\":[{\"@type\":\"ReadAction\",\"target\":[\"https:\/\/kunmedierne.dk\/mors\/naessundfaergen-indgaar-i-kulturmoedet-og-sejler-i-aar-fra-nykoebing-havn\/\"]}]},{\"@type\":\"BreadcrumbList\",\"@id\":\"https:\/\/kunmedierne.dk\/mors\/naessundfaergen-indgaar-i-kulturmoedet-og-sejler-i-aar-fra-nykoebing-havn\/#breadcrumb\",\"itemListElement\":[{\"@type\":\"ListItem\",\"position\":1,\"name\":\"Hjem\",\"item\":\"https:\/\/kunmedierne.dk\/mors\/\"},{\"@type\":\"ListItem\",\"position\":2,\"name\":\"N\u00e6ssundf\u00e6rgen indg\u00e5r i Kulturm\u00f8det og sejler i \u00e5r fra Nyk\u00f8bing Havn\"}]},{\"@type\":\"WebSite\",\"@id\":\"https:\/\/kunmedierne.dk\/mors\/#website\",\"url\":\"https:\/\/kunmedierne.dk\/mors\/\",\"name\":\"Mors\",\"description\":\"et netmedie med journalistik om livet p\u00e5 Mors\",\"publisher\":{\"@id\":\"https:\/\/kunmedierne.dk\/mors\/#organization\"},\"potentialAction\":[{\"@type\":\"SearchAction\",\"target\":{\"@type\":\"EntryPoint\",\"urlTemplate\":\"https:\/\/kunmedierne.dk\/mors\/?s={search_term_string}\"},\"query-input\":{\"@type\":\"PropertyValueSpecification\",\"valueRequired\":true,\"valueName\":\"search_term_string\"}}],\"inLanguage\":\"da-DK\"},{\"@type\":\"Organization\",\"@id\":\"https:\/\/kunmedierne.dk\/mors\/#organization\",\"name\":\"Mors\",\"url\":\"https:\/\/kunmedierne.dk\/mors\/\",\"logo\":{\"@type\":\"ImageObject\",\"inLanguage\":\"da-DK\",\"@id\":\"https:\/\/kunmedierne.dk\/mors\/#\/schema\/logo\/image\/\",\"url\":\"https:\/\/kunmedierne.dk\/mors\/wp-content\/uploads\/2024\/08\/kunmors-logo.svg\",\"contentUrl\":\"https:\/\/kunmedierne.dk\/mors\/wp-content\/uploads\/2024\/08\/kunmors-logo.svg\",\"caption\":\"Mors\"},\"image\":{\"@id\":\"https:\/\/kunmedierne.dk\/mors\/#\/schema\/logo\/image\/\"}},{\"@type\":\"Person\",\"@id\":\"https:\/\/kunmedierne.dk\/mors\/#\/schema\/person\/5ce65b2f425c5239e1b5904a46b0fc55\",\"name\":\"Anna Sofie L. Millardet\",\"image\":{\"@type\":\"ImageObject\",\"inLanguage\":\"da-DK\",\"@id\":\"https:\/\/kunmedierne.dk\/mors\/#\/schema\/person\/image\/\",\"url\":\"https:\/\/secure.gravatar.com\/avatar\/06ed27cc9531ba66cd23ad132b530867168736fd8766f9b8dbc38090a0f7ab1d?s=96&d=mm&r=g\",\"contentUrl\":\"https:\/\/secure.gravatar.com\/avatar\/06ed27cc9531ba66cd23ad132b530867168736fd8766f9b8dbc38090a0f7ab1d?s=96&d=mm&r=g\",\"caption\":\"Anna Sofie L. Millardet\"},\"url\":\"https:\/\/kunmedierne.dk\/mors\/author\/anna\/\"}]}<\/script>\n<!-- \/ Yoast SEO plugin. -->","yoast_head_json":{"title":"N\u00e6ssundf\u00e6rgen indg\u00e5r i Kulturm\u00f8det og sejler i \u00e5r fra Nyk\u00f8bing Havn - Mors","robots":{"index":"index","follow":"follow","max-snippet":"max-snippet:-1","max-image-preview":"max-image-preview:large","max-video-preview":"max-video-preview:-1"},"canonical":"https:\/\/kunmedierne.dk\/mors\/naessundfaergen-indgaar-i-kulturmoedet-og-sejler-i-aar-fra-nykoebing-havn\/","og_locale":"da_DK","og_type":"article","og_title":"N\u00e6ssundf\u00e6rgen indg\u00e5r i Kulturm\u00f8det og sejler i \u00e5r fra Nyk\u00f8bing Havn - Mors","og_description":"SEJLADS: N\u00e6ssundf\u00e6rgen er igen i \u00e5r en del af Kulturm\u00f8det. Selve f\u00e6rgen er over 60 \u00e5r og i sig selv en kulturinstans. Sidste \u00e5r sejlede N\u00e6ssundf\u00e6rgen fra sit vanlige overfartssted i N\u00e6ssund, men i \u00e5r kommer den til at sejle fra Nyk\u00f8bing havn. Melsen Fonden har doneret 27.500 kr., og\u00a0derfor kan N\u00e6ssundf\u00e6rgen deltage i Kulturm\u00f8det. [&hellip;]","og_url":"https:\/\/kunmedierne.dk\/mors\/naessundfaergen-indgaar-i-kulturmoedet-og-sejler-i-aar-fra-nykoebing-havn\/","og_site_name":"Mors","article_published_time":"2025-08-15T15:51:09+00:00","author":"Anna Sofie L. Millardet","twitter_card":"summary_large_image","twitter_misc":{"Skrevet af":"Anna Sofie L. Millardet","Estimeret l\u00e6setid":"3 minutter"},"schema":{"@context":"https:\/\/schema.org","@graph":[{"@type":"Article","@id":"https:\/\/kunmedierne.dk\/mors\/naessundfaergen-indgaar-i-kulturmoedet-og-sejler-i-aar-fra-nykoebing-havn\/#article","isPartOf":{"@id":"https:\/\/kunmedierne.dk\/mors\/naessundfaergen-indgaar-i-kulturmoedet-og-sejler-i-aar-fra-nykoebing-havn\/"},"author":{"name":"Anna Sofie L. Millardet","@id":"https:\/\/kunmedierne.dk\/mors\/#\/schema\/person\/5ce65b2f425c5239e1b5904a46b0fc55"},"headline":"N\u00e6ssundf\u00e6rgen indg\u00e5r i Kulturm\u00f8det og sejler i \u00e5r fra Nyk\u00f8bing Havn","datePublished":"2025-08-15T15:51:09+00:00","mainEntityOfPage":{"@id":"https:\/\/kunmedierne.dk\/mors\/naessundfaergen-indgaar-i-kulturmoedet-og-sejler-i-aar-fra-nykoebing-havn\/"},"wordCount":633,"publisher":{"@id":"https:\/\/kunmedierne.dk\/mors\/#organization"},"articleSection":["Lokalt"],"inLanguage":"da-DK"},{"@type":"WebPage","@id":"https:\/\/kunmedierne.dk\/mors\/naessundfaergen-indgaar-i-kulturmoedet-og-sejler-i-aar-fra-nykoebing-havn\/","url":"https:\/\/kunmedierne.dk\/mors\/naessundfaergen-indgaar-i-kulturmoedet-og-sejler-i-aar-fra-nykoebing-havn\/","name":"N\u00e6ssundf\u00e6rgen indg\u00e5r i Kulturm\u00f8det og sejler i \u00e5r fra Nyk\u00f8bing Havn - Mors","isPartOf":{"@id":"https:\/\/kunmedierne.dk\/mors\/#website"},"datePublished":"2025-08-15T15:51:09+00:00","breadcrumb":{"@id":"https:\/\/kunmedierne.dk\/mors\/naessundfaergen-indgaar-i-kulturmoedet-og-sejler-i-aar-fra-nykoebing-havn\/#breadcrumb"},"inLanguage":"da-DK","potentialAction":[{"@type":"ReadAction","target":["https:\/\/kunmedierne.dk\/mors\/naessundfaergen-indgaar-i-kulturmoedet-og-sejler-i-aar-fra-nykoebing-havn\/"]}]},{"@type":"BreadcrumbList","@id":"https:\/\/kunmedierne.dk\/mors\/naessundfaergen-indgaar-i-kulturmoedet-og-sejler-i-aar-fra-nykoebing-havn\/#breadcrumb","itemListElement":[{"@type":"ListItem","position":1,"name":"Hjem","item":"https:\/\/kunmedierne.dk\/mors\/"},{"@type":"ListItem","position":2,"name":"N\u00e6ssundf\u00e6rgen indg\u00e5r i Kulturm\u00f8det og sejler i \u00e5r fra Nyk\u00f8bing Havn"}]},{"@type":"WebSite","@id":"https:\/\/kunmedierne.dk\/mors\/#website","url":"https:\/\/kunmedierne.dk\/mors\/","name":"Mors","description":"et netmedie med journalistik om livet p\u00e5 Mors","publisher":{"@id":"https:\/\/kunmedierne.dk\/mors\/#organization"},"potentialAction":[{"@type":"SearchAction","target":{"@type":"EntryPoint","urlTemplate":"https:\/\/kunmedierne.dk\/mors\/?s={search_term_string}"},"query-input":{"@type":"PropertyValueSpecification","valueRequired":true,"valueName":"search_term_string"}}],"inLanguage":"da-DK"},{"@type":"Organization","@id":"https:\/\/kunmedierne.dk\/mors\/#organization","name":"Mors","url":"https:\/\/kunmedierne.dk\/mors\/","logo":{"@type":"ImageObject","inLanguage":"da-DK","@id":"https:\/\/kunmedierne.dk\/mors\/#\/schema\/logo\/image\/","url":"https:\/\/kunmedierne.dk\/mors\/wp-content\/uploads\/2024\/08\/kunmors-logo.svg","contentUrl":"https:\/\/kunmedierne.dk\/mors\/wp-content\/uploads\/2024\/08\/kunmors-logo.svg","caption":"Mors"},"image":{"@id":"https:\/\/kunmedierne.dk\/mors\/#\/schema\/logo\/image\/"}},{"@type":"Person","@id":"https:\/\/kunmedierne.dk\/mors\/#\/schema\/person\/5ce65b2f425c5239e1b5904a46b0fc55","name":"Anna Sofie L. Millardet","image":{"@type":"ImageObject","inLanguage":"da-DK","@id":"https:\/\/kunmedierne.dk\/mors\/#\/schema\/person\/image\/","url":"https:\/\/secure.gravatar.com\/avatar\/06ed27cc9531ba66cd23ad132b530867168736fd8766f9b8dbc38090a0f7ab1d?s=96&d=mm&r=g","contentUrl":"https:\/\/secure.gravatar.com\/avatar\/06ed27cc9531ba66cd23ad132b530867168736fd8766f9b8dbc38090a0f7ab1d?s=96&d=mm&r=g","caption":"Anna Sofie L. Millardet"},"url":"https:\/\/kunmedierne.dk\/mors\/author\/anna\/"}]}},"_links":{"self":[{"href":"https:\/\/kunmedierne.dk\/mors\/wp-json\/wp\/v2\/posts\/152913","targetHints":{"allow":["GET"]}}],"collection":[{"href":"https:\/\/kunmedierne.dk\/mors\/wp-json\/wp\/v2\/posts"}],"about":[{"href":"https:\/\/kunmedierne.dk\/mors\/wp-json\/wp\/v2\/types\/post"}],"author":[{"embeddable":true,"href":"https:\/\/kunmedierne.dk\/mors\/wp-json\/wp\/v2\/users\/4322"}],"replies":[{"embeddable":true,"href":"https:\/\/kunmedierne.dk\/mors\/wp-json\/wp\/v2\/comments?post=152913"}],"version-history":[{"count":8,"href":"https:\/\/kunmedierne.dk\/mors\/wp-json\/wp\/v2\/posts\/152913\/revisions"}],"predecessor-version":[{"id":152927,"href":"https:\/\/kunmedierne.dk\/mors\/wp-json\/wp\/v2\/posts\/152913\/revisions\/152927"}],"wp:attachment":[{"href":"https:\/\/kunmedierne.dk\/mors\/wp-json\/wp\/v2\/media?parent=152913"}],"wp:term":[{"taxonomy":"category","embeddable":true,"href":"https:\/\/kunmedierne.dk\/mors\/wp-json\/wp\/v2\/categories?post=152913"},{"taxonomy":"post_tag","embeddable":true,"href":"https:\/\/kunmedierne.dk\/mors\/wp-json\/wp\/v2\/tags?post=152913"}],"curies":[{"name":"wp","href":"https:\/\/api.w.org\/{rel}","templated":true}]}}