{"id":152834,"date":"2025-08-14T10:11:39","date_gmt":"2025-08-14T08:11:39","guid":{"rendered":"https:\/\/kunmedierne.dk\/mors\/?p=152834"},"modified":"2025-08-14T10:11:39","modified_gmt":"2025-08-14T08:11:39","slug":"mette-frederiksen-deltager-i-aabningen-af-kulturmoedet","status":"publish","type":"post","link":"https:\/\/kunmedierne.dk\/mors\/mette-frederiksen-deltager-i-aabningen-af-kulturmoedet\/","title":{"rendered":"Mette Frederiksen deltager i \u00e5bningen af Kulturm\u00f8det"},"content":{"rendered":"<p><span class=\"TextRun SCXW56658347 BCX2\" lang=\"DA-DK\" xml:lang=\"DA-DK\" data-contrast=\"auto\"><span class=\"NormalTextRun SCXW56658347 BCX2\"><strong>KULTURM\u00d8DET:<\/strong> Det er ikke kun Mette Frederiksen, der har meldt sin ankomst til \u00e5rets Kulturm\u00f8de p\u00e5 Mors. Kulturminister Jakob Engel-Schmidt og minister for samfundssikkerhed og beredskab Torsten Schack Pedersen deltager ogs\u00e5.\u00a0<\/span><\/span><\/p>\n<a class=\"dvrt-link\" onClick=\"cdmtrack_click(104778,jQuery(this));return false\" href=\"https:\/\/vester-begr.dk\/?gclid=CjwKCAjw5Kv7BRBSEiwAXGDElQB6WMfm9CgYVrruty-I1gaOkTkC3mlA4QRDtYNsxYgVC8sNzAJ7WhoCmBsQAvD_BwE\"><img decoding=\"async\" style=\"width:100%;\" src=\"https:\/\/kunmedierne.dk\/mors\/wp-content\/uploads\/2023\/10\/260203VesterHoukaer-02022026.jpg\"><\/a><script>cdmtrack_view(104778);<\/script>\n<p><span data-contrast=\"auto\">I n\u00e6ste uge \u00e5bner Kulturm\u00f8det Mors, og fra den 21. til 23. august kan man opleve mere end 700 samtaler og kunstoplevelser. Desuden kan det nu offentligg\u00f8res, at hele tre af regeringens ministre vil medvirke p\u00e5 Kulturm\u00f8det.<\/span><span data-ccp-props=\"{&quot;134233117&quot;:false,&quot;134233118&quot;:false,&quot;335551550&quot;:1,&quot;335551620&quot;:1,&quot;335559738&quot;:240,&quot;335559739&quot;:240}\">\u00a0<\/span><\/p>\n<p><span data-contrast=\"auto\">Statsminister Mette Frederiksen, kulturminister Jakob Engel-Schmidt og minister for samfundssikkerhed og beredskab Torsten Schack Pedersen\u00a0kan tilsammen opleves i syv forskellige sammenh\u00e6nge, hvor de p\u00e5 hver deres m\u00e5de vil kaste et blik p\u00e5 kunsten og kulturens rolle i en opbrudstid.<\/span><span data-ccp-props=\"{&quot;134233117&quot;:false,&quot;134233118&quot;:false,&quot;335551550&quot;:1,&quot;335551620&quot;:1,&quot;335559738&quot;:240,&quot;335559739&quot;:240}\">\u00a0<\/span><\/p>\n<p><span data-contrast=\"auto\">Kulturm\u00f8dets direkt\u00f8r Caspar Ryttergaard udtaler f\u00f8lgende:\u00a0<\/span><\/p>\n<p><span data-contrast=\"auto\">&#8211; Vi er st\u00e6rkt begejstrede for, at regeringen stiller op med hele tre ministre, s\u00e6rligt at statsministeren har valgt at deltage i vores \u00e5bning. Kulturministeren har spillet en afg\u00f8rende rolle i at tale kunsten og kulturens rolle op i en opbrudstid, s\u00e5 det er fantastisk, at han her f\u00e5r mulighed for at udfolde sine tanker. Minister for samfundssikkerhed og beredskabs har helt naturligt en mere praktisk tilgang til problematikkerne, vi diskuterer, og det er et k\u00e6rkomment perspektiv at f\u00e5 med ind i debatten om, hvordan kunsten og kulturen g\u00f8r sin position og indflydelse g\u00e6ldende p\u00e5 m\u00e5der, som andre fagomr\u00e5der ikke er i stand til. Kulturm\u00f8det er den helt rette platform for ministrene at m\u00f8des p\u00e5, og jeg er sikker p\u00e5, at vi vil f\u00e5 pr\u00e6senteret nye og vigtige perspektiver p\u00e5 kunsten og kulturens potentiale.<\/span><span data-ccp-props=\"{&quot;134233117&quot;:false,&quot;134233118&quot;:false,&quot;335551550&quot;:1,&quot;335551620&quot;:1,&quot;335559738&quot;:240,&quot;335559739&quot;:240}\">\u00a0<\/span><\/p>\n<p>&nbsp;<\/p>\n<p><b>Kulturm\u00f8dets st\u00f8rste program nogensinde<\/b><span data-ccp-props=\"{&quot;134233117&quot;:false,&quot;134233118&quot;:false,&quot;134245418&quot;:true,&quot;134245529&quot;:true,&quot;335551550&quot;:1,&quot;335551620&quot;:1,&quot;335559738&quot;:319,&quot;335559739&quot;:319}\">\u00a0<\/span><\/p>\n<p><span data-contrast=\"auto\">Ved dette \u00e5rs udgave af Kulturm\u00f8det er ambitionsniveauet generelt h\u00f8jere end nogensinde f\u00f8r. I takt med begivenhedens voksende popularitet pr\u00e6senterer Kulturm\u00f8det nemlig sit st\u00f8rste program nogensinde.<\/span><span data-ccp-props=\"{&quot;134233117&quot;:false,&quot;134233118&quot;:false,&quot;335551550&quot;:1,&quot;335551620&quot;:1,&quot;335559738&quot;:240,&quot;335559739&quot;:240}\">\u00a0<\/span><\/p>\n<a class=\"dvrt-link\" onClick=\"cdmtrack_click(147315,jQuery(this));return false\" href=\"https:\/\/sdrhaa.dk\/\"><img decoding=\"async\" style=\"width:100%;\" src=\"https:\/\/kunmedierne.dk\/mors\/wp-content\/uploads\/2025\/05\/260302Sdr-HaaDin-gebyrvenlige-sparekasse_mors-002.gif\"><\/a><script>cdmtrack_view(147315);<\/script>\n<p><span data-contrast=\"auto\">Som altid er det helt gratis at deltage, og programmet er kurateret i samarbejde med Kulturm\u00f8dets mange partnere fra hele landet.<\/span><span data-ccp-props=\"{&quot;134233117&quot;:false,&quot;134233118&quot;:false,&quot;335551550&quot;:1,&quot;335551620&quot;:1,&quot;335559738&quot;:240,&quot;335559739&quot;:240}\">\u00a0<\/span><\/p>\n","protected":false},"excerpt":{"rendered":"<p>KULTURM\u00d8DET: Det er ikke kun Mette Frederiksen, der har meldt sin ankomst til \u00e5rets Kulturm\u00f8de p\u00e5 Mors. Kulturminister Jakob Engel-Schmidt og minister for samfundssikkerhed og beredskab Torsten Schack Pedersen deltager ogs\u00e5.\u00a0 I n\u00e6ste uge \u00e5bner Kulturm\u00f8det Mors, og fra den 21. til 23. august kan man opleve mere end 700 samtaler og kunstoplevelser. Desuden kan [&hellip;]<\/p>\n","protected":false},"author":2507,"featured_media":0,"comment_status":"closed","ping_status":"closed","sticky":false,"template":"","format":"standard","meta":{"_acf_changed":false,"footnotes":""},"categories":[49],"tags":[162],"class_list":["post-152834","post","type-post","status-publish","format-standard","hentry","category-kultur","tag-kulturmoedet"],"acf":[],"yoast_head":"<!-- This site is optimized with the Yoast SEO plugin v26.8 - https:\/\/yoast.com\/product\/yoast-seo-wordpress\/ -->\n<title>Mette Frederiksen deltager i \u00e5bningen af Kulturm\u00f8det - Mors<\/title>\n<meta name=\"robots\" content=\"index, follow, max-snippet:-1, max-image-preview:large, max-video-preview:-1\" \/>\n<link rel=\"canonical\" href=\"https:\/\/kunmedierne.dk\/mors\/mette-frederiksen-deltager-i-aabningen-af-kulturmoedet\/\" \/>\n<meta property=\"og:locale\" content=\"da_DK\" \/>\n<meta property=\"og:type\" content=\"article\" \/>\n<meta property=\"og:title\" content=\"Mette Frederiksen deltager i \u00e5bningen af Kulturm\u00f8det - Mors\" \/>\n<meta property=\"og:description\" content=\"KULTURM\u00d8DET: Det er ikke kun Mette Frederiksen, der har meldt sin ankomst til \u00e5rets Kulturm\u00f8de p\u00e5 Mors. Kulturminister Jakob Engel-Schmidt og minister for samfundssikkerhed og beredskab Torsten Schack Pedersen deltager ogs\u00e5.\u00a0 I n\u00e6ste uge \u00e5bner Kulturm\u00f8det Mors, og fra den 21. til 23. august kan man opleve mere end 700 samtaler og kunstoplevelser. Desuden kan [&hellip;]\" \/>\n<meta property=\"og:url\" content=\"https:\/\/kunmedierne.dk\/mors\/mette-frederiksen-deltager-i-aabningen-af-kulturmoedet\/\" \/>\n<meta property=\"og:site_name\" content=\"Mors\" \/>\n<meta property=\"article:published_time\" content=\"2025-08-14T08:11:39+00:00\" \/>\n<meta name=\"author\" content=\"Katrine Hedegaard\" \/>\n<meta name=\"twitter:card\" content=\"summary_large_image\" \/>\n<meta name=\"twitter:label1\" content=\"Skrevet af\" \/>\n\t<meta name=\"twitter:data1\" content=\"Katrine Hedegaard\" \/>\n\t<meta name=\"twitter:label2\" content=\"Estimeret l\u00e6setid\" \/>\n\t<meta name=\"twitter:data2\" content=\"2 minutter\" \/>\n<script type=\"application\/ld+json\" class=\"yoast-schema-graph\">{\"@context\":\"https:\/\/schema.org\",\"@graph\":[{\"@type\":\"Article\",\"@id\":\"https:\/\/kunmedierne.dk\/mors\/mette-frederiksen-deltager-i-aabningen-af-kulturmoedet\/#article\",\"isPartOf\":{\"@id\":\"https:\/\/kunmedierne.dk\/mors\/mette-frederiksen-deltager-i-aabningen-af-kulturmoedet\/\"},\"author\":{\"name\":\"Katrine Hedegaard\",\"@id\":\"https:\/\/kunmedierne.dk\/mors\/#\/schema\/person\/b2e62a38069b12365e53e087a8709c64\"},\"headline\":\"Mette Frederiksen deltager i \u00e5bningen af Kulturm\u00f8det\",\"datePublished\":\"2025-08-14T08:11:39+00:00\",\"mainEntityOfPage\":{\"@id\":\"https:\/\/kunmedierne.dk\/mors\/mette-frederiksen-deltager-i-aabningen-af-kulturmoedet\/\"},\"wordCount\":341,\"publisher\":{\"@id\":\"https:\/\/kunmedierne.dk\/mors\/#organization\"},\"keywords\":[\"Kulturm\u00f8det\"],\"articleSection\":[\"Kultur\"],\"inLanguage\":\"da-DK\"},{\"@type\":\"WebPage\",\"@id\":\"https:\/\/kunmedierne.dk\/mors\/mette-frederiksen-deltager-i-aabningen-af-kulturmoedet\/\",\"url\":\"https:\/\/kunmedierne.dk\/mors\/mette-frederiksen-deltager-i-aabningen-af-kulturmoedet\/\",\"name\":\"Mette Frederiksen deltager i \u00e5bningen af Kulturm\u00f8det - Mors\",\"isPartOf\":{\"@id\":\"https:\/\/kunmedierne.dk\/mors\/#website\"},\"datePublished\":\"2025-08-14T08:11:39+00:00\",\"breadcrumb\":{\"@id\":\"https:\/\/kunmedierne.dk\/mors\/mette-frederiksen-deltager-i-aabningen-af-kulturmoedet\/#breadcrumb\"},\"inLanguage\":\"da-DK\",\"potentialAction\":[{\"@type\":\"ReadAction\",\"target\":[\"https:\/\/kunmedierne.dk\/mors\/mette-frederiksen-deltager-i-aabningen-af-kulturmoedet\/\"]}]},{\"@type\":\"BreadcrumbList\",\"@id\":\"https:\/\/kunmedierne.dk\/mors\/mette-frederiksen-deltager-i-aabningen-af-kulturmoedet\/#breadcrumb\",\"itemListElement\":[{\"@type\":\"ListItem\",\"position\":1,\"name\":\"Hjem\",\"item\":\"https:\/\/kunmedierne.dk\/mors\/\"},{\"@type\":\"ListItem\",\"position\":2,\"name\":\"Mette Frederiksen deltager i \u00e5bningen af Kulturm\u00f8det\"}]},{\"@type\":\"WebSite\",\"@id\":\"https:\/\/kunmedierne.dk\/mors\/#website\",\"url\":\"https:\/\/kunmedierne.dk\/mors\/\",\"name\":\"Mors\",\"description\":\"et netmedie med journalistik om livet p\u00e5 Mors\",\"publisher\":{\"@id\":\"https:\/\/kunmedierne.dk\/mors\/#organization\"},\"potentialAction\":[{\"@type\":\"SearchAction\",\"target\":{\"@type\":\"EntryPoint\",\"urlTemplate\":\"https:\/\/kunmedierne.dk\/mors\/?s={search_term_string}\"},\"query-input\":{\"@type\":\"PropertyValueSpecification\",\"valueRequired\":true,\"valueName\":\"search_term_string\"}}],\"inLanguage\":\"da-DK\"},{\"@type\":\"Organization\",\"@id\":\"https:\/\/kunmedierne.dk\/mors\/#organization\",\"name\":\"Mors\",\"url\":\"https:\/\/kunmedierne.dk\/mors\/\",\"logo\":{\"@type\":\"ImageObject\",\"inLanguage\":\"da-DK\",\"@id\":\"https:\/\/kunmedierne.dk\/mors\/#\/schema\/logo\/image\/\",\"url\":\"https:\/\/kunmedierne.dk\/mors\/wp-content\/uploads\/2024\/08\/kunmors-logo.svg\",\"contentUrl\":\"https:\/\/kunmedierne.dk\/mors\/wp-content\/uploads\/2024\/08\/kunmors-logo.svg\",\"caption\":\"Mors\"},\"image\":{\"@id\":\"https:\/\/kunmedierne.dk\/mors\/#\/schema\/logo\/image\/\"}},{\"@type\":\"Person\",\"@id\":\"https:\/\/kunmedierne.dk\/mors\/#\/schema\/person\/b2e62a38069b12365e53e087a8709c64\",\"name\":\"Katrine Hedegaard\",\"image\":{\"@type\":\"ImageObject\",\"inLanguage\":\"da-DK\",\"@id\":\"https:\/\/kunmedierne.dk\/mors\/#\/schema\/person\/image\/\",\"url\":\"https:\/\/secure.gravatar.com\/avatar\/18a5c72fa9148052fd3ed5a58b40fc83cfdc9811090e6e6eec9539af058edcc0?s=96&d=mm&r=g\",\"contentUrl\":\"https:\/\/secure.gravatar.com\/avatar\/18a5c72fa9148052fd3ed5a58b40fc83cfdc9811090e6e6eec9539af058edcc0?s=96&d=mm&r=g\",\"caption\":\"Katrine Hedegaard\"},\"url\":\"https:\/\/kunmedierne.dk\/mors\/author\/katrine\/\"}]}<\/script>\n<!-- \/ Yoast SEO plugin. -->","yoast_head_json":{"title":"Mette Frederiksen deltager i \u00e5bningen af Kulturm\u00f8det - Mors","robots":{"index":"index","follow":"follow","max-snippet":"max-snippet:-1","max-image-preview":"max-image-preview:large","max-video-preview":"max-video-preview:-1"},"canonical":"https:\/\/kunmedierne.dk\/mors\/mette-frederiksen-deltager-i-aabningen-af-kulturmoedet\/","og_locale":"da_DK","og_type":"article","og_title":"Mette Frederiksen deltager i \u00e5bningen af Kulturm\u00f8det - Mors","og_description":"KULTURM\u00d8DET: Det er ikke kun Mette Frederiksen, der har meldt sin ankomst til \u00e5rets Kulturm\u00f8de p\u00e5 Mors. Kulturminister Jakob Engel-Schmidt og minister for samfundssikkerhed og beredskab Torsten Schack Pedersen deltager ogs\u00e5.\u00a0 I n\u00e6ste uge \u00e5bner Kulturm\u00f8det Mors, og fra den 21. til 23. august kan man opleve mere end 700 samtaler og kunstoplevelser. Desuden kan [&hellip;]","og_url":"https:\/\/kunmedierne.dk\/mors\/mette-frederiksen-deltager-i-aabningen-af-kulturmoedet\/","og_site_name":"Mors","article_published_time":"2025-08-14T08:11:39+00:00","author":"Katrine Hedegaard","twitter_card":"summary_large_image","twitter_misc":{"Skrevet af":"Katrine Hedegaard","Estimeret l\u00e6setid":"2 minutter"},"schema":{"@context":"https:\/\/schema.org","@graph":[{"@type":"Article","@id":"https:\/\/kunmedierne.dk\/mors\/mette-frederiksen-deltager-i-aabningen-af-kulturmoedet\/#article","isPartOf":{"@id":"https:\/\/kunmedierne.dk\/mors\/mette-frederiksen-deltager-i-aabningen-af-kulturmoedet\/"},"author":{"name":"Katrine Hedegaard","@id":"https:\/\/kunmedierne.dk\/mors\/#\/schema\/person\/b2e62a38069b12365e53e087a8709c64"},"headline":"Mette Frederiksen deltager i \u00e5bningen af Kulturm\u00f8det","datePublished":"2025-08-14T08:11:39+00:00","mainEntityOfPage":{"@id":"https:\/\/kunmedierne.dk\/mors\/mette-frederiksen-deltager-i-aabningen-af-kulturmoedet\/"},"wordCount":341,"publisher":{"@id":"https:\/\/kunmedierne.dk\/mors\/#organization"},"keywords":["Kulturm\u00f8det"],"articleSection":["Kultur"],"inLanguage":"da-DK"},{"@type":"WebPage","@id":"https:\/\/kunmedierne.dk\/mors\/mette-frederiksen-deltager-i-aabningen-af-kulturmoedet\/","url":"https:\/\/kunmedierne.dk\/mors\/mette-frederiksen-deltager-i-aabningen-af-kulturmoedet\/","name":"Mette Frederiksen deltager i \u00e5bningen af Kulturm\u00f8det - Mors","isPartOf":{"@id":"https:\/\/kunmedierne.dk\/mors\/#website"},"datePublished":"2025-08-14T08:11:39+00:00","breadcrumb":{"@id":"https:\/\/kunmedierne.dk\/mors\/mette-frederiksen-deltager-i-aabningen-af-kulturmoedet\/#breadcrumb"},"inLanguage":"da-DK","potentialAction":[{"@type":"ReadAction","target":["https:\/\/kunmedierne.dk\/mors\/mette-frederiksen-deltager-i-aabningen-af-kulturmoedet\/"]}]},{"@type":"BreadcrumbList","@id":"https:\/\/kunmedierne.dk\/mors\/mette-frederiksen-deltager-i-aabningen-af-kulturmoedet\/#breadcrumb","itemListElement":[{"@type":"ListItem","position":1,"name":"Hjem","item":"https:\/\/kunmedierne.dk\/mors\/"},{"@type":"ListItem","position":2,"name":"Mette Frederiksen deltager i \u00e5bningen af Kulturm\u00f8det"}]},{"@type":"WebSite","@id":"https:\/\/kunmedierne.dk\/mors\/#website","url":"https:\/\/kunmedierne.dk\/mors\/","name":"Mors","description":"et netmedie med journalistik om livet p\u00e5 Mors","publisher":{"@id":"https:\/\/kunmedierne.dk\/mors\/#organization"},"potentialAction":[{"@type":"SearchAction","target":{"@type":"EntryPoint","urlTemplate":"https:\/\/kunmedierne.dk\/mors\/?s={search_term_string}"},"query-input":{"@type":"PropertyValueSpecification","valueRequired":true,"valueName":"search_term_string"}}],"inLanguage":"da-DK"},{"@type":"Organization","@id":"https:\/\/kunmedierne.dk\/mors\/#organization","name":"Mors","url":"https:\/\/kunmedierne.dk\/mors\/","logo":{"@type":"ImageObject","inLanguage":"da-DK","@id":"https:\/\/kunmedierne.dk\/mors\/#\/schema\/logo\/image\/","url":"https:\/\/kunmedierne.dk\/mors\/wp-content\/uploads\/2024\/08\/kunmors-logo.svg","contentUrl":"https:\/\/kunmedierne.dk\/mors\/wp-content\/uploads\/2024\/08\/kunmors-logo.svg","caption":"Mors"},"image":{"@id":"https:\/\/kunmedierne.dk\/mors\/#\/schema\/logo\/image\/"}},{"@type":"Person","@id":"https:\/\/kunmedierne.dk\/mors\/#\/schema\/person\/b2e62a38069b12365e53e087a8709c64","name":"Katrine Hedegaard","image":{"@type":"ImageObject","inLanguage":"da-DK","@id":"https:\/\/kunmedierne.dk\/mors\/#\/schema\/person\/image\/","url":"https:\/\/secure.gravatar.com\/avatar\/18a5c72fa9148052fd3ed5a58b40fc83cfdc9811090e6e6eec9539af058edcc0?s=96&d=mm&r=g","contentUrl":"https:\/\/secure.gravatar.com\/avatar\/18a5c72fa9148052fd3ed5a58b40fc83cfdc9811090e6e6eec9539af058edcc0?s=96&d=mm&r=g","caption":"Katrine Hedegaard"},"url":"https:\/\/kunmedierne.dk\/mors\/author\/katrine\/"}]}},"_links":{"self":[{"href":"https:\/\/kunmedierne.dk\/mors\/wp-json\/wp\/v2\/posts\/152834","targetHints":{"allow":["GET"]}}],"collection":[{"href":"https:\/\/kunmedierne.dk\/mors\/wp-json\/wp\/v2\/posts"}],"about":[{"href":"https:\/\/kunmedierne.dk\/mors\/wp-json\/wp\/v2\/types\/post"}],"author":[{"embeddable":true,"href":"https:\/\/kunmedierne.dk\/mors\/wp-json\/wp\/v2\/users\/2507"}],"replies":[{"embeddable":true,"href":"https:\/\/kunmedierne.dk\/mors\/wp-json\/wp\/v2\/comments?post=152834"}],"version-history":[{"count":3,"href":"https:\/\/kunmedierne.dk\/mors\/wp-json\/wp\/v2\/posts\/152834\/revisions"}],"predecessor-version":[{"id":152838,"href":"https:\/\/kunmedierne.dk\/mors\/wp-json\/wp\/v2\/posts\/152834\/revisions\/152838"}],"wp:attachment":[{"href":"https:\/\/kunmedierne.dk\/mors\/wp-json\/wp\/v2\/media?parent=152834"}],"wp:term":[{"taxonomy":"category","embeddable":true,"href":"https:\/\/kunmedierne.dk\/mors\/wp-json\/wp\/v2\/categories?post=152834"},{"taxonomy":"post_tag","embeddable":true,"href":"https:\/\/kunmedierne.dk\/mors\/wp-json\/wp\/v2\/tags?post=152834"}],"curies":[{"name":"wp","href":"https:\/\/api.w.org\/{rel}","templated":true}]}}