{"id":152715,"date":"2025-08-12T15:14:55","date_gmt":"2025-08-12T13:14:55","guid":{"rendered":"https:\/\/kunmedierne.dk\/mors\/?p=152715"},"modified":"2025-08-12T15:09:08","modified_gmt":"2025-08-12T13:09:08","slug":"ny-sekretariatschef-hos-ung-kult","status":"publish","type":"post","link":"https:\/\/kunmedierne.dk\/mors\/ny-sekretariatschef-hos-ung-kult\/","title":{"rendered":"Ny sekretariatschef hos Ung Kult"},"content":{"rendered":"<p><strong>KULTUR:<\/strong> Ung Kult har ansat Marie Louise Klitgaard Nielsen som sekretariatschef.<\/p>\n<p>Det oplyser Ung Kult selv i en pressemeddelelse.<\/p>\n<p class=\"p1\">Marie Louise Klitgaard Nielsen kommer fra en stilling som projektleder i det tv\u00e6rregionale nordjyske kultursamarbejde Kulturkanten, hvor hun har st\u00e5et i spidsen for en bredt favnende b\u00f8rne- og ungeindsats. Gennem sin karriere har hun arbejdet strategisk med kulturudvikling og ungeinddragelse og har markeret sig som en brobygger mellem forvaltning, praksis og politik i den kulturelle sektor.<\/p>\n<p>&#8211; Jeg ser et stort potentiale i Ung Kults arbejde og platform. Foreningen form\u00e5r at samle unge p\u00e5 tv\u00e6rs af landsdele, genrer og baggrunde og give dem en stemme og et sted at h\u00f8re til. Det er b\u00e5de meningsfuldt og n\u00f8dvendigt &#8211; og jeg gl\u00e6der mig til at st\u00e5 i spidsen for den videre udvikling af organisationen og styrkelsen af dens strukturelle fundament, siger Marie Louise Klitgaard Nielsen.<\/p>\n<a class=\"dvrt-link\" onClick=\"cdmtrack_click(147315,jQuery(this));return false\" href=\"https:\/\/sdrhaa.dk\/\"><img decoding=\"async\" style=\"width:100%;\" src=\"https:\/\/kunmedierne.dk\/mors\/wp-content\/uploads\/2025\/05\/260302Sdr-HaaDin-gebyrvenlige-sparekasse_mors-002.gif\"><\/a><script>cdmtrack_view(147315);<\/script>\n<p>&nbsp;<\/p>\n<p><strong>Kulturentrepren\u00f8r<\/strong><\/p>\n<p>Siden nyt\u00e5r har Simon Skytte v\u00e6ret konstitueret daglig leder i Ung Kult. Han er glad for at kunne give faklen videre til Marie Louise Klitgaard Nielsen, som han kalder for en &#8220;kulturentrepren\u00f8r&#8221; med stor forst\u00e5else for b\u00e5de feltet og foreningslivet.<\/p>\n<p>&#8211; Med Marie Louises brede erfaring og evne til at t\u00e6nke b\u00e5de strategisk og kreativt, er jeg overbevist om, at vi har fundet den helt rigtige til at lede Ung Kult ind i den n\u00e6ste fase &#8211; fra projektdrevet forening til professionel, landsd\u00e6kkende organisation, siger Simon Skytte om den nye sekretariatschef.<\/p>\n<p>Man kan m\u00f8de b\u00e5de Marie Louise Klitgaard Nielsen og Simon Skytte p\u00e5 Ung Kult Camp, der foreg\u00e5r 21.-23. august \u2013 samtidigt med Kulturm\u00f8det Mors.<\/p>\n","protected":false},"excerpt":{"rendered":"<p>KULTUR: Ung Kult har ansat Marie Louise Klitgaard Nielsen som sekretariatschef. Det oplyser Ung Kult selv i en pressemeddelelse. Marie Louise Klitgaard Nielsen kommer fra en stilling som projektleder i det tv\u00e6rregionale nordjyske kultursamarbejde Kulturkanten, hvor hun har st\u00e5et i spidsen for en bredt favnende b\u00f8rne- og ungeindsats. Gennem sin karriere har hun arbejdet strategisk [&hellip;]<\/p>\n","protected":false},"author":5146,"featured_media":0,"comment_status":"closed","ping_status":"closed","sticky":false,"template":"","format":"standard","meta":{"_acf_changed":false,"footnotes":""},"categories":[226],"tags":[196],"class_list":["post-152715","post","type-post","status-publish","format-standard","hentry","category-foreningsliv","tag-foreningsliv"],"acf":[],"yoast_head":"<!-- This site is optimized with the Yoast SEO plugin v26.8 - https:\/\/yoast.com\/product\/yoast-seo-wordpress\/ -->\n<title>Ny sekretariatschef hos Ung Kult - Mors<\/title>\n<meta name=\"robots\" content=\"index, follow, max-snippet:-1, max-image-preview:large, max-video-preview:-1\" \/>\n<link rel=\"canonical\" href=\"https:\/\/kunmedierne.dk\/mors\/ny-sekretariatschef-hos-ung-kult\/\" \/>\n<meta property=\"og:locale\" content=\"da_DK\" \/>\n<meta property=\"og:type\" content=\"article\" \/>\n<meta property=\"og:title\" content=\"Ny sekretariatschef hos Ung Kult - Mors\" \/>\n<meta property=\"og:description\" content=\"KULTUR: Ung Kult har ansat Marie Louise Klitgaard Nielsen som sekretariatschef. Det oplyser Ung Kult selv i en pressemeddelelse. Marie Louise Klitgaard Nielsen kommer fra en stilling som projektleder i det tv\u00e6rregionale nordjyske kultursamarbejde Kulturkanten, hvor hun har st\u00e5et i spidsen for en bredt favnende b\u00f8rne- og ungeindsats. Gennem sin karriere har hun arbejdet strategisk [&hellip;]\" \/>\n<meta property=\"og:url\" content=\"https:\/\/kunmedierne.dk\/mors\/ny-sekretariatschef-hos-ung-kult\/\" \/>\n<meta property=\"og:site_name\" content=\"Mors\" \/>\n<meta property=\"article:published_time\" content=\"2025-08-12T13:14:55+00:00\" \/>\n<meta name=\"author\" content=\"Katrine Kronstrand\" \/>\n<meta name=\"twitter:card\" content=\"summary_large_image\" \/>\n<meta name=\"twitter:label1\" content=\"Skrevet af\" \/>\n\t<meta name=\"twitter:data1\" content=\"Katrine Kronstrand\" \/>\n\t<meta name=\"twitter:label2\" content=\"Estimeret l\u00e6setid\" \/>\n\t<meta name=\"twitter:data2\" content=\"2 minutter\" \/>\n<script type=\"application\/ld+json\" class=\"yoast-schema-graph\">{\"@context\":\"https:\/\/schema.org\",\"@graph\":[{\"@type\":\"Article\",\"@id\":\"https:\/\/kunmedierne.dk\/mors\/ny-sekretariatschef-hos-ung-kult\/#article\",\"isPartOf\":{\"@id\":\"https:\/\/kunmedierne.dk\/mors\/ny-sekretariatschef-hos-ung-kult\/\"},\"author\":{\"name\":\"Katrine Kronstrand\",\"@id\":\"https:\/\/kunmedierne.dk\/mors\/#\/schema\/person\/41289bce3056a3e3d485ec8f09a96d28\"},\"headline\":\"Ny sekretariatschef hos Ung Kult\",\"datePublished\":\"2025-08-12T13:14:55+00:00\",\"mainEntityOfPage\":{\"@id\":\"https:\/\/kunmedierne.dk\/mors\/ny-sekretariatschef-hos-ung-kult\/\"},\"wordCount\":289,\"publisher\":{\"@id\":\"https:\/\/kunmedierne.dk\/mors\/#organization\"},\"keywords\":[\"Foreningsliv\"],\"articleSection\":[\"Foreningsliv\"],\"inLanguage\":\"da-DK\"},{\"@type\":\"WebPage\",\"@id\":\"https:\/\/kunmedierne.dk\/mors\/ny-sekretariatschef-hos-ung-kult\/\",\"url\":\"https:\/\/kunmedierne.dk\/mors\/ny-sekretariatschef-hos-ung-kult\/\",\"name\":\"Ny sekretariatschef hos Ung Kult - Mors\",\"isPartOf\":{\"@id\":\"https:\/\/kunmedierne.dk\/mors\/#website\"},\"datePublished\":\"2025-08-12T13:14:55+00:00\",\"breadcrumb\":{\"@id\":\"https:\/\/kunmedierne.dk\/mors\/ny-sekretariatschef-hos-ung-kult\/#breadcrumb\"},\"inLanguage\":\"da-DK\",\"potentialAction\":[{\"@type\":\"ReadAction\",\"target\":[\"https:\/\/kunmedierne.dk\/mors\/ny-sekretariatschef-hos-ung-kult\/\"]}]},{\"@type\":\"BreadcrumbList\",\"@id\":\"https:\/\/kunmedierne.dk\/mors\/ny-sekretariatschef-hos-ung-kult\/#breadcrumb\",\"itemListElement\":[{\"@type\":\"ListItem\",\"position\":1,\"name\":\"Hjem\",\"item\":\"https:\/\/kunmedierne.dk\/mors\/\"},{\"@type\":\"ListItem\",\"position\":2,\"name\":\"Ny sekretariatschef hos Ung Kult\"}]},{\"@type\":\"WebSite\",\"@id\":\"https:\/\/kunmedierne.dk\/mors\/#website\",\"url\":\"https:\/\/kunmedierne.dk\/mors\/\",\"name\":\"Mors\",\"description\":\"et netmedie med journalistik om livet p\u00e5 Mors\",\"publisher\":{\"@id\":\"https:\/\/kunmedierne.dk\/mors\/#organization\"},\"potentialAction\":[{\"@type\":\"SearchAction\",\"target\":{\"@type\":\"EntryPoint\",\"urlTemplate\":\"https:\/\/kunmedierne.dk\/mors\/?s={search_term_string}\"},\"query-input\":{\"@type\":\"PropertyValueSpecification\",\"valueRequired\":true,\"valueName\":\"search_term_string\"}}],\"inLanguage\":\"da-DK\"},{\"@type\":\"Organization\",\"@id\":\"https:\/\/kunmedierne.dk\/mors\/#organization\",\"name\":\"Mors\",\"url\":\"https:\/\/kunmedierne.dk\/mors\/\",\"logo\":{\"@type\":\"ImageObject\",\"inLanguage\":\"da-DK\",\"@id\":\"https:\/\/kunmedierne.dk\/mors\/#\/schema\/logo\/image\/\",\"url\":\"https:\/\/kunmedierne.dk\/mors\/wp-content\/uploads\/2024\/08\/kunmors-logo.svg\",\"contentUrl\":\"https:\/\/kunmedierne.dk\/mors\/wp-content\/uploads\/2024\/08\/kunmors-logo.svg\",\"caption\":\"Mors\"},\"image\":{\"@id\":\"https:\/\/kunmedierne.dk\/mors\/#\/schema\/logo\/image\/\"}},{\"@type\":\"Person\",\"@id\":\"https:\/\/kunmedierne.dk\/mors\/#\/schema\/person\/41289bce3056a3e3d485ec8f09a96d28\",\"name\":\"Katrine Kronstrand\",\"image\":{\"@type\":\"ImageObject\",\"inLanguage\":\"da-DK\",\"@id\":\"https:\/\/kunmedierne.dk\/mors\/#\/schema\/person\/image\/\",\"url\":\"https:\/\/secure.gravatar.com\/avatar\/5b3afd06fc2a282f448c39083508b630e100945e4d8eec6e2fb5d79f7596e886?s=96&d=mm&r=g\",\"contentUrl\":\"https:\/\/secure.gravatar.com\/avatar\/5b3afd06fc2a282f448c39083508b630e100945e4d8eec6e2fb5d79f7596e886?s=96&d=mm&r=g\",\"caption\":\"Katrine Kronstrand\"},\"url\":\"https:\/\/kunmedierne.dk\/mors\/author\/katrine-kronstrand\/\"}]}<\/script>\n<!-- \/ Yoast SEO plugin. -->","yoast_head_json":{"title":"Ny sekretariatschef hos Ung Kult - Mors","robots":{"index":"index","follow":"follow","max-snippet":"max-snippet:-1","max-image-preview":"max-image-preview:large","max-video-preview":"max-video-preview:-1"},"canonical":"https:\/\/kunmedierne.dk\/mors\/ny-sekretariatschef-hos-ung-kult\/","og_locale":"da_DK","og_type":"article","og_title":"Ny sekretariatschef hos Ung Kult - Mors","og_description":"KULTUR: Ung Kult har ansat Marie Louise Klitgaard Nielsen som sekretariatschef. Det oplyser Ung Kult selv i en pressemeddelelse. Marie Louise Klitgaard Nielsen kommer fra en stilling som projektleder i det tv\u00e6rregionale nordjyske kultursamarbejde Kulturkanten, hvor hun har st\u00e5et i spidsen for en bredt favnende b\u00f8rne- og ungeindsats. Gennem sin karriere har hun arbejdet strategisk [&hellip;]","og_url":"https:\/\/kunmedierne.dk\/mors\/ny-sekretariatschef-hos-ung-kult\/","og_site_name":"Mors","article_published_time":"2025-08-12T13:14:55+00:00","author":"Katrine Kronstrand","twitter_card":"summary_large_image","twitter_misc":{"Skrevet af":"Katrine Kronstrand","Estimeret l\u00e6setid":"2 minutter"},"schema":{"@context":"https:\/\/schema.org","@graph":[{"@type":"Article","@id":"https:\/\/kunmedierne.dk\/mors\/ny-sekretariatschef-hos-ung-kult\/#article","isPartOf":{"@id":"https:\/\/kunmedierne.dk\/mors\/ny-sekretariatschef-hos-ung-kult\/"},"author":{"name":"Katrine Kronstrand","@id":"https:\/\/kunmedierne.dk\/mors\/#\/schema\/person\/41289bce3056a3e3d485ec8f09a96d28"},"headline":"Ny sekretariatschef hos Ung Kult","datePublished":"2025-08-12T13:14:55+00:00","mainEntityOfPage":{"@id":"https:\/\/kunmedierne.dk\/mors\/ny-sekretariatschef-hos-ung-kult\/"},"wordCount":289,"publisher":{"@id":"https:\/\/kunmedierne.dk\/mors\/#organization"},"keywords":["Foreningsliv"],"articleSection":["Foreningsliv"],"inLanguage":"da-DK"},{"@type":"WebPage","@id":"https:\/\/kunmedierne.dk\/mors\/ny-sekretariatschef-hos-ung-kult\/","url":"https:\/\/kunmedierne.dk\/mors\/ny-sekretariatschef-hos-ung-kult\/","name":"Ny sekretariatschef hos Ung Kult - Mors","isPartOf":{"@id":"https:\/\/kunmedierne.dk\/mors\/#website"},"datePublished":"2025-08-12T13:14:55+00:00","breadcrumb":{"@id":"https:\/\/kunmedierne.dk\/mors\/ny-sekretariatschef-hos-ung-kult\/#breadcrumb"},"inLanguage":"da-DK","potentialAction":[{"@type":"ReadAction","target":["https:\/\/kunmedierne.dk\/mors\/ny-sekretariatschef-hos-ung-kult\/"]}]},{"@type":"BreadcrumbList","@id":"https:\/\/kunmedierne.dk\/mors\/ny-sekretariatschef-hos-ung-kult\/#breadcrumb","itemListElement":[{"@type":"ListItem","position":1,"name":"Hjem","item":"https:\/\/kunmedierne.dk\/mors\/"},{"@type":"ListItem","position":2,"name":"Ny sekretariatschef hos Ung Kult"}]},{"@type":"WebSite","@id":"https:\/\/kunmedierne.dk\/mors\/#website","url":"https:\/\/kunmedierne.dk\/mors\/","name":"Mors","description":"et netmedie med journalistik om livet p\u00e5 Mors","publisher":{"@id":"https:\/\/kunmedierne.dk\/mors\/#organization"},"potentialAction":[{"@type":"SearchAction","target":{"@type":"EntryPoint","urlTemplate":"https:\/\/kunmedierne.dk\/mors\/?s={search_term_string}"},"query-input":{"@type":"PropertyValueSpecification","valueRequired":true,"valueName":"search_term_string"}}],"inLanguage":"da-DK"},{"@type":"Organization","@id":"https:\/\/kunmedierne.dk\/mors\/#organization","name":"Mors","url":"https:\/\/kunmedierne.dk\/mors\/","logo":{"@type":"ImageObject","inLanguage":"da-DK","@id":"https:\/\/kunmedierne.dk\/mors\/#\/schema\/logo\/image\/","url":"https:\/\/kunmedierne.dk\/mors\/wp-content\/uploads\/2024\/08\/kunmors-logo.svg","contentUrl":"https:\/\/kunmedierne.dk\/mors\/wp-content\/uploads\/2024\/08\/kunmors-logo.svg","caption":"Mors"},"image":{"@id":"https:\/\/kunmedierne.dk\/mors\/#\/schema\/logo\/image\/"}},{"@type":"Person","@id":"https:\/\/kunmedierne.dk\/mors\/#\/schema\/person\/41289bce3056a3e3d485ec8f09a96d28","name":"Katrine Kronstrand","image":{"@type":"ImageObject","inLanguage":"da-DK","@id":"https:\/\/kunmedierne.dk\/mors\/#\/schema\/person\/image\/","url":"https:\/\/secure.gravatar.com\/avatar\/5b3afd06fc2a282f448c39083508b630e100945e4d8eec6e2fb5d79f7596e886?s=96&d=mm&r=g","contentUrl":"https:\/\/secure.gravatar.com\/avatar\/5b3afd06fc2a282f448c39083508b630e100945e4d8eec6e2fb5d79f7596e886?s=96&d=mm&r=g","caption":"Katrine Kronstrand"},"url":"https:\/\/kunmedierne.dk\/mors\/author\/katrine-kronstrand\/"}]}},"_links":{"self":[{"href":"https:\/\/kunmedierne.dk\/mors\/wp-json\/wp\/v2\/posts\/152715","targetHints":{"allow":["GET"]}}],"collection":[{"href":"https:\/\/kunmedierne.dk\/mors\/wp-json\/wp\/v2\/posts"}],"about":[{"href":"https:\/\/kunmedierne.dk\/mors\/wp-json\/wp\/v2\/types\/post"}],"author":[{"embeddable":true,"href":"https:\/\/kunmedierne.dk\/mors\/wp-json\/wp\/v2\/users\/5146"}],"replies":[{"embeddable":true,"href":"https:\/\/kunmedierne.dk\/mors\/wp-json\/wp\/v2\/comments?post=152715"}],"version-history":[{"count":2,"href":"https:\/\/kunmedierne.dk\/mors\/wp-json\/wp\/v2\/posts\/152715\/revisions"}],"predecessor-version":[{"id":152727,"href":"https:\/\/kunmedierne.dk\/mors\/wp-json\/wp\/v2\/posts\/152715\/revisions\/152727"}],"wp:attachment":[{"href":"https:\/\/kunmedierne.dk\/mors\/wp-json\/wp\/v2\/media?parent=152715"}],"wp:term":[{"taxonomy":"category","embeddable":true,"href":"https:\/\/kunmedierne.dk\/mors\/wp-json\/wp\/v2\/categories?post=152715"},{"taxonomy":"post_tag","embeddable":true,"href":"https:\/\/kunmedierne.dk\/mors\/wp-json\/wp\/v2\/tags?post=152715"}],"curies":[{"name":"wp","href":"https:\/\/api.w.org\/{rel}","templated":true}]}}