{"id":152654,"date":"2025-08-16T17:43:35","date_gmt":"2025-08-16T15:43:35","guid":{"rendered":"https:\/\/kunmedierne.dk\/mors\/?p=152654"},"modified":"2025-08-15T12:33:32","modified_gmt":"2025-08-15T10:33:32","slug":"under-kulturmoedet-byder-museum-mors-paa-talks-quiz-og-koncert-i-historiehaven","status":"publish","type":"post","link":"https:\/\/kunmedierne.dk\/mors\/under-kulturmoedet-byder-museum-mors-paa-talks-quiz-og-koncert-i-historiehaven\/","title":{"rendered":"Under Kulturm\u00f8det byder Museum Mors p\u00e5 talks, quiz og koncert i historiehaven"},"content":{"rendered":"<p><span data-contrast=\"auto\"><strong>KULTURM\u00d8DET:<\/strong> \u201cI \u00e5r byder vi p\u00e5 19 sp\u00e6ndende talks, \u00e9n historiequiz og en stemningsfuld fort\u00e6llekoncert. Alt sammen i Dueholm Klosters sk\u00f8nne have under Kulturm\u00f8det 2025.\u201d S\u00e5dan skriver Jeppe Dalsgaard B\u00e6k der er museumsinspekt\u00f8r p\u00e5<\/span><span data-contrast=\"auto\">\u00a0Museum Mors i en pressemeddelelse til <\/span><span data-contrast=\"auto\">KunMors. <\/span><span data-ccp-props=\"{&quot;134233117&quot;:false,&quot;134233118&quot;:false,&quot;335551550&quot;:0,&quot;335551620&quot;:0,&quot;335559738&quot;:0,&quot;335559739&quot;:0}\">\u00a0<\/span><\/p>\n<a class=\"dvrt-link\" onClick=\"cdmtrack_click(113414,jQuery(this));return false\" href=\"https:\/\/www.p-soerensen.dk\/\"><img decoding=\"async\" style=\"width:100%;\" src=\"https:\/\/kunmedierne.dk\/mors\/wp-content\/uploads\/2024\/03\/p-soerensen-juni25.jpg\"><\/a><script>cdmtrack_view(113414);<\/script>\n<p><span data-contrast=\"auto\">Igen i \u00e5r opstiller museet en scene i Historiehaven ved Dueholm. Scene bliver samlingspunkt for 12 nord-, midt- og vestjyske museers allerbedste historier. <\/span><span data-ccp-props=\"{&quot;134233117&quot;:false,&quot;134233118&quot;:false,&quot;335551550&quot;:0,&quot;335551620&quot;:0,&quot;335559738&quot;:0,&quot;335559739&quot;:0}\">\u00a0<\/span><\/p>\n<p><span data-contrast=\"auto\">I samarbejde med Limfjordsmuseet og med st\u00f8tte fra Kultuarv Nord og Limfjordsmuseernes Samvirke kommer\u00a0Historiehavens telt til at danne ramme om talks, der sp\u00e6nder hele vejen fra museernes ark\u00e6ologiske og geologiske arbejde til forskningen i nyere tids historie.<\/span><span data-ccp-props=\"{&quot;134233117&quot;:false,&quot;134233118&quot;:false,&quot;335551550&quot;:0,&quot;335551620&quot;:0,&quot;335559738&quot;:0,&quot;335559739&quot;:0}\">\u00a0<\/span><\/p>\n<p><span data-contrast=\"auto\">Museum Mors stiller med tre af deres skarpeste hjerner i form af museumsdirekt\u00f8r Anders Have Espersen, museumsinspekt\u00f8r, phd. Jan Audun Rasmussen og museumsinspekt\u00f8r, phd. Camilla Andersen.<\/span><span data-ccp-props=\"{&quot;134233117&quot;:false,&quot;134233118&quot;:false,&quot;335551550&quot;:0,&quot;335551620&quot;:0,&quot;335559738&quot;:0,&quot;335559739&quot;:0}\">\u00a0<\/span><\/p>\n<p><span data-contrast=\"auto\">\u201cOg for at d\u00e9t ikke skal v\u00e6re nok, s\u00e5 byder vi torsdag aften p\u00e5 <\/span><span data-contrast=\"auto\">Historiehavens ultimative og uforglemmelige Historiequiz med pr\u00e6mier &#8211; det bliver b\u00e5de informativt og sjovt!\u201d Skriver museumsinspekt\u00f8r Jeppe Dalsgaard B\u00e6k videre til KunMors. <\/span><span data-ccp-props=\"{&quot;134233117&quot;:false,&quot;134233118&quot;:false,&quot;335551550&quot;:0,&quot;335551620&quot;:0,&quot;335559738&quot;:0,&quot;335559739&quot;:0}\">\u00a0<\/span><\/p>\n<p><span data-contrast=\"auto\">Fredag den 22. august kan du opleve <\/span><i><span data-contrast=\"auto\">Bl\u00e6sten<\/span><\/i><span data-contrast=\"auto\"> &#8211; Erik Bertelsen i ord og toner &#8211; Fort\u00e6llekoncert i Historiehaven. <\/span><span data-ccp-props=\"{&quot;134233117&quot;:false,&quot;134233118&quot;:false,&quot;335551550&quot;:0,&quot;335551620&quot;:0,&quot;335559738&quot;:0,&quot;335559739&quot;:0}\">\u00a0<\/span><\/p>\n<a class=\"dvrt-link\" onClick=\"cdmtrack_click(104781,jQuery(this));return false\" href=\"https:\/\/www.fmspks.dk\/\"><img decoding=\"async\" style=\"width:100%;\" src=\"https:\/\/kunmedierne.dk\/mors\/wp-content\/uploads\/2022\/02\/vip-froeslev-mollerup-sparekasse.jpg\"><\/a><script>cdmtrack_view(104781);<\/script>\n<p><span data-contrast=\"auto\">\u201cVi garanterer en stemningsfuld og interessant koncert, der hylder limfjordspoeten Erik Bertelsens digte.<\/span><span data-ccp-props=\"{&quot;134233117&quot;:false,&quot;134233118&quot;:false,&quot;335551550&quot;:0,&quot;335551620&quot;:0,&quot;335559738&quot;:0,&quot;335559739&quot;:0}\">\u00a0<\/span><\/p>\n<p><span data-contrast=\"auto\">Vil du l\u00e6se hele programmet, kan du finde det p\u00e5 <a href=\"https:\/\/program.kulturmodet.dk\/events\" target=\"_blank\" rel=\"noopener\">Kulturm\u00f8dets event-hjemmeside<\/a>. S\u00f8g p\u00e5 &#8220;historiehaven&#8221;, s\u00e5 finder du alle de gode talks og aftenarrangementer.\u00a0<\/span><\/p>\n<p><span data-contrast=\"auto\">\u00a0<\/span><span data-ccp-props=\"{&quot;134233117&quot;:false,&quot;134233118&quot;:false,&quot;335551550&quot;:0,&quot;335551620&quot;:0,&quot;335559738&quot;:0,&quot;335559739&quot;:0}\">\u00a0<\/span><\/p>\n<blockquote>\n<h4><b><span data-contrast=\"auto\">\u00c5bningstider i Historiehaven<\/span><\/b><strong> under Kulturm\u00f8det<\/strong><\/h4>\n<h5><span data-contrast=\"auto\">Torsdag: 13 &#8211; 21<\/span><span data-ccp-props=\"{&quot;134233117&quot;:false,&quot;134233118&quot;:false,&quot;335551550&quot;:0,&quot;335551620&quot;:0,&quot;335559738&quot;:0,&quot;335559739&quot;:0}\">\u00a0<\/span><\/h5>\n<h5><span data-contrast=\"auto\">Fredag:\u00a0 10 &#8211; 21<\/span><span data-ccp-props=\"{&quot;134233117&quot;:false,&quot;134233118&quot;:false,&quot;335551550&quot;:0,&quot;335551620&quot;:0,&quot;335559738&quot;:0,&quot;335559739&quot;:0}\">\u00a0<\/span><\/h5>\n<h5><span data-contrast=\"auto\">L\u00f8rdag:\u00a0 11 \u2013 15<\/span><span data-ccp-props=\"{&quot;134233117&quot;:false,&quot;134233118&quot;:false,&quot;335551550&quot;:0,&quot;335551620&quot;:0,&quot;335559738&quot;:0,&quot;335559739&quot;:0}\">\u00a0<\/span><\/h5>\n<\/blockquote>\n","protected":false},"excerpt":{"rendered":"<p>KULTURM\u00d8DET: \u201cI \u00e5r byder vi p\u00e5 19 sp\u00e6ndende talks, \u00e9n historiequiz og en stemningsfuld fort\u00e6llekoncert. Alt sammen i Dueholm Klosters sk\u00f8nne have under Kulturm\u00f8det 2025.\u201d S\u00e5dan skriver Jeppe Dalsgaard B\u00e6k der er museumsinspekt\u00f8r p\u00e5\u00a0Museum Mors i en pressemeddelelse til KunMors. \u00a0 Igen i \u00e5r opstiller museet en scene i Historiehaven ved Dueholm. Scene bliver samlingspunkt [&hellip;]<\/p>\n","protected":false},"author":2507,"featured_media":0,"comment_status":"closed","ping_status":"closed","sticky":false,"template":"","format":"standard","meta":{"_acf_changed":false,"footnotes":""},"categories":[49],"tags":[162],"class_list":["post-152654","post","type-post","status-publish","format-standard","hentry","category-kultur","tag-kulturmoedet"],"acf":[],"yoast_head":"<!-- This site is optimized with the Yoast SEO plugin v26.8 - https:\/\/yoast.com\/product\/yoast-seo-wordpress\/ -->\n<title>Under Kulturm\u00f8det byder Museum Mors p\u00e5 talks, quiz og koncert i historiehaven - Mors<\/title>\n<meta name=\"robots\" content=\"index, follow, max-snippet:-1, max-image-preview:large, max-video-preview:-1\" \/>\n<link rel=\"canonical\" href=\"https:\/\/kunmedierne.dk\/mors\/under-kulturmoedet-byder-museum-mors-paa-talks-quiz-og-koncert-i-historiehaven\/\" \/>\n<meta property=\"og:locale\" content=\"da_DK\" \/>\n<meta property=\"og:type\" content=\"article\" \/>\n<meta property=\"og:title\" content=\"Under Kulturm\u00f8det byder Museum Mors p\u00e5 talks, quiz og koncert i historiehaven - Mors\" \/>\n<meta property=\"og:description\" content=\"KULTURM\u00d8DET: \u201cI \u00e5r byder vi p\u00e5 19 sp\u00e6ndende talks, \u00e9n historiequiz og en stemningsfuld fort\u00e6llekoncert. Alt sammen i Dueholm Klosters sk\u00f8nne have under Kulturm\u00f8det 2025.\u201d S\u00e5dan skriver Jeppe Dalsgaard B\u00e6k der er museumsinspekt\u00f8r p\u00e5\u00a0Museum Mors i en pressemeddelelse til KunMors. \u00a0 Igen i \u00e5r opstiller museet en scene i Historiehaven ved Dueholm. Scene bliver samlingspunkt [&hellip;]\" \/>\n<meta property=\"og:url\" content=\"https:\/\/kunmedierne.dk\/mors\/under-kulturmoedet-byder-museum-mors-paa-talks-quiz-og-koncert-i-historiehaven\/\" \/>\n<meta property=\"og:site_name\" content=\"Mors\" \/>\n<meta property=\"article:published_time\" content=\"2025-08-16T15:43:35+00:00\" \/>\n<meta name=\"author\" content=\"Katrine Hedegaard\" \/>\n<meta name=\"twitter:card\" content=\"summary_large_image\" \/>\n<meta name=\"twitter:label1\" content=\"Skrevet af\" \/>\n\t<meta name=\"twitter:data1\" content=\"Katrine Hedegaard\" \/>\n\t<meta name=\"twitter:label2\" content=\"Estimeret l\u00e6setid\" \/>\n\t<meta name=\"twitter:data2\" content=\"2 minutter\" \/>\n<script type=\"application\/ld+json\" class=\"yoast-schema-graph\">{\"@context\":\"https:\/\/schema.org\",\"@graph\":[{\"@type\":\"Article\",\"@id\":\"https:\/\/kunmedierne.dk\/mors\/under-kulturmoedet-byder-museum-mors-paa-talks-quiz-og-koncert-i-historiehaven\/#article\",\"isPartOf\":{\"@id\":\"https:\/\/kunmedierne.dk\/mors\/under-kulturmoedet-byder-museum-mors-paa-talks-quiz-og-koncert-i-historiehaven\/\"},\"author\":{\"name\":\"Katrine Hedegaard\",\"@id\":\"https:\/\/kunmedierne.dk\/mors\/#\/schema\/person\/b2e62a38069b12365e53e087a8709c64\"},\"headline\":\"Under Kulturm\u00f8det byder Museum Mors p\u00e5 talks, quiz og koncert i historiehaven\",\"datePublished\":\"2025-08-16T15:43:35+00:00\",\"mainEntityOfPage\":{\"@id\":\"https:\/\/kunmedierne.dk\/mors\/under-kulturmoedet-byder-museum-mors-paa-talks-quiz-og-koncert-i-historiehaven\/\"},\"wordCount\":270,\"publisher\":{\"@id\":\"https:\/\/kunmedierne.dk\/mors\/#organization\"},\"keywords\":[\"Kulturm\u00f8det\"],\"articleSection\":[\"Kultur\"],\"inLanguage\":\"da-DK\"},{\"@type\":\"WebPage\",\"@id\":\"https:\/\/kunmedierne.dk\/mors\/under-kulturmoedet-byder-museum-mors-paa-talks-quiz-og-koncert-i-historiehaven\/\",\"url\":\"https:\/\/kunmedierne.dk\/mors\/under-kulturmoedet-byder-museum-mors-paa-talks-quiz-og-koncert-i-historiehaven\/\",\"name\":\"Under Kulturm\u00f8det byder Museum Mors p\u00e5 talks, quiz og koncert i historiehaven - Mors\",\"isPartOf\":{\"@id\":\"https:\/\/kunmedierne.dk\/mors\/#website\"},\"datePublished\":\"2025-08-16T15:43:35+00:00\",\"breadcrumb\":{\"@id\":\"https:\/\/kunmedierne.dk\/mors\/under-kulturmoedet-byder-museum-mors-paa-talks-quiz-og-koncert-i-historiehaven\/#breadcrumb\"},\"inLanguage\":\"da-DK\",\"potentialAction\":[{\"@type\":\"ReadAction\",\"target\":[\"https:\/\/kunmedierne.dk\/mors\/under-kulturmoedet-byder-museum-mors-paa-talks-quiz-og-koncert-i-historiehaven\/\"]}]},{\"@type\":\"BreadcrumbList\",\"@id\":\"https:\/\/kunmedierne.dk\/mors\/under-kulturmoedet-byder-museum-mors-paa-talks-quiz-og-koncert-i-historiehaven\/#breadcrumb\",\"itemListElement\":[{\"@type\":\"ListItem\",\"position\":1,\"name\":\"Hjem\",\"item\":\"https:\/\/kunmedierne.dk\/mors\/\"},{\"@type\":\"ListItem\",\"position\":2,\"name\":\"Under Kulturm\u00f8det byder Museum Mors p\u00e5 talks, quiz og koncert i historiehaven\"}]},{\"@type\":\"WebSite\",\"@id\":\"https:\/\/kunmedierne.dk\/mors\/#website\",\"url\":\"https:\/\/kunmedierne.dk\/mors\/\",\"name\":\"Mors\",\"description\":\"et netmedie med journalistik om livet p\u00e5 Mors\",\"publisher\":{\"@id\":\"https:\/\/kunmedierne.dk\/mors\/#organization\"},\"potentialAction\":[{\"@type\":\"SearchAction\",\"target\":{\"@type\":\"EntryPoint\",\"urlTemplate\":\"https:\/\/kunmedierne.dk\/mors\/?s={search_term_string}\"},\"query-input\":{\"@type\":\"PropertyValueSpecification\",\"valueRequired\":true,\"valueName\":\"search_term_string\"}}],\"inLanguage\":\"da-DK\"},{\"@type\":\"Organization\",\"@id\":\"https:\/\/kunmedierne.dk\/mors\/#organization\",\"name\":\"Mors\",\"url\":\"https:\/\/kunmedierne.dk\/mors\/\",\"logo\":{\"@type\":\"ImageObject\",\"inLanguage\":\"da-DK\",\"@id\":\"https:\/\/kunmedierne.dk\/mors\/#\/schema\/logo\/image\/\",\"url\":\"https:\/\/kunmedierne.dk\/mors\/wp-content\/uploads\/2024\/08\/kunmors-logo.svg\",\"contentUrl\":\"https:\/\/kunmedierne.dk\/mors\/wp-content\/uploads\/2024\/08\/kunmors-logo.svg\",\"caption\":\"Mors\"},\"image\":{\"@id\":\"https:\/\/kunmedierne.dk\/mors\/#\/schema\/logo\/image\/\"}},{\"@type\":\"Person\",\"@id\":\"https:\/\/kunmedierne.dk\/mors\/#\/schema\/person\/b2e62a38069b12365e53e087a8709c64\",\"name\":\"Katrine Hedegaard\",\"image\":{\"@type\":\"ImageObject\",\"inLanguage\":\"da-DK\",\"@id\":\"https:\/\/kunmedierne.dk\/mors\/#\/schema\/person\/image\/\",\"url\":\"https:\/\/secure.gravatar.com\/avatar\/18a5c72fa9148052fd3ed5a58b40fc83cfdc9811090e6e6eec9539af058edcc0?s=96&d=mm&r=g\",\"contentUrl\":\"https:\/\/secure.gravatar.com\/avatar\/18a5c72fa9148052fd3ed5a58b40fc83cfdc9811090e6e6eec9539af058edcc0?s=96&d=mm&r=g\",\"caption\":\"Katrine Hedegaard\"},\"url\":\"https:\/\/kunmedierne.dk\/mors\/author\/katrine\/\"}]}<\/script>\n<!-- \/ Yoast SEO plugin. -->","yoast_head_json":{"title":"Under Kulturm\u00f8det byder Museum Mors p\u00e5 talks, quiz og koncert i historiehaven - Mors","robots":{"index":"index","follow":"follow","max-snippet":"max-snippet:-1","max-image-preview":"max-image-preview:large","max-video-preview":"max-video-preview:-1"},"canonical":"https:\/\/kunmedierne.dk\/mors\/under-kulturmoedet-byder-museum-mors-paa-talks-quiz-og-koncert-i-historiehaven\/","og_locale":"da_DK","og_type":"article","og_title":"Under Kulturm\u00f8det byder Museum Mors p\u00e5 talks, quiz og koncert i historiehaven - Mors","og_description":"KULTURM\u00d8DET: \u201cI \u00e5r byder vi p\u00e5 19 sp\u00e6ndende talks, \u00e9n historiequiz og en stemningsfuld fort\u00e6llekoncert. Alt sammen i Dueholm Klosters sk\u00f8nne have under Kulturm\u00f8det 2025.\u201d S\u00e5dan skriver Jeppe Dalsgaard B\u00e6k der er museumsinspekt\u00f8r p\u00e5\u00a0Museum Mors i en pressemeddelelse til KunMors. \u00a0 Igen i \u00e5r opstiller museet en scene i Historiehaven ved Dueholm. Scene bliver samlingspunkt [&hellip;]","og_url":"https:\/\/kunmedierne.dk\/mors\/under-kulturmoedet-byder-museum-mors-paa-talks-quiz-og-koncert-i-historiehaven\/","og_site_name":"Mors","article_published_time":"2025-08-16T15:43:35+00:00","author":"Katrine Hedegaard","twitter_card":"summary_large_image","twitter_misc":{"Skrevet af":"Katrine Hedegaard","Estimeret l\u00e6setid":"2 minutter"},"schema":{"@context":"https:\/\/schema.org","@graph":[{"@type":"Article","@id":"https:\/\/kunmedierne.dk\/mors\/under-kulturmoedet-byder-museum-mors-paa-talks-quiz-og-koncert-i-historiehaven\/#article","isPartOf":{"@id":"https:\/\/kunmedierne.dk\/mors\/under-kulturmoedet-byder-museum-mors-paa-talks-quiz-og-koncert-i-historiehaven\/"},"author":{"name":"Katrine Hedegaard","@id":"https:\/\/kunmedierne.dk\/mors\/#\/schema\/person\/b2e62a38069b12365e53e087a8709c64"},"headline":"Under Kulturm\u00f8det byder Museum Mors p\u00e5 talks, quiz og koncert i historiehaven","datePublished":"2025-08-16T15:43:35+00:00","mainEntityOfPage":{"@id":"https:\/\/kunmedierne.dk\/mors\/under-kulturmoedet-byder-museum-mors-paa-talks-quiz-og-koncert-i-historiehaven\/"},"wordCount":270,"publisher":{"@id":"https:\/\/kunmedierne.dk\/mors\/#organization"},"keywords":["Kulturm\u00f8det"],"articleSection":["Kultur"],"inLanguage":"da-DK"},{"@type":"WebPage","@id":"https:\/\/kunmedierne.dk\/mors\/under-kulturmoedet-byder-museum-mors-paa-talks-quiz-og-koncert-i-historiehaven\/","url":"https:\/\/kunmedierne.dk\/mors\/under-kulturmoedet-byder-museum-mors-paa-talks-quiz-og-koncert-i-historiehaven\/","name":"Under Kulturm\u00f8det byder Museum Mors p\u00e5 talks, quiz og koncert i historiehaven - Mors","isPartOf":{"@id":"https:\/\/kunmedierne.dk\/mors\/#website"},"datePublished":"2025-08-16T15:43:35+00:00","breadcrumb":{"@id":"https:\/\/kunmedierne.dk\/mors\/under-kulturmoedet-byder-museum-mors-paa-talks-quiz-og-koncert-i-historiehaven\/#breadcrumb"},"inLanguage":"da-DK","potentialAction":[{"@type":"ReadAction","target":["https:\/\/kunmedierne.dk\/mors\/under-kulturmoedet-byder-museum-mors-paa-talks-quiz-og-koncert-i-historiehaven\/"]}]},{"@type":"BreadcrumbList","@id":"https:\/\/kunmedierne.dk\/mors\/under-kulturmoedet-byder-museum-mors-paa-talks-quiz-og-koncert-i-historiehaven\/#breadcrumb","itemListElement":[{"@type":"ListItem","position":1,"name":"Hjem","item":"https:\/\/kunmedierne.dk\/mors\/"},{"@type":"ListItem","position":2,"name":"Under Kulturm\u00f8det byder Museum Mors p\u00e5 talks, quiz og koncert i historiehaven"}]},{"@type":"WebSite","@id":"https:\/\/kunmedierne.dk\/mors\/#website","url":"https:\/\/kunmedierne.dk\/mors\/","name":"Mors","description":"et netmedie med journalistik om livet p\u00e5 Mors","publisher":{"@id":"https:\/\/kunmedierne.dk\/mors\/#organization"},"potentialAction":[{"@type":"SearchAction","target":{"@type":"EntryPoint","urlTemplate":"https:\/\/kunmedierne.dk\/mors\/?s={search_term_string}"},"query-input":{"@type":"PropertyValueSpecification","valueRequired":true,"valueName":"search_term_string"}}],"inLanguage":"da-DK"},{"@type":"Organization","@id":"https:\/\/kunmedierne.dk\/mors\/#organization","name":"Mors","url":"https:\/\/kunmedierne.dk\/mors\/","logo":{"@type":"ImageObject","inLanguage":"da-DK","@id":"https:\/\/kunmedierne.dk\/mors\/#\/schema\/logo\/image\/","url":"https:\/\/kunmedierne.dk\/mors\/wp-content\/uploads\/2024\/08\/kunmors-logo.svg","contentUrl":"https:\/\/kunmedierne.dk\/mors\/wp-content\/uploads\/2024\/08\/kunmors-logo.svg","caption":"Mors"},"image":{"@id":"https:\/\/kunmedierne.dk\/mors\/#\/schema\/logo\/image\/"}},{"@type":"Person","@id":"https:\/\/kunmedierne.dk\/mors\/#\/schema\/person\/b2e62a38069b12365e53e087a8709c64","name":"Katrine Hedegaard","image":{"@type":"ImageObject","inLanguage":"da-DK","@id":"https:\/\/kunmedierne.dk\/mors\/#\/schema\/person\/image\/","url":"https:\/\/secure.gravatar.com\/avatar\/18a5c72fa9148052fd3ed5a58b40fc83cfdc9811090e6e6eec9539af058edcc0?s=96&d=mm&r=g","contentUrl":"https:\/\/secure.gravatar.com\/avatar\/18a5c72fa9148052fd3ed5a58b40fc83cfdc9811090e6e6eec9539af058edcc0?s=96&d=mm&r=g","caption":"Katrine Hedegaard"},"url":"https:\/\/kunmedierne.dk\/mors\/author\/katrine\/"}]}},"_links":{"self":[{"href":"https:\/\/kunmedierne.dk\/mors\/wp-json\/wp\/v2\/posts\/152654","targetHints":{"allow":["GET"]}}],"collection":[{"href":"https:\/\/kunmedierne.dk\/mors\/wp-json\/wp\/v2\/posts"}],"about":[{"href":"https:\/\/kunmedierne.dk\/mors\/wp-json\/wp\/v2\/types\/post"}],"author":[{"embeddable":true,"href":"https:\/\/kunmedierne.dk\/mors\/wp-json\/wp\/v2\/users\/2507"}],"replies":[{"embeddable":true,"href":"https:\/\/kunmedierne.dk\/mors\/wp-json\/wp\/v2\/comments?post=152654"}],"version-history":[{"count":4,"href":"https:\/\/kunmedierne.dk\/mors\/wp-json\/wp\/v2\/posts\/152654\/revisions"}],"predecessor-version":[{"id":152695,"href":"https:\/\/kunmedierne.dk\/mors\/wp-json\/wp\/v2\/posts\/152654\/revisions\/152695"}],"wp:attachment":[{"href":"https:\/\/kunmedierne.dk\/mors\/wp-json\/wp\/v2\/media?parent=152654"}],"wp:term":[{"taxonomy":"category","embeddable":true,"href":"https:\/\/kunmedierne.dk\/mors\/wp-json\/wp\/v2\/categories?post=152654"},{"taxonomy":"post_tag","embeddable":true,"href":"https:\/\/kunmedierne.dk\/mors\/wp-json\/wp\/v2\/tags?post=152654"}],"curies":[{"name":"wp","href":"https:\/\/api.w.org\/{rel}","templated":true}]}}