{"id":152529,"date":"2025-08-10T13:13:47","date_gmt":"2025-08-10T11:13:47","guid":{"rendered":"https:\/\/kunmedierne.dk\/mors\/?p=152529"},"modified":"2025-08-10T16:01:26","modified_gmt":"2025-08-10T14:01:26","slug":"foreningernes-dag-de-kom-naesten-op-at-flyve","status":"publish","type":"post","link":"https:\/\/kunmedierne.dk\/mors\/foreningernes-dag-de-kom-naesten-op-at-flyve\/","title":{"rendered":"<span>Foreningernes Dag: <\/span>De kom (n\u00e6sten) op at flyve"},"content":{"rendered":"<p><strong>FORENINGSLIV<\/strong>: Det er kun en lille bid af Mors, men den smager formentlig af mere for mange.<\/p>\n<p>Det er fornemmelsen l\u00f8rdag formiddag i Nyk\u00f8bings g\u00e5gade, hvor Foreningernes Dag 2025 bliver afviklet i smukt sommervejr og med mange foreninger p\u00e5 plads.<\/p>\n<p>Der er flere, end der plejer at v\u00e6re, og nogle af med for f\u00f8rste gang, viser det sig, da KunMors g\u00e5r en tur op og ned ad g\u00e5gaden for at tale med nogle af dem.<\/p>\n<a class=\"dvrt-link\" onClick=\"cdmtrack_click(147315,jQuery(this));return false\" href=\"https:\/\/sdrhaa.dk\/\"><img decoding=\"async\" style=\"width:100%;\" src=\"https:\/\/kunmedierne.dk\/mors\/wp-content\/uploads\/2025\/05\/260302Sdr-HaaDin-gebyrvenlige-sparekasse_mors-002.gif\"><\/a><script>cdmtrack_view(147315);<\/script>\n<p>Den f\u00f8rste forening er n\u00e6sten ikke til at komme udenom, for p\u00e5 kirketorvet st\u00e5r et flot eksemplar af en sv\u00e6veflyver af m\u00e6rket Diskos. Med et vingefang p\u00e5 15 meter lyser den op og skaber interesse &#8211; til stor forn\u00f8jelse for de udsendte fra Sv\u00e6vethy.<\/p>\n<p>&#8211; Det er ikke, fordi vi forventer at f\u00e5 en hel masse medlemmer ud af det, men hvis vi kan ramme en, der kunne t\u00e6nke sig at pr\u00f8ve, vil det v\u00e6re dejligt, siger Ove Dahl J\u00f8rgensen, formand for den lokale klub.<\/p>\n<p>Den har 30 medlemmer fordelt over Thy, Mors og Salling, men tager selvf\u00f8lgelig gerne imod flere. Og man beh\u00f8ver ikke v\u00e6re s\u00e6rlig gammel for at komme i luften &#8211; 14 \u00e5r er nok.<\/p>\n<p>Sv\u00e6vethy, der st\u00e5r for opl\u00e6ringen, sender dog ikke hvem som helt videre til eksamen, understreger Ove Dahl J\u00f8rgensen.<\/p>\n<p>&#8211; Det kr\u00e6ver en vis modenhed, for man skal kunne tage ansvar for sig selv og andre, siger han.<\/p>\n<div id=\"attachment_152538\" style=\"width: 1242px\" class=\"wp-caption alignright\"><img loading=\"lazy\" decoding=\"async\" aria-describedby=\"caption-attachment-152538\" class=\"wp-image-152538 size-full\" src=\"https:\/\/kunmedierne.dk\/mors\/wp-content\/uploads\/2025\/08\/250809-svaevethy2.jpg\" alt=\"\" width=\"1232\" height=\"822\" srcset=\"https:\/\/kunmedierne.dk\/mors\/wp-content\/uploads\/2025\/08\/250809-svaevethy2.jpg 1232w, https:\/\/kunmedierne.dk\/mors\/wp-content\/uploads\/2025\/08\/250809-svaevethy2-300x200.jpg 300w, https:\/\/kunmedierne.dk\/mors\/wp-content\/uploads\/2025\/08\/250809-svaevethy2-1024x683.jpg 1024w, https:\/\/kunmedierne.dk\/mors\/wp-content\/uploads\/2025\/08\/250809-svaevethy2-510x340.jpg 510w\" sizes=\"auto, (max-width: 1232px) 100vw, 1232px\" \/><p id=\"caption-attachment-152538\" class=\"wp-caption-text\">Det lille, men brede sv\u00e6vefly, vakte opm\u00e6rksomhed p\u00e5 Kirketorvet.<\/p><\/div>\n<p>Det g\u00f8r han med stor erfaring, og det samme har et andet af klubbens medlemmer, Karsten Aagaard, der fra en position i cockpittet giver et lynkursus i de instrumenter, man skal mestre som sv\u00e6veflyver. Tjeklisten inden afgang er lige s\u00e5 meget alfa og omega i et sv\u00e6vefly, som det er for en pilot i et rutefly, men n\u00e5r man har certifikatet p\u00e5 plads, \u00e5bner en ny verden sig n\u00e6rmest for en.<\/p>\n<a class=\"dvrt-link\" onClick=\"cdmtrack_click(104783,jQuery(this));return false\" href=\"https:\/\/konpap.dk\/\"><img decoding=\"async\" style=\"width:100%;\" src=\"https:\/\/kunmedierne.dk\/mors\/wp-content\/uploads\/2023\/10\/Kun-Mors-banner.jpg\"><\/a><script>cdmtrack_view(104783);<\/script>\n<p>Eller i hvert fald muligheden for at komme hurtigt rundt omkring i landet. Det udnytter Karsten J\u00f8rgensen flittigt, og han fort\u00e6ller, at en tur fra Mors til Anholt kun tager lidt over en time. Alene sejltiden fra Grenaa til Anholt er p\u00e5 tre lange timer.<\/p>\n<p>&nbsp;<\/p>\n<p><strong>Opbakning til Klub Paraplyen<\/strong><\/p>\n<p>Den slags overvejelser har de andre foreninger ikke, men de nyder ogs\u00e5 godt af flytningen af Foreningerne Dag til en l\u00f8rdag.<\/p>\n<p>Det er n\u00e6sten, som om de ogs\u00e5 kommer op at flyve &#8211; i hvert fald hum\u00f8rm\u00e6ssigt &#8211; for\u00a0 trafikken blandt fodg\u00e6ngere er god, og der er rig lejlighed til at g\u00f8re opm\u00e6rksom p\u00e5 sig selv.<\/p>\n<p>&#8211; Mange har skullet have en brochure, og vi har f\u00e5et seks-otte private st\u00f8ttemedlemmer, lyder det fra Bent Ulriksen fra Klub Paraplyen.<\/p>\n<p>Han tilf\u00f8jer, at folk tilsyneladende ogs\u00e5 har l\u00e6st KunMors, for de ops\u00f8ger ham ogs\u00e5 i g\u00e5gaden for at dr\u00f8fte situationen for foreningen, der nu venter p\u00e5 et m\u00f8de med Mors\u00f8 Kommune om <a href=\"https:\/\/kunmedierne.dk\/mors\/klub-paraplyen-hvor-er-de-88-000-kroner-til-os-blevet-af\/\" target=\"_blank\" rel=\"noopener\">de uenigheder<\/a>, der er imellem parterne.<\/p>\n<div id=\"attachment_152535\" style=\"width: 1242px\" class=\"wp-caption alignright\"><img loading=\"lazy\" decoding=\"async\" aria-describedby=\"caption-attachment-152535\" class=\"wp-image-152535 size-full\" src=\"https:\/\/kunmedierne.dk\/mors\/wp-content\/uploads\/2025\/08\/250809-bent-ulriksen.jpg\" alt=\"\" width=\"1232\" height=\"821\" srcset=\"https:\/\/kunmedierne.dk\/mors\/wp-content\/uploads\/2025\/08\/250809-bent-ulriksen.jpg 1232w, https:\/\/kunmedierne.dk\/mors\/wp-content\/uploads\/2025\/08\/250809-bent-ulriksen-300x200.jpg 300w, https:\/\/kunmedierne.dk\/mors\/wp-content\/uploads\/2025\/08\/250809-bent-ulriksen-1024x682.jpg 1024w, https:\/\/kunmedierne.dk\/mors\/wp-content\/uploads\/2025\/08\/250809-bent-ulriksen-510x340.jpg 510w\" sizes=\"auto, (max-width: 1232px) 100vw, 1232px\" \/><p id=\"caption-attachment-152535\" class=\"wp-caption-text\">Bent Ulriksesn delte kuglepenne ud og kunne gl\u00e6de sig over, at en del af g\u00e5gadens g\u00e6ster tegne st\u00f8ttemedlemsskab af Klub Paraplyen.<\/p><\/div>\n<p>&nbsp;<\/p>\n<p>Ikke langt derfra m\u00f8der vi Folk Club Mors. Det er ogs\u00e5 en af de nye til Foreningernes Dag, og formand Lars Kristensen har taget andre spillem\u00e6nd med, s\u00e5 i l\u00f8bet af formiddagen bliver der givet pr\u00f8ver p\u00e5, hvad man kan opleve af musik hos Kulturk\u00f8bmanden i Sillerslev.<\/p>\n<p>&#8211; Vi h\u00e5ber at f\u00e5 flere koncertg\u00e6ngere ud af det, siger han og melder i \u00f8vrigt og en generel stigende interesse for foreningen, der har fire koncerter p\u00e5 programmet for efter\u00e5ret.<\/p>\n<a class=\"dvrt-link\" onClick=\"cdmtrack_click(104786,jQuery(this));return false\" href=\"https:\/\/limfjordsteatret.dk\/events\/tobias-dybvad-mit-bedste-onemanshow\/\"><img decoding=\"async\" style=\"width:100%;\" src=\"https:\/\/kunmedierne.dk\/mors\/wp-content\/uploads\/2023\/10\/aarskortLim_KunMors_1100x125.jpg\"><\/a><script>cdmtrack_view(104786);<\/script>\n<p>Det er lykkedes, selv om Folk Club Mors til sin skuffelse m\u00e5tte vinke <a href=\"https:\/\/kunmedierne.dk\/mors\/morsoe-kommune-har-trukket-stoetten-til-folk-club-mors-paa-kunmors-fik-vi-besoeg-af-tre-frustrerede-sillerslev-borgere\/\" target=\"_blank\" rel=\"noopener\">farvel til kulturmidler<\/a> fra Mors\u00f8 Kommune. Lars Kristensen erkl\u00e6rer sig da ogs\u00e5 for fortsat optimist, selv om han p\u00e5peger, at foreningen har brug for et par sponsorer &#8211; og selvf\u00f8lgelig, at folk tager til Sillerslev for at h\u00f8re koncerterne &#8211; den f\u00f8rste i efter\u00e5ret er 12. september.<\/p>\n<p>&nbsp;<\/p>\n<p><strong>Pakhustorvet tr\u00e6kker ogs\u00e5<\/strong><\/p>\n<p>S\u00e5dan dominerer de positive tanker i g\u00e5gaden p\u00e5 en l\u00f8rdag, hvor de foreg\u00e5ende dages succes p\u00e5 Pakhustorvet m\u00e5ske ogs\u00e5 spiller ind. F\u00f8rst p\u00e5 eftermiddagen \u00e5bner nyskabelsen med gadek\u00f8kken nemlig igen, og mange nyder formentlig godt af begge tilbud &#8211; med b\u00e5de restauranter og foreninger som en del af pakken p\u00e5 en solbeskinnet l\u00f8rdag.<\/p>\n<a class=\"dvrt-link\" onClick=\"cdmtrack_click(113414,jQuery(this));return false\" href=\"https:\/\/www.p-soerensen.dk\/\"><img decoding=\"async\" style=\"width:100%;\" src=\"https:\/\/kunmedierne.dk\/mors\/wp-content\/uploads\/2024\/03\/p-soerensen-juni25.jpg\"><\/a><script>cdmtrack_view(113414);<\/script>\n<p>En konklusion p\u00e5 turen i g\u00e5gaden kunne v\u00e6re, at foreningslivet p\u00e5 Mors stadig er i fin form &#8211; og at palletten af tilbud er s\u00e5 mangfoldig, at det retf\u00e6rdigg\u00f8r snakken om, at \u00f8en takket v\u00e6re de mange frivillige kr\u00e6fter har meget at byde p\u00e5.<\/p>\n<p>Efter Foreningernes Dag 2025 er der nok ingen tvivl om, at foreningerne f\u00e5r muligheden for at vise sig frem igen i 2026.<\/p>\n<div id=\"attachment_152542\" style=\"width: 1242px\" class=\"wp-caption alignright\"><img loading=\"lazy\" decoding=\"async\" aria-describedby=\"caption-attachment-152542\" class=\"wp-image-152542 size-full\" src=\"https:\/\/kunmedierne.dk\/mors\/wp-content\/uploads\/2025\/08\/250809-folk-club-mors.jpg\" alt=\"\" width=\"1232\" height=\"821\" srcset=\"https:\/\/kunmedierne.dk\/mors\/wp-content\/uploads\/2025\/08\/250809-folk-club-mors.jpg 1232w, https:\/\/kunmedierne.dk\/mors\/wp-content\/uploads\/2025\/08\/250809-folk-club-mors-300x200.jpg 300w, https:\/\/kunmedierne.dk\/mors\/wp-content\/uploads\/2025\/08\/250809-folk-club-mors-1024x682.jpg 1024w, https:\/\/kunmedierne.dk\/mors\/wp-content\/uploads\/2025\/08\/250809-folk-club-mors-510x340.jpg 510w\" sizes=\"auto, (max-width: 1232px) 100vw, 1232px\" \/><p id=\"caption-attachment-152542\" class=\"wp-caption-text\">Folk Club Mors med formand Lars Kristensen til h\u00f8jre i billedet var p\u00e5 pladss for at give pr\u00f8ver p\u00e5, hvad man kan opleve hos Kulturk\u00f8bmanden i Sillerslev.<\/dd>\n<dd><\/p><\/div>\n<div id=\"attachment_152537\" style=\"width: 1242px\" class=\"wp-caption alignright\"><img loading=\"lazy\" decoding=\"async\" aria-describedby=\"caption-attachment-152537\" class=\"wp-image-152537 size-full\" src=\"https:\/\/kunmedierne.dk\/mors\/wp-content\/uploads\/2025\/08\/250809-foreningernes-dag.jpg\" alt=\"\" width=\"1232\" height=\"821\" srcset=\"https:\/\/kunmedierne.dk\/mors\/wp-content\/uploads\/2025\/08\/250809-foreningernes-dag.jpg 1232w, https:\/\/kunmedierne.dk\/mors\/wp-content\/uploads\/2025\/08\/250809-foreningernes-dag-300x200.jpg 300w, https:\/\/kunmedierne.dk\/mors\/wp-content\/uploads\/2025\/08\/250809-foreningernes-dag-1024x682.jpg 1024w, https:\/\/kunmedierne.dk\/mors\/wp-content\/uploads\/2025\/08\/250809-foreningernes-dag-510x340.jpg 510w\" sizes=\"auto, (max-width: 1232px) 100vw, 1232px\" \/><p id=\"caption-attachment-152537\" class=\"wp-caption-text\">Man kunne ogs\u00e5 f\u00e5 en snak med Hjemmev\u00e6rnet. Hvis man da kunne f\u00e5 \u00f8je p\u00e5 dem bag den effektive sl\u00f8ring.<\/p><\/div>\n<div id=\"attachment_152536\" style=\"width: 1242px\" class=\"wp-caption alignright\"><img loading=\"lazy\" decoding=\"async\" aria-describedby=\"caption-attachment-152536\" class=\"wp-image-152536 size-full\" src=\"https:\/\/kunmedierne.dk\/mors\/wp-content\/uploads\/2025\/08\/250809-foreningernes-dag2.jpg\" alt=\"\" width=\"1232\" height=\"822\" srcset=\"https:\/\/kunmedierne.dk\/mors\/wp-content\/uploads\/2025\/08\/250809-foreningernes-dag2.jpg 1232w, https:\/\/kunmedierne.dk\/mors\/wp-content\/uploads\/2025\/08\/250809-foreningernes-dag2-300x200.jpg 300w, https:\/\/kunmedierne.dk\/mors\/wp-content\/uploads\/2025\/08\/250809-foreningernes-dag2-1024x683.jpg 1024w, https:\/\/kunmedierne.dk\/mors\/wp-content\/uploads\/2025\/08\/250809-foreningernes-dag2-510x340.jpg 510w\" sizes=\"auto, (max-width: 1232px) 100vw, 1232px\" \/><p id=\"caption-attachment-152536\" class=\"wp-caption-text\">Arena Mors var ikke overraskende i fin form og viste, at motion sagtens kan v\u00e6re sjovt.<\/p><\/div>\n","protected":false},"excerpt":{"rendered":"<p>FORENINGSLIV: Det er kun en lille bid af Mors, men den smager formentlig af mere for mange. Det er fornemmelsen l\u00f8rdag formiddag i Nyk\u00f8bings g\u00e5gade, hvor Foreningernes Dag 2025 bliver afviklet i smukt sommervejr og med mange foreninger p\u00e5 plads. Der er flere, end der plejer at v\u00e6re, og nogle af med for f\u00f8rste gang, [&hellip;]<\/p>\n","protected":false},"author":8,"featured_media":0,"comment_status":"closed","ping_status":"closed","sticky":false,"template":"","format":"standard","meta":{"_acf_changed":false,"footnotes":""},"categories":[51],"tags":[196],"class_list":["post-152529","post","type-post","status-publish","format-standard","hentry","category-lokalt","tag-foreningsliv"],"acf":[],"yoast_head":"<!-- This site is optimized with the Yoast SEO plugin v26.8 - https:\/\/yoast.com\/product\/yoast-seo-wordpress\/ -->\n<title>Foreningernes Dag: De kom (n\u00e6sten) op at flyve - Mors<\/title>\n<meta name=\"robots\" content=\"index, follow, max-snippet:-1, max-image-preview:large, max-video-preview:-1\" \/>\n<link rel=\"canonical\" href=\"https:\/\/kunmedierne.dk\/mors\/foreningernes-dag-de-kom-naesten-op-at-flyve\/\" \/>\n<meta property=\"og:locale\" content=\"da_DK\" \/>\n<meta property=\"og:type\" content=\"article\" \/>\n<meta property=\"og:title\" content=\"Foreningernes Dag: De kom (n\u00e6sten) op at flyve - Mors\" \/>\n<meta property=\"og:description\" content=\"FORENINGSLIV: Det er kun en lille bid af Mors, men den smager formentlig af mere for mange. Det er fornemmelsen l\u00f8rdag formiddag i Nyk\u00f8bings g\u00e5gade, hvor Foreningernes Dag 2025 bliver afviklet i smukt sommervejr og med mange foreninger p\u00e5 plads. Der er flere, end der plejer at v\u00e6re, og nogle af med for f\u00f8rste gang, [&hellip;]\" \/>\n<meta property=\"og:url\" content=\"https:\/\/kunmedierne.dk\/mors\/foreningernes-dag-de-kom-naesten-op-at-flyve\/\" \/>\n<meta property=\"og:site_name\" content=\"Mors\" \/>\n<meta property=\"article:published_time\" content=\"2025-08-10T11:13:47+00:00\" \/>\n<meta property=\"article:modified_time\" content=\"2025-08-10T14:01:26+00:00\" \/>\n<meta property=\"og:image\" content=\"https:\/\/kunmedierne.dk\/mors\/wp-content\/uploads\/2025\/08\/250809-svaevethy2.jpg\" \/>\n<meta name=\"author\" content=\"David H\u00f8jmark\" \/>\n<meta name=\"twitter:card\" content=\"summary_large_image\" \/>\n<meta name=\"twitter:label1\" content=\"Skrevet af\" \/>\n\t<meta name=\"twitter:data1\" content=\"David H\u00f8jmark\" \/>\n\t<meta name=\"twitter:label2\" content=\"Estimeret l\u00e6setid\" \/>\n\t<meta name=\"twitter:data2\" content=\"6 minutter\" \/>\n<script type=\"application\/ld+json\" class=\"yoast-schema-graph\">{\"@context\":\"https:\/\/schema.org\",\"@graph\":[{\"@type\":\"Article\",\"@id\":\"https:\/\/kunmedierne.dk\/mors\/foreningernes-dag-de-kom-naesten-op-at-flyve\/#article\",\"isPartOf\":{\"@id\":\"https:\/\/kunmedierne.dk\/mors\/foreningernes-dag-de-kom-naesten-op-at-flyve\/\"},\"author\":{\"name\":\"David H\u00f8jmark\",\"@id\":\"https:\/\/kunmedierne.dk\/mors\/#\/schema\/person\/5fe23251bf1d0abbcdc6f7896579d548\"},\"headline\":\"Foreningernes Dag: De kom (n\u00e6sten) op at flyve\",\"datePublished\":\"2025-08-10T11:13:47+00:00\",\"dateModified\":\"2025-08-10T14:01:26+00:00\",\"mainEntityOfPage\":{\"@id\":\"https:\/\/kunmedierne.dk\/mors\/foreningernes-dag-de-kom-naesten-op-at-flyve\/\"},\"wordCount\":960,\"publisher\":{\"@id\":\"https:\/\/kunmedierne.dk\/mors\/#organization\"},\"image\":{\"@id\":\"https:\/\/kunmedierne.dk\/mors\/foreningernes-dag-de-kom-naesten-op-at-flyve\/#primaryimage\"},\"thumbnailUrl\":\"https:\/\/kunmedierne.dk\/mors\/wp-content\/uploads\/2025\/08\/250809-svaevethy2.jpg\",\"keywords\":[\"Foreningsliv\"],\"articleSection\":[\"Lokalt\"],\"inLanguage\":\"da-DK\"},{\"@type\":\"WebPage\",\"@id\":\"https:\/\/kunmedierne.dk\/mors\/foreningernes-dag-de-kom-naesten-op-at-flyve\/\",\"url\":\"https:\/\/kunmedierne.dk\/mors\/foreningernes-dag-de-kom-naesten-op-at-flyve\/\",\"name\":\"Foreningernes Dag: De kom (n\u00e6sten) op at flyve - Mors\",\"isPartOf\":{\"@id\":\"https:\/\/kunmedierne.dk\/mors\/#website\"},\"primaryImageOfPage\":{\"@id\":\"https:\/\/kunmedierne.dk\/mors\/foreningernes-dag-de-kom-naesten-op-at-flyve\/#primaryimage\"},\"image\":{\"@id\":\"https:\/\/kunmedierne.dk\/mors\/foreningernes-dag-de-kom-naesten-op-at-flyve\/#primaryimage\"},\"thumbnailUrl\":\"https:\/\/kunmedierne.dk\/mors\/wp-content\/uploads\/2025\/08\/250809-svaevethy2.jpg\",\"datePublished\":\"2025-08-10T11:13:47+00:00\",\"dateModified\":\"2025-08-10T14:01:26+00:00\",\"breadcrumb\":{\"@id\":\"https:\/\/kunmedierne.dk\/mors\/foreningernes-dag-de-kom-naesten-op-at-flyve\/#breadcrumb\"},\"inLanguage\":\"da-DK\",\"potentialAction\":[{\"@type\":\"ReadAction\",\"target\":[\"https:\/\/kunmedierne.dk\/mors\/foreningernes-dag-de-kom-naesten-op-at-flyve\/\"]}]},{\"@type\":\"ImageObject\",\"inLanguage\":\"da-DK\",\"@id\":\"https:\/\/kunmedierne.dk\/mors\/foreningernes-dag-de-kom-naesten-op-at-flyve\/#primaryimage\",\"url\":\"https:\/\/kunmedierne.dk\/mors\/wp-content\/uploads\/2025\/08\/250809-svaevethy2.jpg\",\"contentUrl\":\"https:\/\/kunmedierne.dk\/mors\/wp-content\/uploads\/2025\/08\/250809-svaevethy2.jpg\",\"width\":1232,\"height\":822},{\"@type\":\"BreadcrumbList\",\"@id\":\"https:\/\/kunmedierne.dk\/mors\/foreningernes-dag-de-kom-naesten-op-at-flyve\/#breadcrumb\",\"itemListElement\":[{\"@type\":\"ListItem\",\"position\":1,\"name\":\"Hjem\",\"item\":\"https:\/\/kunmedierne.dk\/mors\/\"},{\"@type\":\"ListItem\",\"position\":2,\"name\":\"Foreningernes Dag: De kom (n\u00e6sten) op at flyve\"}]},{\"@type\":\"WebSite\",\"@id\":\"https:\/\/kunmedierne.dk\/mors\/#website\",\"url\":\"https:\/\/kunmedierne.dk\/mors\/\",\"name\":\"Mors\",\"description\":\"et netmedie med journalistik om livet p\u00e5 Mors\",\"publisher\":{\"@id\":\"https:\/\/kunmedierne.dk\/mors\/#organization\"},\"potentialAction\":[{\"@type\":\"SearchAction\",\"target\":{\"@type\":\"EntryPoint\",\"urlTemplate\":\"https:\/\/kunmedierne.dk\/mors\/?s={search_term_string}\"},\"query-input\":{\"@type\":\"PropertyValueSpecification\",\"valueRequired\":true,\"valueName\":\"search_term_string\"}}],\"inLanguage\":\"da-DK\"},{\"@type\":\"Organization\",\"@id\":\"https:\/\/kunmedierne.dk\/mors\/#organization\",\"name\":\"Mors\",\"url\":\"https:\/\/kunmedierne.dk\/mors\/\",\"logo\":{\"@type\":\"ImageObject\",\"inLanguage\":\"da-DK\",\"@id\":\"https:\/\/kunmedierne.dk\/mors\/#\/schema\/logo\/image\/\",\"url\":\"https:\/\/kunmedierne.dk\/mors\/wp-content\/uploads\/2024\/08\/kunmors-logo.svg\",\"contentUrl\":\"https:\/\/kunmedierne.dk\/mors\/wp-content\/uploads\/2024\/08\/kunmors-logo.svg\",\"caption\":\"Mors\"},\"image\":{\"@id\":\"https:\/\/kunmedierne.dk\/mors\/#\/schema\/logo\/image\/\"}},{\"@type\":\"Person\",\"@id\":\"https:\/\/kunmedierne.dk\/mors\/#\/schema\/person\/5fe23251bf1d0abbcdc6f7896579d548\",\"name\":\"David H\u00f8jmark\",\"image\":{\"@type\":\"ImageObject\",\"inLanguage\":\"da-DK\",\"@id\":\"https:\/\/kunmedierne.dk\/mors\/#\/schema\/person\/image\/\",\"url\":\"https:\/\/secure.gravatar.com\/avatar\/4315d6fb9ef244d729989f5f90268eb08d5bf8a3d84402f595fa194bb35784fd?s=96&d=mm&r=g\",\"contentUrl\":\"https:\/\/secure.gravatar.com\/avatar\/4315d6fb9ef244d729989f5f90268eb08d5bf8a3d84402f595fa194bb35784fd?s=96&d=mm&r=g\",\"caption\":\"David H\u00f8jmark\"},\"sameAs\":[\"https:\/\/www.kunmedierne.dk\"],\"url\":\"https:\/\/kunmedierne.dk\/mors\/author\/david\/\"}]}<\/script>\n<!-- \/ Yoast SEO plugin. -->","yoast_head_json":{"title":"Foreningernes Dag: De kom (n\u00e6sten) op at flyve - Mors","robots":{"index":"index","follow":"follow","max-snippet":"max-snippet:-1","max-image-preview":"max-image-preview:large","max-video-preview":"max-video-preview:-1"},"canonical":"https:\/\/kunmedierne.dk\/mors\/foreningernes-dag-de-kom-naesten-op-at-flyve\/","og_locale":"da_DK","og_type":"article","og_title":"Foreningernes Dag: De kom (n\u00e6sten) op at flyve - Mors","og_description":"FORENINGSLIV: Det er kun en lille bid af Mors, men den smager formentlig af mere for mange. Det er fornemmelsen l\u00f8rdag formiddag i Nyk\u00f8bings g\u00e5gade, hvor Foreningernes Dag 2025 bliver afviklet i smukt sommervejr og med mange foreninger p\u00e5 plads. Der er flere, end der plejer at v\u00e6re, og nogle af med for f\u00f8rste gang, [&hellip;]","og_url":"https:\/\/kunmedierne.dk\/mors\/foreningernes-dag-de-kom-naesten-op-at-flyve\/","og_site_name":"Mors","article_published_time":"2025-08-10T11:13:47+00:00","article_modified_time":"2025-08-10T14:01:26+00:00","og_image":[{"url":"https:\/\/kunmedierne.dk\/mors\/wp-content\/uploads\/2025\/08\/250809-svaevethy2.jpg","type":"","width":"","height":""}],"author":"David H\u00f8jmark","twitter_card":"summary_large_image","twitter_misc":{"Skrevet af":"David H\u00f8jmark","Estimeret l\u00e6setid":"6 minutter"},"schema":{"@context":"https:\/\/schema.org","@graph":[{"@type":"Article","@id":"https:\/\/kunmedierne.dk\/mors\/foreningernes-dag-de-kom-naesten-op-at-flyve\/#article","isPartOf":{"@id":"https:\/\/kunmedierne.dk\/mors\/foreningernes-dag-de-kom-naesten-op-at-flyve\/"},"author":{"name":"David H\u00f8jmark","@id":"https:\/\/kunmedierne.dk\/mors\/#\/schema\/person\/5fe23251bf1d0abbcdc6f7896579d548"},"headline":"Foreningernes Dag: De kom (n\u00e6sten) op at flyve","datePublished":"2025-08-10T11:13:47+00:00","dateModified":"2025-08-10T14:01:26+00:00","mainEntityOfPage":{"@id":"https:\/\/kunmedierne.dk\/mors\/foreningernes-dag-de-kom-naesten-op-at-flyve\/"},"wordCount":960,"publisher":{"@id":"https:\/\/kunmedierne.dk\/mors\/#organization"},"image":{"@id":"https:\/\/kunmedierne.dk\/mors\/foreningernes-dag-de-kom-naesten-op-at-flyve\/#primaryimage"},"thumbnailUrl":"https:\/\/kunmedierne.dk\/mors\/wp-content\/uploads\/2025\/08\/250809-svaevethy2.jpg","keywords":["Foreningsliv"],"articleSection":["Lokalt"],"inLanguage":"da-DK"},{"@type":"WebPage","@id":"https:\/\/kunmedierne.dk\/mors\/foreningernes-dag-de-kom-naesten-op-at-flyve\/","url":"https:\/\/kunmedierne.dk\/mors\/foreningernes-dag-de-kom-naesten-op-at-flyve\/","name":"Foreningernes Dag: De kom (n\u00e6sten) op at flyve - Mors","isPartOf":{"@id":"https:\/\/kunmedierne.dk\/mors\/#website"},"primaryImageOfPage":{"@id":"https:\/\/kunmedierne.dk\/mors\/foreningernes-dag-de-kom-naesten-op-at-flyve\/#primaryimage"},"image":{"@id":"https:\/\/kunmedierne.dk\/mors\/foreningernes-dag-de-kom-naesten-op-at-flyve\/#primaryimage"},"thumbnailUrl":"https:\/\/kunmedierne.dk\/mors\/wp-content\/uploads\/2025\/08\/250809-svaevethy2.jpg","datePublished":"2025-08-10T11:13:47+00:00","dateModified":"2025-08-10T14:01:26+00:00","breadcrumb":{"@id":"https:\/\/kunmedierne.dk\/mors\/foreningernes-dag-de-kom-naesten-op-at-flyve\/#breadcrumb"},"inLanguage":"da-DK","potentialAction":[{"@type":"ReadAction","target":["https:\/\/kunmedierne.dk\/mors\/foreningernes-dag-de-kom-naesten-op-at-flyve\/"]}]},{"@type":"ImageObject","inLanguage":"da-DK","@id":"https:\/\/kunmedierne.dk\/mors\/foreningernes-dag-de-kom-naesten-op-at-flyve\/#primaryimage","url":"https:\/\/kunmedierne.dk\/mors\/wp-content\/uploads\/2025\/08\/250809-svaevethy2.jpg","contentUrl":"https:\/\/kunmedierne.dk\/mors\/wp-content\/uploads\/2025\/08\/250809-svaevethy2.jpg","width":1232,"height":822},{"@type":"BreadcrumbList","@id":"https:\/\/kunmedierne.dk\/mors\/foreningernes-dag-de-kom-naesten-op-at-flyve\/#breadcrumb","itemListElement":[{"@type":"ListItem","position":1,"name":"Hjem","item":"https:\/\/kunmedierne.dk\/mors\/"},{"@type":"ListItem","position":2,"name":"Foreningernes Dag: De kom (n\u00e6sten) op at flyve"}]},{"@type":"WebSite","@id":"https:\/\/kunmedierne.dk\/mors\/#website","url":"https:\/\/kunmedierne.dk\/mors\/","name":"Mors","description":"et netmedie med journalistik om livet p\u00e5 Mors","publisher":{"@id":"https:\/\/kunmedierne.dk\/mors\/#organization"},"potentialAction":[{"@type":"SearchAction","target":{"@type":"EntryPoint","urlTemplate":"https:\/\/kunmedierne.dk\/mors\/?s={search_term_string}"},"query-input":{"@type":"PropertyValueSpecification","valueRequired":true,"valueName":"search_term_string"}}],"inLanguage":"da-DK"},{"@type":"Organization","@id":"https:\/\/kunmedierne.dk\/mors\/#organization","name":"Mors","url":"https:\/\/kunmedierne.dk\/mors\/","logo":{"@type":"ImageObject","inLanguage":"da-DK","@id":"https:\/\/kunmedierne.dk\/mors\/#\/schema\/logo\/image\/","url":"https:\/\/kunmedierne.dk\/mors\/wp-content\/uploads\/2024\/08\/kunmors-logo.svg","contentUrl":"https:\/\/kunmedierne.dk\/mors\/wp-content\/uploads\/2024\/08\/kunmors-logo.svg","caption":"Mors"},"image":{"@id":"https:\/\/kunmedierne.dk\/mors\/#\/schema\/logo\/image\/"}},{"@type":"Person","@id":"https:\/\/kunmedierne.dk\/mors\/#\/schema\/person\/5fe23251bf1d0abbcdc6f7896579d548","name":"David H\u00f8jmark","image":{"@type":"ImageObject","inLanguage":"da-DK","@id":"https:\/\/kunmedierne.dk\/mors\/#\/schema\/person\/image\/","url":"https:\/\/secure.gravatar.com\/avatar\/4315d6fb9ef244d729989f5f90268eb08d5bf8a3d84402f595fa194bb35784fd?s=96&d=mm&r=g","contentUrl":"https:\/\/secure.gravatar.com\/avatar\/4315d6fb9ef244d729989f5f90268eb08d5bf8a3d84402f595fa194bb35784fd?s=96&d=mm&r=g","caption":"David H\u00f8jmark"},"sameAs":["https:\/\/www.kunmedierne.dk"],"url":"https:\/\/kunmedierne.dk\/mors\/author\/david\/"}]}},"_links":{"self":[{"href":"https:\/\/kunmedierne.dk\/mors\/wp-json\/wp\/v2\/posts\/152529","targetHints":{"allow":["GET"]}}],"collection":[{"href":"https:\/\/kunmedierne.dk\/mors\/wp-json\/wp\/v2\/posts"}],"about":[{"href":"https:\/\/kunmedierne.dk\/mors\/wp-json\/wp\/v2\/types\/post"}],"author":[{"embeddable":true,"href":"https:\/\/kunmedierne.dk\/mors\/wp-json\/wp\/v2\/users\/8"}],"replies":[{"embeddable":true,"href":"https:\/\/kunmedierne.dk\/mors\/wp-json\/wp\/v2\/comments?post=152529"}],"version-history":[{"count":4,"href":"https:\/\/kunmedierne.dk\/mors\/wp-json\/wp\/v2\/posts\/152529\/revisions"}],"predecessor-version":[{"id":152544,"href":"https:\/\/kunmedierne.dk\/mors\/wp-json\/wp\/v2\/posts\/152529\/revisions\/152544"}],"wp:attachment":[{"href":"https:\/\/kunmedierne.dk\/mors\/wp-json\/wp\/v2\/media?parent=152529"}],"wp:term":[{"taxonomy":"category","embeddable":true,"href":"https:\/\/kunmedierne.dk\/mors\/wp-json\/wp\/v2\/categories?post=152529"},{"taxonomy":"post_tag","embeddable":true,"href":"https:\/\/kunmedierne.dk\/mors\/wp-json\/wp\/v2\/tags?post=152529"}],"curies":[{"name":"wp","href":"https:\/\/api.w.org\/{rel}","templated":true}]}}