{"id":152470,"date":"2025-08-08T21:07:30","date_gmt":"2025-08-08T19:07:30","guid":{"rendered":"https:\/\/kunmedierne.dk\/mors\/?p=152470"},"modified":"2025-08-08T21:08:50","modified_gmt":"2025-08-08T19:08:50","slug":"stor-interesse-for-at-vaere-med-i-foreningernes-dag","status":"publish","type":"post","link":"https:\/\/kunmedierne.dk\/mors\/stor-interesse-for-at-vaere-med-i-foreningernes-dag\/","title":{"rendered":"Stor interesse for at v\u00e6re med i Foreningernes dag"},"content":{"rendered":"<p><strong>FORENINGSLIV<\/strong>: Hvad kan de forskellige foreninger tilbyde sine medlemmer?<\/p>\n<p>Det sp\u00f8rgsm\u00e5l kan du f\u00e5 besvaret p\u00e5 mange forskellige m\u00e5der l\u00f8rdag, n\u00e5r den \u00e5rlige f\u00e6llesdag for foreningerne p\u00e5 Mors igen igen finder sted.<\/p>\n<a class=\"dvrt-link\" onClick=\"cdmtrack_click(104787,jQuery(this));return false\" href=\"https:\/\/www.jyskebank.dk\/kontakt\/afdelingsinfo?departmentid=11890\"><img decoding=\"async\" style=\"width:100%;\" src=\"https:\/\/kunmedierne.dk\/mors\/wp-content\/uploads\/2023\/10\/260325JyskeBankMorsNy-1.jpg\"><\/a><script>cdmtrack_view(104787);<\/script>\n<p>Det sker i Nyk\u00f8bings g\u00e5gade, hvor Foreningernes Dag samler en r\u00e6kke af foreningerne, der st\u00e5r klar til at fort\u00e6lle borgerne om deres tilbud. Og interessen for at v\u00e6re med er p\u00e5 vej op. Jens Borg, der sammen med Povl Li er tovholder p\u00e5 arrangementet, fort\u00e6ller om \u00f8get tilslutning i forhold til sidste \u00e5r &#8211; m\u00e5ske ikke mindst p\u00e5 grund af flytningen til en l\u00f8rdag.<\/p>\n<p>Det er med start allerede klokken 9.30 og frem til klokken 13. S\u00e5 n\u00e5r man har bes\u00f8gt foreningerne p\u00e5 \u00f8en med status som dansk mester i frivillighed, kan man passende fejre det med et smut forbi Pakhustorvet for at opleve det gadek\u00f8kken, der m\u00e5lt p\u00e5 interessen de to f\u00f8rste dage ser ud til at have f\u00e5et en fremragende start p\u00e5 Mors.<\/p>\n","protected":false},"excerpt":{"rendered":"<p>FORENINGSLIV: Hvad kan de forskellige foreninger tilbyde sine medlemmer? Det sp\u00f8rgsm\u00e5l kan du f\u00e5 besvaret p\u00e5 mange forskellige m\u00e5der l\u00f8rdag, n\u00e5r den \u00e5rlige f\u00e6llesdag for foreningerne p\u00e5 Mors igen igen finder sted. Det sker i Nyk\u00f8bings g\u00e5gade, hvor Foreningernes Dag samler en r\u00e6kke af foreningerne, der st\u00e5r klar til at fort\u00e6lle borgerne om deres tilbud. [&hellip;]<\/p>\n","protected":false},"author":8,"featured_media":0,"comment_status":"closed","ping_status":"closed","sticky":false,"template":"","format":"standard","meta":{"_acf_changed":false,"footnotes":""},"categories":[51],"tags":[196],"class_list":["post-152470","post","type-post","status-publish","format-standard","hentry","category-lokalt","tag-foreningsliv"],"acf":[],"yoast_head":"<!-- This site is optimized with the Yoast SEO plugin v26.8 - https:\/\/yoast.com\/product\/yoast-seo-wordpress\/ -->\n<title>Stor interesse for at v\u00e6re med i Foreningernes dag - Mors<\/title>\n<meta name=\"robots\" content=\"index, follow, max-snippet:-1, max-image-preview:large, max-video-preview:-1\" \/>\n<link rel=\"canonical\" href=\"https:\/\/kunmedierne.dk\/mors\/stor-interesse-for-at-vaere-med-i-foreningernes-dag\/\" \/>\n<meta property=\"og:locale\" content=\"da_DK\" \/>\n<meta property=\"og:type\" content=\"article\" \/>\n<meta property=\"og:title\" content=\"Stor interesse for at v\u00e6re med i Foreningernes dag - Mors\" \/>\n<meta property=\"og:description\" content=\"FORENINGSLIV: Hvad kan de forskellige foreninger tilbyde sine medlemmer? Det sp\u00f8rgsm\u00e5l kan du f\u00e5 besvaret p\u00e5 mange forskellige m\u00e5der l\u00f8rdag, n\u00e5r den \u00e5rlige f\u00e6llesdag for foreningerne p\u00e5 Mors igen igen finder sted. Det sker i Nyk\u00f8bings g\u00e5gade, hvor Foreningernes Dag samler en r\u00e6kke af foreningerne, der st\u00e5r klar til at fort\u00e6lle borgerne om deres tilbud. [&hellip;]\" \/>\n<meta property=\"og:url\" content=\"https:\/\/kunmedierne.dk\/mors\/stor-interesse-for-at-vaere-med-i-foreningernes-dag\/\" \/>\n<meta property=\"og:site_name\" content=\"Mors\" \/>\n<meta property=\"article:published_time\" content=\"2025-08-08T19:07:30+00:00\" \/>\n<meta property=\"article:modified_time\" content=\"2025-08-08T19:08:50+00:00\" \/>\n<meta name=\"author\" content=\"David H\u00f8jmark\" \/>\n<meta name=\"twitter:card\" content=\"summary_large_image\" \/>\n<meta name=\"twitter:label1\" content=\"Skrevet af\" \/>\n\t<meta name=\"twitter:data1\" content=\"David H\u00f8jmark\" \/>\n\t<meta name=\"twitter:label2\" content=\"Estimeret l\u00e6setid\" \/>\n\t<meta name=\"twitter:data2\" content=\"1 minut\" \/>\n<script type=\"application\/ld+json\" class=\"yoast-schema-graph\">{\"@context\":\"https:\/\/schema.org\",\"@graph\":[{\"@type\":\"Article\",\"@id\":\"https:\/\/kunmedierne.dk\/mors\/stor-interesse-for-at-vaere-med-i-foreningernes-dag\/#article\",\"isPartOf\":{\"@id\":\"https:\/\/kunmedierne.dk\/mors\/stor-interesse-for-at-vaere-med-i-foreningernes-dag\/\"},\"author\":{\"name\":\"David H\u00f8jmark\",\"@id\":\"https:\/\/kunmedierne.dk\/mors\/#\/schema\/person\/5fe23251bf1d0abbcdc6f7896579d548\"},\"headline\":\"Stor interesse for at v\u00e6re med i Foreningernes dag\",\"datePublished\":\"2025-08-08T19:07:30+00:00\",\"dateModified\":\"2025-08-08T19:08:50+00:00\",\"mainEntityOfPage\":{\"@id\":\"https:\/\/kunmedierne.dk\/mors\/stor-interesse-for-at-vaere-med-i-foreningernes-dag\/\"},\"wordCount\":188,\"publisher\":{\"@id\":\"https:\/\/kunmedierne.dk\/mors\/#organization\"},\"keywords\":[\"Foreningsliv\"],\"articleSection\":[\"Lokalt\"],\"inLanguage\":\"da-DK\"},{\"@type\":\"WebPage\",\"@id\":\"https:\/\/kunmedierne.dk\/mors\/stor-interesse-for-at-vaere-med-i-foreningernes-dag\/\",\"url\":\"https:\/\/kunmedierne.dk\/mors\/stor-interesse-for-at-vaere-med-i-foreningernes-dag\/\",\"name\":\"Stor interesse for at v\u00e6re med i Foreningernes dag - Mors\",\"isPartOf\":{\"@id\":\"https:\/\/kunmedierne.dk\/mors\/#website\"},\"datePublished\":\"2025-08-08T19:07:30+00:00\",\"dateModified\":\"2025-08-08T19:08:50+00:00\",\"breadcrumb\":{\"@id\":\"https:\/\/kunmedierne.dk\/mors\/stor-interesse-for-at-vaere-med-i-foreningernes-dag\/#breadcrumb\"},\"inLanguage\":\"da-DK\",\"potentialAction\":[{\"@type\":\"ReadAction\",\"target\":[\"https:\/\/kunmedierne.dk\/mors\/stor-interesse-for-at-vaere-med-i-foreningernes-dag\/\"]}]},{\"@type\":\"BreadcrumbList\",\"@id\":\"https:\/\/kunmedierne.dk\/mors\/stor-interesse-for-at-vaere-med-i-foreningernes-dag\/#breadcrumb\",\"itemListElement\":[{\"@type\":\"ListItem\",\"position\":1,\"name\":\"Hjem\",\"item\":\"https:\/\/kunmedierne.dk\/mors\/\"},{\"@type\":\"ListItem\",\"position\":2,\"name\":\"Stor interesse for at v\u00e6re med i Foreningernes dag\"}]},{\"@type\":\"WebSite\",\"@id\":\"https:\/\/kunmedierne.dk\/mors\/#website\",\"url\":\"https:\/\/kunmedierne.dk\/mors\/\",\"name\":\"Mors\",\"description\":\"et netmedie med journalistik om livet p\u00e5 Mors\",\"publisher\":{\"@id\":\"https:\/\/kunmedierne.dk\/mors\/#organization\"},\"potentialAction\":[{\"@type\":\"SearchAction\",\"target\":{\"@type\":\"EntryPoint\",\"urlTemplate\":\"https:\/\/kunmedierne.dk\/mors\/?s={search_term_string}\"},\"query-input\":{\"@type\":\"PropertyValueSpecification\",\"valueRequired\":true,\"valueName\":\"search_term_string\"}}],\"inLanguage\":\"da-DK\"},{\"@type\":\"Organization\",\"@id\":\"https:\/\/kunmedierne.dk\/mors\/#organization\",\"name\":\"Mors\",\"url\":\"https:\/\/kunmedierne.dk\/mors\/\",\"logo\":{\"@type\":\"ImageObject\",\"inLanguage\":\"da-DK\",\"@id\":\"https:\/\/kunmedierne.dk\/mors\/#\/schema\/logo\/image\/\",\"url\":\"https:\/\/kunmedierne.dk\/mors\/wp-content\/uploads\/2024\/08\/kunmors-logo.svg\",\"contentUrl\":\"https:\/\/kunmedierne.dk\/mors\/wp-content\/uploads\/2024\/08\/kunmors-logo.svg\",\"caption\":\"Mors\"},\"image\":{\"@id\":\"https:\/\/kunmedierne.dk\/mors\/#\/schema\/logo\/image\/\"}},{\"@type\":\"Person\",\"@id\":\"https:\/\/kunmedierne.dk\/mors\/#\/schema\/person\/5fe23251bf1d0abbcdc6f7896579d548\",\"name\":\"David H\u00f8jmark\",\"image\":{\"@type\":\"ImageObject\",\"inLanguage\":\"da-DK\",\"@id\":\"https:\/\/kunmedierne.dk\/mors\/#\/schema\/person\/image\/\",\"url\":\"https:\/\/secure.gravatar.com\/avatar\/4315d6fb9ef244d729989f5f90268eb08d5bf8a3d84402f595fa194bb35784fd?s=96&d=mm&r=g\",\"contentUrl\":\"https:\/\/secure.gravatar.com\/avatar\/4315d6fb9ef244d729989f5f90268eb08d5bf8a3d84402f595fa194bb35784fd?s=96&d=mm&r=g\",\"caption\":\"David H\u00f8jmark\"},\"sameAs\":[\"https:\/\/www.kunmedierne.dk\"],\"url\":\"https:\/\/kunmedierne.dk\/mors\/author\/david\/\"}]}<\/script>\n<!-- \/ Yoast SEO plugin. -->","yoast_head_json":{"title":"Stor interesse for at v\u00e6re med i Foreningernes dag - Mors","robots":{"index":"index","follow":"follow","max-snippet":"max-snippet:-1","max-image-preview":"max-image-preview:large","max-video-preview":"max-video-preview:-1"},"canonical":"https:\/\/kunmedierne.dk\/mors\/stor-interesse-for-at-vaere-med-i-foreningernes-dag\/","og_locale":"da_DK","og_type":"article","og_title":"Stor interesse for at v\u00e6re med i Foreningernes dag - Mors","og_description":"FORENINGSLIV: Hvad kan de forskellige foreninger tilbyde sine medlemmer? Det sp\u00f8rgsm\u00e5l kan du f\u00e5 besvaret p\u00e5 mange forskellige m\u00e5der l\u00f8rdag, n\u00e5r den \u00e5rlige f\u00e6llesdag for foreningerne p\u00e5 Mors igen igen finder sted. Det sker i Nyk\u00f8bings g\u00e5gade, hvor Foreningernes Dag samler en r\u00e6kke af foreningerne, der st\u00e5r klar til at fort\u00e6lle borgerne om deres tilbud. [&hellip;]","og_url":"https:\/\/kunmedierne.dk\/mors\/stor-interesse-for-at-vaere-med-i-foreningernes-dag\/","og_site_name":"Mors","article_published_time":"2025-08-08T19:07:30+00:00","article_modified_time":"2025-08-08T19:08:50+00:00","author":"David H\u00f8jmark","twitter_card":"summary_large_image","twitter_misc":{"Skrevet af":"David H\u00f8jmark","Estimeret l\u00e6setid":"1 minut"},"schema":{"@context":"https:\/\/schema.org","@graph":[{"@type":"Article","@id":"https:\/\/kunmedierne.dk\/mors\/stor-interesse-for-at-vaere-med-i-foreningernes-dag\/#article","isPartOf":{"@id":"https:\/\/kunmedierne.dk\/mors\/stor-interesse-for-at-vaere-med-i-foreningernes-dag\/"},"author":{"name":"David H\u00f8jmark","@id":"https:\/\/kunmedierne.dk\/mors\/#\/schema\/person\/5fe23251bf1d0abbcdc6f7896579d548"},"headline":"Stor interesse for at v\u00e6re med i Foreningernes dag","datePublished":"2025-08-08T19:07:30+00:00","dateModified":"2025-08-08T19:08:50+00:00","mainEntityOfPage":{"@id":"https:\/\/kunmedierne.dk\/mors\/stor-interesse-for-at-vaere-med-i-foreningernes-dag\/"},"wordCount":188,"publisher":{"@id":"https:\/\/kunmedierne.dk\/mors\/#organization"},"keywords":["Foreningsliv"],"articleSection":["Lokalt"],"inLanguage":"da-DK"},{"@type":"WebPage","@id":"https:\/\/kunmedierne.dk\/mors\/stor-interesse-for-at-vaere-med-i-foreningernes-dag\/","url":"https:\/\/kunmedierne.dk\/mors\/stor-interesse-for-at-vaere-med-i-foreningernes-dag\/","name":"Stor interesse for at v\u00e6re med i Foreningernes dag - Mors","isPartOf":{"@id":"https:\/\/kunmedierne.dk\/mors\/#website"},"datePublished":"2025-08-08T19:07:30+00:00","dateModified":"2025-08-08T19:08:50+00:00","breadcrumb":{"@id":"https:\/\/kunmedierne.dk\/mors\/stor-interesse-for-at-vaere-med-i-foreningernes-dag\/#breadcrumb"},"inLanguage":"da-DK","potentialAction":[{"@type":"ReadAction","target":["https:\/\/kunmedierne.dk\/mors\/stor-interesse-for-at-vaere-med-i-foreningernes-dag\/"]}]},{"@type":"BreadcrumbList","@id":"https:\/\/kunmedierne.dk\/mors\/stor-interesse-for-at-vaere-med-i-foreningernes-dag\/#breadcrumb","itemListElement":[{"@type":"ListItem","position":1,"name":"Hjem","item":"https:\/\/kunmedierne.dk\/mors\/"},{"@type":"ListItem","position":2,"name":"Stor interesse for at v\u00e6re med i Foreningernes dag"}]},{"@type":"WebSite","@id":"https:\/\/kunmedierne.dk\/mors\/#website","url":"https:\/\/kunmedierne.dk\/mors\/","name":"Mors","description":"et netmedie med journalistik om livet p\u00e5 Mors","publisher":{"@id":"https:\/\/kunmedierne.dk\/mors\/#organization"},"potentialAction":[{"@type":"SearchAction","target":{"@type":"EntryPoint","urlTemplate":"https:\/\/kunmedierne.dk\/mors\/?s={search_term_string}"},"query-input":{"@type":"PropertyValueSpecification","valueRequired":true,"valueName":"search_term_string"}}],"inLanguage":"da-DK"},{"@type":"Organization","@id":"https:\/\/kunmedierne.dk\/mors\/#organization","name":"Mors","url":"https:\/\/kunmedierne.dk\/mors\/","logo":{"@type":"ImageObject","inLanguage":"da-DK","@id":"https:\/\/kunmedierne.dk\/mors\/#\/schema\/logo\/image\/","url":"https:\/\/kunmedierne.dk\/mors\/wp-content\/uploads\/2024\/08\/kunmors-logo.svg","contentUrl":"https:\/\/kunmedierne.dk\/mors\/wp-content\/uploads\/2024\/08\/kunmors-logo.svg","caption":"Mors"},"image":{"@id":"https:\/\/kunmedierne.dk\/mors\/#\/schema\/logo\/image\/"}},{"@type":"Person","@id":"https:\/\/kunmedierne.dk\/mors\/#\/schema\/person\/5fe23251bf1d0abbcdc6f7896579d548","name":"David H\u00f8jmark","image":{"@type":"ImageObject","inLanguage":"da-DK","@id":"https:\/\/kunmedierne.dk\/mors\/#\/schema\/person\/image\/","url":"https:\/\/secure.gravatar.com\/avatar\/4315d6fb9ef244d729989f5f90268eb08d5bf8a3d84402f595fa194bb35784fd?s=96&d=mm&r=g","contentUrl":"https:\/\/secure.gravatar.com\/avatar\/4315d6fb9ef244d729989f5f90268eb08d5bf8a3d84402f595fa194bb35784fd?s=96&d=mm&r=g","caption":"David H\u00f8jmark"},"sameAs":["https:\/\/www.kunmedierne.dk"],"url":"https:\/\/kunmedierne.dk\/mors\/author\/david\/"}]}},"_links":{"self":[{"href":"https:\/\/kunmedierne.dk\/mors\/wp-json\/wp\/v2\/posts\/152470","targetHints":{"allow":["GET"]}}],"collection":[{"href":"https:\/\/kunmedierne.dk\/mors\/wp-json\/wp\/v2\/posts"}],"about":[{"href":"https:\/\/kunmedierne.dk\/mors\/wp-json\/wp\/v2\/types\/post"}],"author":[{"embeddable":true,"href":"https:\/\/kunmedierne.dk\/mors\/wp-json\/wp\/v2\/users\/8"}],"replies":[{"embeddable":true,"href":"https:\/\/kunmedierne.dk\/mors\/wp-json\/wp\/v2\/comments?post=152470"}],"version-history":[{"count":3,"href":"https:\/\/kunmedierne.dk\/mors\/wp-json\/wp\/v2\/posts\/152470\/revisions"}],"predecessor-version":[{"id":152475,"href":"https:\/\/kunmedierne.dk\/mors\/wp-json\/wp\/v2\/posts\/152470\/revisions\/152475"}],"wp:attachment":[{"href":"https:\/\/kunmedierne.dk\/mors\/wp-json\/wp\/v2\/media?parent=152470"}],"wp:term":[{"taxonomy":"category","embeddable":true,"href":"https:\/\/kunmedierne.dk\/mors\/wp-json\/wp\/v2\/categories?post=152470"},{"taxonomy":"post_tag","embeddable":true,"href":"https:\/\/kunmedierne.dk\/mors\/wp-json\/wp\/v2\/tags?post=152470"}],"curies":[{"name":"wp","href":"https:\/\/api.w.org\/{rel}","templated":true}]}}