{"id":152441,"date":"2025-08-08T14:17:00","date_gmt":"2025-08-08T12:17:00","guid":{"rendered":"https:\/\/kunmedierne.dk\/mors\/?p=152441"},"modified":"2025-08-08T14:17:00","modified_gmt":"2025-08-08T12:17:00","slug":"morsoe-kommune-reagerer-paa-benny-nielsens-udsagn-om-en-mulig-flytning-til-skive","status":"publish","type":"post","link":"https:\/\/kunmedierne.dk\/mors\/morsoe-kommune-reagerer-paa-benny-nielsens-udsagn-om-en-mulig-flytning-til-skive\/","title":{"rendered":"Mors\u00f8 Kommune reagerer p\u00e5 Benny Nielsens udsagn om en mulig flytning til Skive"},"content":{"rendered":"<p><strong>MORS<\/strong>: Det passer ikke, at Mors\u00f8 Kommune ikke er en erhvervsvenlig kommune.<\/p>\n<p>Det er et af budskaberne fra Mors\u00f8 Kommune, der fredag har formuleret en offentlig udmelding p\u00e5 baggrund af en sag med stigende medieomtale.<\/p>\n<a class=\"dvrt-link\" onClick=\"cdmtrack_click(104780,jQuery(this));return false\" href=\"https:\/\/www.spard.dk\/\"><img decoding=\"async\" style=\"width:100%;\" src=\"https:\/\/kunmedierne.dk\/mors\/wp-content\/uploads\/2023\/12\/sparekassen-dk-maj25.gif\"><\/a><script>cdmtrack_view(104780);<\/script>\n<p>Torsdag fortalte KunMors, at Benny Nielsen, indehaver af NVS\/Freds\u00f8 Vognmandsforretning, <a href=\"https:\/\/kunmedierne.dk\/mors\/benny-nielsen-overvejer-at-flytte-fredsoe-vognmandsforretning-til-skive\/\" target=\"_blank\" rel=\"noopener\">overvejer en flytning<\/a> til Skive Kommune, da han ikke kan f\u00e5 sit \u00f8nske om mere plads opfyldt i Mors\u00f8 Kommune.<\/p>\n<p>&#8211; Jeg har spurgt efter bare at f\u00e5 fire hektar, det vil v\u00e6re fint til at starte p\u00e5. Det er det, jeg har spurgt efter siden maj 2019, sagde Benny Nielsen blandt andet i en artikel, der blev fulgt op af Skive Folkeblad.<\/p>\n<a class=\"dvrt-link\" onClick=\"cdmtrack_click(147315,jQuery(this));return false\" href=\"https:\/\/sdrhaa.dk\/\"><img decoding=\"async\" style=\"width:100%;\" src=\"https:\/\/kunmedierne.dk\/mors\/wp-content\/uploads\/2025\/05\/260302Sdr-HaaDin-gebyrvenlige-sparekasse_mors-002.gif\"><\/a><script>cdmtrack_view(147315);<\/script>\n<p>Avisen tog kontakt til Benny Nielsen og, <a href=\"https:\/\/www.skivefolkeblad.dk\/artikel\/e9beb02c-0de3-4643-a2b9-1ff9cc34fbaa\/\" target=\"_blank\" rel=\"noopener\">der bekr\u00e6ftede<\/a>, at han er t\u00e6t p\u00e5 en aftale om en grund ved K\u00e5strup.<\/p>\n<p>&#8211; Jeg er n\u00f8dt til at t\u00e6nke p\u00e5 virksomheden. Jeg har to drenge med i Freds\u00f8, og vi skal t\u00e6nke p\u00e5 dem og udvikle firmaet. Vi skal ikke st\u00e5 stille, l\u00f8d det.<\/p>\n<p>&nbsp;<\/p>\n<p><strong>I dialog med begge parter<\/strong><\/p>\n<p>Men virksomheden beh\u00f8ver ikke st\u00e5 stille p\u00e5 Mors, lyder det nu fra Mors\u00f8 Kommune. Udtalelsen er uden anden afsender end kommunen selv, men fort\u00e6ller om b\u00e5de jordstykket, Benny Nielsen er interesseret i, og om erhvervsvenlighed i det hele taget &#8211; m\u00e5ske ogs\u00e5 under indtryk af skriver p\u00e5 sociale medier om det sidste.<b><\/b><\/p>\n<a class=\"dvrt-link\" onClick=\"cdmtrack_click(104781,jQuery(this));return false\" href=\"https:\/\/www.fmspks.dk\/\"><img decoding=\"async\" style=\"width:100%;\" src=\"https:\/\/kunmedierne.dk\/mors\/wp-content\/uploads\/2022\/02\/vip-froeslev-mollerup-sparekasse.jpg\"><\/a><script>cdmtrack_view(104781);<\/script>\n<p class=\"v1MsoNormal\">&#8220;I den forbindelse \u00f8nsker vi at korrigere fremstillingen, da Mors\u00f8 Kommune flere steder er blevet beskyldt for ikke at v\u00e6re erhvervsvenlig eller for ikke at ville bevare arbejdspladser p\u00e5 Mors,&#8221; lyder det med forts\u00e6ttelsen:<\/p>\n<p class=\"v1MsoNormal\">&#8220;Sagens kerne er, at virksomheden NVS \u00f8nsker at udvide p\u00e5 et areal, som ejes af en anden virksomhed. Ejeren \u00f8nsker ikke at komme af med jorden.<\/p>\n<p class=\"v1MsoNormal\">Mors\u00f8 Kommune har v\u00e6ret i dialog med begge parter flere gange og har forst\u00e5else for, at de hver is\u00e6r har saglige grunde til deres standpunkter. Som kommune \u00f8nsker vi at v\u00e6re erhvervsvenlige og behandle alle virksomheder lige.&#8221;<\/p>\n<a class=\"dvrt-link\" onClick=\"cdmtrack_click(147315,jQuery(this));return false\" href=\"https:\/\/sdrhaa.dk\/\"><img decoding=\"async\" style=\"width:100%;\" src=\"https:\/\/kunmedierne.dk\/mors\/wp-content\/uploads\/2025\/05\/260302Sdr-HaaDin-gebyrvenlige-sparekasse_mors-002.gif\"><\/a><script>cdmtrack_view(147315);<\/script>\n<p>Mors\u00f8 Kommune fort\u00e6ller videre, at den i l\u00e6ngere tid har v\u00e6ret klar til at udarbejde en lokalplan, der kan muligg\u00f8re Benny Nielsens \u00f8nske om en udvidelse.<\/p>\n<p>&#8220;Men det foruds\u00e6tter, at ejerskabet til arealet \u00e6ndres. Administrativt kan vi ikke anbefale kommunalbestyrelsen at indlede en ekspropriation af landbrugsjord i drift, s\u00e5 l\u00e6nge der fortsat er ledig erhvervsjord til salg i allerede lokalplanlagte omr\u00e5der,&#8221; skriver kommunen.<\/p>\n<a class=\"dvrt-link\" onClick=\"cdmtrack_click(104787,jQuery(this));return false\" href=\"https:\/\/www.jyskebank.dk\/kontakt\/afdelingsinfo?departmentid=11890\"><img decoding=\"async\" style=\"width:100%;\" src=\"https:\/\/kunmedierne.dk\/mors\/wp-content\/uploads\/2023\/10\/260325JyskeBankMorsNy-1.jpg\"><\/a><script>cdmtrack_view(104787);<\/script>\n<p>Den slutter sin udtalelse med:<\/p>\n<p class=\"v1MsoNormal\">&#8220;Derudover er der s\u00e6rlige milj\u00f8hensyn, som skal h\u00e5ndteres ved en eventuel \u00e6ndret anvendelse af arealet. Konkret vil en udvidelse kr\u00e6ve en plan fra NVS for, hvordan store vandafledningsudfordringer kan l\u00f8ses i forbindelse med en eventuel terr\u00e6nopbygning med slagger \u2013 under hensyntagen til b\u00e5de h\u00f8jt grundvand og Hyldig \u00c5.&#8221;<\/p>\n<p>KunMors f\u00f8lger sagen.<\/p>\n<blockquote>\n<h4>L\u00c6S OGS\u00c5:<\/h4>\n<h5><a href=\"https:\/\/kunmedierne.dk\/mors\/benny-nielsen-overvejer-at-flytte-fredsoe-vognmandsforretning-til-skive\/\" target=\"_blank\" rel=\"noopener\">Benny Nielsen overvejer at flytte Freds\u00f8 Vognmandsforretning til Skive<\/a><\/h5>\n<\/blockquote>\n<p>&nbsp;<\/p>\n","protected":false},"excerpt":{"rendered":"<p>MORS: Det passer ikke, at Mors\u00f8 Kommune ikke er en erhvervsvenlig kommune. Det er et af budskaberne fra Mors\u00f8 Kommune, der fredag har formuleret en offentlig udmelding p\u00e5 baggrund af en sag med stigende medieomtale. Torsdag fortalte KunMors, at Benny Nielsen, indehaver af NVS\/Freds\u00f8 Vognmandsforretning, overvejer en flytning til Skive Kommune, da han ikke kan [&hellip;]<\/p>\n","protected":false},"author":8,"featured_media":0,"comment_status":"closed","ping_status":"closed","sticky":false,"template":"","format":"standard","meta":{"_acf_changed":false,"footnotes":""},"categories":[51],"tags":[159],"class_list":["post-152441","post","type-post","status-publish","format-standard","hentry","category-lokalt","tag-erhverv"],"acf":[],"yoast_head":"<!-- This site is optimized with the Yoast SEO plugin v26.8 - https:\/\/yoast.com\/product\/yoast-seo-wordpress\/ -->\n<title>Mors\u00f8 Kommune reagerer p\u00e5 Benny Nielsens udsagn om en mulig flytning til Skive - Mors<\/title>\n<meta name=\"robots\" content=\"index, follow, max-snippet:-1, max-image-preview:large, max-video-preview:-1\" \/>\n<link rel=\"canonical\" href=\"https:\/\/kunmedierne.dk\/mors\/morsoe-kommune-reagerer-paa-benny-nielsens-udsagn-om-en-mulig-flytning-til-skive\/\" \/>\n<meta property=\"og:locale\" content=\"da_DK\" \/>\n<meta property=\"og:type\" content=\"article\" \/>\n<meta property=\"og:title\" content=\"Mors\u00f8 Kommune reagerer p\u00e5 Benny Nielsens udsagn om en mulig flytning til Skive - Mors\" \/>\n<meta property=\"og:description\" content=\"MORS: Det passer ikke, at Mors\u00f8 Kommune ikke er en erhvervsvenlig kommune. Det er et af budskaberne fra Mors\u00f8 Kommune, der fredag har formuleret en offentlig udmelding p\u00e5 baggrund af en sag med stigende medieomtale. Torsdag fortalte KunMors, at Benny Nielsen, indehaver af NVS\/Freds\u00f8 Vognmandsforretning, overvejer en flytning til Skive Kommune, da han ikke kan [&hellip;]\" \/>\n<meta property=\"og:url\" content=\"https:\/\/kunmedierne.dk\/mors\/morsoe-kommune-reagerer-paa-benny-nielsens-udsagn-om-en-mulig-flytning-til-skive\/\" \/>\n<meta property=\"og:site_name\" content=\"Mors\" \/>\n<meta property=\"article:published_time\" content=\"2025-08-08T12:17:00+00:00\" \/>\n<meta name=\"author\" content=\"David H\u00f8jmark\" \/>\n<meta name=\"twitter:card\" content=\"summary_large_image\" \/>\n<meta name=\"twitter:label1\" content=\"Skrevet af\" \/>\n\t<meta name=\"twitter:data1\" content=\"David H\u00f8jmark\" \/>\n\t<meta name=\"twitter:label2\" content=\"Estimeret l\u00e6setid\" \/>\n\t<meta name=\"twitter:data2\" content=\"3 minutter\" \/>\n<script type=\"application\/ld+json\" class=\"yoast-schema-graph\">{\"@context\":\"https:\/\/schema.org\",\"@graph\":[{\"@type\":\"Article\",\"@id\":\"https:\/\/kunmedierne.dk\/mors\/morsoe-kommune-reagerer-paa-benny-nielsens-udsagn-om-en-mulig-flytning-til-skive\/#article\",\"isPartOf\":{\"@id\":\"https:\/\/kunmedierne.dk\/mors\/morsoe-kommune-reagerer-paa-benny-nielsens-udsagn-om-en-mulig-flytning-til-skive\/\"},\"author\":{\"name\":\"David H\u00f8jmark\",\"@id\":\"https:\/\/kunmedierne.dk\/mors\/#\/schema\/person\/5fe23251bf1d0abbcdc6f7896579d548\"},\"headline\":\"Mors\u00f8 Kommune reagerer p\u00e5 Benny Nielsens udsagn om en mulig flytning til Skive\",\"datePublished\":\"2025-08-08T12:17:00+00:00\",\"mainEntityOfPage\":{\"@id\":\"https:\/\/kunmedierne.dk\/mors\/morsoe-kommune-reagerer-paa-benny-nielsens-udsagn-om-en-mulig-flytning-til-skive\/\"},\"wordCount\":503,\"publisher\":{\"@id\":\"https:\/\/kunmedierne.dk\/mors\/#organization\"},\"keywords\":[\"Erhverv\"],\"articleSection\":[\"Lokalt\"],\"inLanguage\":\"da-DK\"},{\"@type\":\"WebPage\",\"@id\":\"https:\/\/kunmedierne.dk\/mors\/morsoe-kommune-reagerer-paa-benny-nielsens-udsagn-om-en-mulig-flytning-til-skive\/\",\"url\":\"https:\/\/kunmedierne.dk\/mors\/morsoe-kommune-reagerer-paa-benny-nielsens-udsagn-om-en-mulig-flytning-til-skive\/\",\"name\":\"Mors\u00f8 Kommune reagerer p\u00e5 Benny Nielsens udsagn om en mulig flytning til Skive - Mors\",\"isPartOf\":{\"@id\":\"https:\/\/kunmedierne.dk\/mors\/#website\"},\"datePublished\":\"2025-08-08T12:17:00+00:00\",\"breadcrumb\":{\"@id\":\"https:\/\/kunmedierne.dk\/mors\/morsoe-kommune-reagerer-paa-benny-nielsens-udsagn-om-en-mulig-flytning-til-skive\/#breadcrumb\"},\"inLanguage\":\"da-DK\",\"potentialAction\":[{\"@type\":\"ReadAction\",\"target\":[\"https:\/\/kunmedierne.dk\/mors\/morsoe-kommune-reagerer-paa-benny-nielsens-udsagn-om-en-mulig-flytning-til-skive\/\"]}]},{\"@type\":\"BreadcrumbList\",\"@id\":\"https:\/\/kunmedierne.dk\/mors\/morsoe-kommune-reagerer-paa-benny-nielsens-udsagn-om-en-mulig-flytning-til-skive\/#breadcrumb\",\"itemListElement\":[{\"@type\":\"ListItem\",\"position\":1,\"name\":\"Hjem\",\"item\":\"https:\/\/kunmedierne.dk\/mors\/\"},{\"@type\":\"ListItem\",\"position\":2,\"name\":\"Mors\u00f8 Kommune reagerer p\u00e5 Benny Nielsens udsagn om en mulig flytning til Skive\"}]},{\"@type\":\"WebSite\",\"@id\":\"https:\/\/kunmedierne.dk\/mors\/#website\",\"url\":\"https:\/\/kunmedierne.dk\/mors\/\",\"name\":\"Mors\",\"description\":\"et netmedie med journalistik om livet p\u00e5 Mors\",\"publisher\":{\"@id\":\"https:\/\/kunmedierne.dk\/mors\/#organization\"},\"potentialAction\":[{\"@type\":\"SearchAction\",\"target\":{\"@type\":\"EntryPoint\",\"urlTemplate\":\"https:\/\/kunmedierne.dk\/mors\/?s={search_term_string}\"},\"query-input\":{\"@type\":\"PropertyValueSpecification\",\"valueRequired\":true,\"valueName\":\"search_term_string\"}}],\"inLanguage\":\"da-DK\"},{\"@type\":\"Organization\",\"@id\":\"https:\/\/kunmedierne.dk\/mors\/#organization\",\"name\":\"Mors\",\"url\":\"https:\/\/kunmedierne.dk\/mors\/\",\"logo\":{\"@type\":\"ImageObject\",\"inLanguage\":\"da-DK\",\"@id\":\"https:\/\/kunmedierne.dk\/mors\/#\/schema\/logo\/image\/\",\"url\":\"https:\/\/kunmedierne.dk\/mors\/wp-content\/uploads\/2024\/08\/kunmors-logo.svg\",\"contentUrl\":\"https:\/\/kunmedierne.dk\/mors\/wp-content\/uploads\/2024\/08\/kunmors-logo.svg\",\"caption\":\"Mors\"},\"image\":{\"@id\":\"https:\/\/kunmedierne.dk\/mors\/#\/schema\/logo\/image\/\"}},{\"@type\":\"Person\",\"@id\":\"https:\/\/kunmedierne.dk\/mors\/#\/schema\/person\/5fe23251bf1d0abbcdc6f7896579d548\",\"name\":\"David H\u00f8jmark\",\"image\":{\"@type\":\"ImageObject\",\"inLanguage\":\"da-DK\",\"@id\":\"https:\/\/kunmedierne.dk\/mors\/#\/schema\/person\/image\/\",\"url\":\"https:\/\/secure.gravatar.com\/avatar\/4315d6fb9ef244d729989f5f90268eb08d5bf8a3d84402f595fa194bb35784fd?s=96&d=mm&r=g\",\"contentUrl\":\"https:\/\/secure.gravatar.com\/avatar\/4315d6fb9ef244d729989f5f90268eb08d5bf8a3d84402f595fa194bb35784fd?s=96&d=mm&r=g\",\"caption\":\"David H\u00f8jmark\"},\"sameAs\":[\"https:\/\/www.kunmedierne.dk\"],\"url\":\"https:\/\/kunmedierne.dk\/mors\/author\/david\/\"}]}<\/script>\n<!-- \/ Yoast SEO plugin. -->","yoast_head_json":{"title":"Mors\u00f8 Kommune reagerer p\u00e5 Benny Nielsens udsagn om en mulig flytning til Skive - Mors","robots":{"index":"index","follow":"follow","max-snippet":"max-snippet:-1","max-image-preview":"max-image-preview:large","max-video-preview":"max-video-preview:-1"},"canonical":"https:\/\/kunmedierne.dk\/mors\/morsoe-kommune-reagerer-paa-benny-nielsens-udsagn-om-en-mulig-flytning-til-skive\/","og_locale":"da_DK","og_type":"article","og_title":"Mors\u00f8 Kommune reagerer p\u00e5 Benny Nielsens udsagn om en mulig flytning til Skive - Mors","og_description":"MORS: Det passer ikke, at Mors\u00f8 Kommune ikke er en erhvervsvenlig kommune. Det er et af budskaberne fra Mors\u00f8 Kommune, der fredag har formuleret en offentlig udmelding p\u00e5 baggrund af en sag med stigende medieomtale. Torsdag fortalte KunMors, at Benny Nielsen, indehaver af NVS\/Freds\u00f8 Vognmandsforretning, overvejer en flytning til Skive Kommune, da han ikke kan [&hellip;]","og_url":"https:\/\/kunmedierne.dk\/mors\/morsoe-kommune-reagerer-paa-benny-nielsens-udsagn-om-en-mulig-flytning-til-skive\/","og_site_name":"Mors","article_published_time":"2025-08-08T12:17:00+00:00","author":"David H\u00f8jmark","twitter_card":"summary_large_image","twitter_misc":{"Skrevet af":"David H\u00f8jmark","Estimeret l\u00e6setid":"3 minutter"},"schema":{"@context":"https:\/\/schema.org","@graph":[{"@type":"Article","@id":"https:\/\/kunmedierne.dk\/mors\/morsoe-kommune-reagerer-paa-benny-nielsens-udsagn-om-en-mulig-flytning-til-skive\/#article","isPartOf":{"@id":"https:\/\/kunmedierne.dk\/mors\/morsoe-kommune-reagerer-paa-benny-nielsens-udsagn-om-en-mulig-flytning-til-skive\/"},"author":{"name":"David H\u00f8jmark","@id":"https:\/\/kunmedierne.dk\/mors\/#\/schema\/person\/5fe23251bf1d0abbcdc6f7896579d548"},"headline":"Mors\u00f8 Kommune reagerer p\u00e5 Benny Nielsens udsagn om en mulig flytning til Skive","datePublished":"2025-08-08T12:17:00+00:00","mainEntityOfPage":{"@id":"https:\/\/kunmedierne.dk\/mors\/morsoe-kommune-reagerer-paa-benny-nielsens-udsagn-om-en-mulig-flytning-til-skive\/"},"wordCount":503,"publisher":{"@id":"https:\/\/kunmedierne.dk\/mors\/#organization"},"keywords":["Erhverv"],"articleSection":["Lokalt"],"inLanguage":"da-DK"},{"@type":"WebPage","@id":"https:\/\/kunmedierne.dk\/mors\/morsoe-kommune-reagerer-paa-benny-nielsens-udsagn-om-en-mulig-flytning-til-skive\/","url":"https:\/\/kunmedierne.dk\/mors\/morsoe-kommune-reagerer-paa-benny-nielsens-udsagn-om-en-mulig-flytning-til-skive\/","name":"Mors\u00f8 Kommune reagerer p\u00e5 Benny Nielsens udsagn om en mulig flytning til Skive - Mors","isPartOf":{"@id":"https:\/\/kunmedierne.dk\/mors\/#website"},"datePublished":"2025-08-08T12:17:00+00:00","breadcrumb":{"@id":"https:\/\/kunmedierne.dk\/mors\/morsoe-kommune-reagerer-paa-benny-nielsens-udsagn-om-en-mulig-flytning-til-skive\/#breadcrumb"},"inLanguage":"da-DK","potentialAction":[{"@type":"ReadAction","target":["https:\/\/kunmedierne.dk\/mors\/morsoe-kommune-reagerer-paa-benny-nielsens-udsagn-om-en-mulig-flytning-til-skive\/"]}]},{"@type":"BreadcrumbList","@id":"https:\/\/kunmedierne.dk\/mors\/morsoe-kommune-reagerer-paa-benny-nielsens-udsagn-om-en-mulig-flytning-til-skive\/#breadcrumb","itemListElement":[{"@type":"ListItem","position":1,"name":"Hjem","item":"https:\/\/kunmedierne.dk\/mors\/"},{"@type":"ListItem","position":2,"name":"Mors\u00f8 Kommune reagerer p\u00e5 Benny Nielsens udsagn om en mulig flytning til Skive"}]},{"@type":"WebSite","@id":"https:\/\/kunmedierne.dk\/mors\/#website","url":"https:\/\/kunmedierne.dk\/mors\/","name":"Mors","description":"et netmedie med journalistik om livet p\u00e5 Mors","publisher":{"@id":"https:\/\/kunmedierne.dk\/mors\/#organization"},"potentialAction":[{"@type":"SearchAction","target":{"@type":"EntryPoint","urlTemplate":"https:\/\/kunmedierne.dk\/mors\/?s={search_term_string}"},"query-input":{"@type":"PropertyValueSpecification","valueRequired":true,"valueName":"search_term_string"}}],"inLanguage":"da-DK"},{"@type":"Organization","@id":"https:\/\/kunmedierne.dk\/mors\/#organization","name":"Mors","url":"https:\/\/kunmedierne.dk\/mors\/","logo":{"@type":"ImageObject","inLanguage":"da-DK","@id":"https:\/\/kunmedierne.dk\/mors\/#\/schema\/logo\/image\/","url":"https:\/\/kunmedierne.dk\/mors\/wp-content\/uploads\/2024\/08\/kunmors-logo.svg","contentUrl":"https:\/\/kunmedierne.dk\/mors\/wp-content\/uploads\/2024\/08\/kunmors-logo.svg","caption":"Mors"},"image":{"@id":"https:\/\/kunmedierne.dk\/mors\/#\/schema\/logo\/image\/"}},{"@type":"Person","@id":"https:\/\/kunmedierne.dk\/mors\/#\/schema\/person\/5fe23251bf1d0abbcdc6f7896579d548","name":"David H\u00f8jmark","image":{"@type":"ImageObject","inLanguage":"da-DK","@id":"https:\/\/kunmedierne.dk\/mors\/#\/schema\/person\/image\/","url":"https:\/\/secure.gravatar.com\/avatar\/4315d6fb9ef244d729989f5f90268eb08d5bf8a3d84402f595fa194bb35784fd?s=96&d=mm&r=g","contentUrl":"https:\/\/secure.gravatar.com\/avatar\/4315d6fb9ef244d729989f5f90268eb08d5bf8a3d84402f595fa194bb35784fd?s=96&d=mm&r=g","caption":"David H\u00f8jmark"},"sameAs":["https:\/\/www.kunmedierne.dk"],"url":"https:\/\/kunmedierne.dk\/mors\/author\/david\/"}]}},"_links":{"self":[{"href":"https:\/\/kunmedierne.dk\/mors\/wp-json\/wp\/v2\/posts\/152441","targetHints":{"allow":["GET"]}}],"collection":[{"href":"https:\/\/kunmedierne.dk\/mors\/wp-json\/wp\/v2\/posts"}],"about":[{"href":"https:\/\/kunmedierne.dk\/mors\/wp-json\/wp\/v2\/types\/post"}],"author":[{"embeddable":true,"href":"https:\/\/kunmedierne.dk\/mors\/wp-json\/wp\/v2\/users\/8"}],"replies":[{"embeddable":true,"href":"https:\/\/kunmedierne.dk\/mors\/wp-json\/wp\/v2\/comments?post=152441"}],"version-history":[{"count":1,"href":"https:\/\/kunmedierne.dk\/mors\/wp-json\/wp\/v2\/posts\/152441\/revisions"}],"predecessor-version":[{"id":152443,"href":"https:\/\/kunmedierne.dk\/mors\/wp-json\/wp\/v2\/posts\/152441\/revisions\/152443"}],"wp:attachment":[{"href":"https:\/\/kunmedierne.dk\/mors\/wp-json\/wp\/v2\/media?parent=152441"}],"wp:term":[{"taxonomy":"category","embeddable":true,"href":"https:\/\/kunmedierne.dk\/mors\/wp-json\/wp\/v2\/categories?post=152441"},{"taxonomy":"post_tag","embeddable":true,"href":"https:\/\/kunmedierne.dk\/mors\/wp-json\/wp\/v2\/tags?post=152441"}],"curies":[{"name":"wp","href":"https:\/\/api.w.org\/{rel}","templated":true}]}}