{"id":15220,"date":"2020-03-30T10:09:02","date_gmt":"2020-03-30T08:09:02","guid":{"rendered":"https:\/\/kunmedierne.dk\/mors\/?p=15220"},"modified":"2024-08-12T14:06:17","modified_gmt":"2024-08-12T12:06:17","slug":"trods-coronakrisen-he-va-faerdiggoer-fabriksudvidelse","status":"publish","type":"post","link":"https:\/\/kunmedierne.dk\/mors\/trods-coronakrisen-he-va-faerdiggoer-fabriksudvidelse\/","title":{"rendered":"Trods coronakrisen: He-Va f\u00e6rdigg\u00f8r fabriksudvidelse"},"content":{"rendered":"<p><strong>\u00d8RDING<\/strong>: Trods udbredelsen af coronavirus er det lykkes maskinproducenten He-Va at holde tidsplanen p\u00e5 en fabriksudvidelse, der skal huse et nyt, topmoderne maleanl\u00e6g. Byggeriet i \u00d8rding blev skudt i gang i sommeren 2019 og har fulgt tidsplanen, s\u00e5 det nye maleanl\u00e6g kan tages planm\u00e6ssigt i brug fra 1. maj 2020.<\/p>\n<p>&#8220;Efter coronaudbruddet har vi som bygherre f\u00f8lt et ekstra stort ansvar i forhold til en forsvarlig opf\u00f8relse af byggeriet. Dette indeb\u00e6rer flere forholdsregler for h\u00e5ndv\u00e6rkerne p\u00e5 pladsen, herunder krav om god afstand og forbud mod forsamling af st\u00f8rre grupper mennesker p\u00e5 \u00e9t sted, men ogs\u00e5 en tydelighed fra vores side om at bruge sund fornuft under arbejdet,\u201d siger administrerende direkt\u00f8r Villy Christiansen.<\/p>\n<p>He-Va har samtidig bedt h\u00e5ndv\u00e6rkere om ikke at bruge fabrikkens toilet- og badfaciliteter samt henvist h\u00e5ndv\u00e6rkerne til deres egne biler i frokostpausen, der f\u00f8r virusudbruddet blev afholdt i kantinen hos maskinproducenten.<\/p>\n<p>&nbsp;<\/p>\n<p><strong>M<\/strong><b>aleanl\u00e6g m\u00f8der stigende eftersp\u00f8rgsel<\/b><\/p>\n<p>Det nye byggeri omfatter 1800 kvadratmeter fabrikshal, hvor der i skrivende stund indrettes et topmoderne 2-komponentmaleanl\u00e6g. Et tilsvarende anl\u00e6g bruges allerede p\u00e5 fabrikken i Nyk\u00f8bing, og endnu et anl\u00e6g vil fremover forbedre flere aspekter af He-Vas produktion.<\/p>\n<p><b><\/b><\/p>\n<p>&#8220;Det nye maleanl\u00e6g giver bedre finish p\u00e5 vores maskiner til fordel for vores kunder, og samtidig giver det os et moderne, driftssikkert setup som kapacitetsm\u00e6ssigt er fremtidssikret i forhold til den fortsat stigende eftersp\u00f8rgsel, vi oplever,\u201d siger teknisk direkt\u00f8r Heine Christiansen.<\/p>\n<p>Anl\u00e6gget giver &#8211; foruden \u00f8get kvalitet og kapacitet &#8211; ogs\u00e5 et bedre arbejdsmilj\u00f8 for industrilakererne, der skal arbejde med systemet.<\/p>\n<p>&nbsp;<\/p>\n<p><strong>&#8220;V<\/strong><b>i m\u00e5 ikke g\u00e5 i st\u00e5\u2019<\/b><\/p>\n<p>Forventet opstart af det nye maleanl\u00e6g i maj falder godt sammen med s\u00e6sonen i landbruget.<\/p>\n<p>&#8220;Vi er efter alt at d\u00f8mme over den v\u00e6rste travlhed fra for\u00e5rss\u00e6sonen til maj, s\u00e5 vi kan f\u00e5 k\u00f8rt anl\u00e6gget godt i stilling inden travlhed i forbindelse med levering til efter\u00e5rss\u00e6sonen melder sig igen til sommer,\u201d siger Heine Christiansen og afslutter:<\/p>\n<p>&#8220;Det er vigtigt for os, at vi i videst muligt omfang forts\u00e6tter med vores produktion og byggeplaner, da konsekvenserne af at g\u00e5 i st\u00e5 ogs\u00e5 kan blive store. Samtidig er vi glade, fordi det er lykkes at fastholde fremgang p\u00e5 byggeriet og fastholdelsen af danske arbejdspladser trods us\u00e6dvanlige tider.\u201d<\/p>\n<p>He-Vas investering i byggeri og maleanl\u00e6g l\u00f8ber op i cirka 27 millioner kroner.<\/p>\n","protected":false},"excerpt":{"rendered":"<p>\u00d8RDING: Trods udbredelsen af coronavirus er det lykkes maskinproducenten He-Va at holde tidsplanen p\u00e5 en fabriksudvidelse, der skal huse et nyt, topmoderne maleanl\u00e6g. Byggeriet i \u00d8rding blev skudt i gang i sommeren 2019 og har fulgt tidsplanen, s\u00e5 det nye maleanl\u00e6g kan tages planm\u00e6ssigt i brug fra 1. maj 2020. &#8220;Efter coronaudbruddet har vi som [&hellip;]<\/p>\n","protected":false},"author":8,"featured_media":9235,"comment_status":"open","ping_status":"open","sticky":false,"template":"","format":"standard","meta":{"_acf_changed":false,"footnotes":""},"categories":[51],"tags":[159],"class_list":["post-15220","post","type-post","status-publish","format-standard","has-post-thumbnail","hentry","category-lokalt","tag-erhverv"],"acf":[],"yoast_head":"<!-- This site is optimized with the Yoast SEO plugin v26.8 - https:\/\/yoast.com\/product\/yoast-seo-wordpress\/ -->\n<title>Trods coronakrisen: He-Va f\u00e6rdigg\u00f8r fabriksudvidelse - Mors<\/title>\n<meta name=\"robots\" content=\"index, follow, max-snippet:-1, max-image-preview:large, max-video-preview:-1\" \/>\n<link rel=\"canonical\" href=\"https:\/\/kunmedierne.dk\/mors\/trods-coronakrisen-he-va-faerdiggoer-fabriksudvidelse\/\" \/>\n<meta property=\"og:locale\" content=\"da_DK\" \/>\n<meta property=\"og:type\" content=\"article\" \/>\n<meta property=\"og:title\" content=\"Trods coronakrisen: He-Va f\u00e6rdigg\u00f8r fabriksudvidelse - Mors\" \/>\n<meta property=\"og:description\" content=\"\u00d8RDING: Trods udbredelsen af coronavirus er det lykkes maskinproducenten He-Va at holde tidsplanen p\u00e5 en fabriksudvidelse, der skal huse et nyt, topmoderne maleanl\u00e6g. Byggeriet i \u00d8rding blev skudt i gang i sommeren 2019 og har fulgt tidsplanen, s\u00e5 det nye maleanl\u00e6g kan tages planm\u00e6ssigt i brug fra 1. maj 2020. &#8220;Efter coronaudbruddet har vi som [&hellip;]\" \/>\n<meta property=\"og:url\" content=\"https:\/\/kunmedierne.dk\/mors\/trods-coronakrisen-he-va-faerdiggoer-fabriksudvidelse\/\" \/>\n<meta property=\"og:site_name\" content=\"Mors\" \/>\n<meta property=\"article:published_time\" content=\"2020-03-30T08:09:02+00:00\" \/>\n<meta property=\"article:modified_time\" content=\"2024-08-12T12:06:17+00:00\" \/>\n<meta property=\"og:image\" content=\"https:\/\/kunmedierne.dk\/mors\/wp-content\/uploads\/2020\/02\/200219-heva3.jpg\" \/>\n\t<meta property=\"og:image:width\" content=\"770\" \/>\n\t<meta property=\"og:image:height\" content=\"513\" \/>\n\t<meta property=\"og:image:type\" content=\"image\/jpeg\" \/>\n<meta name=\"author\" content=\"David H\u00f8jmark\" \/>\n<meta name=\"twitter:card\" content=\"summary_large_image\" \/>\n<meta name=\"twitter:label1\" content=\"Skrevet af\" \/>\n\t<meta name=\"twitter:data1\" content=\"David H\u00f8jmark\" \/>\n\t<meta name=\"twitter:label2\" content=\"Estimeret l\u00e6setid\" \/>\n\t<meta name=\"twitter:data2\" content=\"2 minutter\" \/>\n<script type=\"application\/ld+json\" class=\"yoast-schema-graph\">{\"@context\":\"https:\/\/schema.org\",\"@graph\":[{\"@type\":\"Article\",\"@id\":\"https:\/\/kunmedierne.dk\/mors\/trods-coronakrisen-he-va-faerdiggoer-fabriksudvidelse\/#article\",\"isPartOf\":{\"@id\":\"https:\/\/kunmedierne.dk\/mors\/trods-coronakrisen-he-va-faerdiggoer-fabriksudvidelse\/\"},\"author\":{\"name\":\"David H\u00f8jmark\",\"@id\":\"https:\/\/kunmedierne.dk\/mors\/#\/schema\/person\/5fe23251bf1d0abbcdc6f7896579d548\"},\"headline\":\"Trods coronakrisen: He-Va f\u00e6rdigg\u00f8r fabriksudvidelse\",\"datePublished\":\"2020-03-30T08:09:02+00:00\",\"dateModified\":\"2024-08-12T12:06:17+00:00\",\"mainEntityOfPage\":{\"@id\":\"https:\/\/kunmedierne.dk\/mors\/trods-coronakrisen-he-va-faerdiggoer-fabriksudvidelse\/\"},\"wordCount\":416,\"commentCount\":0,\"publisher\":{\"@id\":\"https:\/\/kunmedierne.dk\/mors\/#organization\"},\"image\":{\"@id\":\"https:\/\/kunmedierne.dk\/mors\/trods-coronakrisen-he-va-faerdiggoer-fabriksudvidelse\/#primaryimage\"},\"thumbnailUrl\":\"https:\/\/kunmedierne.dk\/mors\/wp-content\/uploads\/2020\/02\/200219-heva3.jpg\",\"keywords\":[\"Erhverv\"],\"articleSection\":[\"Lokalt\"],\"inLanguage\":\"da-DK\",\"potentialAction\":[{\"@type\":\"CommentAction\",\"name\":\"Comment\",\"target\":[\"https:\/\/kunmedierne.dk\/mors\/trods-coronakrisen-he-va-faerdiggoer-fabriksudvidelse\/#respond\"]}]},{\"@type\":\"WebPage\",\"@id\":\"https:\/\/kunmedierne.dk\/mors\/trods-coronakrisen-he-va-faerdiggoer-fabriksudvidelse\/\",\"url\":\"https:\/\/kunmedierne.dk\/mors\/trods-coronakrisen-he-va-faerdiggoer-fabriksudvidelse\/\",\"name\":\"Trods coronakrisen: He-Va f\u00e6rdigg\u00f8r fabriksudvidelse - Mors\",\"isPartOf\":{\"@id\":\"https:\/\/kunmedierne.dk\/mors\/#website\"},\"primaryImageOfPage\":{\"@id\":\"https:\/\/kunmedierne.dk\/mors\/trods-coronakrisen-he-va-faerdiggoer-fabriksudvidelse\/#primaryimage\"},\"image\":{\"@id\":\"https:\/\/kunmedierne.dk\/mors\/trods-coronakrisen-he-va-faerdiggoer-fabriksudvidelse\/#primaryimage\"},\"thumbnailUrl\":\"https:\/\/kunmedierne.dk\/mors\/wp-content\/uploads\/2020\/02\/200219-heva3.jpg\",\"datePublished\":\"2020-03-30T08:09:02+00:00\",\"dateModified\":\"2024-08-12T12:06:17+00:00\",\"breadcrumb\":{\"@id\":\"https:\/\/kunmedierne.dk\/mors\/trods-coronakrisen-he-va-faerdiggoer-fabriksudvidelse\/#breadcrumb\"},\"inLanguage\":\"da-DK\",\"potentialAction\":[{\"@type\":\"ReadAction\",\"target\":[\"https:\/\/kunmedierne.dk\/mors\/trods-coronakrisen-he-va-faerdiggoer-fabriksudvidelse\/\"]}]},{\"@type\":\"ImageObject\",\"inLanguage\":\"da-DK\",\"@id\":\"https:\/\/kunmedierne.dk\/mors\/trods-coronakrisen-he-va-faerdiggoer-fabriksudvidelse\/#primaryimage\",\"url\":\"https:\/\/kunmedierne.dk\/mors\/wp-content\/uploads\/2020\/02\/200219-heva3.jpg\",\"contentUrl\":\"https:\/\/kunmedierne.dk\/mors\/wp-content\/uploads\/2020\/02\/200219-heva3.jpg\",\"width\":770,\"height\":513,\"caption\":\"Heine Christiansen, teknisk direkt\u00f8r i He-Va. Arkivfoto: David H\u00f8jmark\"},{\"@type\":\"BreadcrumbList\",\"@id\":\"https:\/\/kunmedierne.dk\/mors\/trods-coronakrisen-he-va-faerdiggoer-fabriksudvidelse\/#breadcrumb\",\"itemListElement\":[{\"@type\":\"ListItem\",\"position\":1,\"name\":\"Hjem\",\"item\":\"https:\/\/kunmedierne.dk\/mors\/\"},{\"@type\":\"ListItem\",\"position\":2,\"name\":\"Trods coronakrisen: He-Va f\u00e6rdigg\u00f8r fabriksudvidelse\"}]},{\"@type\":\"WebSite\",\"@id\":\"https:\/\/kunmedierne.dk\/mors\/#website\",\"url\":\"https:\/\/kunmedierne.dk\/mors\/\",\"name\":\"Mors\",\"description\":\"et netmedie med journalistik om livet p\u00e5 Mors\",\"publisher\":{\"@id\":\"https:\/\/kunmedierne.dk\/mors\/#organization\"},\"potentialAction\":[{\"@type\":\"SearchAction\",\"target\":{\"@type\":\"EntryPoint\",\"urlTemplate\":\"https:\/\/kunmedierne.dk\/mors\/?s={search_term_string}\"},\"query-input\":{\"@type\":\"PropertyValueSpecification\",\"valueRequired\":true,\"valueName\":\"search_term_string\"}}],\"inLanguage\":\"da-DK\"},{\"@type\":\"Organization\",\"@id\":\"https:\/\/kunmedierne.dk\/mors\/#organization\",\"name\":\"Mors\",\"url\":\"https:\/\/kunmedierne.dk\/mors\/\",\"logo\":{\"@type\":\"ImageObject\",\"inLanguage\":\"da-DK\",\"@id\":\"https:\/\/kunmedierne.dk\/mors\/#\/schema\/logo\/image\/\",\"url\":\"https:\/\/kunmedierne.dk\/mors\/wp-content\/uploads\/2024\/08\/kunmors-logo.svg\",\"contentUrl\":\"https:\/\/kunmedierne.dk\/mors\/wp-content\/uploads\/2024\/08\/kunmors-logo.svg\",\"caption\":\"Mors\"},\"image\":{\"@id\":\"https:\/\/kunmedierne.dk\/mors\/#\/schema\/logo\/image\/\"}},{\"@type\":\"Person\",\"@id\":\"https:\/\/kunmedierne.dk\/mors\/#\/schema\/person\/5fe23251bf1d0abbcdc6f7896579d548\",\"name\":\"David H\u00f8jmark\",\"image\":{\"@type\":\"ImageObject\",\"inLanguage\":\"da-DK\",\"@id\":\"https:\/\/kunmedierne.dk\/mors\/#\/schema\/person\/image\/\",\"url\":\"https:\/\/secure.gravatar.com\/avatar\/4315d6fb9ef244d729989f5f90268eb08d5bf8a3d84402f595fa194bb35784fd?s=96&d=mm&r=g\",\"contentUrl\":\"https:\/\/secure.gravatar.com\/avatar\/4315d6fb9ef244d729989f5f90268eb08d5bf8a3d84402f595fa194bb35784fd?s=96&d=mm&r=g\",\"caption\":\"David H\u00f8jmark\"},\"sameAs\":[\"https:\/\/www.kunmedierne.dk\"],\"url\":\"https:\/\/kunmedierne.dk\/mors\/author\/david\/\"}]}<\/script>\n<!-- \/ Yoast SEO plugin. -->","yoast_head_json":{"title":"Trods coronakrisen: He-Va f\u00e6rdigg\u00f8r fabriksudvidelse - Mors","robots":{"index":"index","follow":"follow","max-snippet":"max-snippet:-1","max-image-preview":"max-image-preview:large","max-video-preview":"max-video-preview:-1"},"canonical":"https:\/\/kunmedierne.dk\/mors\/trods-coronakrisen-he-va-faerdiggoer-fabriksudvidelse\/","og_locale":"da_DK","og_type":"article","og_title":"Trods coronakrisen: He-Va f\u00e6rdigg\u00f8r fabriksudvidelse - Mors","og_description":"\u00d8RDING: Trods udbredelsen af coronavirus er det lykkes maskinproducenten He-Va at holde tidsplanen p\u00e5 en fabriksudvidelse, der skal huse et nyt, topmoderne maleanl\u00e6g. Byggeriet i \u00d8rding blev skudt i gang i sommeren 2019 og har fulgt tidsplanen, s\u00e5 det nye maleanl\u00e6g kan tages planm\u00e6ssigt i brug fra 1. maj 2020. &#8220;Efter coronaudbruddet har vi som [&hellip;]","og_url":"https:\/\/kunmedierne.dk\/mors\/trods-coronakrisen-he-va-faerdiggoer-fabriksudvidelse\/","og_site_name":"Mors","article_published_time":"2020-03-30T08:09:02+00:00","article_modified_time":"2024-08-12T12:06:17+00:00","og_image":[{"width":770,"height":513,"url":"https:\/\/kunmedierne.dk\/mors\/wp-content\/uploads\/2020\/02\/200219-heva3.jpg","type":"image\/jpeg"}],"author":"David H\u00f8jmark","twitter_card":"summary_large_image","twitter_misc":{"Skrevet af":"David H\u00f8jmark","Estimeret l\u00e6setid":"2 minutter"},"schema":{"@context":"https:\/\/schema.org","@graph":[{"@type":"Article","@id":"https:\/\/kunmedierne.dk\/mors\/trods-coronakrisen-he-va-faerdiggoer-fabriksudvidelse\/#article","isPartOf":{"@id":"https:\/\/kunmedierne.dk\/mors\/trods-coronakrisen-he-va-faerdiggoer-fabriksudvidelse\/"},"author":{"name":"David H\u00f8jmark","@id":"https:\/\/kunmedierne.dk\/mors\/#\/schema\/person\/5fe23251bf1d0abbcdc6f7896579d548"},"headline":"Trods coronakrisen: He-Va f\u00e6rdigg\u00f8r fabriksudvidelse","datePublished":"2020-03-30T08:09:02+00:00","dateModified":"2024-08-12T12:06:17+00:00","mainEntityOfPage":{"@id":"https:\/\/kunmedierne.dk\/mors\/trods-coronakrisen-he-va-faerdiggoer-fabriksudvidelse\/"},"wordCount":416,"commentCount":0,"publisher":{"@id":"https:\/\/kunmedierne.dk\/mors\/#organization"},"image":{"@id":"https:\/\/kunmedierne.dk\/mors\/trods-coronakrisen-he-va-faerdiggoer-fabriksudvidelse\/#primaryimage"},"thumbnailUrl":"https:\/\/kunmedierne.dk\/mors\/wp-content\/uploads\/2020\/02\/200219-heva3.jpg","keywords":["Erhverv"],"articleSection":["Lokalt"],"inLanguage":"da-DK","potentialAction":[{"@type":"CommentAction","name":"Comment","target":["https:\/\/kunmedierne.dk\/mors\/trods-coronakrisen-he-va-faerdiggoer-fabriksudvidelse\/#respond"]}]},{"@type":"WebPage","@id":"https:\/\/kunmedierne.dk\/mors\/trods-coronakrisen-he-va-faerdiggoer-fabriksudvidelse\/","url":"https:\/\/kunmedierne.dk\/mors\/trods-coronakrisen-he-va-faerdiggoer-fabriksudvidelse\/","name":"Trods coronakrisen: He-Va f\u00e6rdigg\u00f8r fabriksudvidelse - Mors","isPartOf":{"@id":"https:\/\/kunmedierne.dk\/mors\/#website"},"primaryImageOfPage":{"@id":"https:\/\/kunmedierne.dk\/mors\/trods-coronakrisen-he-va-faerdiggoer-fabriksudvidelse\/#primaryimage"},"image":{"@id":"https:\/\/kunmedierne.dk\/mors\/trods-coronakrisen-he-va-faerdiggoer-fabriksudvidelse\/#primaryimage"},"thumbnailUrl":"https:\/\/kunmedierne.dk\/mors\/wp-content\/uploads\/2020\/02\/200219-heva3.jpg","datePublished":"2020-03-30T08:09:02+00:00","dateModified":"2024-08-12T12:06:17+00:00","breadcrumb":{"@id":"https:\/\/kunmedierne.dk\/mors\/trods-coronakrisen-he-va-faerdiggoer-fabriksudvidelse\/#breadcrumb"},"inLanguage":"da-DK","potentialAction":[{"@type":"ReadAction","target":["https:\/\/kunmedierne.dk\/mors\/trods-coronakrisen-he-va-faerdiggoer-fabriksudvidelse\/"]}]},{"@type":"ImageObject","inLanguage":"da-DK","@id":"https:\/\/kunmedierne.dk\/mors\/trods-coronakrisen-he-va-faerdiggoer-fabriksudvidelse\/#primaryimage","url":"https:\/\/kunmedierne.dk\/mors\/wp-content\/uploads\/2020\/02\/200219-heva3.jpg","contentUrl":"https:\/\/kunmedierne.dk\/mors\/wp-content\/uploads\/2020\/02\/200219-heva3.jpg","width":770,"height":513,"caption":"Heine Christiansen, teknisk direkt\u00f8r i He-Va. Arkivfoto: David H\u00f8jmark"},{"@type":"BreadcrumbList","@id":"https:\/\/kunmedierne.dk\/mors\/trods-coronakrisen-he-va-faerdiggoer-fabriksudvidelse\/#breadcrumb","itemListElement":[{"@type":"ListItem","position":1,"name":"Hjem","item":"https:\/\/kunmedierne.dk\/mors\/"},{"@type":"ListItem","position":2,"name":"Trods coronakrisen: He-Va f\u00e6rdigg\u00f8r fabriksudvidelse"}]},{"@type":"WebSite","@id":"https:\/\/kunmedierne.dk\/mors\/#website","url":"https:\/\/kunmedierne.dk\/mors\/","name":"Mors","description":"et netmedie med journalistik om livet p\u00e5 Mors","publisher":{"@id":"https:\/\/kunmedierne.dk\/mors\/#organization"},"potentialAction":[{"@type":"SearchAction","target":{"@type":"EntryPoint","urlTemplate":"https:\/\/kunmedierne.dk\/mors\/?s={search_term_string}"},"query-input":{"@type":"PropertyValueSpecification","valueRequired":true,"valueName":"search_term_string"}}],"inLanguage":"da-DK"},{"@type":"Organization","@id":"https:\/\/kunmedierne.dk\/mors\/#organization","name":"Mors","url":"https:\/\/kunmedierne.dk\/mors\/","logo":{"@type":"ImageObject","inLanguage":"da-DK","@id":"https:\/\/kunmedierne.dk\/mors\/#\/schema\/logo\/image\/","url":"https:\/\/kunmedierne.dk\/mors\/wp-content\/uploads\/2024\/08\/kunmors-logo.svg","contentUrl":"https:\/\/kunmedierne.dk\/mors\/wp-content\/uploads\/2024\/08\/kunmors-logo.svg","caption":"Mors"},"image":{"@id":"https:\/\/kunmedierne.dk\/mors\/#\/schema\/logo\/image\/"}},{"@type":"Person","@id":"https:\/\/kunmedierne.dk\/mors\/#\/schema\/person\/5fe23251bf1d0abbcdc6f7896579d548","name":"David H\u00f8jmark","image":{"@type":"ImageObject","inLanguage":"da-DK","@id":"https:\/\/kunmedierne.dk\/mors\/#\/schema\/person\/image\/","url":"https:\/\/secure.gravatar.com\/avatar\/4315d6fb9ef244d729989f5f90268eb08d5bf8a3d84402f595fa194bb35784fd?s=96&d=mm&r=g","contentUrl":"https:\/\/secure.gravatar.com\/avatar\/4315d6fb9ef244d729989f5f90268eb08d5bf8a3d84402f595fa194bb35784fd?s=96&d=mm&r=g","caption":"David H\u00f8jmark"},"sameAs":["https:\/\/www.kunmedierne.dk"],"url":"https:\/\/kunmedierne.dk\/mors\/author\/david\/"}]}},"_links":{"self":[{"href":"https:\/\/kunmedierne.dk\/mors\/wp-json\/wp\/v2\/posts\/15220","targetHints":{"allow":["GET"]}}],"collection":[{"href":"https:\/\/kunmedierne.dk\/mors\/wp-json\/wp\/v2\/posts"}],"about":[{"href":"https:\/\/kunmedierne.dk\/mors\/wp-json\/wp\/v2\/types\/post"}],"author":[{"embeddable":true,"href":"https:\/\/kunmedierne.dk\/mors\/wp-json\/wp\/v2\/users\/8"}],"replies":[{"embeddable":true,"href":"https:\/\/kunmedierne.dk\/mors\/wp-json\/wp\/v2\/comments?post=15220"}],"version-history":[{"count":1,"href":"https:\/\/kunmedierne.dk\/mors\/wp-json\/wp\/v2\/posts\/15220\/revisions"}],"predecessor-version":[{"id":15221,"href":"https:\/\/kunmedierne.dk\/mors\/wp-json\/wp\/v2\/posts\/15220\/revisions\/15221"}],"wp:featuredmedia":[{"embeddable":true,"href":"https:\/\/kunmedierne.dk\/mors\/wp-json\/wp\/v2\/media\/9235"}],"wp:attachment":[{"href":"https:\/\/kunmedierne.dk\/mors\/wp-json\/wp\/v2\/media?parent=15220"}],"wp:term":[{"taxonomy":"category","embeddable":true,"href":"https:\/\/kunmedierne.dk\/mors\/wp-json\/wp\/v2\/categories?post=15220"},{"taxonomy":"post_tag","embeddable":true,"href":"https:\/\/kunmedierne.dk\/mors\/wp-json\/wp\/v2\/tags?post=15220"}],"curies":[{"name":"wp","href":"https:\/\/api.w.org\/{rel}","templated":true}]}}