{"id":151663,"date":"2025-07-27T18:49:04","date_gmt":"2025-07-27T16:49:04","guid":{"rendered":"https:\/\/kunmedierne.dk\/mors\/?p=151663"},"modified":"2025-07-27T18:49:04","modified_gmt":"2025-07-27T16:49:04","slug":"puch-klub-mors-viste-oeen-frem-i-smukt-sommervejr","status":"publish","type":"post","link":"https:\/\/kunmedierne.dk\/mors\/puch-klub-mors-viste-oeen-frem-i-smukt-sommervejr\/","title":{"rendered":"Puch Klub Mors viste \u00f8en frem i smukt sommervejr"},"content":{"rendered":"<p><strong>PUCHTR\u00c6F<\/strong>: De har f\u00f8r m\u00e5tte gennemf\u00f8re i silende regn, men l\u00f8rdag var vejret i den grad med Puch Klub Mors og de 550 deltagere i \u00e5rets store tr\u00e6f p\u00e5 Mors.<\/p>\n<p>Puch Turen er efterh\u00e5nden en traditionsrige event, der i \u00e5r fandt sted for 15. gang. Og denne gang var den begunstiget af bl\u00e5 himmel med hvide skyer til at supplere det i forvejen smukke syn af de \u00e6dle knallerter, der til sammen dannede et imponerende skue p\u00e5 en god del af \u00f8ens veje.<\/p>\n<p>&#8211; Det gik supergodt, lyder det da ogs\u00e5 dagen derp\u00e5 fra en tilfreds Svend Pedersen, pr\u00e6sident i Puch Klub Mors, der i \u00e5r sendte deltagerne mod nord.<\/p>\n<a class=\"dvrt-link\" onClick=\"cdmtrack_click(104781,jQuery(this));return false\" href=\"https:\/\/www.fmspks.dk\/\"><img decoding=\"async\" style=\"width:100%;\" src=\"https:\/\/kunmedierne.dk\/mors\/wp-content\/uploads\/2022\/02\/vip-froeslev-mollerup-sparekasse.jpg\"><\/a><script>cdmtrack_view(104781);<\/script>\n<p>Fra Nyk\u00f8bing gik ruten til Sdr. Dr\u00e5by og derfra til blandt andet Bjergby og \u00d8ster J\u00f8lby, inden ogs\u00e5 landsbyer som Dragstrup, Fr\u00f8slev og Freds\u00f8 fik det smukke f\u00f8lge at se.<\/p>\n<p>Det sluttede i Vils, hvor der traditionen tro var fest.<\/p>\n<p>&#8211; Vi havde jo 15 \u00e5rs jubil\u00e6um, s\u00e5 vi brugte alt, hvad vi havde til musikken, lyder det fra Svend Pedersen med et h\u00e5b om, at der blev solgt \u00f8l nok i baren til, at der ogs\u00e5 bliver r\u00e5d til musik til n\u00e6ste \u00e5r.<\/p>\n<p>&nbsp;<\/p>\n<p><strong>Planl\u00e6gger ikke at udvide<\/strong><\/p>\n<p>For der bliver selvf\u00f8lgelig et tr\u00e6f igen i 2026. Det attraktive arrangement samler Puch-entusiaster fra n\u00e6r og fjern, og ogs\u00e5 i \u00e5r m\u00e5tte arrang\u00f8rerne melde udsolgt et par minutter efter at have sat billetterne fri.<\/p>\n<p>Det skete igen ved online salg &#8211; denne gang med en leverand\u00f8r, der bedre kunne h\u00e5ndtere presset fra de mange med \u00f8nske om at v\u00e6re med. Og interessen er stadig s\u00e5 stor, at Puch Klub Mors hvert \u00e5r m\u00e5 skuffe mange, der ikke har held med at k\u00f8be billet.<\/p>\n<a class=\"dvrt-link\" onClick=\"cdmtrack_click(104787,jQuery(this));return false\" href=\"https:\/\/www.jyskebank.dk\/kontakt\/afdelingsinfo?departmentid=11890\"><img decoding=\"async\" style=\"width:100%;\" src=\"https:\/\/kunmedierne.dk\/mors\/wp-content\/uploads\/2023\/10\/260325JyskeBankMorsNy-1.jpg\"><\/a><script>cdmtrack_view(104787);<\/script>\n<p>En udvidelse af antallet af deltagere er dog ikke p\u00e5 tale.<\/p>\n<p>&#8211; Der er selvf\u00f8lgelig mange, der er tr\u00e6tte af, at de ikke kan komme med. Men det er os selv, der har sat gr\u00e6nsen ved de 550. N\u00e5r vi k\u00f8rer rundt p\u00e5 landevejene, er vi ekstremt mange, og vi synes, at vi har fundet vores gr\u00e6nse, s\u00e5 det er sjovt for alle, siger Svend Pedersen.<\/p>\n<p>De mange deltagere gennemf\u00f8rte str\u00e6kningen hovedsageligt uden uheld. For to endte dagen dog ikke sjovt, da de i et f\u00e6lles uheld kom til skade og m\u00e5tte p\u00e5 sygehus i henholdsvis Aalborg og Viborg &#8211; if\u00f8lge de forel\u00f8bige forlydender med en hjernerystelse for den ene og beskadigede ribben for den anden.<\/p>\n<a class=\"dvrt-link\" onClick=\"cdmtrack_click(104783,jQuery(this));return false\" href=\"https:\/\/konpap.dk\/\"><img decoding=\"async\" style=\"width:100%;\" src=\"https:\/\/kunmedierne.dk\/mors\/wp-content\/uploads\/2023\/10\/Kun-Mors-banner.jpg\"><\/a><script>cdmtrack_view(104783);<\/script>\n<p>Svend Pedersen, der s\u00f8ndag aften ikke har f\u00e5et en status p\u00e5 deres skader, \u00e6rgrer sig selvf\u00f8lgelig over uheldet, men beskriver det som et rent uheld, da de to k\u00f8reres styr ramte hinanden.<\/p>\n<p>&#8211; Det kunne ogs\u00e5 ske, hvis vi kun var 40, siger han.<\/p>\n","protected":false},"excerpt":{"rendered":"<p>PUCHTR\u00c6F: De har f\u00f8r m\u00e5tte gennemf\u00f8re i silende regn, men l\u00f8rdag var vejret i den grad med Puch Klub Mors og de 550 deltagere i \u00e5rets store tr\u00e6f p\u00e5 Mors. Puch Turen er efterh\u00e5nden en traditionsrige event, der i \u00e5r fandt sted for 15. gang. Og denne gang var den begunstiget af bl\u00e5 himmel med [&hellip;]<\/p>\n","protected":false},"author":8,"featured_media":0,"comment_status":"closed","ping_status":"closed","sticky":false,"template":"","format":"standard","meta":{"_acf_changed":false,"footnotes":""},"categories":[51],"tags":[],"class_list":["post-151663","post","type-post","status-publish","format-standard","hentry","category-lokalt"],"acf":[],"yoast_head":"<!-- This site is optimized with the Yoast SEO plugin v26.8 - https:\/\/yoast.com\/product\/yoast-seo-wordpress\/ -->\n<title>Puch Klub Mors viste \u00f8en frem i smukt sommervejr - Mors<\/title>\n<meta name=\"robots\" content=\"index, follow, max-snippet:-1, max-image-preview:large, max-video-preview:-1\" \/>\n<link rel=\"canonical\" href=\"https:\/\/kunmedierne.dk\/mors\/puch-klub-mors-viste-oeen-frem-i-smukt-sommervejr\/\" \/>\n<meta property=\"og:locale\" content=\"da_DK\" \/>\n<meta property=\"og:type\" content=\"article\" \/>\n<meta property=\"og:title\" content=\"Puch Klub Mors viste \u00f8en frem i smukt sommervejr - Mors\" \/>\n<meta property=\"og:description\" content=\"PUCHTR\u00c6F: De har f\u00f8r m\u00e5tte gennemf\u00f8re i silende regn, men l\u00f8rdag var vejret i den grad med Puch Klub Mors og de 550 deltagere i \u00e5rets store tr\u00e6f p\u00e5 Mors. Puch Turen er efterh\u00e5nden en traditionsrige event, der i \u00e5r fandt sted for 15. gang. Og denne gang var den begunstiget af bl\u00e5 himmel med [&hellip;]\" \/>\n<meta property=\"og:url\" content=\"https:\/\/kunmedierne.dk\/mors\/puch-klub-mors-viste-oeen-frem-i-smukt-sommervejr\/\" \/>\n<meta property=\"og:site_name\" content=\"Mors\" \/>\n<meta property=\"article:published_time\" content=\"2025-07-27T16:49:04+00:00\" \/>\n<meta name=\"author\" content=\"David H\u00f8jmark\" \/>\n<meta name=\"twitter:card\" content=\"summary_large_image\" \/>\n<meta name=\"twitter:label1\" content=\"Skrevet af\" \/>\n\t<meta name=\"twitter:data1\" content=\"David H\u00f8jmark\" \/>\n\t<meta name=\"twitter:label2\" content=\"Estimeret l\u00e6setid\" \/>\n\t<meta name=\"twitter:data2\" content=\"3 minutter\" \/>\n<script type=\"application\/ld+json\" class=\"yoast-schema-graph\">{\"@context\":\"https:\/\/schema.org\",\"@graph\":[{\"@type\":\"Article\",\"@id\":\"https:\/\/kunmedierne.dk\/mors\/puch-klub-mors-viste-oeen-frem-i-smukt-sommervejr\/#article\",\"isPartOf\":{\"@id\":\"https:\/\/kunmedierne.dk\/mors\/puch-klub-mors-viste-oeen-frem-i-smukt-sommervejr\/\"},\"author\":{\"name\":\"David H\u00f8jmark\",\"@id\":\"https:\/\/kunmedierne.dk\/mors\/#\/schema\/person\/5fe23251bf1d0abbcdc6f7896579d548\"},\"headline\":\"Puch Klub Mors viste \u00f8en frem i smukt sommervejr\",\"datePublished\":\"2025-07-27T16:49:04+00:00\",\"mainEntityOfPage\":{\"@id\":\"https:\/\/kunmedierne.dk\/mors\/puch-klub-mors-viste-oeen-frem-i-smukt-sommervejr\/\"},\"wordCount\":495,\"publisher\":{\"@id\":\"https:\/\/kunmedierne.dk\/mors\/#organization\"},\"articleSection\":[\"Lokalt\"],\"inLanguage\":\"da-DK\"},{\"@type\":\"WebPage\",\"@id\":\"https:\/\/kunmedierne.dk\/mors\/puch-klub-mors-viste-oeen-frem-i-smukt-sommervejr\/\",\"url\":\"https:\/\/kunmedierne.dk\/mors\/puch-klub-mors-viste-oeen-frem-i-smukt-sommervejr\/\",\"name\":\"Puch Klub Mors viste \u00f8en frem i smukt sommervejr - Mors\",\"isPartOf\":{\"@id\":\"https:\/\/kunmedierne.dk\/mors\/#website\"},\"datePublished\":\"2025-07-27T16:49:04+00:00\",\"breadcrumb\":{\"@id\":\"https:\/\/kunmedierne.dk\/mors\/puch-klub-mors-viste-oeen-frem-i-smukt-sommervejr\/#breadcrumb\"},\"inLanguage\":\"da-DK\",\"potentialAction\":[{\"@type\":\"ReadAction\",\"target\":[\"https:\/\/kunmedierne.dk\/mors\/puch-klub-mors-viste-oeen-frem-i-smukt-sommervejr\/\"]}]},{\"@type\":\"BreadcrumbList\",\"@id\":\"https:\/\/kunmedierne.dk\/mors\/puch-klub-mors-viste-oeen-frem-i-smukt-sommervejr\/#breadcrumb\",\"itemListElement\":[{\"@type\":\"ListItem\",\"position\":1,\"name\":\"Hjem\",\"item\":\"https:\/\/kunmedierne.dk\/mors\/\"},{\"@type\":\"ListItem\",\"position\":2,\"name\":\"Puch Klub Mors viste \u00f8en frem i smukt sommervejr\"}]},{\"@type\":\"WebSite\",\"@id\":\"https:\/\/kunmedierne.dk\/mors\/#website\",\"url\":\"https:\/\/kunmedierne.dk\/mors\/\",\"name\":\"Mors\",\"description\":\"et netmedie med journalistik om livet p\u00e5 Mors\",\"publisher\":{\"@id\":\"https:\/\/kunmedierne.dk\/mors\/#organization\"},\"potentialAction\":[{\"@type\":\"SearchAction\",\"target\":{\"@type\":\"EntryPoint\",\"urlTemplate\":\"https:\/\/kunmedierne.dk\/mors\/?s={search_term_string}\"},\"query-input\":{\"@type\":\"PropertyValueSpecification\",\"valueRequired\":true,\"valueName\":\"search_term_string\"}}],\"inLanguage\":\"da-DK\"},{\"@type\":\"Organization\",\"@id\":\"https:\/\/kunmedierne.dk\/mors\/#organization\",\"name\":\"Mors\",\"url\":\"https:\/\/kunmedierne.dk\/mors\/\",\"logo\":{\"@type\":\"ImageObject\",\"inLanguage\":\"da-DK\",\"@id\":\"https:\/\/kunmedierne.dk\/mors\/#\/schema\/logo\/image\/\",\"url\":\"https:\/\/kunmedierne.dk\/mors\/wp-content\/uploads\/2024\/08\/kunmors-logo.svg\",\"contentUrl\":\"https:\/\/kunmedierne.dk\/mors\/wp-content\/uploads\/2024\/08\/kunmors-logo.svg\",\"caption\":\"Mors\"},\"image\":{\"@id\":\"https:\/\/kunmedierne.dk\/mors\/#\/schema\/logo\/image\/\"}},{\"@type\":\"Person\",\"@id\":\"https:\/\/kunmedierne.dk\/mors\/#\/schema\/person\/5fe23251bf1d0abbcdc6f7896579d548\",\"name\":\"David H\u00f8jmark\",\"image\":{\"@type\":\"ImageObject\",\"inLanguage\":\"da-DK\",\"@id\":\"https:\/\/kunmedierne.dk\/mors\/#\/schema\/person\/image\/\",\"url\":\"https:\/\/secure.gravatar.com\/avatar\/4315d6fb9ef244d729989f5f90268eb08d5bf8a3d84402f595fa194bb35784fd?s=96&d=mm&r=g\",\"contentUrl\":\"https:\/\/secure.gravatar.com\/avatar\/4315d6fb9ef244d729989f5f90268eb08d5bf8a3d84402f595fa194bb35784fd?s=96&d=mm&r=g\",\"caption\":\"David H\u00f8jmark\"},\"sameAs\":[\"https:\/\/www.kunmedierne.dk\"],\"url\":\"https:\/\/kunmedierne.dk\/mors\/author\/david\/\"}]}<\/script>\n<!-- \/ Yoast SEO plugin. -->","yoast_head_json":{"title":"Puch Klub Mors viste \u00f8en frem i smukt sommervejr - Mors","robots":{"index":"index","follow":"follow","max-snippet":"max-snippet:-1","max-image-preview":"max-image-preview:large","max-video-preview":"max-video-preview:-1"},"canonical":"https:\/\/kunmedierne.dk\/mors\/puch-klub-mors-viste-oeen-frem-i-smukt-sommervejr\/","og_locale":"da_DK","og_type":"article","og_title":"Puch Klub Mors viste \u00f8en frem i smukt sommervejr - Mors","og_description":"PUCHTR\u00c6F: De har f\u00f8r m\u00e5tte gennemf\u00f8re i silende regn, men l\u00f8rdag var vejret i den grad med Puch Klub Mors og de 550 deltagere i \u00e5rets store tr\u00e6f p\u00e5 Mors. Puch Turen er efterh\u00e5nden en traditionsrige event, der i \u00e5r fandt sted for 15. gang. Og denne gang var den begunstiget af bl\u00e5 himmel med [&hellip;]","og_url":"https:\/\/kunmedierne.dk\/mors\/puch-klub-mors-viste-oeen-frem-i-smukt-sommervejr\/","og_site_name":"Mors","article_published_time":"2025-07-27T16:49:04+00:00","author":"David H\u00f8jmark","twitter_card":"summary_large_image","twitter_misc":{"Skrevet af":"David H\u00f8jmark","Estimeret l\u00e6setid":"3 minutter"},"schema":{"@context":"https:\/\/schema.org","@graph":[{"@type":"Article","@id":"https:\/\/kunmedierne.dk\/mors\/puch-klub-mors-viste-oeen-frem-i-smukt-sommervejr\/#article","isPartOf":{"@id":"https:\/\/kunmedierne.dk\/mors\/puch-klub-mors-viste-oeen-frem-i-smukt-sommervejr\/"},"author":{"name":"David H\u00f8jmark","@id":"https:\/\/kunmedierne.dk\/mors\/#\/schema\/person\/5fe23251bf1d0abbcdc6f7896579d548"},"headline":"Puch Klub Mors viste \u00f8en frem i smukt sommervejr","datePublished":"2025-07-27T16:49:04+00:00","mainEntityOfPage":{"@id":"https:\/\/kunmedierne.dk\/mors\/puch-klub-mors-viste-oeen-frem-i-smukt-sommervejr\/"},"wordCount":495,"publisher":{"@id":"https:\/\/kunmedierne.dk\/mors\/#organization"},"articleSection":["Lokalt"],"inLanguage":"da-DK"},{"@type":"WebPage","@id":"https:\/\/kunmedierne.dk\/mors\/puch-klub-mors-viste-oeen-frem-i-smukt-sommervejr\/","url":"https:\/\/kunmedierne.dk\/mors\/puch-klub-mors-viste-oeen-frem-i-smukt-sommervejr\/","name":"Puch Klub Mors viste \u00f8en frem i smukt sommervejr - Mors","isPartOf":{"@id":"https:\/\/kunmedierne.dk\/mors\/#website"},"datePublished":"2025-07-27T16:49:04+00:00","breadcrumb":{"@id":"https:\/\/kunmedierne.dk\/mors\/puch-klub-mors-viste-oeen-frem-i-smukt-sommervejr\/#breadcrumb"},"inLanguage":"da-DK","potentialAction":[{"@type":"ReadAction","target":["https:\/\/kunmedierne.dk\/mors\/puch-klub-mors-viste-oeen-frem-i-smukt-sommervejr\/"]}]},{"@type":"BreadcrumbList","@id":"https:\/\/kunmedierne.dk\/mors\/puch-klub-mors-viste-oeen-frem-i-smukt-sommervejr\/#breadcrumb","itemListElement":[{"@type":"ListItem","position":1,"name":"Hjem","item":"https:\/\/kunmedierne.dk\/mors\/"},{"@type":"ListItem","position":2,"name":"Puch Klub Mors viste \u00f8en frem i smukt sommervejr"}]},{"@type":"WebSite","@id":"https:\/\/kunmedierne.dk\/mors\/#website","url":"https:\/\/kunmedierne.dk\/mors\/","name":"Mors","description":"et netmedie med journalistik om livet p\u00e5 Mors","publisher":{"@id":"https:\/\/kunmedierne.dk\/mors\/#organization"},"potentialAction":[{"@type":"SearchAction","target":{"@type":"EntryPoint","urlTemplate":"https:\/\/kunmedierne.dk\/mors\/?s={search_term_string}"},"query-input":{"@type":"PropertyValueSpecification","valueRequired":true,"valueName":"search_term_string"}}],"inLanguage":"da-DK"},{"@type":"Organization","@id":"https:\/\/kunmedierne.dk\/mors\/#organization","name":"Mors","url":"https:\/\/kunmedierne.dk\/mors\/","logo":{"@type":"ImageObject","inLanguage":"da-DK","@id":"https:\/\/kunmedierne.dk\/mors\/#\/schema\/logo\/image\/","url":"https:\/\/kunmedierne.dk\/mors\/wp-content\/uploads\/2024\/08\/kunmors-logo.svg","contentUrl":"https:\/\/kunmedierne.dk\/mors\/wp-content\/uploads\/2024\/08\/kunmors-logo.svg","caption":"Mors"},"image":{"@id":"https:\/\/kunmedierne.dk\/mors\/#\/schema\/logo\/image\/"}},{"@type":"Person","@id":"https:\/\/kunmedierne.dk\/mors\/#\/schema\/person\/5fe23251bf1d0abbcdc6f7896579d548","name":"David H\u00f8jmark","image":{"@type":"ImageObject","inLanguage":"da-DK","@id":"https:\/\/kunmedierne.dk\/mors\/#\/schema\/person\/image\/","url":"https:\/\/secure.gravatar.com\/avatar\/4315d6fb9ef244d729989f5f90268eb08d5bf8a3d84402f595fa194bb35784fd?s=96&d=mm&r=g","contentUrl":"https:\/\/secure.gravatar.com\/avatar\/4315d6fb9ef244d729989f5f90268eb08d5bf8a3d84402f595fa194bb35784fd?s=96&d=mm&r=g","caption":"David H\u00f8jmark"},"sameAs":["https:\/\/www.kunmedierne.dk"],"url":"https:\/\/kunmedierne.dk\/mors\/author\/david\/"}]}},"_links":{"self":[{"href":"https:\/\/kunmedierne.dk\/mors\/wp-json\/wp\/v2\/posts\/151663","targetHints":{"allow":["GET"]}}],"collection":[{"href":"https:\/\/kunmedierne.dk\/mors\/wp-json\/wp\/v2\/posts"}],"about":[{"href":"https:\/\/kunmedierne.dk\/mors\/wp-json\/wp\/v2\/types\/post"}],"author":[{"embeddable":true,"href":"https:\/\/kunmedierne.dk\/mors\/wp-json\/wp\/v2\/users\/8"}],"replies":[{"embeddable":true,"href":"https:\/\/kunmedierne.dk\/mors\/wp-json\/wp\/v2\/comments?post=151663"}],"version-history":[{"count":1,"href":"https:\/\/kunmedierne.dk\/mors\/wp-json\/wp\/v2\/posts\/151663\/revisions"}],"predecessor-version":[{"id":151667,"href":"https:\/\/kunmedierne.dk\/mors\/wp-json\/wp\/v2\/posts\/151663\/revisions\/151667"}],"wp:attachment":[{"href":"https:\/\/kunmedierne.dk\/mors\/wp-json\/wp\/v2\/media?parent=151663"}],"wp:term":[{"taxonomy":"category","embeddable":true,"href":"https:\/\/kunmedierne.dk\/mors\/wp-json\/wp\/v2\/categories?post=151663"},{"taxonomy":"post_tag","embeddable":true,"href":"https:\/\/kunmedierne.dk\/mors\/wp-json\/wp\/v2\/tags?post=151663"}],"curies":[{"name":"wp","href":"https:\/\/api.w.org\/{rel}","templated":true}]}}