{"id":15108,"date":"2020-03-29T08:08:54","date_gmt":"2020-03-29T06:08:54","guid":{"rendered":"https:\/\/kunmedierne.dk\/mors\/?p=15108"},"modified":"2024-08-12T14:06:18","modified_gmt":"2024-08-12T12:06:18","slug":"stor-tak-til-vores-medarbejdere","status":"publish","type":"post","link":"https:\/\/kunmedierne.dk\/mors\/stor-tak-til-vores-medarbejdere\/","title":{"rendered":"&#8211; Stor tak til vores medarbejdere"},"content":{"rendered":"<p><em>Fra Henning S\u00f8rensen, Rosenej 27, 7900 Nyk\u00f8bing, formand for det sociale udvalg i Mors\u00f8 Kommune, har vi modtaget:<\/em><\/p>\n<p><strong>MORS<\/strong>:\u00a0Som socialudvalgsformand i Mors\u00f8 kommune vil jeg gerne p\u00e5 denne solskinsl\u00f8rdag rette en stor tak til alle de medarbejdere, som arbejder i Mors\u00f8 kommune trods nedlukning af en stor del af det danske samfund.<\/p>\n<p>Vi har \u00e6ldre, syge, psykriatriborgere og b\u00f8rn, der stadig skal tages h\u00e5nd om i det offentlige regi. Det kr\u00e6ver desuden en st\u00e6rk ledelse. Herfra ros til jer alle for stor faglig kompetance og veludf\u00f8rt arbejde ogs\u00e5 i denne sv\u00e6re situration.<\/p>\n<p>Jeg vil ogs\u00e5 gerne rose vores borgere for den forst\u00e5else, der bliver vist rundt omkring, selv om det ikke er alt, der fungerer, som det plejer. Tro det eller ej, men de henvendelser, som jeg har f\u00e5et i den sidste m\u00e5ned, har kun v\u00e6ret rosende ord til vores kommune inden for det sociale omr\u00e5de.<\/p>\n<hr \/>\n<p><em>Har du et bidrag til den lokale debat? Send det til os p\u00e5 e-mail: debat@kunmedierne.dk\/mors. Husk at l\u00e6se korrektur inden afsendelse p\u00e5 indl\u00e6gget.<\/em><\/p>\n","protected":false},"excerpt":{"rendered":"<p>Fra Henning S\u00f8rensen, Rosenej 27, 7900 Nyk\u00f8bing, formand for det sociale udvalg i Mors\u00f8 Kommune, har vi modtaget: MORS:\u00a0Som socialudvalgsformand i Mors\u00f8 kommune vil jeg gerne p\u00e5 denne solskinsl\u00f8rdag rette en stor tak til alle de medarbejdere, som arbejder i Mors\u00f8 kommune trods nedlukning af en stor del af det danske samfund. Vi har \u00e6ldre, [&hellip;]<\/p>\n","protected":false},"author":11,"featured_media":15114,"comment_status":"open","ping_status":"open","sticky":false,"template":"","format":"standard","meta":{"_acf_changed":false,"footnotes":""},"categories":[56],"tags":[],"class_list":["post-15108","post","type-post","status-publish","format-standard","has-post-thumbnail","hentry","category-debat"],"acf":[],"yoast_head":"<!-- This site is optimized with the Yoast SEO plugin v26.8 - https:\/\/yoast.com\/product\/yoast-seo-wordpress\/ -->\n<title>- Stor tak til vores medarbejdere - Mors<\/title>\n<meta name=\"robots\" content=\"index, follow, max-snippet:-1, max-image-preview:large, max-video-preview:-1\" \/>\n<link rel=\"canonical\" href=\"https:\/\/kunmedierne.dk\/mors\/stor-tak-til-vores-medarbejdere\/\" \/>\n<meta property=\"og:locale\" content=\"da_DK\" \/>\n<meta property=\"og:type\" content=\"article\" \/>\n<meta property=\"og:title\" content=\"- Stor tak til vores medarbejdere - Mors\" \/>\n<meta property=\"og:description\" content=\"Fra Henning S\u00f8rensen, Rosenej 27, 7900 Nyk\u00f8bing, formand for det sociale udvalg i Mors\u00f8 Kommune, har vi modtaget: MORS:\u00a0Som socialudvalgsformand i Mors\u00f8 kommune vil jeg gerne p\u00e5 denne solskinsl\u00f8rdag rette en stor tak til alle de medarbejdere, som arbejder i Mors\u00f8 kommune trods nedlukning af en stor del af det danske samfund. Vi har \u00e6ldre, [&hellip;]\" \/>\n<meta property=\"og:url\" content=\"https:\/\/kunmedierne.dk\/mors\/stor-tak-til-vores-medarbejdere\/\" \/>\n<meta property=\"og:site_name\" content=\"Mors\" \/>\n<meta property=\"article:published_time\" content=\"2020-03-29T06:08:54+00:00\" \/>\n<meta property=\"article:modified_time\" content=\"2024-08-12T12:06:18+00:00\" \/>\n<meta property=\"og:image\" content=\"https:\/\/kunmedierne.dk\/mors\/wp-content\/uploads\/2020\/03\/200401-henning-s\u00f8rensen-V.jpg\" \/>\n\t<meta property=\"og:image:width\" content=\"770\" \/>\n\t<meta property=\"og:image:height\" content=\"513\" \/>\n\t<meta property=\"og:image:type\" content=\"image\/jpeg\" \/>\n<meta name=\"author\" content=\"Debat\" \/>\n<meta name=\"twitter:card\" content=\"summary_large_image\" \/>\n<meta name=\"twitter:label1\" content=\"Skrevet af\" \/>\n\t<meta name=\"twitter:data1\" content=\"Debat\" \/>\n\t<meta name=\"twitter:label2\" content=\"Estimeret l\u00e6setid\" \/>\n\t<meta name=\"twitter:data2\" content=\"1 minut\" \/>\n<script type=\"application\/ld+json\" class=\"yoast-schema-graph\">{\"@context\":\"https:\/\/schema.org\",\"@graph\":[{\"@type\":\"Article\",\"@id\":\"https:\/\/kunmedierne.dk\/mors\/stor-tak-til-vores-medarbejdere\/#article\",\"isPartOf\":{\"@id\":\"https:\/\/kunmedierne.dk\/mors\/stor-tak-til-vores-medarbejdere\/\"},\"author\":{\"name\":\"Debat\",\"@id\":\"https:\/\/kunmedierne.dk\/mors\/#\/schema\/person\/84c1391bce0b43b9bb3a49736bc0ad78\"},\"headline\":\"&#8211; Stor tak til vores medarbejdere\",\"datePublished\":\"2020-03-29T06:08:54+00:00\",\"dateModified\":\"2024-08-12T12:06:18+00:00\",\"mainEntityOfPage\":{\"@id\":\"https:\/\/kunmedierne.dk\/mors\/stor-tak-til-vores-medarbejdere\/\"},\"wordCount\":192,\"commentCount\":0,\"publisher\":{\"@id\":\"https:\/\/kunmedierne.dk\/mors\/#organization\"},\"image\":{\"@id\":\"https:\/\/kunmedierne.dk\/mors\/stor-tak-til-vores-medarbejdere\/#primaryimage\"},\"thumbnailUrl\":\"https:\/\/kunmedierne.dk\/mors\/wp-content\/uploads\/2020\/03\/200401-henning-s\u00f8rensen-V.jpg\",\"articleSection\":[\"Debat\"],\"inLanguage\":\"da-DK\",\"potentialAction\":[{\"@type\":\"CommentAction\",\"name\":\"Comment\",\"target\":[\"https:\/\/kunmedierne.dk\/mors\/stor-tak-til-vores-medarbejdere\/#respond\"]}]},{\"@type\":\"WebPage\",\"@id\":\"https:\/\/kunmedierne.dk\/mors\/stor-tak-til-vores-medarbejdere\/\",\"url\":\"https:\/\/kunmedierne.dk\/mors\/stor-tak-til-vores-medarbejdere\/\",\"name\":\"- Stor tak til vores medarbejdere - Mors\",\"isPartOf\":{\"@id\":\"https:\/\/kunmedierne.dk\/mors\/#website\"},\"primaryImageOfPage\":{\"@id\":\"https:\/\/kunmedierne.dk\/mors\/stor-tak-til-vores-medarbejdere\/#primaryimage\"},\"image\":{\"@id\":\"https:\/\/kunmedierne.dk\/mors\/stor-tak-til-vores-medarbejdere\/#primaryimage\"},\"thumbnailUrl\":\"https:\/\/kunmedierne.dk\/mors\/wp-content\/uploads\/2020\/03\/200401-henning-s\u00f8rensen-V.jpg\",\"datePublished\":\"2020-03-29T06:08:54+00:00\",\"dateModified\":\"2024-08-12T12:06:18+00:00\",\"breadcrumb\":{\"@id\":\"https:\/\/kunmedierne.dk\/mors\/stor-tak-til-vores-medarbejdere\/#breadcrumb\"},\"inLanguage\":\"da-DK\",\"potentialAction\":[{\"@type\":\"ReadAction\",\"target\":[\"https:\/\/kunmedierne.dk\/mors\/stor-tak-til-vores-medarbejdere\/\"]}]},{\"@type\":\"ImageObject\",\"inLanguage\":\"da-DK\",\"@id\":\"https:\/\/kunmedierne.dk\/mors\/stor-tak-til-vores-medarbejdere\/#primaryimage\",\"url\":\"https:\/\/kunmedierne.dk\/mors\/wp-content\/uploads\/2020\/03\/200401-henning-s\u00f8rensen-V.jpg\",\"contentUrl\":\"https:\/\/kunmedierne.dk\/mors\/wp-content\/uploads\/2020\/03\/200401-henning-s\u00f8rensen-V.jpg\",\"width\":770,\"height\":513,\"caption\":\"Henning S\u00f8rensen (V). Foto: Per Bech\/Mors\u00f8 Kommune.\"},{\"@type\":\"BreadcrumbList\",\"@id\":\"https:\/\/kunmedierne.dk\/mors\/stor-tak-til-vores-medarbejdere\/#breadcrumb\",\"itemListElement\":[{\"@type\":\"ListItem\",\"position\":1,\"name\":\"Hjem\",\"item\":\"https:\/\/kunmedierne.dk\/mors\/\"},{\"@type\":\"ListItem\",\"position\":2,\"name\":\"&#8211; Stor tak til vores medarbejdere\"}]},{\"@type\":\"WebSite\",\"@id\":\"https:\/\/kunmedierne.dk\/mors\/#website\",\"url\":\"https:\/\/kunmedierne.dk\/mors\/\",\"name\":\"Mors\",\"description\":\"et netmedie med journalistik om livet p\u00e5 Mors\",\"publisher\":{\"@id\":\"https:\/\/kunmedierne.dk\/mors\/#organization\"},\"potentialAction\":[{\"@type\":\"SearchAction\",\"target\":{\"@type\":\"EntryPoint\",\"urlTemplate\":\"https:\/\/kunmedierne.dk\/mors\/?s={search_term_string}\"},\"query-input\":{\"@type\":\"PropertyValueSpecification\",\"valueRequired\":true,\"valueName\":\"search_term_string\"}}],\"inLanguage\":\"da-DK\"},{\"@type\":\"Organization\",\"@id\":\"https:\/\/kunmedierne.dk\/mors\/#organization\",\"name\":\"Mors\",\"url\":\"https:\/\/kunmedierne.dk\/mors\/\",\"logo\":{\"@type\":\"ImageObject\",\"inLanguage\":\"da-DK\",\"@id\":\"https:\/\/kunmedierne.dk\/mors\/#\/schema\/logo\/image\/\",\"url\":\"https:\/\/kunmedierne.dk\/mors\/wp-content\/uploads\/2024\/08\/kunmors-logo.svg\",\"contentUrl\":\"https:\/\/kunmedierne.dk\/mors\/wp-content\/uploads\/2024\/08\/kunmors-logo.svg\",\"caption\":\"Mors\"},\"image\":{\"@id\":\"https:\/\/kunmedierne.dk\/mors\/#\/schema\/logo\/image\/\"}},{\"@type\":\"Person\",\"@id\":\"https:\/\/kunmedierne.dk\/mors\/#\/schema\/person\/84c1391bce0b43b9bb3a49736bc0ad78\",\"name\":\"Debat\",\"image\":{\"@type\":\"ImageObject\",\"inLanguage\":\"da-DK\",\"@id\":\"https:\/\/kunmedierne.dk\/mors\/#\/schema\/person\/image\/\",\"url\":\"https:\/\/secure.gravatar.com\/avatar\/b0fb2e221d618f7c65162ab0d49c7e8a0b580c871ca03af90e42b47b4150654c?s=96&d=mm&r=g\",\"contentUrl\":\"https:\/\/secure.gravatar.com\/avatar\/b0fb2e221d618f7c65162ab0d49c7e8a0b580c871ca03af90e42b47b4150654c?s=96&d=mm&r=g\",\"caption\":\"Debat\"},\"url\":\"https:\/\/kunmedierne.dk\/mors\/author\/debat\/\"}]}<\/script>\n<!-- \/ Yoast SEO plugin. -->","yoast_head_json":{"title":"- Stor tak til vores medarbejdere - Mors","robots":{"index":"index","follow":"follow","max-snippet":"max-snippet:-1","max-image-preview":"max-image-preview:large","max-video-preview":"max-video-preview:-1"},"canonical":"https:\/\/kunmedierne.dk\/mors\/stor-tak-til-vores-medarbejdere\/","og_locale":"da_DK","og_type":"article","og_title":"- Stor tak til vores medarbejdere - Mors","og_description":"Fra Henning S\u00f8rensen, Rosenej 27, 7900 Nyk\u00f8bing, formand for det sociale udvalg i Mors\u00f8 Kommune, har vi modtaget: MORS:\u00a0Som socialudvalgsformand i Mors\u00f8 kommune vil jeg gerne p\u00e5 denne solskinsl\u00f8rdag rette en stor tak til alle de medarbejdere, som arbejder i Mors\u00f8 kommune trods nedlukning af en stor del af det danske samfund. Vi har \u00e6ldre, [&hellip;]","og_url":"https:\/\/kunmedierne.dk\/mors\/stor-tak-til-vores-medarbejdere\/","og_site_name":"Mors","article_published_time":"2020-03-29T06:08:54+00:00","article_modified_time":"2024-08-12T12:06:18+00:00","og_image":[{"width":770,"height":513,"url":"https:\/\/kunmedierne.dk\/mors\/wp-content\/uploads\/2020\/03\/200401-henning-s\u00f8rensen-V.jpg","type":"image\/jpeg"}],"author":"Debat","twitter_card":"summary_large_image","twitter_misc":{"Skrevet af":"Debat","Estimeret l\u00e6setid":"1 minut"},"schema":{"@context":"https:\/\/schema.org","@graph":[{"@type":"Article","@id":"https:\/\/kunmedierne.dk\/mors\/stor-tak-til-vores-medarbejdere\/#article","isPartOf":{"@id":"https:\/\/kunmedierne.dk\/mors\/stor-tak-til-vores-medarbejdere\/"},"author":{"name":"Debat","@id":"https:\/\/kunmedierne.dk\/mors\/#\/schema\/person\/84c1391bce0b43b9bb3a49736bc0ad78"},"headline":"&#8211; Stor tak til vores medarbejdere","datePublished":"2020-03-29T06:08:54+00:00","dateModified":"2024-08-12T12:06:18+00:00","mainEntityOfPage":{"@id":"https:\/\/kunmedierne.dk\/mors\/stor-tak-til-vores-medarbejdere\/"},"wordCount":192,"commentCount":0,"publisher":{"@id":"https:\/\/kunmedierne.dk\/mors\/#organization"},"image":{"@id":"https:\/\/kunmedierne.dk\/mors\/stor-tak-til-vores-medarbejdere\/#primaryimage"},"thumbnailUrl":"https:\/\/kunmedierne.dk\/mors\/wp-content\/uploads\/2020\/03\/200401-henning-s\u00f8rensen-V.jpg","articleSection":["Debat"],"inLanguage":"da-DK","potentialAction":[{"@type":"CommentAction","name":"Comment","target":["https:\/\/kunmedierne.dk\/mors\/stor-tak-til-vores-medarbejdere\/#respond"]}]},{"@type":"WebPage","@id":"https:\/\/kunmedierne.dk\/mors\/stor-tak-til-vores-medarbejdere\/","url":"https:\/\/kunmedierne.dk\/mors\/stor-tak-til-vores-medarbejdere\/","name":"- Stor tak til vores medarbejdere - Mors","isPartOf":{"@id":"https:\/\/kunmedierne.dk\/mors\/#website"},"primaryImageOfPage":{"@id":"https:\/\/kunmedierne.dk\/mors\/stor-tak-til-vores-medarbejdere\/#primaryimage"},"image":{"@id":"https:\/\/kunmedierne.dk\/mors\/stor-tak-til-vores-medarbejdere\/#primaryimage"},"thumbnailUrl":"https:\/\/kunmedierne.dk\/mors\/wp-content\/uploads\/2020\/03\/200401-henning-s\u00f8rensen-V.jpg","datePublished":"2020-03-29T06:08:54+00:00","dateModified":"2024-08-12T12:06:18+00:00","breadcrumb":{"@id":"https:\/\/kunmedierne.dk\/mors\/stor-tak-til-vores-medarbejdere\/#breadcrumb"},"inLanguage":"da-DK","potentialAction":[{"@type":"ReadAction","target":["https:\/\/kunmedierne.dk\/mors\/stor-tak-til-vores-medarbejdere\/"]}]},{"@type":"ImageObject","inLanguage":"da-DK","@id":"https:\/\/kunmedierne.dk\/mors\/stor-tak-til-vores-medarbejdere\/#primaryimage","url":"https:\/\/kunmedierne.dk\/mors\/wp-content\/uploads\/2020\/03\/200401-henning-s\u00f8rensen-V.jpg","contentUrl":"https:\/\/kunmedierne.dk\/mors\/wp-content\/uploads\/2020\/03\/200401-henning-s\u00f8rensen-V.jpg","width":770,"height":513,"caption":"Henning S\u00f8rensen (V). Foto: Per Bech\/Mors\u00f8 Kommune."},{"@type":"BreadcrumbList","@id":"https:\/\/kunmedierne.dk\/mors\/stor-tak-til-vores-medarbejdere\/#breadcrumb","itemListElement":[{"@type":"ListItem","position":1,"name":"Hjem","item":"https:\/\/kunmedierne.dk\/mors\/"},{"@type":"ListItem","position":2,"name":"&#8211; Stor tak til vores medarbejdere"}]},{"@type":"WebSite","@id":"https:\/\/kunmedierne.dk\/mors\/#website","url":"https:\/\/kunmedierne.dk\/mors\/","name":"Mors","description":"et netmedie med journalistik om livet p\u00e5 Mors","publisher":{"@id":"https:\/\/kunmedierne.dk\/mors\/#organization"},"potentialAction":[{"@type":"SearchAction","target":{"@type":"EntryPoint","urlTemplate":"https:\/\/kunmedierne.dk\/mors\/?s={search_term_string}"},"query-input":{"@type":"PropertyValueSpecification","valueRequired":true,"valueName":"search_term_string"}}],"inLanguage":"da-DK"},{"@type":"Organization","@id":"https:\/\/kunmedierne.dk\/mors\/#organization","name":"Mors","url":"https:\/\/kunmedierne.dk\/mors\/","logo":{"@type":"ImageObject","inLanguage":"da-DK","@id":"https:\/\/kunmedierne.dk\/mors\/#\/schema\/logo\/image\/","url":"https:\/\/kunmedierne.dk\/mors\/wp-content\/uploads\/2024\/08\/kunmors-logo.svg","contentUrl":"https:\/\/kunmedierne.dk\/mors\/wp-content\/uploads\/2024\/08\/kunmors-logo.svg","caption":"Mors"},"image":{"@id":"https:\/\/kunmedierne.dk\/mors\/#\/schema\/logo\/image\/"}},{"@type":"Person","@id":"https:\/\/kunmedierne.dk\/mors\/#\/schema\/person\/84c1391bce0b43b9bb3a49736bc0ad78","name":"Debat","image":{"@type":"ImageObject","inLanguage":"da-DK","@id":"https:\/\/kunmedierne.dk\/mors\/#\/schema\/person\/image\/","url":"https:\/\/secure.gravatar.com\/avatar\/b0fb2e221d618f7c65162ab0d49c7e8a0b580c871ca03af90e42b47b4150654c?s=96&d=mm&r=g","contentUrl":"https:\/\/secure.gravatar.com\/avatar\/b0fb2e221d618f7c65162ab0d49c7e8a0b580c871ca03af90e42b47b4150654c?s=96&d=mm&r=g","caption":"Debat"},"url":"https:\/\/kunmedierne.dk\/mors\/author\/debat\/"}]}},"_links":{"self":[{"href":"https:\/\/kunmedierne.dk\/mors\/wp-json\/wp\/v2\/posts\/15108","targetHints":{"allow":["GET"]}}],"collection":[{"href":"https:\/\/kunmedierne.dk\/mors\/wp-json\/wp\/v2\/posts"}],"about":[{"href":"https:\/\/kunmedierne.dk\/mors\/wp-json\/wp\/v2\/types\/post"}],"author":[{"embeddable":true,"href":"https:\/\/kunmedierne.dk\/mors\/wp-json\/wp\/v2\/users\/11"}],"replies":[{"embeddable":true,"href":"https:\/\/kunmedierne.dk\/mors\/wp-json\/wp\/v2\/comments?post=15108"}],"version-history":[{"count":4,"href":"https:\/\/kunmedierne.dk\/mors\/wp-json\/wp\/v2\/posts\/15108\/revisions"}],"predecessor-version":[{"id":33008,"href":"https:\/\/kunmedierne.dk\/mors\/wp-json\/wp\/v2\/posts\/15108\/revisions\/33008"}],"wp:featuredmedia":[{"embeddable":true,"href":"https:\/\/kunmedierne.dk\/mors\/wp-json\/wp\/v2\/media\/15114"}],"wp:attachment":[{"href":"https:\/\/kunmedierne.dk\/mors\/wp-json\/wp\/v2\/media?parent=15108"}],"wp:term":[{"taxonomy":"category","embeddable":true,"href":"https:\/\/kunmedierne.dk\/mors\/wp-json\/wp\/v2\/categories?post=15108"},{"taxonomy":"post_tag","embeddable":true,"href":"https:\/\/kunmedierne.dk\/mors\/wp-json\/wp\/v2\/tags?post=15108"}],"curies":[{"name":"wp","href":"https:\/\/api.w.org\/{rel}","templated":true}]}}