{"id":15076,"date":"2020-03-28T18:21:11","date_gmt":"2020-03-28T17:21:11","guid":{"rendered":"https:\/\/kunmedierne.dk\/mors\/?p=15076"},"modified":"2024-08-12T14:06:18","modified_gmt":"2024-08-12T12:06:18","slug":"ornestationen-er-helt-oppe-i-gear-igen","status":"publish","type":"post","link":"https:\/\/kunmedierne.dk\/mors\/ornestationen-er-helt-oppe-i-gear-igen\/","title":{"rendered":"Ornestationen er helt oppe i gear igen"},"content":{"rendered":"<p><strong>REDSTED<\/strong>: Det, der blev beskrevet som &#8220;en rigtig, rigtig tr\u00e6ls situation&#8221; er endt med en mere t\u00e5lelig konsekvens for Ornestation Mors.<\/p>\n<p>F\u00f8rst p\u00e5 m\u00e5neden blev der konstateret <a href=\"https:\/\/kunmedierne.dk\/mors\/breaking-mistanke-om-prrs-virus-paa-ornestation-mors\/\" target=\"_blank\" rel=\"noopener noreferrer\">mistanke om PRRS-virus<\/a> i en af virksomhedens afdelinger. Mistanken blev senere <a href=\"https:\/\/kunmedierne.dk\/mors\/bestyrket-mistanke-om-virus-blev-bekraeftet\/\" target=\"_blank\" rel=\"noopener noreferrer\">bekr\u00e6ftet<\/a>, og 12 orner m\u00e5tte derfor lade livet. Men de 330 \u00f8vrige gik fri, og i dag kan direkt\u00f8r Johnny Markussen se tilbage p\u00e5 et hektisk og alvorligt forl\u00f8b, der faldt meget bedre ud, end man kunne have frygtet.<\/p>\n<p>&#8220;Vi slap jo egentlig heldigt med at aflive 12 orner. Det gjorde ondt, men sammenlignet med at aflive 330 flere og v\u00e6re lukket ned i fire m\u00e5neder var vi heldige,&#8221; siger han.<\/p>\n<p>Han gl\u00e6der sig over, at virus blev konstateret i f\u00e5 orner og over, at tallene i pr\u00f8verne trods alt var i den lave ende.<\/p>\n<p>&#8220;Det var lige p\u00e5 gr\u00e6nsen til, om det var noget eller ej, men man tager jo ingen chancer,&#8221; siger han.<\/p>\n<p>F\u00f8rst og fremmest gl\u00e6der han sig dog over, at intet tyder p\u00e5, at smitten er n\u00e5et ud til andre bes\u00e6tninger.<\/p>\n<p>&#8220;Det er dejligt, at det ikke har forvoldt skader p\u00e5 nogen kunder, som det ser ud nu,&#8221; siger Johnny Markussen.<\/p>\n<p>&nbsp;<\/p>\n<p><strong>Har ikke tabt kunder<\/strong><\/p>\n<p>Ornestation Mors dog m\u00e5ttet finde sig i et \u00f8konomisk tab.<\/p>\n<p>&#8220;Jeg kan ikke lige s\u00e6tte tal p\u00e5, men vi har jo m\u00e5ttet k\u00f8be s\u00e6d hos konkurrenter og k\u00f8re ud med til vores kunder. Og det var 35 procent af produktionen, der blev lagt ned i 12 dage,&#8221; siger han, men tilf\u00f8jer, at tabet ikke har v\u00e6ret s\u00e5 stort, at virksomheden har m\u00e5ttet sk\u00e6re i den 70 mand store bemanding.<\/p>\n<p>&#8220;Og alle vores kunder har v\u00e6ret loyale, vi har ikke mistet en eneste. S\u00e5 vi er sluppet rigtig godt fra det,&#8221; siger han.<\/p>\n<p>&nbsp;<\/p>\n","protected":false},"excerpt":{"rendered":"<p>REDSTED: Det, der blev beskrevet som &#8220;en rigtig, rigtig tr\u00e6ls situation&#8221; er endt med en mere t\u00e5lelig konsekvens for Ornestation Mors. F\u00f8rst p\u00e5 m\u00e5neden blev der konstateret mistanke om PRRS-virus i en af virksomhedens afdelinger. Mistanken blev senere bekr\u00e6ftet, og 12 orner m\u00e5tte derfor lade livet. Men de 330 \u00f8vrige gik fri, og i dag [&hellip;]<\/p>\n","protected":false},"author":8,"featured_media":11189,"comment_status":"open","ping_status":"open","sticky":false,"template":"","format":"standard","meta":{"_acf_changed":false,"footnotes":""},"categories":[51],"tags":[159],"class_list":["post-15076","post","type-post","status-publish","format-standard","has-post-thumbnail","hentry","category-lokalt","tag-erhverv"],"acf":[],"yoast_head":"<!-- This site is optimized with the Yoast SEO plugin v26.8 - https:\/\/yoast.com\/product\/yoast-seo-wordpress\/ -->\n<title>Ornestationen er helt oppe i gear igen - Mors<\/title>\n<meta name=\"robots\" content=\"index, follow, max-snippet:-1, max-image-preview:large, max-video-preview:-1\" \/>\n<link rel=\"canonical\" href=\"https:\/\/kunmedierne.dk\/mors\/ornestationen-er-helt-oppe-i-gear-igen\/\" \/>\n<meta property=\"og:locale\" content=\"da_DK\" \/>\n<meta property=\"og:type\" content=\"article\" \/>\n<meta property=\"og:title\" content=\"Ornestationen er helt oppe i gear igen - Mors\" \/>\n<meta property=\"og:description\" content=\"REDSTED: Det, der blev beskrevet som &#8220;en rigtig, rigtig tr\u00e6ls situation&#8221; er endt med en mere t\u00e5lelig konsekvens for Ornestation Mors. F\u00f8rst p\u00e5 m\u00e5neden blev der konstateret mistanke om PRRS-virus i en af virksomhedens afdelinger. Mistanken blev senere bekr\u00e6ftet, og 12 orner m\u00e5tte derfor lade livet. Men de 330 \u00f8vrige gik fri, og i dag [&hellip;]\" \/>\n<meta property=\"og:url\" content=\"https:\/\/kunmedierne.dk\/mors\/ornestationen-er-helt-oppe-i-gear-igen\/\" \/>\n<meta property=\"og:site_name\" content=\"Mors\" \/>\n<meta property=\"article:published_time\" content=\"2020-03-28T17:21:11+00:00\" \/>\n<meta property=\"article:modified_time\" content=\"2024-08-12T12:06:18+00:00\" \/>\n<meta property=\"og:image\" content=\"https:\/\/kunmedierne.dk\/mors\/wp-content\/uploads\/2020\/03\/200304-gris-unsplash.jpg\" \/>\n\t<meta property=\"og:image:width\" content=\"770\" \/>\n\t<meta property=\"og:image:height\" content=\"513\" \/>\n\t<meta property=\"og:image:type\" content=\"image\/jpeg\" \/>\n<meta name=\"author\" content=\"David H\u00f8jmark\" \/>\n<meta name=\"twitter:card\" content=\"summary_large_image\" \/>\n<meta name=\"twitter:label1\" content=\"Skrevet af\" \/>\n\t<meta name=\"twitter:data1\" content=\"David H\u00f8jmark\" \/>\n\t<meta name=\"twitter:label2\" content=\"Estimeret l\u00e6setid\" \/>\n\t<meta name=\"twitter:data2\" content=\"2 minutter\" \/>\n<script type=\"application\/ld+json\" class=\"yoast-schema-graph\">{\"@context\":\"https:\/\/schema.org\",\"@graph\":[{\"@type\":\"Article\",\"@id\":\"https:\/\/kunmedierne.dk\/mors\/ornestationen-er-helt-oppe-i-gear-igen\/#article\",\"isPartOf\":{\"@id\":\"https:\/\/kunmedierne.dk\/mors\/ornestationen-er-helt-oppe-i-gear-igen\/\"},\"author\":{\"name\":\"David H\u00f8jmark\",\"@id\":\"https:\/\/kunmedierne.dk\/mors\/#\/schema\/person\/5fe23251bf1d0abbcdc6f7896579d548\"},\"headline\":\"Ornestationen er helt oppe i gear igen\",\"datePublished\":\"2020-03-28T17:21:11+00:00\",\"dateModified\":\"2024-08-12T12:06:18+00:00\",\"mainEntityOfPage\":{\"@id\":\"https:\/\/kunmedierne.dk\/mors\/ornestationen-er-helt-oppe-i-gear-igen\/\"},\"wordCount\":319,\"commentCount\":0,\"publisher\":{\"@id\":\"https:\/\/kunmedierne.dk\/mors\/#organization\"},\"image\":{\"@id\":\"https:\/\/kunmedierne.dk\/mors\/ornestationen-er-helt-oppe-i-gear-igen\/#primaryimage\"},\"thumbnailUrl\":\"https:\/\/kunmedierne.dk\/mors\/wp-content\/uploads\/2020\/03\/200304-gris-unsplash.jpg\",\"keywords\":[\"Erhverv\"],\"articleSection\":[\"Lokalt\"],\"inLanguage\":\"da-DK\",\"potentialAction\":[{\"@type\":\"CommentAction\",\"name\":\"Comment\",\"target\":[\"https:\/\/kunmedierne.dk\/mors\/ornestationen-er-helt-oppe-i-gear-igen\/#respond\"]}]},{\"@type\":\"WebPage\",\"@id\":\"https:\/\/kunmedierne.dk\/mors\/ornestationen-er-helt-oppe-i-gear-igen\/\",\"url\":\"https:\/\/kunmedierne.dk\/mors\/ornestationen-er-helt-oppe-i-gear-igen\/\",\"name\":\"Ornestationen er helt oppe i gear igen - Mors\",\"isPartOf\":{\"@id\":\"https:\/\/kunmedierne.dk\/mors\/#website\"},\"primaryImageOfPage\":{\"@id\":\"https:\/\/kunmedierne.dk\/mors\/ornestationen-er-helt-oppe-i-gear-igen\/#primaryimage\"},\"image\":{\"@id\":\"https:\/\/kunmedierne.dk\/mors\/ornestationen-er-helt-oppe-i-gear-igen\/#primaryimage\"},\"thumbnailUrl\":\"https:\/\/kunmedierne.dk\/mors\/wp-content\/uploads\/2020\/03\/200304-gris-unsplash.jpg\",\"datePublished\":\"2020-03-28T17:21:11+00:00\",\"dateModified\":\"2024-08-12T12:06:18+00:00\",\"breadcrumb\":{\"@id\":\"https:\/\/kunmedierne.dk\/mors\/ornestationen-er-helt-oppe-i-gear-igen\/#breadcrumb\"},\"inLanguage\":\"da-DK\",\"potentialAction\":[{\"@type\":\"ReadAction\",\"target\":[\"https:\/\/kunmedierne.dk\/mors\/ornestationen-er-helt-oppe-i-gear-igen\/\"]}]},{\"@type\":\"ImageObject\",\"inLanguage\":\"da-DK\",\"@id\":\"https:\/\/kunmedierne.dk\/mors\/ornestationen-er-helt-oppe-i-gear-igen\/#primaryimage\",\"url\":\"https:\/\/kunmedierne.dk\/mors\/wp-content\/uploads\/2020\/03\/200304-gris-unsplash.jpg\",\"contentUrl\":\"https:\/\/kunmedierne.dk\/mors\/wp-content\/uploads\/2020\/03\/200304-gris-unsplash.jpg\",\"width\":770,\"height\":513,\"caption\":\"Ornestation Mors st\u00e5r bag en stor del af den danske svineavl. Genrefoto: Laura Anderson\/Unsplash.\"},{\"@type\":\"BreadcrumbList\",\"@id\":\"https:\/\/kunmedierne.dk\/mors\/ornestationen-er-helt-oppe-i-gear-igen\/#breadcrumb\",\"itemListElement\":[{\"@type\":\"ListItem\",\"position\":1,\"name\":\"Hjem\",\"item\":\"https:\/\/kunmedierne.dk\/mors\/\"},{\"@type\":\"ListItem\",\"position\":2,\"name\":\"Ornestationen er helt oppe i gear igen\"}]},{\"@type\":\"WebSite\",\"@id\":\"https:\/\/kunmedierne.dk\/mors\/#website\",\"url\":\"https:\/\/kunmedierne.dk\/mors\/\",\"name\":\"Mors\",\"description\":\"et netmedie med journalistik om livet p\u00e5 Mors\",\"publisher\":{\"@id\":\"https:\/\/kunmedierne.dk\/mors\/#organization\"},\"potentialAction\":[{\"@type\":\"SearchAction\",\"target\":{\"@type\":\"EntryPoint\",\"urlTemplate\":\"https:\/\/kunmedierne.dk\/mors\/?s={search_term_string}\"},\"query-input\":{\"@type\":\"PropertyValueSpecification\",\"valueRequired\":true,\"valueName\":\"search_term_string\"}}],\"inLanguage\":\"da-DK\"},{\"@type\":\"Organization\",\"@id\":\"https:\/\/kunmedierne.dk\/mors\/#organization\",\"name\":\"Mors\",\"url\":\"https:\/\/kunmedierne.dk\/mors\/\",\"logo\":{\"@type\":\"ImageObject\",\"inLanguage\":\"da-DK\",\"@id\":\"https:\/\/kunmedierne.dk\/mors\/#\/schema\/logo\/image\/\",\"url\":\"https:\/\/kunmedierne.dk\/mors\/wp-content\/uploads\/2024\/08\/kunmors-logo.svg\",\"contentUrl\":\"https:\/\/kunmedierne.dk\/mors\/wp-content\/uploads\/2024\/08\/kunmors-logo.svg\",\"caption\":\"Mors\"},\"image\":{\"@id\":\"https:\/\/kunmedierne.dk\/mors\/#\/schema\/logo\/image\/\"}},{\"@type\":\"Person\",\"@id\":\"https:\/\/kunmedierne.dk\/mors\/#\/schema\/person\/5fe23251bf1d0abbcdc6f7896579d548\",\"name\":\"David H\u00f8jmark\",\"image\":{\"@type\":\"ImageObject\",\"inLanguage\":\"da-DK\",\"@id\":\"https:\/\/kunmedierne.dk\/mors\/#\/schema\/person\/image\/\",\"url\":\"https:\/\/secure.gravatar.com\/avatar\/4315d6fb9ef244d729989f5f90268eb08d5bf8a3d84402f595fa194bb35784fd?s=96&d=mm&r=g\",\"contentUrl\":\"https:\/\/secure.gravatar.com\/avatar\/4315d6fb9ef244d729989f5f90268eb08d5bf8a3d84402f595fa194bb35784fd?s=96&d=mm&r=g\",\"caption\":\"David H\u00f8jmark\"},\"sameAs\":[\"https:\/\/www.kunmedierne.dk\"],\"url\":\"https:\/\/kunmedierne.dk\/mors\/author\/david\/\"}]}<\/script>\n<!-- \/ Yoast SEO plugin. -->","yoast_head_json":{"title":"Ornestationen er helt oppe i gear igen - Mors","robots":{"index":"index","follow":"follow","max-snippet":"max-snippet:-1","max-image-preview":"max-image-preview:large","max-video-preview":"max-video-preview:-1"},"canonical":"https:\/\/kunmedierne.dk\/mors\/ornestationen-er-helt-oppe-i-gear-igen\/","og_locale":"da_DK","og_type":"article","og_title":"Ornestationen er helt oppe i gear igen - Mors","og_description":"REDSTED: Det, der blev beskrevet som &#8220;en rigtig, rigtig tr\u00e6ls situation&#8221; er endt med en mere t\u00e5lelig konsekvens for Ornestation Mors. F\u00f8rst p\u00e5 m\u00e5neden blev der konstateret mistanke om PRRS-virus i en af virksomhedens afdelinger. Mistanken blev senere bekr\u00e6ftet, og 12 orner m\u00e5tte derfor lade livet. Men de 330 \u00f8vrige gik fri, og i dag [&hellip;]","og_url":"https:\/\/kunmedierne.dk\/mors\/ornestationen-er-helt-oppe-i-gear-igen\/","og_site_name":"Mors","article_published_time":"2020-03-28T17:21:11+00:00","article_modified_time":"2024-08-12T12:06:18+00:00","og_image":[{"width":770,"height":513,"url":"https:\/\/kunmedierne.dk\/mors\/wp-content\/uploads\/2020\/03\/200304-gris-unsplash.jpg","type":"image\/jpeg"}],"author":"David H\u00f8jmark","twitter_card":"summary_large_image","twitter_misc":{"Skrevet af":"David H\u00f8jmark","Estimeret l\u00e6setid":"2 minutter"},"schema":{"@context":"https:\/\/schema.org","@graph":[{"@type":"Article","@id":"https:\/\/kunmedierne.dk\/mors\/ornestationen-er-helt-oppe-i-gear-igen\/#article","isPartOf":{"@id":"https:\/\/kunmedierne.dk\/mors\/ornestationen-er-helt-oppe-i-gear-igen\/"},"author":{"name":"David H\u00f8jmark","@id":"https:\/\/kunmedierne.dk\/mors\/#\/schema\/person\/5fe23251bf1d0abbcdc6f7896579d548"},"headline":"Ornestationen er helt oppe i gear igen","datePublished":"2020-03-28T17:21:11+00:00","dateModified":"2024-08-12T12:06:18+00:00","mainEntityOfPage":{"@id":"https:\/\/kunmedierne.dk\/mors\/ornestationen-er-helt-oppe-i-gear-igen\/"},"wordCount":319,"commentCount":0,"publisher":{"@id":"https:\/\/kunmedierne.dk\/mors\/#organization"},"image":{"@id":"https:\/\/kunmedierne.dk\/mors\/ornestationen-er-helt-oppe-i-gear-igen\/#primaryimage"},"thumbnailUrl":"https:\/\/kunmedierne.dk\/mors\/wp-content\/uploads\/2020\/03\/200304-gris-unsplash.jpg","keywords":["Erhverv"],"articleSection":["Lokalt"],"inLanguage":"da-DK","potentialAction":[{"@type":"CommentAction","name":"Comment","target":["https:\/\/kunmedierne.dk\/mors\/ornestationen-er-helt-oppe-i-gear-igen\/#respond"]}]},{"@type":"WebPage","@id":"https:\/\/kunmedierne.dk\/mors\/ornestationen-er-helt-oppe-i-gear-igen\/","url":"https:\/\/kunmedierne.dk\/mors\/ornestationen-er-helt-oppe-i-gear-igen\/","name":"Ornestationen er helt oppe i gear igen - Mors","isPartOf":{"@id":"https:\/\/kunmedierne.dk\/mors\/#website"},"primaryImageOfPage":{"@id":"https:\/\/kunmedierne.dk\/mors\/ornestationen-er-helt-oppe-i-gear-igen\/#primaryimage"},"image":{"@id":"https:\/\/kunmedierne.dk\/mors\/ornestationen-er-helt-oppe-i-gear-igen\/#primaryimage"},"thumbnailUrl":"https:\/\/kunmedierne.dk\/mors\/wp-content\/uploads\/2020\/03\/200304-gris-unsplash.jpg","datePublished":"2020-03-28T17:21:11+00:00","dateModified":"2024-08-12T12:06:18+00:00","breadcrumb":{"@id":"https:\/\/kunmedierne.dk\/mors\/ornestationen-er-helt-oppe-i-gear-igen\/#breadcrumb"},"inLanguage":"da-DK","potentialAction":[{"@type":"ReadAction","target":["https:\/\/kunmedierne.dk\/mors\/ornestationen-er-helt-oppe-i-gear-igen\/"]}]},{"@type":"ImageObject","inLanguage":"da-DK","@id":"https:\/\/kunmedierne.dk\/mors\/ornestationen-er-helt-oppe-i-gear-igen\/#primaryimage","url":"https:\/\/kunmedierne.dk\/mors\/wp-content\/uploads\/2020\/03\/200304-gris-unsplash.jpg","contentUrl":"https:\/\/kunmedierne.dk\/mors\/wp-content\/uploads\/2020\/03\/200304-gris-unsplash.jpg","width":770,"height":513,"caption":"Ornestation Mors st\u00e5r bag en stor del af den danske svineavl. Genrefoto: Laura Anderson\/Unsplash."},{"@type":"BreadcrumbList","@id":"https:\/\/kunmedierne.dk\/mors\/ornestationen-er-helt-oppe-i-gear-igen\/#breadcrumb","itemListElement":[{"@type":"ListItem","position":1,"name":"Hjem","item":"https:\/\/kunmedierne.dk\/mors\/"},{"@type":"ListItem","position":2,"name":"Ornestationen er helt oppe i gear igen"}]},{"@type":"WebSite","@id":"https:\/\/kunmedierne.dk\/mors\/#website","url":"https:\/\/kunmedierne.dk\/mors\/","name":"Mors","description":"et netmedie med journalistik om livet p\u00e5 Mors","publisher":{"@id":"https:\/\/kunmedierne.dk\/mors\/#organization"},"potentialAction":[{"@type":"SearchAction","target":{"@type":"EntryPoint","urlTemplate":"https:\/\/kunmedierne.dk\/mors\/?s={search_term_string}"},"query-input":{"@type":"PropertyValueSpecification","valueRequired":true,"valueName":"search_term_string"}}],"inLanguage":"da-DK"},{"@type":"Organization","@id":"https:\/\/kunmedierne.dk\/mors\/#organization","name":"Mors","url":"https:\/\/kunmedierne.dk\/mors\/","logo":{"@type":"ImageObject","inLanguage":"da-DK","@id":"https:\/\/kunmedierne.dk\/mors\/#\/schema\/logo\/image\/","url":"https:\/\/kunmedierne.dk\/mors\/wp-content\/uploads\/2024\/08\/kunmors-logo.svg","contentUrl":"https:\/\/kunmedierne.dk\/mors\/wp-content\/uploads\/2024\/08\/kunmors-logo.svg","caption":"Mors"},"image":{"@id":"https:\/\/kunmedierne.dk\/mors\/#\/schema\/logo\/image\/"}},{"@type":"Person","@id":"https:\/\/kunmedierne.dk\/mors\/#\/schema\/person\/5fe23251bf1d0abbcdc6f7896579d548","name":"David H\u00f8jmark","image":{"@type":"ImageObject","inLanguage":"da-DK","@id":"https:\/\/kunmedierne.dk\/mors\/#\/schema\/person\/image\/","url":"https:\/\/secure.gravatar.com\/avatar\/4315d6fb9ef244d729989f5f90268eb08d5bf8a3d84402f595fa194bb35784fd?s=96&d=mm&r=g","contentUrl":"https:\/\/secure.gravatar.com\/avatar\/4315d6fb9ef244d729989f5f90268eb08d5bf8a3d84402f595fa194bb35784fd?s=96&d=mm&r=g","caption":"David H\u00f8jmark"},"sameAs":["https:\/\/www.kunmedierne.dk"],"url":"https:\/\/kunmedierne.dk\/mors\/author\/david\/"}]}},"_links":{"self":[{"href":"https:\/\/kunmedierne.dk\/mors\/wp-json\/wp\/v2\/posts\/15076","targetHints":{"allow":["GET"]}}],"collection":[{"href":"https:\/\/kunmedierne.dk\/mors\/wp-json\/wp\/v2\/posts"}],"about":[{"href":"https:\/\/kunmedierne.dk\/mors\/wp-json\/wp\/v2\/types\/post"}],"author":[{"embeddable":true,"href":"https:\/\/kunmedierne.dk\/mors\/wp-json\/wp\/v2\/users\/8"}],"replies":[{"embeddable":true,"href":"https:\/\/kunmedierne.dk\/mors\/wp-json\/wp\/v2\/comments?post=15076"}],"version-history":[{"count":1,"href":"https:\/\/kunmedierne.dk\/mors\/wp-json\/wp\/v2\/posts\/15076\/revisions"}],"predecessor-version":[{"id":15077,"href":"https:\/\/kunmedierne.dk\/mors\/wp-json\/wp\/v2\/posts\/15076\/revisions\/15077"}],"wp:featuredmedia":[{"embeddable":true,"href":"https:\/\/kunmedierne.dk\/mors\/wp-json\/wp\/v2\/media\/11189"}],"wp:attachment":[{"href":"https:\/\/kunmedierne.dk\/mors\/wp-json\/wp\/v2\/media?parent=15076"}],"wp:term":[{"taxonomy":"category","embeddable":true,"href":"https:\/\/kunmedierne.dk\/mors\/wp-json\/wp\/v2\/categories?post=15076"},{"taxonomy":"post_tag","embeddable":true,"href":"https:\/\/kunmedierne.dk\/mors\/wp-json\/wp\/v2\/tags?post=15076"}],"curies":[{"name":"wp","href":"https:\/\/api.w.org\/{rel}","templated":true}]}}