{"id":15039,"date":"2020-03-28T11:49:27","date_gmt":"2020-03-28T10:49:27","guid":{"rendered":"https:\/\/kunmedierne.dk\/mors\/?p=15039"},"modified":"2024-08-12T14:06:18","modified_gmt":"2024-08-12T12:06:18","slug":"loevbjerg-aabner-to-dage-i-paasken","status":"publish","type":"post","link":"https:\/\/kunmedierne.dk\/mors\/loevbjerg-aabner-to-dage-i-paasken\/","title":{"rendered":"L\u00f8vbjerg \u00e5bner to dage i p\u00e5sken"},"content":{"rendered":"<p><strong>NYK\u00d8BING<\/strong>: Coronakrisen f\u00f8rte fredag til en \u00e6ndring i lukkeloven. Den skaber normalt lange k\u00f8er og stort salg i de store butikker p\u00e5 dagene op til sk\u00e6rtorsdag og p\u00e5skes\u00f8ndag, men nu har erhvervsminister Simon Kollerup midlertidigt \u00e6ndret lukkeloven, s\u00e5 ogs\u00e5\u00a0st\u00f8rre butikker i \u00e5r m\u00e5 holde \u00e5bent p\u00e5 de to helligdage.<\/p>\n<p>&#8220;Det giver os alle st\u00f8rre mulighed til at handle p\u00e5 forskellige tidspunkter, og det giver kortere k\u00f8er og mindre smitteeksponering. Samtidig vil jeg gerne opfordre til, at der tages hensyn til det i forvejen h\u00f8je arbejdspres i butikkerne, n\u00e5r vagterne i p\u00e5ske skal planl\u00e6gges,&#8221; lyder det i en pressemeddelelse fra Simon Kollerup.<\/p>\n<p>\u00c6ndringen vil ogs\u00e5 kunne ses lokalt. I Nyk\u00f8bing har L\u00f8vbjerg normalt lukket p\u00e5 alle fire helligdage i p\u00e5sken, men butikschef Bjarne Smedegaard oplyser til KunMors, at L\u00f8vbjerg i \u00e5r har \u00e5bent torsdag og s\u00f8ndag fra 10 til 17.<\/p>\n<p>&#8220;Onsdag og l\u00f8rdag er normalt de to mest travle dage p\u00e5 \u00e5ret. Der vil folk klumpe sig sammen og st\u00e5 i k\u00f8. Nu kan vi sprede det ud p\u00e5 flere timer. Beslutningen er taget ud fra et sundhedskriterium, og det bakker vi op om,&#8221; siger han.<\/p>\n<p>Bjarne Smedegaard tilf\u00f8jer, at det ogs\u00e5 med de to ekstra dage med \u00e5bent bliver sv\u00e6rt at leve op til myndighedernes anbefaling om at undg\u00e5 t\u00e6t kontakt. Men det hj\u00e6lper p\u00e5 det, n\u00e5r kunderne f\u00e5r flere dage at handle p\u00e5, p\u00e5peger han.<\/p>\n<p>&nbsp;<\/p>\n<p><strong>En varm kartoffel<\/strong><\/p>\n<p>At en r\u00e6kke st\u00f8rre butikker i Danmark har f\u00e5et ekstra \u00e5bningsdage i p\u00e5sken under coronakrisen, v\u00e6kker ikke n\u00f8dvendigvis begejstring hos andre. Coop Danmark og Dagrofa, som har mange butikker, der ogs\u00e5 normalt m\u00e5 have \u00e5bent hen over p\u00e5sken, har v\u00e6ret ude med et \u00f8nske om, at lukkeloven som altid skal v\u00e6re g\u00e6ldende i denne p\u00e5ske.<\/p>\n<p>Bjarne Smedegaard kalder da ogs\u00e5 sp\u00f8rgsm\u00e5let for &#8220;en varm kartoffel&#8221;.<\/p>\n<p>&#8220;Men det er det sundhedsm\u00e6ssige, vi forholder os til. Det andet har jeg ikke rigtigt nogen kommentar til,&#8221; siger han.<\/p>\n<p>L\u00f8vbjerg-chefen sl\u00e5r dog fast, at de ekstra \u00e5bningsdage i \u00e5r n\u00e6ppe g\u00f8r den store forskel i indtjeningen. Dels kan man forvente et forandret p\u00e5skesalg i \u00e5r p\u00e5 grund af lukningen af blandt andet Jesperhus, og fordi der lagt op til mindre p\u00e5skefrokoster end s\u00e6dvanligt. Og dels er der ogs\u00e5 ekstra udgifter forbundet med to ekstra \u00e5bningsdage.<\/p>\n<p>&#8220;Det er ikke noget, vi kommer til at tjene p\u00e5 overhovedet. Dagen f\u00f8r p\u00e5ske bliver lidt mindre, end den plejer at v\u00e6re. Jeg tror, det kommer til at g\u00e5 lige op, det bliver bare spredt mere ud over flere dage,&#8221; siger Bjarne Smedegaard<\/p>\n<p>&nbsp;<\/p>\n<p><strong>Fuld accept hos konkurrent i Vils<\/strong><\/p>\n<p>Hos Min K\u00f8bmand i Vils har man ogs\u00e5 noteret sig, at en af \u00f8ens konkurrenter nu f\u00e5r mulighed for at s\u00e6lge p\u00e5 dage, den normalt ikke har haft det.<\/p>\n<div id=\"attachment_15041\" style=\"width: 443px\" class=\"wp-caption alignright\"><img loading=\"lazy\" decoding=\"async\" aria-describedby=\"caption-attachment-15041\" class=\"size-full wp-image-15041\" src=\"https:\/\/kunmedierne.dk\/mors\/wp-content\/uploads\/2020\/03\/200209-min-k\u00f8bmand-vils-leo-dybdal2.jpg\" alt=\"\" width=\"433\" height=\"513\" srcset=\"https:\/\/kunmedierne.dk\/mors\/wp-content\/uploads\/2020\/03\/200209-min-k\u00f8bmand-vils-leo-dybdal2.jpg 433w, https:\/\/kunmedierne.dk\/mors\/wp-content\/uploads\/2020\/03\/200209-min-k\u00f8bmand-vils-leo-dybdal2-253x300.jpg 253w\" sizes=\"auto, (max-width: 433px) 100vw, 433px\" \/><p id=\"caption-attachment-15041\" class=\"wp-caption-text\">Leo Dybdal, k\u00f8bmand i Vils, har ingen problemer med mere salg i L\u00f8vbjerg p\u00e5 to af dagene i p\u00e5ske.<\/p><\/div>\n<p>K\u00f8bmand Leo Dybdal har dog ingen problem med, at L\u00f8vbjerg f\u00e5r lov til det.<\/p>\n<p>&#8220;Det kan jeg sagtens leve med. Om de kan s\u00e6lge p\u00e5 de to dage, kan jeg ikke hidse mig op over. Jeg er ikke bange for, at vi ikke f\u00e5r solgt nogle varer, selv om de har \u00e5bent nogle ekstra dage,&#8221; siger han og hilser initiativet i forhold til at bek\u00e6mpe coronasmitten meget velkomment.<\/p>\n<p>Og han bekr\u00e6fter formodningen om, at det g\u00f8r en forskel med f\u00e6rre kunder i butikken p\u00e5 samme tid, n\u00e5r man spreder handlen ud over flere dage.<\/p>\n<p>&#8220;Det udj\u00e6vner jo det hele lidt mere,&#8221; siger han.<\/p>\n<p>&nbsp;<\/p>\n","protected":false},"excerpt":{"rendered":"<p>NYK\u00d8BING: Coronakrisen f\u00f8rte fredag til en \u00e6ndring i lukkeloven. Den skaber normalt lange k\u00f8er og stort salg i de store butikker p\u00e5 dagene op til sk\u00e6rtorsdag og p\u00e5skes\u00f8ndag, men nu har erhvervsminister Simon Kollerup midlertidigt \u00e6ndret lukkeloven, s\u00e5 ogs\u00e5\u00a0st\u00f8rre butikker i \u00e5r m\u00e5 holde \u00e5bent p\u00e5 de to helligdage. &#8220;Det giver os alle st\u00f8rre mulighed [&hellip;]<\/p>\n","protected":false},"author":8,"featured_media":15040,"comment_status":"open","ping_status":"open","sticky":false,"template":"","format":"standard","meta":{"_acf_changed":false,"footnotes":""},"categories":[51],"tags":[160],"class_list":["post-15039","post","type-post","status-publish","format-standard","has-post-thumbnail","hentry","category-lokalt","tag-handel"],"acf":[],"yoast_head":"<!-- This site is optimized with the Yoast SEO plugin v26.8 - https:\/\/yoast.com\/product\/yoast-seo-wordpress\/ -->\n<title>L\u00f8vbjerg \u00e5bner to dage i p\u00e5sken - Mors<\/title>\n<meta name=\"robots\" content=\"index, follow, max-snippet:-1, max-image-preview:large, max-video-preview:-1\" \/>\n<link rel=\"canonical\" href=\"https:\/\/kunmedierne.dk\/mors\/loevbjerg-aabner-to-dage-i-paasken\/\" \/>\n<meta property=\"og:locale\" content=\"da_DK\" \/>\n<meta property=\"og:type\" content=\"article\" \/>\n<meta property=\"og:title\" content=\"L\u00f8vbjerg \u00e5bner to dage i p\u00e5sken - Mors\" \/>\n<meta property=\"og:description\" content=\"NYK\u00d8BING: Coronakrisen f\u00f8rte fredag til en \u00e6ndring i lukkeloven. Den skaber normalt lange k\u00f8er og stort salg i de store butikker p\u00e5 dagene op til sk\u00e6rtorsdag og p\u00e5skes\u00f8ndag, men nu har erhvervsminister Simon Kollerup midlertidigt \u00e6ndret lukkeloven, s\u00e5 ogs\u00e5\u00a0st\u00f8rre butikker i \u00e5r m\u00e5 holde \u00e5bent p\u00e5 de to helligdage. &#8220;Det giver os alle st\u00f8rre mulighed [&hellip;]\" \/>\n<meta property=\"og:url\" content=\"https:\/\/kunmedierne.dk\/mors\/loevbjerg-aabner-to-dage-i-paasken\/\" \/>\n<meta property=\"og:site_name\" content=\"Mors\" \/>\n<meta property=\"article:published_time\" content=\"2020-03-28T10:49:27+00:00\" \/>\n<meta property=\"article:modified_time\" content=\"2024-08-12T12:06:18+00:00\" \/>\n<meta property=\"og:image\" content=\"https:\/\/kunmedierne.dk\/mors\/wp-content\/uploads\/2020\/03\/200327-bjarne-smedegaard.jpg\" \/>\n\t<meta property=\"og:image:width\" content=\"770\" \/>\n\t<meta property=\"og:image:height\" content=\"513\" \/>\n\t<meta property=\"og:image:type\" content=\"image\/jpeg\" \/>\n<meta name=\"author\" content=\"David H\u00f8jmark\" \/>\n<meta name=\"twitter:card\" content=\"summary_large_image\" \/>\n<meta name=\"twitter:label1\" content=\"Skrevet af\" \/>\n\t<meta name=\"twitter:data1\" content=\"David H\u00f8jmark\" \/>\n\t<meta name=\"twitter:label2\" content=\"Estimeret l\u00e6setid\" \/>\n\t<meta name=\"twitter:data2\" content=\"3 minutter\" \/>\n<script type=\"application\/ld+json\" class=\"yoast-schema-graph\">{\"@context\":\"https:\/\/schema.org\",\"@graph\":[{\"@type\":\"Article\",\"@id\":\"https:\/\/kunmedierne.dk\/mors\/loevbjerg-aabner-to-dage-i-paasken\/#article\",\"isPartOf\":{\"@id\":\"https:\/\/kunmedierne.dk\/mors\/loevbjerg-aabner-to-dage-i-paasken\/\"},\"author\":{\"name\":\"David H\u00f8jmark\",\"@id\":\"https:\/\/kunmedierne.dk\/mors\/#\/schema\/person\/5fe23251bf1d0abbcdc6f7896579d548\"},\"headline\":\"L\u00f8vbjerg \u00e5bner to dage i p\u00e5sken\",\"datePublished\":\"2020-03-28T10:49:27+00:00\",\"dateModified\":\"2024-08-12T12:06:18+00:00\",\"mainEntityOfPage\":{\"@id\":\"https:\/\/kunmedierne.dk\/mors\/loevbjerg-aabner-to-dage-i-paasken\/\"},\"wordCount\":654,\"commentCount\":0,\"publisher\":{\"@id\":\"https:\/\/kunmedierne.dk\/mors\/#organization\"},\"image\":{\"@id\":\"https:\/\/kunmedierne.dk\/mors\/loevbjerg-aabner-to-dage-i-paasken\/#primaryimage\"},\"thumbnailUrl\":\"https:\/\/kunmedierne.dk\/mors\/wp-content\/uploads\/2020\/03\/200327-bjarne-smedegaard.jpg\",\"keywords\":[\"Handel\"],\"articleSection\":[\"Lokalt\"],\"inLanguage\":\"da-DK\",\"potentialAction\":[{\"@type\":\"CommentAction\",\"name\":\"Comment\",\"target\":[\"https:\/\/kunmedierne.dk\/mors\/loevbjerg-aabner-to-dage-i-paasken\/#respond\"]}]},{\"@type\":\"WebPage\",\"@id\":\"https:\/\/kunmedierne.dk\/mors\/loevbjerg-aabner-to-dage-i-paasken\/\",\"url\":\"https:\/\/kunmedierne.dk\/mors\/loevbjerg-aabner-to-dage-i-paasken\/\",\"name\":\"L\u00f8vbjerg \u00e5bner to dage i p\u00e5sken - Mors\",\"isPartOf\":{\"@id\":\"https:\/\/kunmedierne.dk\/mors\/#website\"},\"primaryImageOfPage\":{\"@id\":\"https:\/\/kunmedierne.dk\/mors\/loevbjerg-aabner-to-dage-i-paasken\/#primaryimage\"},\"image\":{\"@id\":\"https:\/\/kunmedierne.dk\/mors\/loevbjerg-aabner-to-dage-i-paasken\/#primaryimage\"},\"thumbnailUrl\":\"https:\/\/kunmedierne.dk\/mors\/wp-content\/uploads\/2020\/03\/200327-bjarne-smedegaard.jpg\",\"datePublished\":\"2020-03-28T10:49:27+00:00\",\"dateModified\":\"2024-08-12T12:06:18+00:00\",\"breadcrumb\":{\"@id\":\"https:\/\/kunmedierne.dk\/mors\/loevbjerg-aabner-to-dage-i-paasken\/#breadcrumb\"},\"inLanguage\":\"da-DK\",\"potentialAction\":[{\"@type\":\"ReadAction\",\"target\":[\"https:\/\/kunmedierne.dk\/mors\/loevbjerg-aabner-to-dage-i-paasken\/\"]}]},{\"@type\":\"ImageObject\",\"inLanguage\":\"da-DK\",\"@id\":\"https:\/\/kunmedierne.dk\/mors\/loevbjerg-aabner-to-dage-i-paasken\/#primaryimage\",\"url\":\"https:\/\/kunmedierne.dk\/mors\/wp-content\/uploads\/2020\/03\/200327-bjarne-smedegaard.jpg\",\"contentUrl\":\"https:\/\/kunmedierne.dk\/mors\/wp-content\/uploads\/2020\/03\/200327-bjarne-smedegaard.jpg\",\"width\":770,\"height\":513,\"caption\":\"Bjarne Smedegaard forventer f\u00e6rre kunder i butikken p\u00e5 samme tid, n\u00e5r L\u00f8vbjerg breder p\u00e5skesalget ud over flere dage. Foto: David H\u00f8jmark.\"},{\"@type\":\"BreadcrumbList\",\"@id\":\"https:\/\/kunmedierne.dk\/mors\/loevbjerg-aabner-to-dage-i-paasken\/#breadcrumb\",\"itemListElement\":[{\"@type\":\"ListItem\",\"position\":1,\"name\":\"Hjem\",\"item\":\"https:\/\/kunmedierne.dk\/mors\/\"},{\"@type\":\"ListItem\",\"position\":2,\"name\":\"L\u00f8vbjerg \u00e5bner to dage i p\u00e5sken\"}]},{\"@type\":\"WebSite\",\"@id\":\"https:\/\/kunmedierne.dk\/mors\/#website\",\"url\":\"https:\/\/kunmedierne.dk\/mors\/\",\"name\":\"Mors\",\"description\":\"et netmedie med journalistik om livet p\u00e5 Mors\",\"publisher\":{\"@id\":\"https:\/\/kunmedierne.dk\/mors\/#organization\"},\"potentialAction\":[{\"@type\":\"SearchAction\",\"target\":{\"@type\":\"EntryPoint\",\"urlTemplate\":\"https:\/\/kunmedierne.dk\/mors\/?s={search_term_string}\"},\"query-input\":{\"@type\":\"PropertyValueSpecification\",\"valueRequired\":true,\"valueName\":\"search_term_string\"}}],\"inLanguage\":\"da-DK\"},{\"@type\":\"Organization\",\"@id\":\"https:\/\/kunmedierne.dk\/mors\/#organization\",\"name\":\"Mors\",\"url\":\"https:\/\/kunmedierne.dk\/mors\/\",\"logo\":{\"@type\":\"ImageObject\",\"inLanguage\":\"da-DK\",\"@id\":\"https:\/\/kunmedierne.dk\/mors\/#\/schema\/logo\/image\/\",\"url\":\"https:\/\/kunmedierne.dk\/mors\/wp-content\/uploads\/2024\/08\/kunmors-logo.svg\",\"contentUrl\":\"https:\/\/kunmedierne.dk\/mors\/wp-content\/uploads\/2024\/08\/kunmors-logo.svg\",\"caption\":\"Mors\"},\"image\":{\"@id\":\"https:\/\/kunmedierne.dk\/mors\/#\/schema\/logo\/image\/\"}},{\"@type\":\"Person\",\"@id\":\"https:\/\/kunmedierne.dk\/mors\/#\/schema\/person\/5fe23251bf1d0abbcdc6f7896579d548\",\"name\":\"David H\u00f8jmark\",\"image\":{\"@type\":\"ImageObject\",\"inLanguage\":\"da-DK\",\"@id\":\"https:\/\/kunmedierne.dk\/mors\/#\/schema\/person\/image\/\",\"url\":\"https:\/\/secure.gravatar.com\/avatar\/4315d6fb9ef244d729989f5f90268eb08d5bf8a3d84402f595fa194bb35784fd?s=96&d=mm&r=g\",\"contentUrl\":\"https:\/\/secure.gravatar.com\/avatar\/4315d6fb9ef244d729989f5f90268eb08d5bf8a3d84402f595fa194bb35784fd?s=96&d=mm&r=g\",\"caption\":\"David H\u00f8jmark\"},\"sameAs\":[\"https:\/\/www.kunmedierne.dk\"],\"url\":\"https:\/\/kunmedierne.dk\/mors\/author\/david\/\"}]}<\/script>\n<!-- \/ Yoast SEO plugin. -->","yoast_head_json":{"title":"L\u00f8vbjerg \u00e5bner to dage i p\u00e5sken - Mors","robots":{"index":"index","follow":"follow","max-snippet":"max-snippet:-1","max-image-preview":"max-image-preview:large","max-video-preview":"max-video-preview:-1"},"canonical":"https:\/\/kunmedierne.dk\/mors\/loevbjerg-aabner-to-dage-i-paasken\/","og_locale":"da_DK","og_type":"article","og_title":"L\u00f8vbjerg \u00e5bner to dage i p\u00e5sken - Mors","og_description":"NYK\u00d8BING: Coronakrisen f\u00f8rte fredag til en \u00e6ndring i lukkeloven. Den skaber normalt lange k\u00f8er og stort salg i de store butikker p\u00e5 dagene op til sk\u00e6rtorsdag og p\u00e5skes\u00f8ndag, men nu har erhvervsminister Simon Kollerup midlertidigt \u00e6ndret lukkeloven, s\u00e5 ogs\u00e5\u00a0st\u00f8rre butikker i \u00e5r m\u00e5 holde \u00e5bent p\u00e5 de to helligdage. &#8220;Det giver os alle st\u00f8rre mulighed [&hellip;]","og_url":"https:\/\/kunmedierne.dk\/mors\/loevbjerg-aabner-to-dage-i-paasken\/","og_site_name":"Mors","article_published_time":"2020-03-28T10:49:27+00:00","article_modified_time":"2024-08-12T12:06:18+00:00","og_image":[{"width":770,"height":513,"url":"https:\/\/kunmedierne.dk\/mors\/wp-content\/uploads\/2020\/03\/200327-bjarne-smedegaard.jpg","type":"image\/jpeg"}],"author":"David H\u00f8jmark","twitter_card":"summary_large_image","twitter_misc":{"Skrevet af":"David H\u00f8jmark","Estimeret l\u00e6setid":"3 minutter"},"schema":{"@context":"https:\/\/schema.org","@graph":[{"@type":"Article","@id":"https:\/\/kunmedierne.dk\/mors\/loevbjerg-aabner-to-dage-i-paasken\/#article","isPartOf":{"@id":"https:\/\/kunmedierne.dk\/mors\/loevbjerg-aabner-to-dage-i-paasken\/"},"author":{"name":"David H\u00f8jmark","@id":"https:\/\/kunmedierne.dk\/mors\/#\/schema\/person\/5fe23251bf1d0abbcdc6f7896579d548"},"headline":"L\u00f8vbjerg \u00e5bner to dage i p\u00e5sken","datePublished":"2020-03-28T10:49:27+00:00","dateModified":"2024-08-12T12:06:18+00:00","mainEntityOfPage":{"@id":"https:\/\/kunmedierne.dk\/mors\/loevbjerg-aabner-to-dage-i-paasken\/"},"wordCount":654,"commentCount":0,"publisher":{"@id":"https:\/\/kunmedierne.dk\/mors\/#organization"},"image":{"@id":"https:\/\/kunmedierne.dk\/mors\/loevbjerg-aabner-to-dage-i-paasken\/#primaryimage"},"thumbnailUrl":"https:\/\/kunmedierne.dk\/mors\/wp-content\/uploads\/2020\/03\/200327-bjarne-smedegaard.jpg","keywords":["Handel"],"articleSection":["Lokalt"],"inLanguage":"da-DK","potentialAction":[{"@type":"CommentAction","name":"Comment","target":["https:\/\/kunmedierne.dk\/mors\/loevbjerg-aabner-to-dage-i-paasken\/#respond"]}]},{"@type":"WebPage","@id":"https:\/\/kunmedierne.dk\/mors\/loevbjerg-aabner-to-dage-i-paasken\/","url":"https:\/\/kunmedierne.dk\/mors\/loevbjerg-aabner-to-dage-i-paasken\/","name":"L\u00f8vbjerg \u00e5bner to dage i p\u00e5sken - Mors","isPartOf":{"@id":"https:\/\/kunmedierne.dk\/mors\/#website"},"primaryImageOfPage":{"@id":"https:\/\/kunmedierne.dk\/mors\/loevbjerg-aabner-to-dage-i-paasken\/#primaryimage"},"image":{"@id":"https:\/\/kunmedierne.dk\/mors\/loevbjerg-aabner-to-dage-i-paasken\/#primaryimage"},"thumbnailUrl":"https:\/\/kunmedierne.dk\/mors\/wp-content\/uploads\/2020\/03\/200327-bjarne-smedegaard.jpg","datePublished":"2020-03-28T10:49:27+00:00","dateModified":"2024-08-12T12:06:18+00:00","breadcrumb":{"@id":"https:\/\/kunmedierne.dk\/mors\/loevbjerg-aabner-to-dage-i-paasken\/#breadcrumb"},"inLanguage":"da-DK","potentialAction":[{"@type":"ReadAction","target":["https:\/\/kunmedierne.dk\/mors\/loevbjerg-aabner-to-dage-i-paasken\/"]}]},{"@type":"ImageObject","inLanguage":"da-DK","@id":"https:\/\/kunmedierne.dk\/mors\/loevbjerg-aabner-to-dage-i-paasken\/#primaryimage","url":"https:\/\/kunmedierne.dk\/mors\/wp-content\/uploads\/2020\/03\/200327-bjarne-smedegaard.jpg","contentUrl":"https:\/\/kunmedierne.dk\/mors\/wp-content\/uploads\/2020\/03\/200327-bjarne-smedegaard.jpg","width":770,"height":513,"caption":"Bjarne Smedegaard forventer f\u00e6rre kunder i butikken p\u00e5 samme tid, n\u00e5r L\u00f8vbjerg breder p\u00e5skesalget ud over flere dage. Foto: David H\u00f8jmark."},{"@type":"BreadcrumbList","@id":"https:\/\/kunmedierne.dk\/mors\/loevbjerg-aabner-to-dage-i-paasken\/#breadcrumb","itemListElement":[{"@type":"ListItem","position":1,"name":"Hjem","item":"https:\/\/kunmedierne.dk\/mors\/"},{"@type":"ListItem","position":2,"name":"L\u00f8vbjerg \u00e5bner to dage i p\u00e5sken"}]},{"@type":"WebSite","@id":"https:\/\/kunmedierne.dk\/mors\/#website","url":"https:\/\/kunmedierne.dk\/mors\/","name":"Mors","description":"et netmedie med journalistik om livet p\u00e5 Mors","publisher":{"@id":"https:\/\/kunmedierne.dk\/mors\/#organization"},"potentialAction":[{"@type":"SearchAction","target":{"@type":"EntryPoint","urlTemplate":"https:\/\/kunmedierne.dk\/mors\/?s={search_term_string}"},"query-input":{"@type":"PropertyValueSpecification","valueRequired":true,"valueName":"search_term_string"}}],"inLanguage":"da-DK"},{"@type":"Organization","@id":"https:\/\/kunmedierne.dk\/mors\/#organization","name":"Mors","url":"https:\/\/kunmedierne.dk\/mors\/","logo":{"@type":"ImageObject","inLanguage":"da-DK","@id":"https:\/\/kunmedierne.dk\/mors\/#\/schema\/logo\/image\/","url":"https:\/\/kunmedierne.dk\/mors\/wp-content\/uploads\/2024\/08\/kunmors-logo.svg","contentUrl":"https:\/\/kunmedierne.dk\/mors\/wp-content\/uploads\/2024\/08\/kunmors-logo.svg","caption":"Mors"},"image":{"@id":"https:\/\/kunmedierne.dk\/mors\/#\/schema\/logo\/image\/"}},{"@type":"Person","@id":"https:\/\/kunmedierne.dk\/mors\/#\/schema\/person\/5fe23251bf1d0abbcdc6f7896579d548","name":"David H\u00f8jmark","image":{"@type":"ImageObject","inLanguage":"da-DK","@id":"https:\/\/kunmedierne.dk\/mors\/#\/schema\/person\/image\/","url":"https:\/\/secure.gravatar.com\/avatar\/4315d6fb9ef244d729989f5f90268eb08d5bf8a3d84402f595fa194bb35784fd?s=96&d=mm&r=g","contentUrl":"https:\/\/secure.gravatar.com\/avatar\/4315d6fb9ef244d729989f5f90268eb08d5bf8a3d84402f595fa194bb35784fd?s=96&d=mm&r=g","caption":"David H\u00f8jmark"},"sameAs":["https:\/\/www.kunmedierne.dk"],"url":"https:\/\/kunmedierne.dk\/mors\/author\/david\/"}]}},"_links":{"self":[{"href":"https:\/\/kunmedierne.dk\/mors\/wp-json\/wp\/v2\/posts\/15039","targetHints":{"allow":["GET"]}}],"collection":[{"href":"https:\/\/kunmedierne.dk\/mors\/wp-json\/wp\/v2\/posts"}],"about":[{"href":"https:\/\/kunmedierne.dk\/mors\/wp-json\/wp\/v2\/types\/post"}],"author":[{"embeddable":true,"href":"https:\/\/kunmedierne.dk\/mors\/wp-json\/wp\/v2\/users\/8"}],"replies":[{"embeddable":true,"href":"https:\/\/kunmedierne.dk\/mors\/wp-json\/wp\/v2\/comments?post=15039"}],"version-history":[{"count":5,"href":"https:\/\/kunmedierne.dk\/mors\/wp-json\/wp\/v2\/posts\/15039\/revisions"}],"predecessor-version":[{"id":76840,"href":"https:\/\/kunmedierne.dk\/mors\/wp-json\/wp\/v2\/posts\/15039\/revisions\/76840"}],"wp:featuredmedia":[{"embeddable":true,"href":"https:\/\/kunmedierne.dk\/mors\/wp-json\/wp\/v2\/media\/15040"}],"wp:attachment":[{"href":"https:\/\/kunmedierne.dk\/mors\/wp-json\/wp\/v2\/media?parent=15039"}],"wp:term":[{"taxonomy":"category","embeddable":true,"href":"https:\/\/kunmedierne.dk\/mors\/wp-json\/wp\/v2\/categories?post=15039"},{"taxonomy":"post_tag","embeddable":true,"href":"https:\/\/kunmedierne.dk\/mors\/wp-json\/wp\/v2\/tags?post=15039"}],"curies":[{"name":"wp","href":"https:\/\/api.w.org\/{rel}","templated":true}]}}