{"id":150270,"date":"2025-07-05T17:43:23","date_gmt":"2025-07-05T15:43:23","guid":{"rendered":"https:\/\/kunmedierne.dk\/mors\/?p=150270"},"modified":"2025-07-05T08:32:43","modified_gmt":"2025-07-05T06:32:43","slug":"laeserbrev-sommeren-er-over-os","status":"publish","type":"post","link":"https:\/\/kunmedierne.dk\/mors\/laeserbrev-sommeren-er-over-os\/","title":{"rendered":"L\u00c6SERBREV: Sommeren er over os\u00a0"},"content":{"rendered":"<p><span data-contrast=\"auto\"><strong>DEBAT:<\/strong> Sct. Hansb\u00e5let er br\u00e6ndt ud, ferien st\u00e5r for d\u00f8ren, og stroferne &#8220;Du danske sommer, jeg elsker dig&#8221; passer aldrig bedre end nu.<\/span><\/p>\n<p><span data-contrast=\"auto\">Efter sommerferien begynder valgkampen at tage form for s\u00e5 at blive mere intens hen mod efter\u00e5rsferien. S\u00e5dan har det v\u00e6ret tidligere, og s\u00e5dan bliver det sikkert ogs\u00e5 i \u00e5r.<\/span><\/p>\n<a class=\"dvrt-link\" onClick=\"cdmtrack_click(113414,jQuery(this));return false\" href=\"https:\/\/www.p-soerensen.dk\/\"><img decoding=\"async\" style=\"width:100%;\" src=\"https:\/\/kunmedierne.dk\/mors\/wp-content\/uploads\/2024\/03\/p-soerensen-juni25.jpg\"><\/a><script>cdmtrack_view(113414);<\/script>\n<p><span data-contrast=\"auto\">Jeg valgte at markere valgkampens sp\u00e6de start med en uh\u00f8jtidelig video.<\/span><\/p>\n<p><span data-contrast=\"auto\">Samtidig med videoen blev Venstres fire pejlem\u00e6rker fremlagt.<\/span><\/p>\n<p><span data-contrast=\"auto\">Pejlem\u00e6rker, for fremtidens Mors.<\/span><\/p>\n<p><span data-contrast=\"auto\">1. Initiativernes hjemmebane:<\/span><br \/>\n<span data-contrast=\"auto\"> Vi skal turde bruge den store v\u00e6rkt\u00f8jskasse, n\u00e5r Mors skal udvikles til at blive et endnu bedre sted at flytte til, arbejde og bo \u2013 uanset hvor man er i livet. Vi skal t\u00e6nke anderledes, samarbejde utraditionelt \u2013 og fort\u00e6lle om det.<\/span><\/p>\n<p><span data-contrast=\"auto\">2. B\u00e6redygtighed, der giver mening:<\/span><br \/>\n<span data-contrast=\"auto\"><span data-contrast=\"auto\"> Den gr\u00f8nne omstilling skal g\u00e5 h\u00e5nd i h\u00e5nd med den udvikling, vi \u00f8nsker p\u00e5 Mors. Vi skal forankre b\u00e6redygtighed p\u00e5 en m\u00e5de, der giver mening i vores hverdag \u2013 og som pr\u00e6ger den positivt og meningsfuldt. Ved at samarbejde om gode id\u00e9er og synligg\u00f8re de positive resultater skal borgere, virksomheder og det offentlige l\u00f8fte den store \u2013 men n\u00f8dvendige \u2013 opgave af hensyn til fremtidens Mors.<\/span><\/span><\/p>\n<p><span data-contrast=\"auto\">3. Respekt for menneskers virkelighed:<\/span><br \/>\n<span data-contrast=\"auto\"><span data-contrast=\"auto\"> Velf\u00e6rd skal tage udgangspunkt i hverdagen. Vi skal styrke frivilligheden, nye foreninger og st\u00e6rke f\u00e6llesskaber, der g\u00f8r Mors til et godt og trygt sted at leve. Samtidig skal vi bevare og udvikle de lokale sundhedstilbud \u2013 og sikre et st\u00e6rkt kommunalt beredskab. Vi skal turde udfordre overfl\u00f8digt bureaukrati, selvskabte begr\u00e6nsninger og de krav, der sinker sagsgange og beslutninger.<\/span><\/span><\/p>\n<p><span data-contrast=\"auto\">4. Aktiv leve- og bos\u00e6tningspolitik:<\/span><br \/>\n<span data-contrast=\"auto\"> Alt godt kan blive bedre. Vi skal styrke turismen, vores erhvervsfremmende indsats, kulturlivet og \u00f8ens kreative iv\u00e6rks\u00e6ttermilj\u00f8 \u2013 og blive en endnu mere attraktiv destination. Det etablerede erhvervsliv skal inddrages aktivt i arbejdet.<\/span><\/p>\n<p><span data-contrast=\"auto\">Hvert pejlem\u00e6rke bliver uddybet med konkrete politiske forslag, som vi gl\u00e6der os til at diskutere.<\/span><span data-ccp-props=\"{&quot;134233117&quot;:false,&quot;134233118&quot;:false,&quot;335551550&quot;:0,&quot;335551620&quot;:0,&quot;335559738&quot;:0,&quot;335559739&quot;:0}\">\u00a0<\/span><\/p>\n<a class=\"dvrt-link\" onClick=\"cdmtrack_click(116504,jQuery(this));return false\" href=\"https:\/\/www.nybolig.dk\/ejendomsmaeglere\/nordvestjylland\/nybolig-morsoe-nykoebing-mors\"><img decoding=\"async\" style=\"width:100%;\" src=\"https:\/\/kunmedierne.dk\/mors\/wp-content\/uploads\/2024\/04\/250825Nybolig.jpg\"><\/a><script>cdmtrack_view(116504);<\/script>\n<p><span data-contrast=\"auto\">I Venstre vil vi nemlig bruge valgkampen p\u00e5 at se ganske lidt tilbage og rigtig meget frem.<\/span><\/p>\n<p><span data-contrast=\"auto\">Vi vil freml\u00e6gge vores bud p\u00e5, hvordan vi takler vores udfordringer og sammen finder l\u00f8sninger og tiltag, der kan forts\u00e6tte, forst\u00e6rke og fremme den positive udvikling, vi har set p\u00e5 Mors gennem de senere \u00e5r.<\/span><\/p>\n<p><span data-contrast=\"auto\">Jeg gl\u00e6der mig til valgkampen og til, at vi m\u00f8des p\u00e5 kryds og tv\u00e6rs til en god snak om fremtiden.<\/span><span data-ccp-props=\"{&quot;134233117&quot;:false,&quot;134233118&quot;:false,&quot;335551550&quot;:0,&quot;335551620&quot;:0,&quot;335559738&quot;:0,&quot;335559739&quot;:0}\">\u00a0<\/span><\/p>\n","protected":false},"excerpt":{"rendered":"<p>DEBAT: Sct. Hansb\u00e5let er br\u00e6ndt ud, ferien st\u00e5r for d\u00f8ren, og stroferne &#8220;Du danske sommer, jeg elsker dig&#8221; passer aldrig bedre end nu. Efter sommerferien begynder valgkampen at tage form for s\u00e5 at blive mere intens hen mod efter\u00e5rsferien. S\u00e5dan har det v\u00e6ret tidligere, og s\u00e5dan bliver det sikkert ogs\u00e5 i \u00e5r. Jeg valgte at [&hellip;]<\/p>\n","protected":false},"author":11,"featured_media":0,"comment_status":"closed","ping_status":"closed","sticky":false,"template":"","format":"standard","meta":{"_acf_changed":false,"footnotes":""},"categories":[56],"tags":[],"class_list":["post-150270","post","type-post","status-publish","format-standard","hentry","category-debat"],"acf":[],"yoast_head":"<!-- This site is optimized with the Yoast SEO plugin v26.8 - https:\/\/yoast.com\/product\/yoast-seo-wordpress\/ -->\n<title>L\u00c6SERBREV: Sommeren er over os\u00a0 - Mors<\/title>\n<meta name=\"robots\" content=\"index, follow, max-snippet:-1, max-image-preview:large, max-video-preview:-1\" \/>\n<link rel=\"canonical\" href=\"https:\/\/kunmedierne.dk\/mors\/laeserbrev-sommeren-er-over-os\/\" \/>\n<meta property=\"og:locale\" content=\"da_DK\" \/>\n<meta property=\"og:type\" content=\"article\" \/>\n<meta property=\"og:title\" content=\"L\u00c6SERBREV: Sommeren er over os\u00a0 - Mors\" \/>\n<meta property=\"og:description\" content=\"DEBAT: Sct. Hansb\u00e5let er br\u00e6ndt ud, ferien st\u00e5r for d\u00f8ren, og stroferne &#8220;Du danske sommer, jeg elsker dig&#8221; passer aldrig bedre end nu. Efter sommerferien begynder valgkampen at tage form for s\u00e5 at blive mere intens hen mod efter\u00e5rsferien. S\u00e5dan har det v\u00e6ret tidligere, og s\u00e5dan bliver det sikkert ogs\u00e5 i \u00e5r. Jeg valgte at [&hellip;]\" \/>\n<meta property=\"og:url\" content=\"https:\/\/kunmedierne.dk\/mors\/laeserbrev-sommeren-er-over-os\/\" \/>\n<meta property=\"og:site_name\" content=\"Mors\" \/>\n<meta property=\"article:published_time\" content=\"2025-07-05T15:43:23+00:00\" \/>\n<meta name=\"author\" content=\"Debat\" \/>\n<meta name=\"twitter:card\" content=\"summary_large_image\" \/>\n<meta name=\"twitter:label1\" content=\"Skrevet af\" \/>\n\t<meta name=\"twitter:data1\" content=\"Debat\" \/>\n\t<meta name=\"twitter:label2\" content=\"Estimeret l\u00e6setid\" \/>\n\t<meta name=\"twitter:data2\" content=\"3 minutter\" \/>\n<script type=\"application\/ld+json\" class=\"yoast-schema-graph\">{\"@context\":\"https:\/\/schema.org\",\"@graph\":[{\"@type\":\"Article\",\"@id\":\"https:\/\/kunmedierne.dk\/mors\/laeserbrev-sommeren-er-over-os\/#article\",\"isPartOf\":{\"@id\":\"https:\/\/kunmedierne.dk\/mors\/laeserbrev-sommeren-er-over-os\/\"},\"author\":{\"name\":\"Debat\",\"@id\":\"https:\/\/kunmedierne.dk\/mors\/#\/schema\/person\/84c1391bce0b43b9bb3a49736bc0ad78\"},\"headline\":\"L\u00c6SERBREV: Sommeren er over os\u00a0\",\"datePublished\":\"2025-07-05T15:43:23+00:00\",\"mainEntityOfPage\":{\"@id\":\"https:\/\/kunmedierne.dk\/mors\/laeserbrev-sommeren-er-over-os\/\"},\"wordCount\":425,\"publisher\":{\"@id\":\"https:\/\/kunmedierne.dk\/mors\/#organization\"},\"articleSection\":[\"Debat\"],\"inLanguage\":\"da-DK\"},{\"@type\":\"WebPage\",\"@id\":\"https:\/\/kunmedierne.dk\/mors\/laeserbrev-sommeren-er-over-os\/\",\"url\":\"https:\/\/kunmedierne.dk\/mors\/laeserbrev-sommeren-er-over-os\/\",\"name\":\"L\u00c6SERBREV: Sommeren er over os\u00a0 - Mors\",\"isPartOf\":{\"@id\":\"https:\/\/kunmedierne.dk\/mors\/#website\"},\"datePublished\":\"2025-07-05T15:43:23+00:00\",\"breadcrumb\":{\"@id\":\"https:\/\/kunmedierne.dk\/mors\/laeserbrev-sommeren-er-over-os\/#breadcrumb\"},\"inLanguage\":\"da-DK\",\"potentialAction\":[{\"@type\":\"ReadAction\",\"target\":[\"https:\/\/kunmedierne.dk\/mors\/laeserbrev-sommeren-er-over-os\/\"]}]},{\"@type\":\"BreadcrumbList\",\"@id\":\"https:\/\/kunmedierne.dk\/mors\/laeserbrev-sommeren-er-over-os\/#breadcrumb\",\"itemListElement\":[{\"@type\":\"ListItem\",\"position\":1,\"name\":\"Hjem\",\"item\":\"https:\/\/kunmedierne.dk\/mors\/\"},{\"@type\":\"ListItem\",\"position\":2,\"name\":\"L\u00c6SERBREV: Sommeren er over os\u00a0\"}]},{\"@type\":\"WebSite\",\"@id\":\"https:\/\/kunmedierne.dk\/mors\/#website\",\"url\":\"https:\/\/kunmedierne.dk\/mors\/\",\"name\":\"Mors\",\"description\":\"et netmedie med journalistik om livet p\u00e5 Mors\",\"publisher\":{\"@id\":\"https:\/\/kunmedierne.dk\/mors\/#organization\"},\"potentialAction\":[{\"@type\":\"SearchAction\",\"target\":{\"@type\":\"EntryPoint\",\"urlTemplate\":\"https:\/\/kunmedierne.dk\/mors\/?s={search_term_string}\"},\"query-input\":{\"@type\":\"PropertyValueSpecification\",\"valueRequired\":true,\"valueName\":\"search_term_string\"}}],\"inLanguage\":\"da-DK\"},{\"@type\":\"Organization\",\"@id\":\"https:\/\/kunmedierne.dk\/mors\/#organization\",\"name\":\"Mors\",\"url\":\"https:\/\/kunmedierne.dk\/mors\/\",\"logo\":{\"@type\":\"ImageObject\",\"inLanguage\":\"da-DK\",\"@id\":\"https:\/\/kunmedierne.dk\/mors\/#\/schema\/logo\/image\/\",\"url\":\"https:\/\/kunmedierne.dk\/mors\/wp-content\/uploads\/2024\/08\/kunmors-logo.svg\",\"contentUrl\":\"https:\/\/kunmedierne.dk\/mors\/wp-content\/uploads\/2024\/08\/kunmors-logo.svg\",\"caption\":\"Mors\"},\"image\":{\"@id\":\"https:\/\/kunmedierne.dk\/mors\/#\/schema\/logo\/image\/\"}},{\"@type\":\"Person\",\"@id\":\"https:\/\/kunmedierne.dk\/mors\/#\/schema\/person\/84c1391bce0b43b9bb3a49736bc0ad78\",\"name\":\"Debat\",\"image\":{\"@type\":\"ImageObject\",\"inLanguage\":\"da-DK\",\"@id\":\"https:\/\/kunmedierne.dk\/mors\/#\/schema\/person\/image\/\",\"url\":\"https:\/\/secure.gravatar.com\/avatar\/b0fb2e221d618f7c65162ab0d49c7e8a0b580c871ca03af90e42b47b4150654c?s=96&d=mm&r=g\",\"contentUrl\":\"https:\/\/secure.gravatar.com\/avatar\/b0fb2e221d618f7c65162ab0d49c7e8a0b580c871ca03af90e42b47b4150654c?s=96&d=mm&r=g\",\"caption\":\"Debat\"},\"url\":\"https:\/\/kunmedierne.dk\/mors\/author\/debat\/\"}]}<\/script>\n<!-- \/ Yoast SEO plugin. -->","yoast_head_json":{"title":"L\u00c6SERBREV: Sommeren er over os\u00a0 - Mors","robots":{"index":"index","follow":"follow","max-snippet":"max-snippet:-1","max-image-preview":"max-image-preview:large","max-video-preview":"max-video-preview:-1"},"canonical":"https:\/\/kunmedierne.dk\/mors\/laeserbrev-sommeren-er-over-os\/","og_locale":"da_DK","og_type":"article","og_title":"L\u00c6SERBREV: Sommeren er over os\u00a0 - Mors","og_description":"DEBAT: Sct. Hansb\u00e5let er br\u00e6ndt ud, ferien st\u00e5r for d\u00f8ren, og stroferne &#8220;Du danske sommer, jeg elsker dig&#8221; passer aldrig bedre end nu. Efter sommerferien begynder valgkampen at tage form for s\u00e5 at blive mere intens hen mod efter\u00e5rsferien. S\u00e5dan har det v\u00e6ret tidligere, og s\u00e5dan bliver det sikkert ogs\u00e5 i \u00e5r. Jeg valgte at [&hellip;]","og_url":"https:\/\/kunmedierne.dk\/mors\/laeserbrev-sommeren-er-over-os\/","og_site_name":"Mors","article_published_time":"2025-07-05T15:43:23+00:00","author":"Debat","twitter_card":"summary_large_image","twitter_misc":{"Skrevet af":"Debat","Estimeret l\u00e6setid":"3 minutter"},"schema":{"@context":"https:\/\/schema.org","@graph":[{"@type":"Article","@id":"https:\/\/kunmedierne.dk\/mors\/laeserbrev-sommeren-er-over-os\/#article","isPartOf":{"@id":"https:\/\/kunmedierne.dk\/mors\/laeserbrev-sommeren-er-over-os\/"},"author":{"name":"Debat","@id":"https:\/\/kunmedierne.dk\/mors\/#\/schema\/person\/84c1391bce0b43b9bb3a49736bc0ad78"},"headline":"L\u00c6SERBREV: Sommeren er over os\u00a0","datePublished":"2025-07-05T15:43:23+00:00","mainEntityOfPage":{"@id":"https:\/\/kunmedierne.dk\/mors\/laeserbrev-sommeren-er-over-os\/"},"wordCount":425,"publisher":{"@id":"https:\/\/kunmedierne.dk\/mors\/#organization"},"articleSection":["Debat"],"inLanguage":"da-DK"},{"@type":"WebPage","@id":"https:\/\/kunmedierne.dk\/mors\/laeserbrev-sommeren-er-over-os\/","url":"https:\/\/kunmedierne.dk\/mors\/laeserbrev-sommeren-er-over-os\/","name":"L\u00c6SERBREV: Sommeren er over os\u00a0 - Mors","isPartOf":{"@id":"https:\/\/kunmedierne.dk\/mors\/#website"},"datePublished":"2025-07-05T15:43:23+00:00","breadcrumb":{"@id":"https:\/\/kunmedierne.dk\/mors\/laeserbrev-sommeren-er-over-os\/#breadcrumb"},"inLanguage":"da-DK","potentialAction":[{"@type":"ReadAction","target":["https:\/\/kunmedierne.dk\/mors\/laeserbrev-sommeren-er-over-os\/"]}]},{"@type":"BreadcrumbList","@id":"https:\/\/kunmedierne.dk\/mors\/laeserbrev-sommeren-er-over-os\/#breadcrumb","itemListElement":[{"@type":"ListItem","position":1,"name":"Hjem","item":"https:\/\/kunmedierne.dk\/mors\/"},{"@type":"ListItem","position":2,"name":"L\u00c6SERBREV: Sommeren er over os\u00a0"}]},{"@type":"WebSite","@id":"https:\/\/kunmedierne.dk\/mors\/#website","url":"https:\/\/kunmedierne.dk\/mors\/","name":"Mors","description":"et netmedie med journalistik om livet p\u00e5 Mors","publisher":{"@id":"https:\/\/kunmedierne.dk\/mors\/#organization"},"potentialAction":[{"@type":"SearchAction","target":{"@type":"EntryPoint","urlTemplate":"https:\/\/kunmedierne.dk\/mors\/?s={search_term_string}"},"query-input":{"@type":"PropertyValueSpecification","valueRequired":true,"valueName":"search_term_string"}}],"inLanguage":"da-DK"},{"@type":"Organization","@id":"https:\/\/kunmedierne.dk\/mors\/#organization","name":"Mors","url":"https:\/\/kunmedierne.dk\/mors\/","logo":{"@type":"ImageObject","inLanguage":"da-DK","@id":"https:\/\/kunmedierne.dk\/mors\/#\/schema\/logo\/image\/","url":"https:\/\/kunmedierne.dk\/mors\/wp-content\/uploads\/2024\/08\/kunmors-logo.svg","contentUrl":"https:\/\/kunmedierne.dk\/mors\/wp-content\/uploads\/2024\/08\/kunmors-logo.svg","caption":"Mors"},"image":{"@id":"https:\/\/kunmedierne.dk\/mors\/#\/schema\/logo\/image\/"}},{"@type":"Person","@id":"https:\/\/kunmedierne.dk\/mors\/#\/schema\/person\/84c1391bce0b43b9bb3a49736bc0ad78","name":"Debat","image":{"@type":"ImageObject","inLanguage":"da-DK","@id":"https:\/\/kunmedierne.dk\/mors\/#\/schema\/person\/image\/","url":"https:\/\/secure.gravatar.com\/avatar\/b0fb2e221d618f7c65162ab0d49c7e8a0b580c871ca03af90e42b47b4150654c?s=96&d=mm&r=g","contentUrl":"https:\/\/secure.gravatar.com\/avatar\/b0fb2e221d618f7c65162ab0d49c7e8a0b580c871ca03af90e42b47b4150654c?s=96&d=mm&r=g","caption":"Debat"},"url":"https:\/\/kunmedierne.dk\/mors\/author\/debat\/"}]}},"_links":{"self":[{"href":"https:\/\/kunmedierne.dk\/mors\/wp-json\/wp\/v2\/posts\/150270","targetHints":{"allow":["GET"]}}],"collection":[{"href":"https:\/\/kunmedierne.dk\/mors\/wp-json\/wp\/v2\/posts"}],"about":[{"href":"https:\/\/kunmedierne.dk\/mors\/wp-json\/wp\/v2\/types\/post"}],"author":[{"embeddable":true,"href":"https:\/\/kunmedierne.dk\/mors\/wp-json\/wp\/v2\/users\/11"}],"replies":[{"embeddable":true,"href":"https:\/\/kunmedierne.dk\/mors\/wp-json\/wp\/v2\/comments?post=150270"}],"version-history":[{"count":8,"href":"https:\/\/kunmedierne.dk\/mors\/wp-json\/wp\/v2\/posts\/150270\/revisions"}],"predecessor-version":[{"id":150281,"href":"https:\/\/kunmedierne.dk\/mors\/wp-json\/wp\/v2\/posts\/150270\/revisions\/150281"}],"wp:attachment":[{"href":"https:\/\/kunmedierne.dk\/mors\/wp-json\/wp\/v2\/media?parent=150270"}],"wp:term":[{"taxonomy":"category","embeddable":true,"href":"https:\/\/kunmedierne.dk\/mors\/wp-json\/wp\/v2\/categories?post=150270"},{"taxonomy":"post_tag","embeddable":true,"href":"https:\/\/kunmedierne.dk\/mors\/wp-json\/wp\/v2\/tags?post=150270"}],"curies":[{"name":"wp","href":"https:\/\/api.w.org\/{rel}","templated":true}]}}