{"id":150178,"date":"2025-07-04T12:23:06","date_gmt":"2025-07-04T10:23:06","guid":{"rendered":"https:\/\/kunmedierne.dk\/mors\/?p=150178"},"modified":"2026-01-02T11:30:16","modified_gmt":"2026-01-02T10:30:16","slug":"mindeord-en-arbejdsmand-og-haedersmand-er-gaaet-bort","status":"publish","type":"post","link":"https:\/\/kunmedierne.dk\/mors\/mindeord-en-arbejdsmand-og-haedersmand-er-gaaet-bort\/","title":{"rendered":"<span>Mindeord:<\/span> En arbejdsmand og h\u00e6dersmand er g\u00e5et bort"},"content":{"rendered":"<p><span data-contrast=\"auto\"><strong>MINDEORD:<\/strong> En god ven og kampf\u00e6lle gennem mere end 40 \u00e5r, Henning E. Pedersen (89) , er g\u00e5et bort. <\/span><span data-ccp-props=\"{&quot;134233117&quot;:false,&quot;134233118&quot;:false,&quot;335551550&quot;:0,&quot;335551620&quot;:0,&quot;335559738&quot;:0,&quot;335559739&quot;:0}\">\u00a0<\/span><\/p>\n<p><span data-contrast=\"auto\">Henning var fra Nordmors og boede gennem det meste af sit liv sammen med Birthe og familien p\u00e5 Ejerslev Lyng t\u00e6t p\u00e5 Limfjorden. <\/span><span data-ccp-props=\"{&quot;134233117&quot;:false,&quot;134233118&quot;:false,&quot;335551550&quot;:0,&quot;335551620&quot;:0,&quot;335559738&quot;:0,&quot;335559739&quot;:0}\">\u00a0<\/span><\/p>\n<a class=\"dvrt-link\" onClick=\"cdmtrack_click(113414,jQuery(this));return false\" href=\"https:\/\/www.p-soerensen.dk\/\"><img decoding=\"async\" style=\"width:100%;\" src=\"https:\/\/kunmedierne.dk\/mors\/wp-content\/uploads\/2024\/03\/p-soerensen-juni25.jpg\"><\/a><script>cdmtrack_view(113414);<\/script>\n<p><span data-contrast=\"auto\">Han arbejdede i sine unge \u00e5r som arbejdsmand p\u00e5 Skarrehage Molerv\u00e6rk og blev her aktiv og tillidsmand i Dansk Arbejdsmands- og Specialarbejderforbund (i dag 3F).<\/span><span data-ccp-props=\"{&quot;134233117&quot;:false,&quot;134233118&quot;:false,&quot;335551550&quot;:0,&quot;335551620&quot;:0,&quot;335559738&quot;:0,&quot;335559739&quot;:0}\">\u00a0<\/span><\/p>\n<p><span data-contrast=\"auto\">Han repr\u00e6senterede molerarbejderne p\u00e5 st\u00e6rkeste vis og skrev blandt andet en bog om deres historie p\u00e5 Nordmors. <\/span><span data-ccp-props=\"{&quot;134233117&quot;:false,&quot;134233118&quot;:false,&quot;335551550&quot;:0,&quot;335551620&quot;:0,&quot;335559738&quot;:0,&quot;335559739&quot;:0}\">\u00a0<\/span><\/p>\n<p><span data-contrast=\"auto\">Han havde, p\u00e5 trods af kun syv \u00e5rs skolegang, stort talent for at skrive og siden blev det til flere b\u00f8ger. <\/span><span data-ccp-props=\"{&quot;134233117&quot;:false,&quot;134233118&quot;:false,&quot;335551550&quot;:0,&quot;335551620&quot;:0,&quot;335559738&quot;:0,&quot;335559739&quot;:0}\">\u00a0<\/span><\/p>\n<p><span data-contrast=\"auto\">Ikke mindst var han i en generation af DSU&#8217;ere kendt for sin bog og sine foredrag om den svenske arbejderdigter, Dan Andersson, hvis hjemegn i Sverige han og Birthe ofte bes\u00f8gte.\u00a0<\/span><span data-ccp-props=\"{&quot;134233117&quot;:false,&quot;134233118&quot;:false,&quot;335551550&quot;:0,&quot;335551620&quot;:0,&quot;335559738&quot;:0,&quot;335559739&quot;:0}\">\u00a0<\/span><\/p>\n<p><span data-contrast=\"auto\">Det blev ogs\u00e5 til en jubil\u00e6umsbog om den lokale afdeling af Specialarbejderforbundet (i dag 3F).<\/span><span data-ccp-props=\"{&quot;134233117&quot;:false,&quot;134233118&quot;:false,&quot;335551550&quot;:0,&quot;335551620&quot;:0,&quot;335559738&quot;:0,&quot;335559739&quot;:0}\">\u00a0<\/span><\/p>\n<p><span data-contrast=\"auto\">Hans kulturelle interesse og organisatoriske talent f\u00f8rte ham naturligt til en ans\u00e6ttelse som amtssekret\u00e6r i Arbejdernes Oplysningsforbund (AOF). Og i den periode udgav han, sammen med skuespilleren Jens Okking, en plade med digte og sange af Dan Andersson.<\/span><span data-ccp-props=\"{&quot;134233117&quot;:false,&quot;134233118&quot;:false,&quot;335551550&quot;:0,&quot;335551620&quot;:0,&quot;335559738&quot;:0,&quot;335559739&quot;:0}\">\u00a0<\/span><\/p>\n<p><span data-contrast=\"auto\">I en r\u00e6kke \u00e5r herefter var Henning besk\u00e6ftigelseskonsulent i Mors\u00f8 Kommune og var ansvarlig for en lang r\u00e6kke projekter for unge arbejdsl\u00f8se, ikke mindst p\u00e5 det gamle landbrug, Skarregaard p\u00e5 Nordmors.<\/span><span data-ccp-props=\"{&quot;134233117&quot;:false,&quot;134233118&quot;:false,&quot;335551550&quot;:0,&quot;335551620&quot;:0,&quot;335559738&quot;:0,&quot;335559739&quot;:0}\">\u00a0<\/span><\/p>\n<p><span data-contrast=\"auto\">I en lang periode repr\u00e6senterede Henning \u00a0E. Pedersen Socialdemokratiet i Mors\u00f8 Kommunalbestyrelse \u00a0og var en s\u00e6rlig slagkraftig stemme for befolkningen p\u00e5 Nordmors.<\/span><span data-ccp-props=\"{&quot;134233117&quot;:false,&quot;134233118&quot;:false,&quot;335551550&quot;:0,&quot;335551620&quot;:0,&quot;335559738&quot;:0,&quot;335559739&quot;:0}\">\u00a0<\/span><\/p>\n<p><span data-contrast=\"auto\">Henning var gennem livet en st\u00e6rk stemme for den almindelige arbejder og for de svageste i samfundet.\u00a0<\/span><span data-ccp-props=\"{&quot;134233117&quot;:false,&quot;134233118&quot;:false,&quot;335551550&quot;:0,&quot;335551620&quot;:0,&quot;335559738&quot;:0,&quot;335559739&quot;:0}\">\u00a0<\/span><\/p>\n<p><span data-contrast=\"auto\">Han var af og til ikke enig med hverken sit parti eller sin fagforening og det lod sig h\u00f8re, for st\u00e6dig var han ogs\u00e5. En gang flyttede han sit medlemskab af SID fra Mors til Salling fordi SID Mors havde formastet sig til at investere penge i et sv\u00e6kket Mors\u00f8 Folkeblad, som tidligere var en ren Venstre-avis. Og der findes flere af den slags eksempler.<\/span><span data-ccp-props=\"{&quot;134233117&quot;:false,&quot;134233118&quot;:false,&quot;335551550&quot;:0,&quot;335551620&quot;:0,&quot;335559738&quot;:0,&quot;335559739&quot;:0}\">\u00a0<\/span><\/p>\n<a class=\"dvrt-link\" onClick=\"cdmtrack_click(104783,jQuery(this));return false\" href=\"https:\/\/konpap.dk\/\"><img decoding=\"async\" style=\"width:100%;\" src=\"https:\/\/kunmedierne.dk\/mors\/wp-content\/uploads\/2023\/10\/Kun-Mors-banner.jpg\"><\/a><script>cdmtrack_view(104783);<\/script>\n<p><span data-contrast=\"auto\">Jeg l\u00e6rte Henning at kende som ung DSU&#8217;er hvor vi sammen dannede &#8220;den r\u00f8de klub&#8221; og siden havde vi rigtigt mange gode stunder sammen &#8211; seneste i sommeren sidste \u00e5r.<\/span><span data-ccp-props=\"{&quot;134233117&quot;:false,&quot;134233118&quot;:false,&quot;335551550&quot;:0,&quot;335551620&quot;:0,&quot;335559738&quot;:0,&quot;335559739&quot;:0}\">\u00a0<\/span><\/p>\n<p><span data-contrast=\"auto\">Jeg vil huske Henning som en enest\u00e5ende og solid repr\u00e6sentant for arbejderbev\u00e6gelsen og dens ideer men ogs\u00e5 for hans store k\u00e6rlighed til kulturen og s\u00e6rligt litteraturen.<\/span><span data-ccp-props=\"{&quot;134233117&quot;:false,&quot;134233118&quot;:false,&quot;335551550&quot;:0,&quot;335551620&quot;:0,&quot;335559738&quot;:0,&quot;335559739&quot;:0}\">\u00a0<\/span><\/p>\n<p><span data-contrast=\"auto\">Henning havde lune og humor af h\u00f8j karat men f\u00f8rst og fremmest var han i alle sammenh\u00e6nge en h\u00e6dersmand.<\/span><span data-ccp-props=\"{&quot;134233117&quot;:false,&quot;134233118&quot;:false,&quot;335551550&quot;:0,&quot;335551620&quot;:0,&quot;335559738&quot;:0,&quot;335559739&quot;:0}\">\u00a0<\/span><\/p>\n<p><span data-contrast=\"auto\">Mine varmeste tanker g\u00e5r til Birthe og resten af familien.<\/span><span data-ccp-props=\"{&quot;134233117&quot;:false,&quot;134233118&quot;:false,&quot;335551550&quot;:0,&quot;335551620&quot;:0,&quot;335559738&quot;:0,&quot;335559739&quot;:0}\">\u00a0<\/span><\/p>\n<p><span data-contrast=\"auto\">\u00c6ret v\u00e6re Henning E. Pedersens minde<\/span><span data-ccp-props=\"{&quot;134233117&quot;:false,&quot;134233118&quot;:false,&quot;335551550&quot;:0,&quot;335551620&quot;:0,&quot;335559738&quot;:0,&quot;335559739&quot;:0}\">\u00a0<\/span><\/p>\n","protected":false},"excerpt":{"rendered":"<p>MINDEORD: En god ven og kampf\u00e6lle gennem mere end 40 \u00e5r, Henning E. Pedersen (89) , er g\u00e5et bort. \u00a0 Henning var fra Nordmors og boede gennem det meste af sit liv sammen med Birthe og familien p\u00e5 Ejerslev Lyng t\u00e6t p\u00e5 Limfjorden. \u00a0 Han arbejdede i sine unge \u00e5r som arbejdsmand p\u00e5 Skarrehage Molerv\u00e6rk [&hellip;]<\/p>\n","protected":false},"author":747,"featured_media":0,"comment_status":"closed","ping_status":"closed","sticky":false,"template":"","format":"standard","meta":{"_acf_changed":false,"footnotes":""},"categories":[51],"tags":[],"class_list":["post-150178","post","type-post","status-publish","format-standard","hentry","category-lokalt"],"acf":[],"yoast_head":"<!-- This site is optimized with the Yoast SEO plugin v26.8 - https:\/\/yoast.com\/product\/yoast-seo-wordpress\/ -->\n<title>Mindeord: En arbejdsmand og h\u00e6dersmand er g\u00e5et bort - Mors<\/title>\n<meta name=\"robots\" content=\"index, follow, max-snippet:-1, max-image-preview:large, max-video-preview:-1\" \/>\n<link rel=\"canonical\" href=\"https:\/\/kunmedierne.dk\/mors\/mindeord-en-arbejdsmand-og-haedersmand-er-gaaet-bort\/\" \/>\n<meta property=\"og:locale\" content=\"da_DK\" \/>\n<meta property=\"og:type\" content=\"article\" \/>\n<meta property=\"og:title\" content=\"Mindeord: En arbejdsmand og h\u00e6dersmand er g\u00e5et bort - Mors\" \/>\n<meta property=\"og:description\" content=\"MINDEORD: En god ven og kampf\u00e6lle gennem mere end 40 \u00e5r, Henning E. Pedersen (89) , er g\u00e5et bort. \u00a0 Henning var fra Nordmors og boede gennem det meste af sit liv sammen med Birthe og familien p\u00e5 Ejerslev Lyng t\u00e6t p\u00e5 Limfjorden. \u00a0 Han arbejdede i sine unge \u00e5r som arbejdsmand p\u00e5 Skarrehage Molerv\u00e6rk [&hellip;]\" \/>\n<meta property=\"og:url\" content=\"https:\/\/kunmedierne.dk\/mors\/mindeord-en-arbejdsmand-og-haedersmand-er-gaaet-bort\/\" \/>\n<meta property=\"og:site_name\" content=\"Mors\" \/>\n<meta property=\"article:published_time\" content=\"2025-07-04T10:23:06+00:00\" \/>\n<meta property=\"article:modified_time\" content=\"2026-01-02T10:30:16+00:00\" \/>\n<meta name=\"author\" content=\"Redaktion\" \/>\n<meta name=\"twitter:card\" content=\"summary_large_image\" \/>\n<meta name=\"twitter:label1\" content=\"Skrevet af\" \/>\n\t<meta name=\"twitter:data1\" content=\"Redaktion\" \/>\n\t<meta name=\"twitter:label2\" content=\"Estimeret l\u00e6setid\" \/>\n\t<meta name=\"twitter:data2\" content=\"3 minutter\" \/>\n<script type=\"application\/ld+json\" class=\"yoast-schema-graph\">{\"@context\":\"https:\/\/schema.org\",\"@graph\":[{\"@type\":\"Article\",\"@id\":\"https:\/\/kunmedierne.dk\/mors\/mindeord-en-arbejdsmand-og-haedersmand-er-gaaet-bort\/#article\",\"isPartOf\":{\"@id\":\"https:\/\/kunmedierne.dk\/mors\/mindeord-en-arbejdsmand-og-haedersmand-er-gaaet-bort\/\"},\"author\":{\"name\":\"Redaktion\",\"@id\":\"https:\/\/kunmedierne.dk\/mors\/#\/schema\/person\/23238f24c03ec888fff51102de5a585f\"},\"headline\":\"Mindeord: En arbejdsmand og h\u00e6dersmand er g\u00e5et bort\",\"datePublished\":\"2025-07-04T10:23:06+00:00\",\"dateModified\":\"2026-01-02T10:30:16+00:00\",\"mainEntityOfPage\":{\"@id\":\"https:\/\/kunmedierne.dk\/mors\/mindeord-en-arbejdsmand-og-haedersmand-er-gaaet-bort\/\"},\"wordCount\":463,\"publisher\":{\"@id\":\"https:\/\/kunmedierne.dk\/mors\/#organization\"},\"articleSection\":[\"Lokalt\"],\"inLanguage\":\"da-DK\"},{\"@type\":\"WebPage\",\"@id\":\"https:\/\/kunmedierne.dk\/mors\/mindeord-en-arbejdsmand-og-haedersmand-er-gaaet-bort\/\",\"url\":\"https:\/\/kunmedierne.dk\/mors\/mindeord-en-arbejdsmand-og-haedersmand-er-gaaet-bort\/\",\"name\":\"Mindeord: En arbejdsmand og h\u00e6dersmand er g\u00e5et bort - Mors\",\"isPartOf\":{\"@id\":\"https:\/\/kunmedierne.dk\/mors\/#website\"},\"datePublished\":\"2025-07-04T10:23:06+00:00\",\"dateModified\":\"2026-01-02T10:30:16+00:00\",\"breadcrumb\":{\"@id\":\"https:\/\/kunmedierne.dk\/mors\/mindeord-en-arbejdsmand-og-haedersmand-er-gaaet-bort\/#breadcrumb\"},\"inLanguage\":\"da-DK\",\"potentialAction\":[{\"@type\":\"ReadAction\",\"target\":[\"https:\/\/kunmedierne.dk\/mors\/mindeord-en-arbejdsmand-og-haedersmand-er-gaaet-bort\/\"]}]},{\"@type\":\"BreadcrumbList\",\"@id\":\"https:\/\/kunmedierne.dk\/mors\/mindeord-en-arbejdsmand-og-haedersmand-er-gaaet-bort\/#breadcrumb\",\"itemListElement\":[{\"@type\":\"ListItem\",\"position\":1,\"name\":\"Hjem\",\"item\":\"https:\/\/kunmedierne.dk\/mors\/\"},{\"@type\":\"ListItem\",\"position\":2,\"name\":\"Mindeord: En arbejdsmand og h\u00e6dersmand er g\u00e5et bort\"}]},{\"@type\":\"WebSite\",\"@id\":\"https:\/\/kunmedierne.dk\/mors\/#website\",\"url\":\"https:\/\/kunmedierne.dk\/mors\/\",\"name\":\"Mors\",\"description\":\"et netmedie med journalistik om livet p\u00e5 Mors\",\"publisher\":{\"@id\":\"https:\/\/kunmedierne.dk\/mors\/#organization\"},\"potentialAction\":[{\"@type\":\"SearchAction\",\"target\":{\"@type\":\"EntryPoint\",\"urlTemplate\":\"https:\/\/kunmedierne.dk\/mors\/?s={search_term_string}\"},\"query-input\":{\"@type\":\"PropertyValueSpecification\",\"valueRequired\":true,\"valueName\":\"search_term_string\"}}],\"inLanguage\":\"da-DK\"},{\"@type\":\"Organization\",\"@id\":\"https:\/\/kunmedierne.dk\/mors\/#organization\",\"name\":\"Mors\",\"url\":\"https:\/\/kunmedierne.dk\/mors\/\",\"logo\":{\"@type\":\"ImageObject\",\"inLanguage\":\"da-DK\",\"@id\":\"https:\/\/kunmedierne.dk\/mors\/#\/schema\/logo\/image\/\",\"url\":\"https:\/\/kunmedierne.dk\/mors\/wp-content\/uploads\/2024\/08\/kunmors-logo.svg\",\"contentUrl\":\"https:\/\/kunmedierne.dk\/mors\/wp-content\/uploads\/2024\/08\/kunmors-logo.svg\",\"caption\":\"Mors\"},\"image\":{\"@id\":\"https:\/\/kunmedierne.dk\/mors\/#\/schema\/logo\/image\/\"}},{\"@type\":\"Person\",\"@id\":\"https:\/\/kunmedierne.dk\/mors\/#\/schema\/person\/23238f24c03ec888fff51102de5a585f\",\"name\":\"Redaktion\",\"image\":{\"@type\":\"ImageObject\",\"inLanguage\":\"da-DK\",\"@id\":\"https:\/\/kunmedierne.dk\/mors\/#\/schema\/person\/image\/\",\"url\":\"https:\/\/secure.gravatar.com\/avatar\/690249c43fd60787b97b93384a212aafd43f4087384fe866ff6bcd15574fdf55?s=96&d=mm&r=g\",\"contentUrl\":\"https:\/\/secure.gravatar.com\/avatar\/690249c43fd60787b97b93384a212aafd43f4087384fe866ff6bcd15574fdf55?s=96&d=mm&r=g\",\"caption\":\"Redaktion\"},\"url\":\"https:\/\/kunmedierne.dk\/mors\/author\/redaktion\/\"}]}<\/script>\n<!-- \/ Yoast SEO plugin. -->","yoast_head_json":{"title":"Mindeord: En arbejdsmand og h\u00e6dersmand er g\u00e5et bort - Mors","robots":{"index":"index","follow":"follow","max-snippet":"max-snippet:-1","max-image-preview":"max-image-preview:large","max-video-preview":"max-video-preview:-1"},"canonical":"https:\/\/kunmedierne.dk\/mors\/mindeord-en-arbejdsmand-og-haedersmand-er-gaaet-bort\/","og_locale":"da_DK","og_type":"article","og_title":"Mindeord: En arbejdsmand og h\u00e6dersmand er g\u00e5et bort - Mors","og_description":"MINDEORD: En god ven og kampf\u00e6lle gennem mere end 40 \u00e5r, Henning E. Pedersen (89) , er g\u00e5et bort. \u00a0 Henning var fra Nordmors og boede gennem det meste af sit liv sammen med Birthe og familien p\u00e5 Ejerslev Lyng t\u00e6t p\u00e5 Limfjorden. \u00a0 Han arbejdede i sine unge \u00e5r som arbejdsmand p\u00e5 Skarrehage Molerv\u00e6rk [&hellip;]","og_url":"https:\/\/kunmedierne.dk\/mors\/mindeord-en-arbejdsmand-og-haedersmand-er-gaaet-bort\/","og_site_name":"Mors","article_published_time":"2025-07-04T10:23:06+00:00","article_modified_time":"2026-01-02T10:30:16+00:00","author":"Redaktion","twitter_card":"summary_large_image","twitter_misc":{"Skrevet af":"Redaktion","Estimeret l\u00e6setid":"3 minutter"},"schema":{"@context":"https:\/\/schema.org","@graph":[{"@type":"Article","@id":"https:\/\/kunmedierne.dk\/mors\/mindeord-en-arbejdsmand-og-haedersmand-er-gaaet-bort\/#article","isPartOf":{"@id":"https:\/\/kunmedierne.dk\/mors\/mindeord-en-arbejdsmand-og-haedersmand-er-gaaet-bort\/"},"author":{"name":"Redaktion","@id":"https:\/\/kunmedierne.dk\/mors\/#\/schema\/person\/23238f24c03ec888fff51102de5a585f"},"headline":"Mindeord: En arbejdsmand og h\u00e6dersmand er g\u00e5et bort","datePublished":"2025-07-04T10:23:06+00:00","dateModified":"2026-01-02T10:30:16+00:00","mainEntityOfPage":{"@id":"https:\/\/kunmedierne.dk\/mors\/mindeord-en-arbejdsmand-og-haedersmand-er-gaaet-bort\/"},"wordCount":463,"publisher":{"@id":"https:\/\/kunmedierne.dk\/mors\/#organization"},"articleSection":["Lokalt"],"inLanguage":"da-DK"},{"@type":"WebPage","@id":"https:\/\/kunmedierne.dk\/mors\/mindeord-en-arbejdsmand-og-haedersmand-er-gaaet-bort\/","url":"https:\/\/kunmedierne.dk\/mors\/mindeord-en-arbejdsmand-og-haedersmand-er-gaaet-bort\/","name":"Mindeord: En arbejdsmand og h\u00e6dersmand er g\u00e5et bort - Mors","isPartOf":{"@id":"https:\/\/kunmedierne.dk\/mors\/#website"},"datePublished":"2025-07-04T10:23:06+00:00","dateModified":"2026-01-02T10:30:16+00:00","breadcrumb":{"@id":"https:\/\/kunmedierne.dk\/mors\/mindeord-en-arbejdsmand-og-haedersmand-er-gaaet-bort\/#breadcrumb"},"inLanguage":"da-DK","potentialAction":[{"@type":"ReadAction","target":["https:\/\/kunmedierne.dk\/mors\/mindeord-en-arbejdsmand-og-haedersmand-er-gaaet-bort\/"]}]},{"@type":"BreadcrumbList","@id":"https:\/\/kunmedierne.dk\/mors\/mindeord-en-arbejdsmand-og-haedersmand-er-gaaet-bort\/#breadcrumb","itemListElement":[{"@type":"ListItem","position":1,"name":"Hjem","item":"https:\/\/kunmedierne.dk\/mors\/"},{"@type":"ListItem","position":2,"name":"Mindeord: En arbejdsmand og h\u00e6dersmand er g\u00e5et bort"}]},{"@type":"WebSite","@id":"https:\/\/kunmedierne.dk\/mors\/#website","url":"https:\/\/kunmedierne.dk\/mors\/","name":"Mors","description":"et netmedie med journalistik om livet p\u00e5 Mors","publisher":{"@id":"https:\/\/kunmedierne.dk\/mors\/#organization"},"potentialAction":[{"@type":"SearchAction","target":{"@type":"EntryPoint","urlTemplate":"https:\/\/kunmedierne.dk\/mors\/?s={search_term_string}"},"query-input":{"@type":"PropertyValueSpecification","valueRequired":true,"valueName":"search_term_string"}}],"inLanguage":"da-DK"},{"@type":"Organization","@id":"https:\/\/kunmedierne.dk\/mors\/#organization","name":"Mors","url":"https:\/\/kunmedierne.dk\/mors\/","logo":{"@type":"ImageObject","inLanguage":"da-DK","@id":"https:\/\/kunmedierne.dk\/mors\/#\/schema\/logo\/image\/","url":"https:\/\/kunmedierne.dk\/mors\/wp-content\/uploads\/2024\/08\/kunmors-logo.svg","contentUrl":"https:\/\/kunmedierne.dk\/mors\/wp-content\/uploads\/2024\/08\/kunmors-logo.svg","caption":"Mors"},"image":{"@id":"https:\/\/kunmedierne.dk\/mors\/#\/schema\/logo\/image\/"}},{"@type":"Person","@id":"https:\/\/kunmedierne.dk\/mors\/#\/schema\/person\/23238f24c03ec888fff51102de5a585f","name":"Redaktion","image":{"@type":"ImageObject","inLanguage":"da-DK","@id":"https:\/\/kunmedierne.dk\/mors\/#\/schema\/person\/image\/","url":"https:\/\/secure.gravatar.com\/avatar\/690249c43fd60787b97b93384a212aafd43f4087384fe866ff6bcd15574fdf55?s=96&d=mm&r=g","contentUrl":"https:\/\/secure.gravatar.com\/avatar\/690249c43fd60787b97b93384a212aafd43f4087384fe866ff6bcd15574fdf55?s=96&d=mm&r=g","caption":"Redaktion"},"url":"https:\/\/kunmedierne.dk\/mors\/author\/redaktion\/"}]}},"_links":{"self":[{"href":"https:\/\/kunmedierne.dk\/mors\/wp-json\/wp\/v2\/posts\/150178","targetHints":{"allow":["GET"]}}],"collection":[{"href":"https:\/\/kunmedierne.dk\/mors\/wp-json\/wp\/v2\/posts"}],"about":[{"href":"https:\/\/kunmedierne.dk\/mors\/wp-json\/wp\/v2\/types\/post"}],"author":[{"embeddable":true,"href":"https:\/\/kunmedierne.dk\/mors\/wp-json\/wp\/v2\/users\/747"}],"replies":[{"embeddable":true,"href":"https:\/\/kunmedierne.dk\/mors\/wp-json\/wp\/v2\/comments?post=150178"}],"version-history":[{"count":4,"href":"https:\/\/kunmedierne.dk\/mors\/wp-json\/wp\/v2\/posts\/150178\/revisions"}],"predecessor-version":[{"id":164556,"href":"https:\/\/kunmedierne.dk\/mors\/wp-json\/wp\/v2\/posts\/150178\/revisions\/164556"}],"wp:attachment":[{"href":"https:\/\/kunmedierne.dk\/mors\/wp-json\/wp\/v2\/media?parent=150178"}],"wp:term":[{"taxonomy":"category","embeddable":true,"href":"https:\/\/kunmedierne.dk\/mors\/wp-json\/wp\/v2\/categories?post=150178"},{"taxonomy":"post_tag","embeddable":true,"href":"https:\/\/kunmedierne.dk\/mors\/wp-json\/wp\/v2\/tags?post=150178"}],"curies":[{"name":"wp","href":"https:\/\/api.w.org\/{rel}","templated":true}]}}