{"id":150125,"date":"2025-07-04T10:31:02","date_gmt":"2025-07-04T08:31:02","guid":{"rendered":"https:\/\/kunmedierne.dk\/mors\/?p=150125"},"modified":"2025-07-17T12:31:30","modified_gmt":"2025-07-17T10:31:30","slug":"koebmanden-i-sejerslev-har-travlt-udvider-baade-butik-og-parkeringsplads","status":"publish","type":"post","link":"https:\/\/kunmedierne.dk\/mors\/koebmanden-i-sejerslev-har-travlt-udvider-baade-butik-og-parkeringsplads\/","title":{"rendered":"K\u00f8bmanden i Sejerslev har travlt: Udvider b\u00e5de butik og parkeringsplads"},"content":{"rendered":"<p><strong>SEJERSLEV:<\/strong> Der er nok at se til for Ole Pedersen.<\/p>\n<p>Han driver b\u00e5de O.P. Algebek\u00e6mperen og er k\u00f8bmand i Sejerslev. Og s\u00e5 er han derudover klar til at udvide b\u00e5de k\u00f8bmandsbutikken og parkeringspladsen.<\/p>\n<p>&#8211; Vi rykker butikken lige lidt hen ad vejen her, siger Ole Pedersen og peger ud ad vinduet i baglokalet.<\/p>\n<p>N\u00e5r byggeriet g\u00e5r i gang, f\u00e5r det ikke betydning for handlemulighederne i Sejerslev. Den nuv\u00e6rende butik holder fortsat \u00e5ben, og det bliver den ved med, indtil Ole og resten af butikspersonalet er klar til at rykke ind i de nye lokaler.<\/p>\n<a class=\"dvrt-link\" onClick=\"cdmtrack_click(111725,jQuery(this));return false\" href=\"https:\/\/www.thistedforsikring.dk\/?utm_source=partnerskaber&amp;utm_campaign=kun_mors\"><img decoding=\"async\" style=\"width:100%;\" src=\"https:\/\/kunmedierne.dk\/mors\/wp-content\/uploads\/2024\/02\/269409KunMors-ThistedFor-1.png\"><\/a><script>cdmtrack_view(111725);<\/script>\n<p>Derefter skal der laves parkeringsplads. Grunden p\u00e5 den anden side af vejen st\u00e5r tom, her skal der i f\u00f8rste omgang l\u00e6gges grus ud, s\u00e5 der er plads til 16 parkeringspladser. Senere er planen, at der skal l\u00e6gges asfalt eller fliser.<\/p>\n<p>&#8211; Jeg kunne jo godt t\u00e6nke mig, at det kan v\u00e6re en plads, hvor autocampere eller folk med en b\u00e5d bag bilen kan holde ind og k\u00f8be noget. Vi vil ogs\u00e5 gerne have nogle b\u00e6nke ud, s\u00e5 man kan sidde derude og nyde en is eller lignende, s\u00e5 det bliver en lille torveplads, siger Ole Pedersen.<\/p>\n<p>N\u00e5r butikken er bygget f\u00e6rdig, vil den gamle blive revet ned. Det giver dermed plads til lidt flere parkeringspladser til butikkens kunder.<\/p>\n<p>&#8211; Der bliver 7-8 parkeringspladser der, hvor butikken st\u00e5r lige nu. Det er jo vigtigt at der altid er et sted at parkere hos os, ellers risikerer vi bare, at folk k\u00f8rer forbi.<\/p>\n<div id=\"attachment_150162\" style=\"width: 310px\" class=\"wp-caption alignnone\"><img loading=\"lazy\" decoding=\"async\" aria-describedby=\"caption-attachment-150162\" class=\"size-medium wp-image-150162\" src=\"https:\/\/kunmedierne.dk\/mors\/wp-content\/uploads\/2025\/07\/Design-uden-navn-4-300x212.jpg\" alt=\"\" width=\"300\" height=\"212\" srcset=\"https:\/\/kunmedierne.dk\/mors\/wp-content\/uploads\/2025\/07\/Design-uden-navn-4-300x212.jpg 300w, https:\/\/kunmedierne.dk\/mors\/wp-content\/uploads\/2025\/07\/Design-uden-navn-4-1024x724.jpg 1024w, https:\/\/kunmedierne.dk\/mors\/wp-content\/uploads\/2025\/07\/Design-uden-navn-4-510x361.jpg 510w, https:\/\/kunmedierne.dk\/mors\/wp-content\/uploads\/2025\/07\/Design-uden-navn-4.jpg 2000w\" sizes=\"auto, (max-width: 300px) 100vw, 300px\" \/><p id=\"caption-attachment-150162\" class=\"wp-caption-text\">Lige nu ser det ikke ud af meget &#8211; men planen er, at der skal v\u00e6re plads til k\u00f8bmandens kunder. Foto: Katrine Kronstrand<\/p><\/div>\n<p><strong>Service og kvalitet er n\u00f8gleordene<\/strong><\/p>\n<p>Det er sj\u00e6ldent at Ole Pedersen, eller hans k\u00e6reste Laila der ogs\u00e5 er at finde i butikken sidder stille. Der er nok at se til, nok kunder at betjene, og nok med varer der skal bestilles hjem.<\/p>\n<p>For et par m\u00e5neder siden lukkede byens bager, men b\u00e5de Ole og Laila var enige om, at byen stadig skulle have mulighed for at k\u00f8be kager og br\u00f8d, selvom der ingen bager var. Derfor begyndte de at unders\u00f8ge, hvilken bager i omr\u00e5det, der kunne levere frisk br\u00f8d og kager til dem hver morgen.<\/p>\n<p>&#8211; Vi endte med at lave en aftale med Munkens Bageri i Thisted, for de laver virkelig noget kvalitetsbagv\u00e6rk. S\u00e5 de kommer hver morgen og leverer dagens br\u00f8d og kager, fort\u00e6ller Laila Jensen, hvorefter Ole Pedersen bryder ind:<\/p>\n<p>&#8211; Man kan ogs\u00e5 bestille kagem\u00e6nd og s\u00e5 videre. Og hvis der er noget de ikke har n\u00e5et at f\u00e5 lavet, inden de kommer om morgenen, s\u00e5 kommer de igen to timer senere med det.<\/p>\n<a class=\"dvrt-link\" onClick=\"cdmtrack_click(113414,jQuery(this));return false\" href=\"https:\/\/www.p-soerensen.dk\/\"><img decoding=\"async\" style=\"width:100%;\" src=\"https:\/\/kunmedierne.dk\/mors\/wp-content\/uploads\/2024\/03\/p-soerensen-juni25.jpg\"><\/a><script>cdmtrack_view(113414);<\/script>\n<p>God service virker til at v\u00e6re en af de grundsten, Ole og Laila har bygget k\u00f8bmanden op p\u00e5. De l\u00e6gger heller ikke skjul p\u00e5, at det vigtigste for dem er, at de lokale nyder at komme i butikken.<\/p>\n<p>&#8211; Der er jo langt til den n\u00e6ste k\u00f8bmand, s\u00e5 vi vil jo gerne kunne tilbyde alt det, kunderne eftersp\u00f8rger. Nogle gange kommer der nogle kunder hen og sp\u00f8rger, om vi ikke kunne bestille en bestemt vare hjem. Og hvis jeg tror p\u00e5, at jeg kan s\u00e6lge den vare, og der ikke bare bliver k\u00f8bt en enkelt af dem, s\u00e5 vil jeg gerne, fort\u00e6ller Ole Pedersen.<\/p>\n<p>&#8211; Og hvis der er nogle, der har besv\u00e6r med at f\u00e5 deres indk\u00f8b hjem, s\u00e5 bringer jeg dem gerne ud.<\/p>\n<p>&nbsp;<\/p>\n<p><strong>Arbejde, arbejde, arbejde<\/strong><\/p>\n<p>Der er ikke noget der hedder en 37 timers arbejdsuge, n\u00e5r man er k\u00f8bmand i Sejerslev. Og det er hverken Ole eller Laila kede af, for de nyder hverdagen i butikken til fulde.<\/p>\n<p>&#8211; Man kan tit se p\u00e5 klokken og t\u00e6nke: Gud! er der g\u00e5et s\u00e5 mange timer? Men det er jo en god ting &#8211; det var noget andet, hvis man gik klokken halv to hver dag. S\u00e5 var man nok havnet p\u00e5 den forkerte hylde, fort\u00e6ller Laila. Hun er netop hjemvendt efter sin f\u00f8rste ferie siden hun og Ole overtog butikken for to et halvt \u00e5r siden.<\/p>\n<p>&#8211; Det var Ole der insisterede p\u00e5, at jeg tog p\u00e5 ferie med min datter. Men jeg kunne jo kun g\u00f8re det med ro i maven, fordi jeg vidste han var her i butikken. Man vil jo netop ogs\u00e5 gerne v\u00e6re med i det hele hernede, siger hun og smiler til Ole, der nikker.<\/p>\n<a class=\"dvrt-link\" onClick=\"cdmtrack_click(116504,jQuery(this));return false\" href=\"https:\/\/www.nybolig.dk\/ejendomsmaeglere\/nordvestjylland\/nybolig-morsoe-nykoebing-mors\"><img decoding=\"async\" style=\"width:100%;\" src=\"https:\/\/kunmedierne.dk\/mors\/wp-content\/uploads\/2024\/04\/250825Nybolig.jpg\"><\/a><script>cdmtrack_view(116504);<\/script>\n<p>Ole Pedersen mener faktisk slet ikke, at han har tid til at t\u00e6nke over, hvor meget han arbejder. For telefonen ringer mange gange om dagen. S\u00e6lgere fra diverse firmaer banker hele tiden p\u00e5 d\u00f8ren, for at snakke med ham om udvalget i butikken. Og der skal bestilles varer hjem.<\/p>\n<p>Heldigvis er Ole ikke tvivl om, at han elsker det. Ogs\u00e5 selvom han nok n\u00e6rmer sig en 80 timers arbejdsuge, og selv beskriver sin hverdag som &#8220;arbejde, arbejde, arbejde&#8221;.<\/p>\n<p>&#8211; Men jeg kan sige dig \u00e9n ting: N\u00e5r hovedet rammer puden om aftenen, s\u00e5 sover man s\u00f8rme godt!, siger han og griner.<\/p>\n<p>&#8211; Jeg elsker det jo, og jeg kommer til at blive i butikken i mange \u00e5r endnu.<\/p>\n<p>&nbsp;<\/p>\n<blockquote>\n<h4>L\u00c6S OGS\u00c5:<\/h4>\n<h5><a href=\"https:\/\/kunmedierne.dk\/mors\/stor-haeder-til-min-koebmand-i-sejerslev-aarets-fighter-i-dagrofa\/\" target=\"_blank\" rel=\"noopener\">Stor h\u00e6der til Min K\u00f8bmand i Sejerslev: \u00c5rets fighter i Dagrofa <\/a><\/h5>\n<\/blockquote>\n","protected":false},"excerpt":{"rendered":"<p>SEJERSLEV: Der er nok at se til for Ole Pedersen. Han driver b\u00e5de O.P. Algebek\u00e6mperen og er k\u00f8bmand i Sejerslev. Og s\u00e5 er han derudover klar til at udvide b\u00e5de k\u00f8bmandsbutikken og parkeringspladsen. &#8211; Vi rykker butikken lige lidt hen ad vejen her, siger Ole Pedersen og peger ud ad vinduet i baglokalet. N\u00e5r byggeriet [&hellip;]<\/p>\n","protected":false},"author":5146,"featured_media":0,"comment_status":"closed","ping_status":"closed","sticky":false,"template":"","format":"standard","meta":{"_acf_changed":false,"footnotes":""},"categories":[51],"tags":[160],"class_list":["post-150125","post","type-post","status-publish","format-standard","hentry","category-lokalt","tag-handel"],"acf":[],"yoast_head":"<!-- This site is optimized with the Yoast SEO plugin v26.8 - https:\/\/yoast.com\/product\/yoast-seo-wordpress\/ -->\n<title>K\u00f8bmanden i Sejerslev har travlt: Udvider b\u00e5de butik og parkeringsplads - Mors<\/title>\n<meta name=\"robots\" content=\"index, follow, max-snippet:-1, max-image-preview:large, max-video-preview:-1\" \/>\n<link rel=\"canonical\" href=\"https:\/\/kunmedierne.dk\/mors\/koebmanden-i-sejerslev-har-travlt-udvider-baade-butik-og-parkeringsplads\/\" \/>\n<meta property=\"og:locale\" content=\"da_DK\" \/>\n<meta property=\"og:type\" content=\"article\" \/>\n<meta property=\"og:title\" content=\"K\u00f8bmanden i Sejerslev har travlt: Udvider b\u00e5de butik og parkeringsplads - Mors\" \/>\n<meta property=\"og:description\" content=\"SEJERSLEV: Der er nok at se til for Ole Pedersen. Han driver b\u00e5de O.P. Algebek\u00e6mperen og er k\u00f8bmand i Sejerslev. Og s\u00e5 er han derudover klar til at udvide b\u00e5de k\u00f8bmandsbutikken og parkeringspladsen. &#8211; Vi rykker butikken lige lidt hen ad vejen her, siger Ole Pedersen og peger ud ad vinduet i baglokalet. N\u00e5r byggeriet [&hellip;]\" \/>\n<meta property=\"og:url\" content=\"https:\/\/kunmedierne.dk\/mors\/koebmanden-i-sejerslev-har-travlt-udvider-baade-butik-og-parkeringsplads\/\" \/>\n<meta property=\"og:site_name\" content=\"Mors\" \/>\n<meta property=\"article:published_time\" content=\"2025-07-04T08:31:02+00:00\" \/>\n<meta property=\"article:modified_time\" content=\"2025-07-17T10:31:30+00:00\" \/>\n<meta property=\"og:image\" content=\"https:\/\/kunmedierne.dk\/mors\/wp-content\/uploads\/2025\/07\/Design-uden-navn-4-300x212.jpg\" \/>\n<meta name=\"author\" content=\"Katrine Kronstrand\" \/>\n<meta name=\"twitter:card\" content=\"summary_large_image\" \/>\n<meta name=\"twitter:label1\" content=\"Skrevet af\" \/>\n\t<meta name=\"twitter:data1\" content=\"Katrine Kronstrand\" \/>\n\t<meta name=\"twitter:label2\" content=\"Estimeret l\u00e6setid\" \/>\n\t<meta name=\"twitter:data2\" content=\"5 minutter\" \/>\n<script type=\"application\/ld+json\" class=\"yoast-schema-graph\">{\"@context\":\"https:\/\/schema.org\",\"@graph\":[{\"@type\":\"Article\",\"@id\":\"https:\/\/kunmedierne.dk\/mors\/koebmanden-i-sejerslev-har-travlt-udvider-baade-butik-og-parkeringsplads\/#article\",\"isPartOf\":{\"@id\":\"https:\/\/kunmedierne.dk\/mors\/koebmanden-i-sejerslev-har-travlt-udvider-baade-butik-og-parkeringsplads\/\"},\"author\":{\"name\":\"Katrine Kronstrand\",\"@id\":\"https:\/\/kunmedierne.dk\/mors\/#\/schema\/person\/41289bce3056a3e3d485ec8f09a96d28\"},\"headline\":\"K\u00f8bmanden i Sejerslev har travlt: Udvider b\u00e5de butik og parkeringsplads\",\"datePublished\":\"2025-07-04T08:31:02+00:00\",\"dateModified\":\"2025-07-17T10:31:30+00:00\",\"mainEntityOfPage\":{\"@id\":\"https:\/\/kunmedierne.dk\/mors\/koebmanden-i-sejerslev-har-travlt-udvider-baade-butik-og-parkeringsplads\/\"},\"wordCount\":942,\"publisher\":{\"@id\":\"https:\/\/kunmedierne.dk\/mors\/#organization\"},\"image\":{\"@id\":\"https:\/\/kunmedierne.dk\/mors\/koebmanden-i-sejerslev-har-travlt-udvider-baade-butik-og-parkeringsplads\/#primaryimage\"},\"thumbnailUrl\":\"https:\/\/kunmedierne.dk\/mors\/wp-content\/uploads\/2025\/07\/Design-uden-navn-4-300x212.jpg\",\"keywords\":[\"Handel\"],\"articleSection\":[\"Lokalt\"],\"inLanguage\":\"da-DK\"},{\"@type\":\"WebPage\",\"@id\":\"https:\/\/kunmedierne.dk\/mors\/koebmanden-i-sejerslev-har-travlt-udvider-baade-butik-og-parkeringsplads\/\",\"url\":\"https:\/\/kunmedierne.dk\/mors\/koebmanden-i-sejerslev-har-travlt-udvider-baade-butik-og-parkeringsplads\/\",\"name\":\"K\u00f8bmanden i Sejerslev har travlt: Udvider b\u00e5de butik og parkeringsplads - Mors\",\"isPartOf\":{\"@id\":\"https:\/\/kunmedierne.dk\/mors\/#website\"},\"primaryImageOfPage\":{\"@id\":\"https:\/\/kunmedierne.dk\/mors\/koebmanden-i-sejerslev-har-travlt-udvider-baade-butik-og-parkeringsplads\/#primaryimage\"},\"image\":{\"@id\":\"https:\/\/kunmedierne.dk\/mors\/koebmanden-i-sejerslev-har-travlt-udvider-baade-butik-og-parkeringsplads\/#primaryimage\"},\"thumbnailUrl\":\"https:\/\/kunmedierne.dk\/mors\/wp-content\/uploads\/2025\/07\/Design-uden-navn-4-300x212.jpg\",\"datePublished\":\"2025-07-04T08:31:02+00:00\",\"dateModified\":\"2025-07-17T10:31:30+00:00\",\"breadcrumb\":{\"@id\":\"https:\/\/kunmedierne.dk\/mors\/koebmanden-i-sejerslev-har-travlt-udvider-baade-butik-og-parkeringsplads\/#breadcrumb\"},\"inLanguage\":\"da-DK\",\"potentialAction\":[{\"@type\":\"ReadAction\",\"target\":[\"https:\/\/kunmedierne.dk\/mors\/koebmanden-i-sejerslev-har-travlt-udvider-baade-butik-og-parkeringsplads\/\"]}]},{\"@type\":\"ImageObject\",\"inLanguage\":\"da-DK\",\"@id\":\"https:\/\/kunmedierne.dk\/mors\/koebmanden-i-sejerslev-har-travlt-udvider-baade-butik-og-parkeringsplads\/#primaryimage\",\"url\":\"https:\/\/kunmedierne.dk\/mors\/wp-content\/uploads\/2025\/07\/Design-uden-navn-4.jpg\",\"contentUrl\":\"https:\/\/kunmedierne.dk\/mors\/wp-content\/uploads\/2025\/07\/Design-uden-navn-4.jpg\",\"width\":2000,\"height\":1414,\"caption\":\"Lige nu ser det ikke ud af meget - men planen er, at der skal v\u00e6re plads til k\u00f8bmandens kunder.\"},{\"@type\":\"BreadcrumbList\",\"@id\":\"https:\/\/kunmedierne.dk\/mors\/koebmanden-i-sejerslev-har-travlt-udvider-baade-butik-og-parkeringsplads\/#breadcrumb\",\"itemListElement\":[{\"@type\":\"ListItem\",\"position\":1,\"name\":\"Hjem\",\"item\":\"https:\/\/kunmedierne.dk\/mors\/\"},{\"@type\":\"ListItem\",\"position\":2,\"name\":\"K\u00f8bmanden i Sejerslev har travlt: Udvider b\u00e5de butik og parkeringsplads\"}]},{\"@type\":\"WebSite\",\"@id\":\"https:\/\/kunmedierne.dk\/mors\/#website\",\"url\":\"https:\/\/kunmedierne.dk\/mors\/\",\"name\":\"Mors\",\"description\":\"et netmedie med journalistik om livet p\u00e5 Mors\",\"publisher\":{\"@id\":\"https:\/\/kunmedierne.dk\/mors\/#organization\"},\"potentialAction\":[{\"@type\":\"SearchAction\",\"target\":{\"@type\":\"EntryPoint\",\"urlTemplate\":\"https:\/\/kunmedierne.dk\/mors\/?s={search_term_string}\"},\"query-input\":{\"@type\":\"PropertyValueSpecification\",\"valueRequired\":true,\"valueName\":\"search_term_string\"}}],\"inLanguage\":\"da-DK\"},{\"@type\":\"Organization\",\"@id\":\"https:\/\/kunmedierne.dk\/mors\/#organization\",\"name\":\"Mors\",\"url\":\"https:\/\/kunmedierne.dk\/mors\/\",\"logo\":{\"@type\":\"ImageObject\",\"inLanguage\":\"da-DK\",\"@id\":\"https:\/\/kunmedierne.dk\/mors\/#\/schema\/logo\/image\/\",\"url\":\"https:\/\/kunmedierne.dk\/mors\/wp-content\/uploads\/2024\/08\/kunmors-logo.svg\",\"contentUrl\":\"https:\/\/kunmedierne.dk\/mors\/wp-content\/uploads\/2024\/08\/kunmors-logo.svg\",\"caption\":\"Mors\"},\"image\":{\"@id\":\"https:\/\/kunmedierne.dk\/mors\/#\/schema\/logo\/image\/\"}},{\"@type\":\"Person\",\"@id\":\"https:\/\/kunmedierne.dk\/mors\/#\/schema\/person\/41289bce3056a3e3d485ec8f09a96d28\",\"name\":\"Katrine Kronstrand\",\"image\":{\"@type\":\"ImageObject\",\"inLanguage\":\"da-DK\",\"@id\":\"https:\/\/kunmedierne.dk\/mors\/#\/schema\/person\/image\/\",\"url\":\"https:\/\/secure.gravatar.com\/avatar\/5b3afd06fc2a282f448c39083508b630e100945e4d8eec6e2fb5d79f7596e886?s=96&d=mm&r=g\",\"contentUrl\":\"https:\/\/secure.gravatar.com\/avatar\/5b3afd06fc2a282f448c39083508b630e100945e4d8eec6e2fb5d79f7596e886?s=96&d=mm&r=g\",\"caption\":\"Katrine Kronstrand\"},\"url\":\"https:\/\/kunmedierne.dk\/mors\/author\/katrine-kronstrand\/\"}]}<\/script>\n<!-- \/ Yoast SEO plugin. -->","yoast_head_json":{"title":"K\u00f8bmanden i Sejerslev har travlt: Udvider b\u00e5de butik og parkeringsplads - Mors","robots":{"index":"index","follow":"follow","max-snippet":"max-snippet:-1","max-image-preview":"max-image-preview:large","max-video-preview":"max-video-preview:-1"},"canonical":"https:\/\/kunmedierne.dk\/mors\/koebmanden-i-sejerslev-har-travlt-udvider-baade-butik-og-parkeringsplads\/","og_locale":"da_DK","og_type":"article","og_title":"K\u00f8bmanden i Sejerslev har travlt: Udvider b\u00e5de butik og parkeringsplads - Mors","og_description":"SEJERSLEV: Der er nok at se til for Ole Pedersen. Han driver b\u00e5de O.P. Algebek\u00e6mperen og er k\u00f8bmand i Sejerslev. Og s\u00e5 er han derudover klar til at udvide b\u00e5de k\u00f8bmandsbutikken og parkeringspladsen. &#8211; Vi rykker butikken lige lidt hen ad vejen her, siger Ole Pedersen og peger ud ad vinduet i baglokalet. N\u00e5r byggeriet [&hellip;]","og_url":"https:\/\/kunmedierne.dk\/mors\/koebmanden-i-sejerslev-har-travlt-udvider-baade-butik-og-parkeringsplads\/","og_site_name":"Mors","article_published_time":"2025-07-04T08:31:02+00:00","article_modified_time":"2025-07-17T10:31:30+00:00","og_image":[{"url":"https:\/\/kunmedierne.dk\/mors\/wp-content\/uploads\/2025\/07\/Design-uden-navn-4-300x212.jpg","type":"","width":"","height":""}],"author":"Katrine Kronstrand","twitter_card":"summary_large_image","twitter_misc":{"Skrevet af":"Katrine Kronstrand","Estimeret l\u00e6setid":"5 minutter"},"schema":{"@context":"https:\/\/schema.org","@graph":[{"@type":"Article","@id":"https:\/\/kunmedierne.dk\/mors\/koebmanden-i-sejerslev-har-travlt-udvider-baade-butik-og-parkeringsplads\/#article","isPartOf":{"@id":"https:\/\/kunmedierne.dk\/mors\/koebmanden-i-sejerslev-har-travlt-udvider-baade-butik-og-parkeringsplads\/"},"author":{"name":"Katrine Kronstrand","@id":"https:\/\/kunmedierne.dk\/mors\/#\/schema\/person\/41289bce3056a3e3d485ec8f09a96d28"},"headline":"K\u00f8bmanden i Sejerslev har travlt: Udvider b\u00e5de butik og parkeringsplads","datePublished":"2025-07-04T08:31:02+00:00","dateModified":"2025-07-17T10:31:30+00:00","mainEntityOfPage":{"@id":"https:\/\/kunmedierne.dk\/mors\/koebmanden-i-sejerslev-har-travlt-udvider-baade-butik-og-parkeringsplads\/"},"wordCount":942,"publisher":{"@id":"https:\/\/kunmedierne.dk\/mors\/#organization"},"image":{"@id":"https:\/\/kunmedierne.dk\/mors\/koebmanden-i-sejerslev-har-travlt-udvider-baade-butik-og-parkeringsplads\/#primaryimage"},"thumbnailUrl":"https:\/\/kunmedierne.dk\/mors\/wp-content\/uploads\/2025\/07\/Design-uden-navn-4-300x212.jpg","keywords":["Handel"],"articleSection":["Lokalt"],"inLanguage":"da-DK"},{"@type":"WebPage","@id":"https:\/\/kunmedierne.dk\/mors\/koebmanden-i-sejerslev-har-travlt-udvider-baade-butik-og-parkeringsplads\/","url":"https:\/\/kunmedierne.dk\/mors\/koebmanden-i-sejerslev-har-travlt-udvider-baade-butik-og-parkeringsplads\/","name":"K\u00f8bmanden i Sejerslev har travlt: Udvider b\u00e5de butik og parkeringsplads - Mors","isPartOf":{"@id":"https:\/\/kunmedierne.dk\/mors\/#website"},"primaryImageOfPage":{"@id":"https:\/\/kunmedierne.dk\/mors\/koebmanden-i-sejerslev-har-travlt-udvider-baade-butik-og-parkeringsplads\/#primaryimage"},"image":{"@id":"https:\/\/kunmedierne.dk\/mors\/koebmanden-i-sejerslev-har-travlt-udvider-baade-butik-og-parkeringsplads\/#primaryimage"},"thumbnailUrl":"https:\/\/kunmedierne.dk\/mors\/wp-content\/uploads\/2025\/07\/Design-uden-navn-4-300x212.jpg","datePublished":"2025-07-04T08:31:02+00:00","dateModified":"2025-07-17T10:31:30+00:00","breadcrumb":{"@id":"https:\/\/kunmedierne.dk\/mors\/koebmanden-i-sejerslev-har-travlt-udvider-baade-butik-og-parkeringsplads\/#breadcrumb"},"inLanguage":"da-DK","potentialAction":[{"@type":"ReadAction","target":["https:\/\/kunmedierne.dk\/mors\/koebmanden-i-sejerslev-har-travlt-udvider-baade-butik-og-parkeringsplads\/"]}]},{"@type":"ImageObject","inLanguage":"da-DK","@id":"https:\/\/kunmedierne.dk\/mors\/koebmanden-i-sejerslev-har-travlt-udvider-baade-butik-og-parkeringsplads\/#primaryimage","url":"https:\/\/kunmedierne.dk\/mors\/wp-content\/uploads\/2025\/07\/Design-uden-navn-4.jpg","contentUrl":"https:\/\/kunmedierne.dk\/mors\/wp-content\/uploads\/2025\/07\/Design-uden-navn-4.jpg","width":2000,"height":1414,"caption":"Lige nu ser det ikke ud af meget - men planen er, at der skal v\u00e6re plads til k\u00f8bmandens kunder."},{"@type":"BreadcrumbList","@id":"https:\/\/kunmedierne.dk\/mors\/koebmanden-i-sejerslev-har-travlt-udvider-baade-butik-og-parkeringsplads\/#breadcrumb","itemListElement":[{"@type":"ListItem","position":1,"name":"Hjem","item":"https:\/\/kunmedierne.dk\/mors\/"},{"@type":"ListItem","position":2,"name":"K\u00f8bmanden i Sejerslev har travlt: Udvider b\u00e5de butik og parkeringsplads"}]},{"@type":"WebSite","@id":"https:\/\/kunmedierne.dk\/mors\/#website","url":"https:\/\/kunmedierne.dk\/mors\/","name":"Mors","description":"et netmedie med journalistik om livet p\u00e5 Mors","publisher":{"@id":"https:\/\/kunmedierne.dk\/mors\/#organization"},"potentialAction":[{"@type":"SearchAction","target":{"@type":"EntryPoint","urlTemplate":"https:\/\/kunmedierne.dk\/mors\/?s={search_term_string}"},"query-input":{"@type":"PropertyValueSpecification","valueRequired":true,"valueName":"search_term_string"}}],"inLanguage":"da-DK"},{"@type":"Organization","@id":"https:\/\/kunmedierne.dk\/mors\/#organization","name":"Mors","url":"https:\/\/kunmedierne.dk\/mors\/","logo":{"@type":"ImageObject","inLanguage":"da-DK","@id":"https:\/\/kunmedierne.dk\/mors\/#\/schema\/logo\/image\/","url":"https:\/\/kunmedierne.dk\/mors\/wp-content\/uploads\/2024\/08\/kunmors-logo.svg","contentUrl":"https:\/\/kunmedierne.dk\/mors\/wp-content\/uploads\/2024\/08\/kunmors-logo.svg","caption":"Mors"},"image":{"@id":"https:\/\/kunmedierne.dk\/mors\/#\/schema\/logo\/image\/"}},{"@type":"Person","@id":"https:\/\/kunmedierne.dk\/mors\/#\/schema\/person\/41289bce3056a3e3d485ec8f09a96d28","name":"Katrine Kronstrand","image":{"@type":"ImageObject","inLanguage":"da-DK","@id":"https:\/\/kunmedierne.dk\/mors\/#\/schema\/person\/image\/","url":"https:\/\/secure.gravatar.com\/avatar\/5b3afd06fc2a282f448c39083508b630e100945e4d8eec6e2fb5d79f7596e886?s=96&d=mm&r=g","contentUrl":"https:\/\/secure.gravatar.com\/avatar\/5b3afd06fc2a282f448c39083508b630e100945e4d8eec6e2fb5d79f7596e886?s=96&d=mm&r=g","caption":"Katrine Kronstrand"},"url":"https:\/\/kunmedierne.dk\/mors\/author\/katrine-kronstrand\/"}]}},"_links":{"self":[{"href":"https:\/\/kunmedierne.dk\/mors\/wp-json\/wp\/v2\/posts\/150125","targetHints":{"allow":["GET"]}}],"collection":[{"href":"https:\/\/kunmedierne.dk\/mors\/wp-json\/wp\/v2\/posts"}],"about":[{"href":"https:\/\/kunmedierne.dk\/mors\/wp-json\/wp\/v2\/types\/post"}],"author":[{"embeddable":true,"href":"https:\/\/kunmedierne.dk\/mors\/wp-json\/wp\/v2\/users\/5146"}],"replies":[{"embeddable":true,"href":"https:\/\/kunmedierne.dk\/mors\/wp-json\/wp\/v2\/comments?post=150125"}],"version-history":[{"count":7,"href":"https:\/\/kunmedierne.dk\/mors\/wp-json\/wp\/v2\/posts\/150125\/revisions"}],"predecessor-version":[{"id":150166,"href":"https:\/\/kunmedierne.dk\/mors\/wp-json\/wp\/v2\/posts\/150125\/revisions\/150166"}],"wp:attachment":[{"href":"https:\/\/kunmedierne.dk\/mors\/wp-json\/wp\/v2\/media?parent=150125"}],"wp:term":[{"taxonomy":"category","embeddable":true,"href":"https:\/\/kunmedierne.dk\/mors\/wp-json\/wp\/v2\/categories?post=150125"},{"taxonomy":"post_tag","embeddable":true,"href":"https:\/\/kunmedierne.dk\/mors\/wp-json\/wp\/v2\/tags?post=150125"}],"curies":[{"name":"wp","href":"https:\/\/api.w.org\/{rel}","templated":true}]}}