{"id":14973,"date":"2020-03-27T15:14:46","date_gmt":"2020-03-27T14:14:46","guid":{"rendered":"https:\/\/kunmedierne.dk\/mors\/?p=14973"},"modified":"2024-08-12T14:06:18","modified_gmt":"2024-08-12T12:06:18","slug":"morsoe-kommune-soeger-ekstra-haender-til-corona-beredskab","status":"publish","type":"post","link":"https:\/\/kunmedierne.dk\/mors\/morsoe-kommune-soeger-ekstra-haender-til-corona-beredskab\/","title":{"rendered":"Mors\u00f8 Kommune s\u00f8ger ekstra h\u00e6nder til corona-beredskab"},"content":{"rendered":"<p><strong>MORS<\/strong>: Er du tidligere sygeplejerske, socialp\u00e6dagog, SOSU-medarbejder eller noget helt fjerde inden for sundhedsomr\u00e5det, kan du komme i spil til Mors\u00f8 Kommunes kamp mod coronavirus.<\/p>\n<p>Kommunen har oprettet en jobbank, hvor sundhedsfaglige kan stille sig til r\u00e5dighed, s\u00e5 kommunen kan sikre, at der er nok sundhedsfagligt personale, hvis coronakrisen udviklet sig mere drastisk.<\/p>\n<p>&#8220;I lyset\u00a0af, at coronasmitten fortsat breder sig hastigt, kan vi komme i den situation, at vi har brug for flere sundhedsfaglige kompetencer og h\u00e6nder. Derfor vil vi gerne opfordre til, at man tilmelder sig vores jobbank, hvis man tidligere har arbejdet i sundhedsv\u00e6senet,&#8221; siger Henrik Ren\u00e9 Christensen, direkt\u00f8r for social, sundhed og besk\u00e6ftigelse i Mors\u00f8 Kommune.<\/p>\n<p>Kommunen har netop udsendt en pressemeddelelse, der ogs\u00e5 fort\u00e6ller, hvordan man tilmelder sig jobbanken. Det g\u00f8r man via kommunens <a href=\"https:\/\/www.mors.dk\/\" target=\"_blank\" rel=\"noopener noreferrer\">hjemmeside<\/a>. Samtidig bliver det oplyst, at l\u00f8nnen f\u00f8lger de g\u00e6ldende overenskomster.<\/p>\n<p>&nbsp;<\/p>\n<p><strong>Der er styr p\u00e5 nuv\u00e6rende situation<\/strong><\/p>\n<p>If\u00f8lge kommunen skal jobbanken ses som en ekstra personale-buffer, hvis coronavirussen for alvor f\u00e5r fat, og kommunen bliver yderligere presset p\u00e5 personalefronten.<\/p>\n<p>&#8220;Vores medarbejdere g\u00f8r en stor indsats, og borgerne kan v\u00e6re helt trygge ved, at vi nok skal l\u00f8se vores opgaver. Vi kan dog ikke udelukke, at der i kommende periode kan komme et \u00f8get pres, og det vil vi ogs\u00e5 gerne v\u00e6re rustet til at kunne h\u00e5ndtere,&#8221; siger Henrik Ren\u00e9 Christensen.<b><\/b><\/p>\n<div id=\"attachment_14975\" style=\"width: 360px\" class=\"wp-caption alignright\"><img loading=\"lazy\" decoding=\"async\" aria-describedby=\"caption-attachment-14975\" class=\"wp-image-14975\" src=\"https:\/\/kunmedierne.dk\/mors\/wp-content\/uploads\/2020\/03\/200327-Henrik-Ren\u00e9-Christensen.jpg\" alt=\"\" width=\"350\" height=\"263\" srcset=\"https:\/\/kunmedierne.dk\/mors\/wp-content\/uploads\/2020\/03\/200327-Henrik-Ren\u00e9-Christensen.jpg 4032w, https:\/\/kunmedierne.dk\/mors\/wp-content\/uploads\/2020\/03\/200327-Henrik-Ren\u00e9-Christensen-300x225.jpg 300w, https:\/\/kunmedierne.dk\/mors\/wp-content\/uploads\/2020\/03\/200327-Henrik-Ren\u00e9-Christensen-768x576.jpg 768w, https:\/\/kunmedierne.dk\/mors\/wp-content\/uploads\/2020\/03\/200327-Henrik-Ren\u00e9-Christensen-1024x768.jpg 1024w, https:\/\/kunmedierne.dk\/mors\/wp-content\/uploads\/2020\/03\/200327-Henrik-Ren\u00e9-Christensen-600x450.jpg 600w\" sizes=\"auto, (max-width: 350px) 100vw, 350px\" \/><p id=\"caption-attachment-14975\" class=\"wp-caption-text\">Henrik Ren\u00e9 Christensen. Foto: Mors\u00f8 Kommune.<\/p><\/div>\n<p>Samtidig oplyser kommunen, at der er fuldt fokus p\u00e5 at\u00a0sikre, at der er personale nok til modst\u00e5 corona-situationen. Og at der i den forbindelse ogs\u00e5 arbejdes p\u00e5 en intern jobbank, hvor medarbejdere, som har de rette kompetencer &#8211; men til daglig arbejder i andre funktioner &#8211; kan hj\u00e6lpe til.<\/p>\n<p class=\"v1MsoNormal\">Derudover meldes de forskellige plejecentre og bosteder godt i gang med at danne sig et overblik over de vikarer og ressourcer, som de normalt tr\u00e6kker p\u00e5, n\u00e5r der er behov for flere h\u00e6nder. S\u00e5 hvis man allerede har tilmeldt sig direkte hos et plejecenter eller bosted, beh\u00f8ver man ikke tilmelde sig denne liste.<\/p>\n<p class=\"v1MsoNormal\">&#8220;Vi kontakter alle direkte, hvis vi f\u00e5r behov for den enkeltes kompetencer. Lige nu vil blot sikre os, at vi n\u00e5r s\u00e5 bredt ud som muligt. S\u00e5 g\u00e5r man derude og har tid, kompetencer og mulighed for at hj\u00e6lpe til, s\u00e5 h\u00e5ber vi, at man vil tilmelde sig,&#8221; lyder opfordringen fra Henrik Ren\u00e9 Christensen.<\/p>\n<p>&nbsp;<\/p>\n<p><strong>Ros til medarbejdere og morsingboer<\/strong><\/p>\n<p>Den store indsats fra sundhedsansatte og det lokale samfundssind fra borgerne p\u00e5 Mors bliver ogs\u00e5 kommenteret fra kommunens \u00f8verste ledelse.<\/p>\n<p>&#8220;Vi oplever allerede, at vores medarbejdere og tidligere medarbejdere i stor stil melder ind med deres arbejdskraft og viden til hele organisationen,&#8221; siger Rikke W\u00fcrtz, kommunaldirekt\u00f8r i Mors\u00f8 Kommune.<\/p>\n<p>&#8220;Ogs\u00e5 en del borgere kontakter os for at hj\u00e6lpe, og vi er meget taknemlige for det samfundssind, vi oplever alle steder fra. Derfor er jeg ogs\u00e5 fortr\u00f8stningsfuld ved, at vi nok skal komme sikkert igennem denne krise. Is\u00e6r hvis alle bakker op. S\u00e5 jeg h\u00e5ber, at mange med de rette foruds\u00e6tninger, melder sig til denne jobbank,&#8221; siger hun.<\/p>\n<p>&nbsp;<\/p>\n<blockquote>\n<h3>FAKTA<\/h3>\n<p>Faggrupper som bliver efterspurgt til jobbanken:<\/p>\n<p>Sygeplejerske\/sygeplejerske-elev, social- og sundhedsassistent\/hj\u00e6lper, social- og sundhedsassistent\/hj\u00e6lper-elev, p\u00e6dagogisk assistent\/socialp\u00e6dagog, medicinstuderende, fysioterapeut, ergoterapeut.<\/p><\/blockquote>\n<p class=\"v1MsoNormal\">\n","protected":false},"excerpt":{"rendered":"<p>MORS: Er du tidligere sygeplejerske, socialp\u00e6dagog, SOSU-medarbejder eller noget helt fjerde inden for sundhedsomr\u00e5det, kan du komme i spil til Mors\u00f8 Kommunes kamp mod coronavirus. Kommunen har oprettet en jobbank, hvor sundhedsfaglige kan stille sig til r\u00e5dighed, s\u00e5 kommunen kan sikre, at der er nok sundhedsfagligt personale, hvis coronakrisen udviklet sig mere drastisk. &#8220;I lyset\u00a0af, [&hellip;]<\/p>\n","protected":false},"author":8,"featured_media":14976,"comment_status":"open","ping_status":"open","sticky":false,"template":"","format":"standard","meta":{"_acf_changed":false,"footnotes":""},"categories":[51],"tags":[],"class_list":["post-14973","post","type-post","status-publish","format-standard","has-post-thumbnail","hentry","category-lokalt"],"acf":[],"yoast_head":"<!-- This site is optimized with the Yoast SEO plugin v26.8 - https:\/\/yoast.com\/product\/yoast-seo-wordpress\/ -->\n<title>Mors\u00f8 Kommune s\u00f8ger ekstra h\u00e6nder til corona-beredskab - Mors<\/title>\n<meta name=\"robots\" content=\"index, follow, max-snippet:-1, max-image-preview:large, max-video-preview:-1\" \/>\n<link rel=\"canonical\" href=\"https:\/\/kunmedierne.dk\/mors\/morsoe-kommune-soeger-ekstra-haender-til-corona-beredskab\/\" \/>\n<meta property=\"og:locale\" content=\"da_DK\" \/>\n<meta property=\"og:type\" content=\"article\" \/>\n<meta property=\"og:title\" content=\"Mors\u00f8 Kommune s\u00f8ger ekstra h\u00e6nder til corona-beredskab - Mors\" \/>\n<meta property=\"og:description\" content=\"MORS: Er du tidligere sygeplejerske, socialp\u00e6dagog, SOSU-medarbejder eller noget helt fjerde inden for sundhedsomr\u00e5det, kan du komme i spil til Mors\u00f8 Kommunes kamp mod coronavirus. Kommunen har oprettet en jobbank, hvor sundhedsfaglige kan stille sig til r\u00e5dighed, s\u00e5 kommunen kan sikre, at der er nok sundhedsfagligt personale, hvis coronakrisen udviklet sig mere drastisk. &#8220;I lyset\u00a0af, [&hellip;]\" \/>\n<meta property=\"og:url\" content=\"https:\/\/kunmedierne.dk\/mors\/morsoe-kommune-soeger-ekstra-haender-til-corona-beredskab\/\" \/>\n<meta property=\"og:site_name\" content=\"Mors\" \/>\n<meta property=\"article:published_time\" content=\"2020-03-27T14:14:46+00:00\" \/>\n<meta property=\"article:modified_time\" content=\"2024-08-12T12:06:18+00:00\" \/>\n<meta property=\"og:image\" content=\"https:\/\/kunmedierne.dk\/mors\/wp-content\/uploads\/2020\/03\/200327-sygeplejerske-Photo-by-CDC-on-Unsplash.jpg\" \/>\n\t<meta property=\"og:image:width\" content=\"770\" \/>\n\t<meta property=\"og:image:height\" content=\"509\" \/>\n\t<meta property=\"og:image:type\" content=\"image\/jpeg\" \/>\n<meta name=\"author\" content=\"David H\u00f8jmark\" \/>\n<meta name=\"twitter:card\" content=\"summary_large_image\" \/>\n<meta name=\"twitter:label1\" content=\"Skrevet af\" \/>\n\t<meta name=\"twitter:data1\" content=\"David H\u00f8jmark\" \/>\n\t<meta name=\"twitter:label2\" content=\"Estimeret l\u00e6setid\" \/>\n\t<meta name=\"twitter:data2\" content=\"3 minutter\" \/>\n<script type=\"application\/ld+json\" class=\"yoast-schema-graph\">{\"@context\":\"https:\/\/schema.org\",\"@graph\":[{\"@type\":\"Article\",\"@id\":\"https:\/\/kunmedierne.dk\/mors\/morsoe-kommune-soeger-ekstra-haender-til-corona-beredskab\/#article\",\"isPartOf\":{\"@id\":\"https:\/\/kunmedierne.dk\/mors\/morsoe-kommune-soeger-ekstra-haender-til-corona-beredskab\/\"},\"author\":{\"name\":\"David H\u00f8jmark\",\"@id\":\"https:\/\/kunmedierne.dk\/mors\/#\/schema\/person\/5fe23251bf1d0abbcdc6f7896579d548\"},\"headline\":\"Mors\u00f8 Kommune s\u00f8ger ekstra h\u00e6nder til corona-beredskab\",\"datePublished\":\"2020-03-27T14:14:46+00:00\",\"dateModified\":\"2024-08-12T12:06:18+00:00\",\"mainEntityOfPage\":{\"@id\":\"https:\/\/kunmedierne.dk\/mors\/morsoe-kommune-soeger-ekstra-haender-til-corona-beredskab\/\"},\"wordCount\":577,\"commentCount\":0,\"publisher\":{\"@id\":\"https:\/\/kunmedierne.dk\/mors\/#organization\"},\"image\":{\"@id\":\"https:\/\/kunmedierne.dk\/mors\/morsoe-kommune-soeger-ekstra-haender-til-corona-beredskab\/#primaryimage\"},\"thumbnailUrl\":\"https:\/\/kunmedierne.dk\/mors\/wp-content\/uploads\/2020\/03\/200327-sygeplejerske-Photo-by-CDC-on-Unsplash.jpg\",\"articleSection\":[\"Lokalt\"],\"inLanguage\":\"da-DK\",\"potentialAction\":[{\"@type\":\"CommentAction\",\"name\":\"Comment\",\"target\":[\"https:\/\/kunmedierne.dk\/mors\/morsoe-kommune-soeger-ekstra-haender-til-corona-beredskab\/#respond\"]}]},{\"@type\":\"WebPage\",\"@id\":\"https:\/\/kunmedierne.dk\/mors\/morsoe-kommune-soeger-ekstra-haender-til-corona-beredskab\/\",\"url\":\"https:\/\/kunmedierne.dk\/mors\/morsoe-kommune-soeger-ekstra-haender-til-corona-beredskab\/\",\"name\":\"Mors\u00f8 Kommune s\u00f8ger ekstra h\u00e6nder til corona-beredskab - Mors\",\"isPartOf\":{\"@id\":\"https:\/\/kunmedierne.dk\/mors\/#website\"},\"primaryImageOfPage\":{\"@id\":\"https:\/\/kunmedierne.dk\/mors\/morsoe-kommune-soeger-ekstra-haender-til-corona-beredskab\/#primaryimage\"},\"image\":{\"@id\":\"https:\/\/kunmedierne.dk\/mors\/morsoe-kommune-soeger-ekstra-haender-til-corona-beredskab\/#primaryimage\"},\"thumbnailUrl\":\"https:\/\/kunmedierne.dk\/mors\/wp-content\/uploads\/2020\/03\/200327-sygeplejerske-Photo-by-CDC-on-Unsplash.jpg\",\"datePublished\":\"2020-03-27T14:14:46+00:00\",\"dateModified\":\"2024-08-12T12:06:18+00:00\",\"breadcrumb\":{\"@id\":\"https:\/\/kunmedierne.dk\/mors\/morsoe-kommune-soeger-ekstra-haender-til-corona-beredskab\/#breadcrumb\"},\"inLanguage\":\"da-DK\",\"potentialAction\":[{\"@type\":\"ReadAction\",\"target\":[\"https:\/\/kunmedierne.dk\/mors\/morsoe-kommune-soeger-ekstra-haender-til-corona-beredskab\/\"]}]},{\"@type\":\"ImageObject\",\"inLanguage\":\"da-DK\",\"@id\":\"https:\/\/kunmedierne.dk\/mors\/morsoe-kommune-soeger-ekstra-haender-til-corona-beredskab\/#primaryimage\",\"url\":\"https:\/\/kunmedierne.dk\/mors\/wp-content\/uploads\/2020\/03\/200327-sygeplejerske-Photo-by-CDC-on-Unsplash.jpg\",\"contentUrl\":\"https:\/\/kunmedierne.dk\/mors\/wp-content\/uploads\/2020\/03\/200327-sygeplejerske-Photo-by-CDC-on-Unsplash.jpg\",\"width\":770,\"height\":509,\"caption\":\"Mors\u00f8 Kommune kan f\u00e5 brug for flere h\u00e6nder i bek\u00e6mpelsen af coronavirus. Modelfoto: CDC\/Unsplash.\"},{\"@type\":\"BreadcrumbList\",\"@id\":\"https:\/\/kunmedierne.dk\/mors\/morsoe-kommune-soeger-ekstra-haender-til-corona-beredskab\/#breadcrumb\",\"itemListElement\":[{\"@type\":\"ListItem\",\"position\":1,\"name\":\"Hjem\",\"item\":\"https:\/\/kunmedierne.dk\/mors\/\"},{\"@type\":\"ListItem\",\"position\":2,\"name\":\"Mors\u00f8 Kommune s\u00f8ger ekstra h\u00e6nder til corona-beredskab\"}]},{\"@type\":\"WebSite\",\"@id\":\"https:\/\/kunmedierne.dk\/mors\/#website\",\"url\":\"https:\/\/kunmedierne.dk\/mors\/\",\"name\":\"Mors\",\"description\":\"et netmedie med journalistik om livet p\u00e5 Mors\",\"publisher\":{\"@id\":\"https:\/\/kunmedierne.dk\/mors\/#organization\"},\"potentialAction\":[{\"@type\":\"SearchAction\",\"target\":{\"@type\":\"EntryPoint\",\"urlTemplate\":\"https:\/\/kunmedierne.dk\/mors\/?s={search_term_string}\"},\"query-input\":{\"@type\":\"PropertyValueSpecification\",\"valueRequired\":true,\"valueName\":\"search_term_string\"}}],\"inLanguage\":\"da-DK\"},{\"@type\":\"Organization\",\"@id\":\"https:\/\/kunmedierne.dk\/mors\/#organization\",\"name\":\"Mors\",\"url\":\"https:\/\/kunmedierne.dk\/mors\/\",\"logo\":{\"@type\":\"ImageObject\",\"inLanguage\":\"da-DK\",\"@id\":\"https:\/\/kunmedierne.dk\/mors\/#\/schema\/logo\/image\/\",\"url\":\"https:\/\/kunmedierne.dk\/mors\/wp-content\/uploads\/2024\/08\/kunmors-logo.svg\",\"contentUrl\":\"https:\/\/kunmedierne.dk\/mors\/wp-content\/uploads\/2024\/08\/kunmors-logo.svg\",\"caption\":\"Mors\"},\"image\":{\"@id\":\"https:\/\/kunmedierne.dk\/mors\/#\/schema\/logo\/image\/\"}},{\"@type\":\"Person\",\"@id\":\"https:\/\/kunmedierne.dk\/mors\/#\/schema\/person\/5fe23251bf1d0abbcdc6f7896579d548\",\"name\":\"David H\u00f8jmark\",\"image\":{\"@type\":\"ImageObject\",\"inLanguage\":\"da-DK\",\"@id\":\"https:\/\/kunmedierne.dk\/mors\/#\/schema\/person\/image\/\",\"url\":\"https:\/\/secure.gravatar.com\/avatar\/4315d6fb9ef244d729989f5f90268eb08d5bf8a3d84402f595fa194bb35784fd?s=96&d=mm&r=g\",\"contentUrl\":\"https:\/\/secure.gravatar.com\/avatar\/4315d6fb9ef244d729989f5f90268eb08d5bf8a3d84402f595fa194bb35784fd?s=96&d=mm&r=g\",\"caption\":\"David H\u00f8jmark\"},\"sameAs\":[\"https:\/\/www.kunmedierne.dk\"],\"url\":\"https:\/\/kunmedierne.dk\/mors\/author\/david\/\"}]}<\/script>\n<!-- \/ Yoast SEO plugin. -->","yoast_head_json":{"title":"Mors\u00f8 Kommune s\u00f8ger ekstra h\u00e6nder til corona-beredskab - Mors","robots":{"index":"index","follow":"follow","max-snippet":"max-snippet:-1","max-image-preview":"max-image-preview:large","max-video-preview":"max-video-preview:-1"},"canonical":"https:\/\/kunmedierne.dk\/mors\/morsoe-kommune-soeger-ekstra-haender-til-corona-beredskab\/","og_locale":"da_DK","og_type":"article","og_title":"Mors\u00f8 Kommune s\u00f8ger ekstra h\u00e6nder til corona-beredskab - Mors","og_description":"MORS: Er du tidligere sygeplejerske, socialp\u00e6dagog, SOSU-medarbejder eller noget helt fjerde inden for sundhedsomr\u00e5det, kan du komme i spil til Mors\u00f8 Kommunes kamp mod coronavirus. Kommunen har oprettet en jobbank, hvor sundhedsfaglige kan stille sig til r\u00e5dighed, s\u00e5 kommunen kan sikre, at der er nok sundhedsfagligt personale, hvis coronakrisen udviklet sig mere drastisk. &#8220;I lyset\u00a0af, [&hellip;]","og_url":"https:\/\/kunmedierne.dk\/mors\/morsoe-kommune-soeger-ekstra-haender-til-corona-beredskab\/","og_site_name":"Mors","article_published_time":"2020-03-27T14:14:46+00:00","article_modified_time":"2024-08-12T12:06:18+00:00","og_image":[{"width":770,"height":509,"url":"https:\/\/kunmedierne.dk\/mors\/wp-content\/uploads\/2020\/03\/200327-sygeplejerske-Photo-by-CDC-on-Unsplash.jpg","type":"image\/jpeg"}],"author":"David H\u00f8jmark","twitter_card":"summary_large_image","twitter_misc":{"Skrevet af":"David H\u00f8jmark","Estimeret l\u00e6setid":"3 minutter"},"schema":{"@context":"https:\/\/schema.org","@graph":[{"@type":"Article","@id":"https:\/\/kunmedierne.dk\/mors\/morsoe-kommune-soeger-ekstra-haender-til-corona-beredskab\/#article","isPartOf":{"@id":"https:\/\/kunmedierne.dk\/mors\/morsoe-kommune-soeger-ekstra-haender-til-corona-beredskab\/"},"author":{"name":"David H\u00f8jmark","@id":"https:\/\/kunmedierne.dk\/mors\/#\/schema\/person\/5fe23251bf1d0abbcdc6f7896579d548"},"headline":"Mors\u00f8 Kommune s\u00f8ger ekstra h\u00e6nder til corona-beredskab","datePublished":"2020-03-27T14:14:46+00:00","dateModified":"2024-08-12T12:06:18+00:00","mainEntityOfPage":{"@id":"https:\/\/kunmedierne.dk\/mors\/morsoe-kommune-soeger-ekstra-haender-til-corona-beredskab\/"},"wordCount":577,"commentCount":0,"publisher":{"@id":"https:\/\/kunmedierne.dk\/mors\/#organization"},"image":{"@id":"https:\/\/kunmedierne.dk\/mors\/morsoe-kommune-soeger-ekstra-haender-til-corona-beredskab\/#primaryimage"},"thumbnailUrl":"https:\/\/kunmedierne.dk\/mors\/wp-content\/uploads\/2020\/03\/200327-sygeplejerske-Photo-by-CDC-on-Unsplash.jpg","articleSection":["Lokalt"],"inLanguage":"da-DK","potentialAction":[{"@type":"CommentAction","name":"Comment","target":["https:\/\/kunmedierne.dk\/mors\/morsoe-kommune-soeger-ekstra-haender-til-corona-beredskab\/#respond"]}]},{"@type":"WebPage","@id":"https:\/\/kunmedierne.dk\/mors\/morsoe-kommune-soeger-ekstra-haender-til-corona-beredskab\/","url":"https:\/\/kunmedierne.dk\/mors\/morsoe-kommune-soeger-ekstra-haender-til-corona-beredskab\/","name":"Mors\u00f8 Kommune s\u00f8ger ekstra h\u00e6nder til corona-beredskab - Mors","isPartOf":{"@id":"https:\/\/kunmedierne.dk\/mors\/#website"},"primaryImageOfPage":{"@id":"https:\/\/kunmedierne.dk\/mors\/morsoe-kommune-soeger-ekstra-haender-til-corona-beredskab\/#primaryimage"},"image":{"@id":"https:\/\/kunmedierne.dk\/mors\/morsoe-kommune-soeger-ekstra-haender-til-corona-beredskab\/#primaryimage"},"thumbnailUrl":"https:\/\/kunmedierne.dk\/mors\/wp-content\/uploads\/2020\/03\/200327-sygeplejerske-Photo-by-CDC-on-Unsplash.jpg","datePublished":"2020-03-27T14:14:46+00:00","dateModified":"2024-08-12T12:06:18+00:00","breadcrumb":{"@id":"https:\/\/kunmedierne.dk\/mors\/morsoe-kommune-soeger-ekstra-haender-til-corona-beredskab\/#breadcrumb"},"inLanguage":"da-DK","potentialAction":[{"@type":"ReadAction","target":["https:\/\/kunmedierne.dk\/mors\/morsoe-kommune-soeger-ekstra-haender-til-corona-beredskab\/"]}]},{"@type":"ImageObject","inLanguage":"da-DK","@id":"https:\/\/kunmedierne.dk\/mors\/morsoe-kommune-soeger-ekstra-haender-til-corona-beredskab\/#primaryimage","url":"https:\/\/kunmedierne.dk\/mors\/wp-content\/uploads\/2020\/03\/200327-sygeplejerske-Photo-by-CDC-on-Unsplash.jpg","contentUrl":"https:\/\/kunmedierne.dk\/mors\/wp-content\/uploads\/2020\/03\/200327-sygeplejerske-Photo-by-CDC-on-Unsplash.jpg","width":770,"height":509,"caption":"Mors\u00f8 Kommune kan f\u00e5 brug for flere h\u00e6nder i bek\u00e6mpelsen af coronavirus. Modelfoto: CDC\/Unsplash."},{"@type":"BreadcrumbList","@id":"https:\/\/kunmedierne.dk\/mors\/morsoe-kommune-soeger-ekstra-haender-til-corona-beredskab\/#breadcrumb","itemListElement":[{"@type":"ListItem","position":1,"name":"Hjem","item":"https:\/\/kunmedierne.dk\/mors\/"},{"@type":"ListItem","position":2,"name":"Mors\u00f8 Kommune s\u00f8ger ekstra h\u00e6nder til corona-beredskab"}]},{"@type":"WebSite","@id":"https:\/\/kunmedierne.dk\/mors\/#website","url":"https:\/\/kunmedierne.dk\/mors\/","name":"Mors","description":"et netmedie med journalistik om livet p\u00e5 Mors","publisher":{"@id":"https:\/\/kunmedierne.dk\/mors\/#organization"},"potentialAction":[{"@type":"SearchAction","target":{"@type":"EntryPoint","urlTemplate":"https:\/\/kunmedierne.dk\/mors\/?s={search_term_string}"},"query-input":{"@type":"PropertyValueSpecification","valueRequired":true,"valueName":"search_term_string"}}],"inLanguage":"da-DK"},{"@type":"Organization","@id":"https:\/\/kunmedierne.dk\/mors\/#organization","name":"Mors","url":"https:\/\/kunmedierne.dk\/mors\/","logo":{"@type":"ImageObject","inLanguage":"da-DK","@id":"https:\/\/kunmedierne.dk\/mors\/#\/schema\/logo\/image\/","url":"https:\/\/kunmedierne.dk\/mors\/wp-content\/uploads\/2024\/08\/kunmors-logo.svg","contentUrl":"https:\/\/kunmedierne.dk\/mors\/wp-content\/uploads\/2024\/08\/kunmors-logo.svg","caption":"Mors"},"image":{"@id":"https:\/\/kunmedierne.dk\/mors\/#\/schema\/logo\/image\/"}},{"@type":"Person","@id":"https:\/\/kunmedierne.dk\/mors\/#\/schema\/person\/5fe23251bf1d0abbcdc6f7896579d548","name":"David H\u00f8jmark","image":{"@type":"ImageObject","inLanguage":"da-DK","@id":"https:\/\/kunmedierne.dk\/mors\/#\/schema\/person\/image\/","url":"https:\/\/secure.gravatar.com\/avatar\/4315d6fb9ef244d729989f5f90268eb08d5bf8a3d84402f595fa194bb35784fd?s=96&d=mm&r=g","contentUrl":"https:\/\/secure.gravatar.com\/avatar\/4315d6fb9ef244d729989f5f90268eb08d5bf8a3d84402f595fa194bb35784fd?s=96&d=mm&r=g","caption":"David H\u00f8jmark"},"sameAs":["https:\/\/www.kunmedierne.dk"],"url":"https:\/\/kunmedierne.dk\/mors\/author\/david\/"}]}},"_links":{"self":[{"href":"https:\/\/kunmedierne.dk\/mors\/wp-json\/wp\/v2\/posts\/14973","targetHints":{"allow":["GET"]}}],"collection":[{"href":"https:\/\/kunmedierne.dk\/mors\/wp-json\/wp\/v2\/posts"}],"about":[{"href":"https:\/\/kunmedierne.dk\/mors\/wp-json\/wp\/v2\/types\/post"}],"author":[{"embeddable":true,"href":"https:\/\/kunmedierne.dk\/mors\/wp-json\/wp\/v2\/users\/8"}],"replies":[{"embeddable":true,"href":"https:\/\/kunmedierne.dk\/mors\/wp-json\/wp\/v2\/comments?post=14973"}],"version-history":[{"count":2,"href":"https:\/\/kunmedierne.dk\/mors\/wp-json\/wp\/v2\/posts\/14973\/revisions"}],"predecessor-version":[{"id":14977,"href":"https:\/\/kunmedierne.dk\/mors\/wp-json\/wp\/v2\/posts\/14973\/revisions\/14977"}],"wp:featuredmedia":[{"embeddable":true,"href":"https:\/\/kunmedierne.dk\/mors\/wp-json\/wp\/v2\/media\/14976"}],"wp:attachment":[{"href":"https:\/\/kunmedierne.dk\/mors\/wp-json\/wp\/v2\/media?parent=14973"}],"wp:term":[{"taxonomy":"category","embeddable":true,"href":"https:\/\/kunmedierne.dk\/mors\/wp-json\/wp\/v2\/categories?post=14973"},{"taxonomy":"post_tag","embeddable":true,"href":"https:\/\/kunmedierne.dk\/mors\/wp-json\/wp\/v2\/tags?post=14973"}],"curies":[{"name":"wp","href":"https:\/\/api.w.org\/{rel}","templated":true}]}}