{"id":14944,"date":"2020-03-27T10:45:55","date_gmt":"2020-03-27T09:45:55","guid":{"rendered":"https:\/\/kunmedierne.dk\/mors\/?p=14944"},"modified":"2024-08-12T14:06:18","modified_gmt":"2024-08-12T12:06:18","slug":"morsoe-erhvervsraad-har-fire-kandidater-til-stillingen-som-erhvervschef","status":"publish","type":"post","link":"https:\/\/kunmedierne.dk\/mors\/morsoe-erhvervsraad-har-fire-kandidater-til-stillingen-som-erhvervschef\/","title":{"rendered":"Mors\u00f8 Erhvervsr\u00e5d har fire kandidater til stillingen som erhvervschef"},"content":{"rendered":"<p><strong>NYK\u00d8BING<\/strong>: En udn\u00e6vnelse lader vente p\u00e5 sig, til coronakrisen letter, men feltet af kandidater til stillingen som erhvervschef i Mors\u00f8 Erhvervsr\u00e5d er skrumpet ind til fire.<\/p>\n<p>Det oplyser Tage Odgaard Nielsen, formand for Mors\u00f8 Erhvervsr\u00e5d,<\/p>\n<p>&#8220;Vi er s\u00e5 t\u00e6t p\u00e5, at jeg har f\u00f8rt de f\u00f8rste samtaler sammen med vores bureau, som vi har hyret til at hj\u00e6lpe os. Og vi er n\u00e5et frem til fire kandidater, som vi egentlig skulle have pr\u00e6senteret for vores bestyrelse. Men det valgte vi s\u00e5 at udskyde til efter p\u00e5ske,&#8221; siger Tage Odgaard Nielsen med henvisning til regeringens forl\u00e6ngelse af nedlukningen af samfundet til 13. april.<\/p>\n<p>Den rammer ogs\u00e5 Mors\u00f8 Erhvervsr\u00e5d, som samler hele bestyrelsen og et par konsulenter, n\u00e5r kandidaterne til stillingen som erhvervschef skal pr\u00e6sentere sig. Men indtil videre bliver det alts\u00e5 tidligst efter p\u00e5ske.<\/p>\n<p>M\u00e6ngden af ans\u00f8gere har til geng\u00e6ld v\u00e6ret opl\u00f8ftende, lyder det fra Tage Odgaard Nielsen. Ogs\u00e5 selv om det g\u00f8r det sv\u00e6rere at v\u00e6lge den bedste kandidat.<\/p>\n<p>&#8220;Det har v\u00e6ret et luksusproblem, for vi havde 24 ans\u00f8gere, og p\u00e5 hver sin m\u00e5de var det 24 kvalificerede. S\u00e5 det har v\u00e6ret rart, at vi har haft nogle professionelle til at sortere i det, for det er d\u00e6leme sv\u00e6rt,&#8221; siger han om Asgaard Recruitment, der har hjulpet erhvervsr\u00e5det i processen.<\/p>\n<p>&nbsp;<\/p>\n<p><strong>Ballade bet\u00f8d ikke mindre interesse<\/strong><\/p>\n<p>Lige f\u00f8r jul valgte Mors\u00f8 Erhvervsr\u00e5d at opsige erhvervsdirekt\u00f8r Per S\u00f8ndergaard. Ved samme lejlighed forlod dav\u00e6rende formand Jesper Overgaard b\u00e5de sin post og bestyrelsen, men if\u00f8lge Tage Odgaard Nielsen har den <a href=\"https:\/\/kunmedierne.dk\/mors\/haard-kritik-af-tidligere-formand-og-direktoer\/\" target=\"_blank\" rel=\"noopener noreferrer\">us\u00e6dvanlige ballade<\/a> ikke kunnet afl\u00e6ses i mindre interesse for den opsl\u00e5ede stilling.<\/p>\n<p>&#8220;Der har v\u00e6ret forbavsende god interesse om det. Oven p\u00e5 vores tr\u00e6lse periode kunne man jo godt frygte, at nogen ville t\u00e6nke, at det var en hvepserede at stikke hovedet ind i, men s\u00e5dan har vi slet ikke fornemmet det,&#8221; siger han.<\/p>\n<p>Den nye erhvervschef kommer til at sidde en i bygning, der i forvejen har nye ansigter. Den nye direkt\u00f8r for Destination Limfjorden, Kristina Lehmann Schj\u00f8tt, f\u00e5r kontor samme sted. Erhvervshus Nordjylland har lige ansat to nye medarbejdere i filialen, og Mors\u00f8 Handelsstandsforening g\u00f8r klar til at s\u00f8ge en ny handelschef, der f\u00e5r til huse samme sted.<\/p>\n<p>&nbsp;<\/p>\n","protected":false},"excerpt":{"rendered":"<p>NYK\u00d8BING: En udn\u00e6vnelse lader vente p\u00e5 sig, til coronakrisen letter, men feltet af kandidater til stillingen som erhvervschef i Mors\u00f8 Erhvervsr\u00e5d er skrumpet ind til fire. Det oplyser Tage Odgaard Nielsen, formand for Mors\u00f8 Erhvervsr\u00e5d, &#8220;Vi er s\u00e5 t\u00e6t p\u00e5, at jeg har f\u00f8rt de f\u00f8rste samtaler sammen med vores bureau, som vi har hyret [&hellip;]<\/p>\n","protected":false},"author":8,"featured_media":12293,"comment_status":"open","ping_status":"open","sticky":false,"template":"","format":"standard","meta":{"_acf_changed":false,"footnotes":""},"categories":[51],"tags":[159],"class_list":["post-14944","post","type-post","status-publish","format-standard","has-post-thumbnail","hentry","category-lokalt","tag-erhverv"],"acf":[],"yoast_head":"<!-- This site is optimized with the Yoast SEO plugin v26.8 - https:\/\/yoast.com\/product\/yoast-seo-wordpress\/ -->\n<title>Mors\u00f8 Erhvervsr\u00e5d har fire kandidater til stillingen som erhvervschef - Mors<\/title>\n<meta name=\"robots\" content=\"index, follow, max-snippet:-1, max-image-preview:large, max-video-preview:-1\" \/>\n<link rel=\"canonical\" href=\"https:\/\/kunmedierne.dk\/mors\/morsoe-erhvervsraad-har-fire-kandidater-til-stillingen-som-erhvervschef\/\" \/>\n<meta property=\"og:locale\" content=\"da_DK\" \/>\n<meta property=\"og:type\" content=\"article\" \/>\n<meta property=\"og:title\" content=\"Mors\u00f8 Erhvervsr\u00e5d har fire kandidater til stillingen som erhvervschef - Mors\" \/>\n<meta property=\"og:description\" content=\"NYK\u00d8BING: En udn\u00e6vnelse lader vente p\u00e5 sig, til coronakrisen letter, men feltet af kandidater til stillingen som erhvervschef i Mors\u00f8 Erhvervsr\u00e5d er skrumpet ind til fire. Det oplyser Tage Odgaard Nielsen, formand for Mors\u00f8 Erhvervsr\u00e5d, &#8220;Vi er s\u00e5 t\u00e6t p\u00e5, at jeg har f\u00f8rt de f\u00f8rste samtaler sammen med vores bureau, som vi har hyret [&hellip;]\" \/>\n<meta property=\"og:url\" content=\"https:\/\/kunmedierne.dk\/mors\/morsoe-erhvervsraad-har-fire-kandidater-til-stillingen-som-erhvervschef\/\" \/>\n<meta property=\"og:site_name\" content=\"Mors\" \/>\n<meta property=\"article:published_time\" content=\"2020-03-27T09:45:55+00:00\" \/>\n<meta property=\"article:modified_time\" content=\"2024-08-12T12:06:18+00:00\" \/>\n<meta property=\"og:image\" content=\"https:\/\/kunmedierne.dk\/mors\/wp-content\/uploads\/2020\/03\/200309-tage-odgaard.jpg\" \/>\n\t<meta property=\"og:image:width\" content=\"770\" \/>\n\t<meta property=\"og:image:height\" content=\"513\" \/>\n\t<meta property=\"og:image:type\" content=\"image\/jpeg\" \/>\n<meta name=\"author\" content=\"David H\u00f8jmark\" \/>\n<meta name=\"twitter:card\" content=\"summary_large_image\" \/>\n<meta name=\"twitter:label1\" content=\"Skrevet af\" \/>\n\t<meta name=\"twitter:data1\" content=\"David H\u00f8jmark\" \/>\n\t<meta name=\"twitter:label2\" content=\"Estimeret l\u00e6setid\" \/>\n\t<meta name=\"twitter:data2\" content=\"2 minutter\" \/>\n<script type=\"application\/ld+json\" class=\"yoast-schema-graph\">{\"@context\":\"https:\/\/schema.org\",\"@graph\":[{\"@type\":\"Article\",\"@id\":\"https:\/\/kunmedierne.dk\/mors\/morsoe-erhvervsraad-har-fire-kandidater-til-stillingen-som-erhvervschef\/#article\",\"isPartOf\":{\"@id\":\"https:\/\/kunmedierne.dk\/mors\/morsoe-erhvervsraad-har-fire-kandidater-til-stillingen-som-erhvervschef\/\"},\"author\":{\"name\":\"David H\u00f8jmark\",\"@id\":\"https:\/\/kunmedierne.dk\/mors\/#\/schema\/person\/5fe23251bf1d0abbcdc6f7896579d548\"},\"headline\":\"Mors\u00f8 Erhvervsr\u00e5d har fire kandidater til stillingen som erhvervschef\",\"datePublished\":\"2020-03-27T09:45:55+00:00\",\"dateModified\":\"2024-08-12T12:06:18+00:00\",\"mainEntityOfPage\":{\"@id\":\"https:\/\/kunmedierne.dk\/mors\/morsoe-erhvervsraad-har-fire-kandidater-til-stillingen-som-erhvervschef\/\"},\"wordCount\":417,\"commentCount\":0,\"publisher\":{\"@id\":\"https:\/\/kunmedierne.dk\/mors\/#organization\"},\"image\":{\"@id\":\"https:\/\/kunmedierne.dk\/mors\/morsoe-erhvervsraad-har-fire-kandidater-til-stillingen-som-erhvervschef\/#primaryimage\"},\"thumbnailUrl\":\"https:\/\/kunmedierne.dk\/mors\/wp-content\/uploads\/2020\/03\/200309-tage-odgaard.jpg\",\"keywords\":[\"Erhverv\"],\"articleSection\":[\"Lokalt\"],\"inLanguage\":\"da-DK\",\"potentialAction\":[{\"@type\":\"CommentAction\",\"name\":\"Comment\",\"target\":[\"https:\/\/kunmedierne.dk\/mors\/morsoe-erhvervsraad-har-fire-kandidater-til-stillingen-som-erhvervschef\/#respond\"]}]},{\"@type\":\"WebPage\",\"@id\":\"https:\/\/kunmedierne.dk\/mors\/morsoe-erhvervsraad-har-fire-kandidater-til-stillingen-som-erhvervschef\/\",\"url\":\"https:\/\/kunmedierne.dk\/mors\/morsoe-erhvervsraad-har-fire-kandidater-til-stillingen-som-erhvervschef\/\",\"name\":\"Mors\u00f8 Erhvervsr\u00e5d har fire kandidater til stillingen som erhvervschef - Mors\",\"isPartOf\":{\"@id\":\"https:\/\/kunmedierne.dk\/mors\/#website\"},\"primaryImageOfPage\":{\"@id\":\"https:\/\/kunmedierne.dk\/mors\/morsoe-erhvervsraad-har-fire-kandidater-til-stillingen-som-erhvervschef\/#primaryimage\"},\"image\":{\"@id\":\"https:\/\/kunmedierne.dk\/mors\/morsoe-erhvervsraad-har-fire-kandidater-til-stillingen-som-erhvervschef\/#primaryimage\"},\"thumbnailUrl\":\"https:\/\/kunmedierne.dk\/mors\/wp-content\/uploads\/2020\/03\/200309-tage-odgaard.jpg\",\"datePublished\":\"2020-03-27T09:45:55+00:00\",\"dateModified\":\"2024-08-12T12:06:18+00:00\",\"breadcrumb\":{\"@id\":\"https:\/\/kunmedierne.dk\/mors\/morsoe-erhvervsraad-har-fire-kandidater-til-stillingen-som-erhvervschef\/#breadcrumb\"},\"inLanguage\":\"da-DK\",\"potentialAction\":[{\"@type\":\"ReadAction\",\"target\":[\"https:\/\/kunmedierne.dk\/mors\/morsoe-erhvervsraad-har-fire-kandidater-til-stillingen-som-erhvervschef\/\"]}]},{\"@type\":\"ImageObject\",\"inLanguage\":\"da-DK\",\"@id\":\"https:\/\/kunmedierne.dk\/mors\/morsoe-erhvervsraad-har-fire-kandidater-til-stillingen-som-erhvervschef\/#primaryimage\",\"url\":\"https:\/\/kunmedierne.dk\/mors\/wp-content\/uploads\/2020\/03\/200309-tage-odgaard.jpg\",\"contentUrl\":\"https:\/\/kunmedierne.dk\/mors\/wp-content\/uploads\/2020\/03\/200309-tage-odgaard.jpg\",\"width\":770,\"height\":513,\"caption\":\"Tage Odgaard Nielsen, formand for Mors\u00f8 Erhvervsr\u00e5d. Foto: Mors\u00f8 Erhvervsr\u00e5d.\"},{\"@type\":\"BreadcrumbList\",\"@id\":\"https:\/\/kunmedierne.dk\/mors\/morsoe-erhvervsraad-har-fire-kandidater-til-stillingen-som-erhvervschef\/#breadcrumb\",\"itemListElement\":[{\"@type\":\"ListItem\",\"position\":1,\"name\":\"Hjem\",\"item\":\"https:\/\/kunmedierne.dk\/mors\/\"},{\"@type\":\"ListItem\",\"position\":2,\"name\":\"Mors\u00f8 Erhvervsr\u00e5d har fire kandidater til stillingen som erhvervschef\"}]},{\"@type\":\"WebSite\",\"@id\":\"https:\/\/kunmedierne.dk\/mors\/#website\",\"url\":\"https:\/\/kunmedierne.dk\/mors\/\",\"name\":\"Mors\",\"description\":\"et netmedie med journalistik om livet p\u00e5 Mors\",\"publisher\":{\"@id\":\"https:\/\/kunmedierne.dk\/mors\/#organization\"},\"potentialAction\":[{\"@type\":\"SearchAction\",\"target\":{\"@type\":\"EntryPoint\",\"urlTemplate\":\"https:\/\/kunmedierne.dk\/mors\/?s={search_term_string}\"},\"query-input\":{\"@type\":\"PropertyValueSpecification\",\"valueRequired\":true,\"valueName\":\"search_term_string\"}}],\"inLanguage\":\"da-DK\"},{\"@type\":\"Organization\",\"@id\":\"https:\/\/kunmedierne.dk\/mors\/#organization\",\"name\":\"Mors\",\"url\":\"https:\/\/kunmedierne.dk\/mors\/\",\"logo\":{\"@type\":\"ImageObject\",\"inLanguage\":\"da-DK\",\"@id\":\"https:\/\/kunmedierne.dk\/mors\/#\/schema\/logo\/image\/\",\"url\":\"https:\/\/kunmedierne.dk\/mors\/wp-content\/uploads\/2024\/08\/kunmors-logo.svg\",\"contentUrl\":\"https:\/\/kunmedierne.dk\/mors\/wp-content\/uploads\/2024\/08\/kunmors-logo.svg\",\"caption\":\"Mors\"},\"image\":{\"@id\":\"https:\/\/kunmedierne.dk\/mors\/#\/schema\/logo\/image\/\"}},{\"@type\":\"Person\",\"@id\":\"https:\/\/kunmedierne.dk\/mors\/#\/schema\/person\/5fe23251bf1d0abbcdc6f7896579d548\",\"name\":\"David H\u00f8jmark\",\"image\":{\"@type\":\"ImageObject\",\"inLanguage\":\"da-DK\",\"@id\":\"https:\/\/kunmedierne.dk\/mors\/#\/schema\/person\/image\/\",\"url\":\"https:\/\/secure.gravatar.com\/avatar\/4315d6fb9ef244d729989f5f90268eb08d5bf8a3d84402f595fa194bb35784fd?s=96&d=mm&r=g\",\"contentUrl\":\"https:\/\/secure.gravatar.com\/avatar\/4315d6fb9ef244d729989f5f90268eb08d5bf8a3d84402f595fa194bb35784fd?s=96&d=mm&r=g\",\"caption\":\"David H\u00f8jmark\"},\"sameAs\":[\"https:\/\/www.kunmedierne.dk\"],\"url\":\"https:\/\/kunmedierne.dk\/mors\/author\/david\/\"}]}<\/script>\n<!-- \/ Yoast SEO plugin. -->","yoast_head_json":{"title":"Mors\u00f8 Erhvervsr\u00e5d har fire kandidater til stillingen som erhvervschef - Mors","robots":{"index":"index","follow":"follow","max-snippet":"max-snippet:-1","max-image-preview":"max-image-preview:large","max-video-preview":"max-video-preview:-1"},"canonical":"https:\/\/kunmedierne.dk\/mors\/morsoe-erhvervsraad-har-fire-kandidater-til-stillingen-som-erhvervschef\/","og_locale":"da_DK","og_type":"article","og_title":"Mors\u00f8 Erhvervsr\u00e5d har fire kandidater til stillingen som erhvervschef - Mors","og_description":"NYK\u00d8BING: En udn\u00e6vnelse lader vente p\u00e5 sig, til coronakrisen letter, men feltet af kandidater til stillingen som erhvervschef i Mors\u00f8 Erhvervsr\u00e5d er skrumpet ind til fire. Det oplyser Tage Odgaard Nielsen, formand for Mors\u00f8 Erhvervsr\u00e5d, &#8220;Vi er s\u00e5 t\u00e6t p\u00e5, at jeg har f\u00f8rt de f\u00f8rste samtaler sammen med vores bureau, som vi har hyret [&hellip;]","og_url":"https:\/\/kunmedierne.dk\/mors\/morsoe-erhvervsraad-har-fire-kandidater-til-stillingen-som-erhvervschef\/","og_site_name":"Mors","article_published_time":"2020-03-27T09:45:55+00:00","article_modified_time":"2024-08-12T12:06:18+00:00","og_image":[{"width":770,"height":513,"url":"https:\/\/kunmedierne.dk\/mors\/wp-content\/uploads\/2020\/03\/200309-tage-odgaard.jpg","type":"image\/jpeg"}],"author":"David H\u00f8jmark","twitter_card":"summary_large_image","twitter_misc":{"Skrevet af":"David H\u00f8jmark","Estimeret l\u00e6setid":"2 minutter"},"schema":{"@context":"https:\/\/schema.org","@graph":[{"@type":"Article","@id":"https:\/\/kunmedierne.dk\/mors\/morsoe-erhvervsraad-har-fire-kandidater-til-stillingen-som-erhvervschef\/#article","isPartOf":{"@id":"https:\/\/kunmedierne.dk\/mors\/morsoe-erhvervsraad-har-fire-kandidater-til-stillingen-som-erhvervschef\/"},"author":{"name":"David H\u00f8jmark","@id":"https:\/\/kunmedierne.dk\/mors\/#\/schema\/person\/5fe23251bf1d0abbcdc6f7896579d548"},"headline":"Mors\u00f8 Erhvervsr\u00e5d har fire kandidater til stillingen som erhvervschef","datePublished":"2020-03-27T09:45:55+00:00","dateModified":"2024-08-12T12:06:18+00:00","mainEntityOfPage":{"@id":"https:\/\/kunmedierne.dk\/mors\/morsoe-erhvervsraad-har-fire-kandidater-til-stillingen-som-erhvervschef\/"},"wordCount":417,"commentCount":0,"publisher":{"@id":"https:\/\/kunmedierne.dk\/mors\/#organization"},"image":{"@id":"https:\/\/kunmedierne.dk\/mors\/morsoe-erhvervsraad-har-fire-kandidater-til-stillingen-som-erhvervschef\/#primaryimage"},"thumbnailUrl":"https:\/\/kunmedierne.dk\/mors\/wp-content\/uploads\/2020\/03\/200309-tage-odgaard.jpg","keywords":["Erhverv"],"articleSection":["Lokalt"],"inLanguage":"da-DK","potentialAction":[{"@type":"CommentAction","name":"Comment","target":["https:\/\/kunmedierne.dk\/mors\/morsoe-erhvervsraad-har-fire-kandidater-til-stillingen-som-erhvervschef\/#respond"]}]},{"@type":"WebPage","@id":"https:\/\/kunmedierne.dk\/mors\/morsoe-erhvervsraad-har-fire-kandidater-til-stillingen-som-erhvervschef\/","url":"https:\/\/kunmedierne.dk\/mors\/morsoe-erhvervsraad-har-fire-kandidater-til-stillingen-som-erhvervschef\/","name":"Mors\u00f8 Erhvervsr\u00e5d har fire kandidater til stillingen som erhvervschef - Mors","isPartOf":{"@id":"https:\/\/kunmedierne.dk\/mors\/#website"},"primaryImageOfPage":{"@id":"https:\/\/kunmedierne.dk\/mors\/morsoe-erhvervsraad-har-fire-kandidater-til-stillingen-som-erhvervschef\/#primaryimage"},"image":{"@id":"https:\/\/kunmedierne.dk\/mors\/morsoe-erhvervsraad-har-fire-kandidater-til-stillingen-som-erhvervschef\/#primaryimage"},"thumbnailUrl":"https:\/\/kunmedierne.dk\/mors\/wp-content\/uploads\/2020\/03\/200309-tage-odgaard.jpg","datePublished":"2020-03-27T09:45:55+00:00","dateModified":"2024-08-12T12:06:18+00:00","breadcrumb":{"@id":"https:\/\/kunmedierne.dk\/mors\/morsoe-erhvervsraad-har-fire-kandidater-til-stillingen-som-erhvervschef\/#breadcrumb"},"inLanguage":"da-DK","potentialAction":[{"@type":"ReadAction","target":["https:\/\/kunmedierne.dk\/mors\/morsoe-erhvervsraad-har-fire-kandidater-til-stillingen-som-erhvervschef\/"]}]},{"@type":"ImageObject","inLanguage":"da-DK","@id":"https:\/\/kunmedierne.dk\/mors\/morsoe-erhvervsraad-har-fire-kandidater-til-stillingen-som-erhvervschef\/#primaryimage","url":"https:\/\/kunmedierne.dk\/mors\/wp-content\/uploads\/2020\/03\/200309-tage-odgaard.jpg","contentUrl":"https:\/\/kunmedierne.dk\/mors\/wp-content\/uploads\/2020\/03\/200309-tage-odgaard.jpg","width":770,"height":513,"caption":"Tage Odgaard Nielsen, formand for Mors\u00f8 Erhvervsr\u00e5d. Foto: Mors\u00f8 Erhvervsr\u00e5d."},{"@type":"BreadcrumbList","@id":"https:\/\/kunmedierne.dk\/mors\/morsoe-erhvervsraad-har-fire-kandidater-til-stillingen-som-erhvervschef\/#breadcrumb","itemListElement":[{"@type":"ListItem","position":1,"name":"Hjem","item":"https:\/\/kunmedierne.dk\/mors\/"},{"@type":"ListItem","position":2,"name":"Mors\u00f8 Erhvervsr\u00e5d har fire kandidater til stillingen som erhvervschef"}]},{"@type":"WebSite","@id":"https:\/\/kunmedierne.dk\/mors\/#website","url":"https:\/\/kunmedierne.dk\/mors\/","name":"Mors","description":"et netmedie med journalistik om livet p\u00e5 Mors","publisher":{"@id":"https:\/\/kunmedierne.dk\/mors\/#organization"},"potentialAction":[{"@type":"SearchAction","target":{"@type":"EntryPoint","urlTemplate":"https:\/\/kunmedierne.dk\/mors\/?s={search_term_string}"},"query-input":{"@type":"PropertyValueSpecification","valueRequired":true,"valueName":"search_term_string"}}],"inLanguage":"da-DK"},{"@type":"Organization","@id":"https:\/\/kunmedierne.dk\/mors\/#organization","name":"Mors","url":"https:\/\/kunmedierne.dk\/mors\/","logo":{"@type":"ImageObject","inLanguage":"da-DK","@id":"https:\/\/kunmedierne.dk\/mors\/#\/schema\/logo\/image\/","url":"https:\/\/kunmedierne.dk\/mors\/wp-content\/uploads\/2024\/08\/kunmors-logo.svg","contentUrl":"https:\/\/kunmedierne.dk\/mors\/wp-content\/uploads\/2024\/08\/kunmors-logo.svg","caption":"Mors"},"image":{"@id":"https:\/\/kunmedierne.dk\/mors\/#\/schema\/logo\/image\/"}},{"@type":"Person","@id":"https:\/\/kunmedierne.dk\/mors\/#\/schema\/person\/5fe23251bf1d0abbcdc6f7896579d548","name":"David H\u00f8jmark","image":{"@type":"ImageObject","inLanguage":"da-DK","@id":"https:\/\/kunmedierne.dk\/mors\/#\/schema\/person\/image\/","url":"https:\/\/secure.gravatar.com\/avatar\/4315d6fb9ef244d729989f5f90268eb08d5bf8a3d84402f595fa194bb35784fd?s=96&d=mm&r=g","contentUrl":"https:\/\/secure.gravatar.com\/avatar\/4315d6fb9ef244d729989f5f90268eb08d5bf8a3d84402f595fa194bb35784fd?s=96&d=mm&r=g","caption":"David H\u00f8jmark"},"sameAs":["https:\/\/www.kunmedierne.dk"],"url":"https:\/\/kunmedierne.dk\/mors\/author\/david\/"}]}},"_links":{"self":[{"href":"https:\/\/kunmedierne.dk\/mors\/wp-json\/wp\/v2\/posts\/14944","targetHints":{"allow":["GET"]}}],"collection":[{"href":"https:\/\/kunmedierne.dk\/mors\/wp-json\/wp\/v2\/posts"}],"about":[{"href":"https:\/\/kunmedierne.dk\/mors\/wp-json\/wp\/v2\/types\/post"}],"author":[{"embeddable":true,"href":"https:\/\/kunmedierne.dk\/mors\/wp-json\/wp\/v2\/users\/8"}],"replies":[{"embeddable":true,"href":"https:\/\/kunmedierne.dk\/mors\/wp-json\/wp\/v2\/comments?post=14944"}],"version-history":[{"count":3,"href":"https:\/\/kunmedierne.dk\/mors\/wp-json\/wp\/v2\/posts\/14944\/revisions"}],"predecessor-version":[{"id":14947,"href":"https:\/\/kunmedierne.dk\/mors\/wp-json\/wp\/v2\/posts\/14944\/revisions\/14947"}],"wp:featuredmedia":[{"embeddable":true,"href":"https:\/\/kunmedierne.dk\/mors\/wp-json\/wp\/v2\/media\/12293"}],"wp:attachment":[{"href":"https:\/\/kunmedierne.dk\/mors\/wp-json\/wp\/v2\/media?parent=14944"}],"wp:term":[{"taxonomy":"category","embeddable":true,"href":"https:\/\/kunmedierne.dk\/mors\/wp-json\/wp\/v2\/categories?post=14944"},{"taxonomy":"post_tag","embeddable":true,"href":"https:\/\/kunmedierne.dk\/mors\/wp-json\/wp\/v2\/tags?post=14944"}],"curies":[{"name":"wp","href":"https:\/\/api.w.org\/{rel}","templated":true}]}}