{"id":149310,"date":"2025-06-24T10:41:42","date_gmt":"2025-06-24T08:41:42","guid":{"rendered":"https:\/\/kunmedierne.dk\/mors\/?p=149310"},"modified":"2025-06-24T21:14:49","modified_gmt":"2025-06-24T19:14:49","slug":"laeserbrev-frisk-luft-til-alle","status":"publish","type":"post","link":"https:\/\/kunmedierne.dk\/mors\/laeserbrev-frisk-luft-til-alle\/","title":{"rendered":"L\u00c6SERBREV:\u00a0Frisk luft til alle"},"content":{"rendered":"<p><span data-contrast=\"auto\"><strong>DEBAT:<\/strong> &#8220;\u2026\u2026\u2026.folk er ikke bare kommet for at f\u00e5 gratis kaffe, men fordi de har et reelt problem med lugt, s\u00e5<\/span><span data-ccp-props=\"{}\">\u00a0<\/span><span data-contrast=\"auto\">skal den virksomhed, der skaber lugten, tage det meget alvorligt.&#8221; Udtaler borgmester Hans Ejner<\/span><span data-ccp-props=\"{}\">\u00a0<\/span><span data-contrast=\"auto\">Bertelsen til netmediet KunMors, i forbindelse med sagen om udvidelse af Limfjordens Bioenergis<\/span><span data-ccp-props=\"{}\">\u00a0<\/span><span data-contrast=\"auto\">anl\u00e6g i Redsted. <\/span><\/p>\n<a class=\"dvrt-link\" onClick=\"cdmtrack_click(104786,jQuery(this));return false\" href=\"https:\/\/limfjordsteatret.dk\/events\/tobias-dybvad-mit-bedste-onemanshow\/\"><img decoding=\"async\" style=\"width:100%;\" src=\"https:\/\/kunmedierne.dk\/mors\/wp-content\/uploads\/2023\/10\/aarskortLim_KunMors_1100x125.jpg\"><\/a><script>cdmtrack_view(104786);<\/script>\n<p><span data-contrast=\"auto\">Endvidere udtaler borgmesteren, at \u2026. virksomheden ikke bare kan l\u00e6ne sig op ad,<\/span> <span data-contrast=\"auto\">at de f\u00f8lger reglerne.<\/span><span data-ccp-props=\"{}\">\u00a0<\/span><\/p>\n<p><span data-contrast=\"auto\">Alts\u00e5 sl\u00e5r borgmesteren fast, at uanset om virksomheden f\u00f8lger reglerne, skal omgivelserne ikke<\/span><span data-ccp-props=\"{}\">\u00a0<\/span><span data-contrast=\"auto\">belastes af grim lugt fra virksomheden.<\/span><span data-ccp-props=\"{}\">\u00a0<\/span><\/p>\n<p><span data-contrast=\"auto\">Borgmesterens udtalelse er s\u00f8d musik i \u00f8rerne p\u00e5 alle der \u00f8nsker ren og frisk luft i lungerne.<\/span><span data-ccp-props=\"{}\">\u00a0<\/span><\/p>\n<p><span data-contrast=\"auto\">I sommerhusomr\u00e5det Ejerslev Lyng er vi, og har i adskillige \u00e5r v\u00e6ret, belastet af grim lugt fra<\/span> <span data-contrast=\"auto\">n\u00e6rtliggende svineproduktioner. Trods utallige klager og indberetninger til kommunen over<\/span> <span data-contrast=\"auto\">generne, har kommunen ikke foretaget sig noget for at f\u00e5 virksomhederne til at afhj\u00e6lpe<\/span> <span data-contrast=\"auto\">lugtgenerne i omr\u00e5det. Det m\u00e5 borgmesteren da v\u00e6re meget utilfreds med. For hans holdning til<\/span><span data-ccp-props=\"{}\">\u00a0<\/span><span data-contrast=\"auto\">lugtgener m\u00e5 formodes at v\u00e6re den samme, om der er tale om lugt fra et biogasanl\u00e6g eller lugt<\/span><span data-ccp-props=\"{}\">\u00a0<\/span><span data-contrast=\"auto\">fra en svineproduktion.<\/span><span data-ccp-props=\"{}\">\u00a0<\/span><\/p>\n<p><span data-contrast=\"auto\">P\u00e5 Ejerslev Lyng vil vi tillade os at have tillid til, at borgmesteren nu giver sit fagudvalg og<\/span><span data-ccp-props=\"{}\">\u00a0<\/span><span data-contrast=\"auto\">administration besked p\u00e5, at borgerne skal tages alvorlig n\u00e5r de klager over lugtgener fra<\/span><span data-ccp-props=\"{}\">\u00a0<\/span><span data-contrast=\"auto\">virksomheder, uanset om det er fra et biogasanl\u00e6g eller en svineproduktion.<\/span><span data-ccp-props=\"{}\">\u00a0<\/span><\/p>\n<a class=\"dvrt-link\" onClick=\"cdmtrack_click(104780,jQuery(this));return false\" href=\"https:\/\/www.spard.dk\/\"><img decoding=\"async\" style=\"width:100%;\" src=\"https:\/\/kunmedierne.dk\/mors\/wp-content\/uploads\/2023\/12\/sparekassen-dk-maj25.gif\"><\/a><script>cdmtrack_view(104780);<\/script>\n<p><span data-contrast=\"auto\">Vi g\u00e5r derfor ud fra, at borgmesteren giver udvalget for teknik og milj\u00f8 den \u2013 med borgmesterens<\/span><span data-ccp-props=\"{}\">\u00a0<\/span><span data-contrast=\"auto\">ord \u2013 hjemmeopgave, at s\u00f8rge for, at der snarest bliver gjort noget ved de massive lugtproblemer<\/span><span data-ccp-props=\"{}\">\u00a0<\/span><span data-contrast=\"auto\">fra svineproduktioner, vi har p\u00e5 Ejerslev Lyng.<\/span><span data-ccp-props=\"{}\">\u00a0<\/span><\/p>\n<p><span data-contrast=\"auto\">Bent Foldager<\/span><span data-ccp-props=\"{}\">\u00a0<\/span><\/p>\n<p><span data-contrast=\"auto\">Fmd. Grundejerforeningen Ejerslev Lyng<\/span><span data-ccp-props=\"{}\">\u00a0<\/span><\/p>\n","protected":false},"excerpt":{"rendered":"<p>DEBAT: &#8220;\u2026\u2026\u2026.folk er ikke bare kommet for at f\u00e5 gratis kaffe, men fordi de har et reelt problem med lugt, s\u00e5\u00a0skal den virksomhed, der skaber lugten, tage det meget alvorligt.&#8221; Udtaler borgmester Hans Ejner\u00a0Bertelsen til netmediet KunMors, i forbindelse med sagen om udvidelse af Limfjordens Bioenergis\u00a0anl\u00e6g i Redsted. Endvidere udtaler borgmesteren, at \u2026. virksomheden ikke [&hellip;]<\/p>\n","protected":false},"author":11,"featured_media":0,"comment_status":"closed","ping_status":"closed","sticky":false,"template":"","format":"standard","meta":{"_acf_changed":false,"footnotes":""},"categories":[56],"tags":[],"class_list":["post-149310","post","type-post","status-publish","format-standard","hentry","category-debat"],"acf":[],"yoast_head":"<!-- This site is optimized with the Yoast SEO plugin v26.8 - https:\/\/yoast.com\/product\/yoast-seo-wordpress\/ -->\n<title>L\u00c6SERBREV:\u00a0Frisk luft til alle - Mors<\/title>\n<meta name=\"robots\" content=\"index, follow, max-snippet:-1, max-image-preview:large, max-video-preview:-1\" \/>\n<link rel=\"canonical\" href=\"https:\/\/kunmedierne.dk\/mors\/laeserbrev-frisk-luft-til-alle\/\" \/>\n<meta property=\"og:locale\" content=\"da_DK\" \/>\n<meta property=\"og:type\" content=\"article\" \/>\n<meta property=\"og:title\" content=\"L\u00c6SERBREV:\u00a0Frisk luft til alle - Mors\" \/>\n<meta property=\"og:description\" content=\"DEBAT: &#8220;\u2026\u2026\u2026.folk er ikke bare kommet for at f\u00e5 gratis kaffe, men fordi de har et reelt problem med lugt, s\u00e5\u00a0skal den virksomhed, der skaber lugten, tage det meget alvorligt.&#8221; Udtaler borgmester Hans Ejner\u00a0Bertelsen til netmediet KunMors, i forbindelse med sagen om udvidelse af Limfjordens Bioenergis\u00a0anl\u00e6g i Redsted. Endvidere udtaler borgmesteren, at \u2026. virksomheden ikke [&hellip;]\" \/>\n<meta property=\"og:url\" content=\"https:\/\/kunmedierne.dk\/mors\/laeserbrev-frisk-luft-til-alle\/\" \/>\n<meta property=\"og:site_name\" content=\"Mors\" \/>\n<meta property=\"article:published_time\" content=\"2025-06-24T08:41:42+00:00\" \/>\n<meta property=\"article:modified_time\" content=\"2025-06-24T19:14:49+00:00\" \/>\n<meta name=\"author\" content=\"Debat\" \/>\n<meta name=\"twitter:card\" content=\"summary_large_image\" \/>\n<meta name=\"twitter:label1\" content=\"Skrevet af\" \/>\n\t<meta name=\"twitter:data1\" content=\"Debat\" \/>\n\t<meta name=\"twitter:label2\" content=\"Estimeret l\u00e6setid\" \/>\n\t<meta name=\"twitter:data2\" content=\"2 minutter\" \/>\n<script type=\"application\/ld+json\" class=\"yoast-schema-graph\">{\"@context\":\"https:\/\/schema.org\",\"@graph\":[{\"@type\":\"Article\",\"@id\":\"https:\/\/kunmedierne.dk\/mors\/laeserbrev-frisk-luft-til-alle\/#article\",\"isPartOf\":{\"@id\":\"https:\/\/kunmedierne.dk\/mors\/laeserbrev-frisk-luft-til-alle\/\"},\"author\":{\"name\":\"Debat\",\"@id\":\"https:\/\/kunmedierne.dk\/mors\/#\/schema\/person\/84c1391bce0b43b9bb3a49736bc0ad78\"},\"headline\":\"L\u00c6SERBREV:\u00a0Frisk luft til alle\",\"datePublished\":\"2025-06-24T08:41:42+00:00\",\"dateModified\":\"2025-06-24T19:14:49+00:00\",\"mainEntityOfPage\":{\"@id\":\"https:\/\/kunmedierne.dk\/mors\/laeserbrev-frisk-luft-til-alle\/\"},\"wordCount\":295,\"publisher\":{\"@id\":\"https:\/\/kunmedierne.dk\/mors\/#organization\"},\"articleSection\":[\"Debat\"],\"inLanguage\":\"da-DK\"},{\"@type\":\"WebPage\",\"@id\":\"https:\/\/kunmedierne.dk\/mors\/laeserbrev-frisk-luft-til-alle\/\",\"url\":\"https:\/\/kunmedierne.dk\/mors\/laeserbrev-frisk-luft-til-alle\/\",\"name\":\"L\u00c6SERBREV:\u00a0Frisk luft til alle - Mors\",\"isPartOf\":{\"@id\":\"https:\/\/kunmedierne.dk\/mors\/#website\"},\"datePublished\":\"2025-06-24T08:41:42+00:00\",\"dateModified\":\"2025-06-24T19:14:49+00:00\",\"breadcrumb\":{\"@id\":\"https:\/\/kunmedierne.dk\/mors\/laeserbrev-frisk-luft-til-alle\/#breadcrumb\"},\"inLanguage\":\"da-DK\",\"potentialAction\":[{\"@type\":\"ReadAction\",\"target\":[\"https:\/\/kunmedierne.dk\/mors\/laeserbrev-frisk-luft-til-alle\/\"]}]},{\"@type\":\"BreadcrumbList\",\"@id\":\"https:\/\/kunmedierne.dk\/mors\/laeserbrev-frisk-luft-til-alle\/#breadcrumb\",\"itemListElement\":[{\"@type\":\"ListItem\",\"position\":1,\"name\":\"Hjem\",\"item\":\"https:\/\/kunmedierne.dk\/mors\/\"},{\"@type\":\"ListItem\",\"position\":2,\"name\":\"L\u00c6SERBREV:\u00a0Frisk luft til alle\"}]},{\"@type\":\"WebSite\",\"@id\":\"https:\/\/kunmedierne.dk\/mors\/#website\",\"url\":\"https:\/\/kunmedierne.dk\/mors\/\",\"name\":\"Mors\",\"description\":\"et netmedie med journalistik om livet p\u00e5 Mors\",\"publisher\":{\"@id\":\"https:\/\/kunmedierne.dk\/mors\/#organization\"},\"potentialAction\":[{\"@type\":\"SearchAction\",\"target\":{\"@type\":\"EntryPoint\",\"urlTemplate\":\"https:\/\/kunmedierne.dk\/mors\/?s={search_term_string}\"},\"query-input\":{\"@type\":\"PropertyValueSpecification\",\"valueRequired\":true,\"valueName\":\"search_term_string\"}}],\"inLanguage\":\"da-DK\"},{\"@type\":\"Organization\",\"@id\":\"https:\/\/kunmedierne.dk\/mors\/#organization\",\"name\":\"Mors\",\"url\":\"https:\/\/kunmedierne.dk\/mors\/\",\"logo\":{\"@type\":\"ImageObject\",\"inLanguage\":\"da-DK\",\"@id\":\"https:\/\/kunmedierne.dk\/mors\/#\/schema\/logo\/image\/\",\"url\":\"https:\/\/kunmedierne.dk\/mors\/wp-content\/uploads\/2024\/08\/kunmors-logo.svg\",\"contentUrl\":\"https:\/\/kunmedierne.dk\/mors\/wp-content\/uploads\/2024\/08\/kunmors-logo.svg\",\"caption\":\"Mors\"},\"image\":{\"@id\":\"https:\/\/kunmedierne.dk\/mors\/#\/schema\/logo\/image\/\"}},{\"@type\":\"Person\",\"@id\":\"https:\/\/kunmedierne.dk\/mors\/#\/schema\/person\/84c1391bce0b43b9bb3a49736bc0ad78\",\"name\":\"Debat\",\"image\":{\"@type\":\"ImageObject\",\"inLanguage\":\"da-DK\",\"@id\":\"https:\/\/kunmedierne.dk\/mors\/#\/schema\/person\/image\/\",\"url\":\"https:\/\/secure.gravatar.com\/avatar\/b0fb2e221d618f7c65162ab0d49c7e8a0b580c871ca03af90e42b47b4150654c?s=96&d=mm&r=g\",\"contentUrl\":\"https:\/\/secure.gravatar.com\/avatar\/b0fb2e221d618f7c65162ab0d49c7e8a0b580c871ca03af90e42b47b4150654c?s=96&d=mm&r=g\",\"caption\":\"Debat\"},\"url\":\"https:\/\/kunmedierne.dk\/mors\/author\/debat\/\"}]}<\/script>\n<!-- \/ Yoast SEO plugin. -->","yoast_head_json":{"title":"L\u00c6SERBREV:\u00a0Frisk luft til alle - Mors","robots":{"index":"index","follow":"follow","max-snippet":"max-snippet:-1","max-image-preview":"max-image-preview:large","max-video-preview":"max-video-preview:-1"},"canonical":"https:\/\/kunmedierne.dk\/mors\/laeserbrev-frisk-luft-til-alle\/","og_locale":"da_DK","og_type":"article","og_title":"L\u00c6SERBREV:\u00a0Frisk luft til alle - Mors","og_description":"DEBAT: &#8220;\u2026\u2026\u2026.folk er ikke bare kommet for at f\u00e5 gratis kaffe, men fordi de har et reelt problem med lugt, s\u00e5\u00a0skal den virksomhed, der skaber lugten, tage det meget alvorligt.&#8221; Udtaler borgmester Hans Ejner\u00a0Bertelsen til netmediet KunMors, i forbindelse med sagen om udvidelse af Limfjordens Bioenergis\u00a0anl\u00e6g i Redsted. Endvidere udtaler borgmesteren, at \u2026. virksomheden ikke [&hellip;]","og_url":"https:\/\/kunmedierne.dk\/mors\/laeserbrev-frisk-luft-til-alle\/","og_site_name":"Mors","article_published_time":"2025-06-24T08:41:42+00:00","article_modified_time":"2025-06-24T19:14:49+00:00","author":"Debat","twitter_card":"summary_large_image","twitter_misc":{"Skrevet af":"Debat","Estimeret l\u00e6setid":"2 minutter"},"schema":{"@context":"https:\/\/schema.org","@graph":[{"@type":"Article","@id":"https:\/\/kunmedierne.dk\/mors\/laeserbrev-frisk-luft-til-alle\/#article","isPartOf":{"@id":"https:\/\/kunmedierne.dk\/mors\/laeserbrev-frisk-luft-til-alle\/"},"author":{"name":"Debat","@id":"https:\/\/kunmedierne.dk\/mors\/#\/schema\/person\/84c1391bce0b43b9bb3a49736bc0ad78"},"headline":"L\u00c6SERBREV:\u00a0Frisk luft til alle","datePublished":"2025-06-24T08:41:42+00:00","dateModified":"2025-06-24T19:14:49+00:00","mainEntityOfPage":{"@id":"https:\/\/kunmedierne.dk\/mors\/laeserbrev-frisk-luft-til-alle\/"},"wordCount":295,"publisher":{"@id":"https:\/\/kunmedierne.dk\/mors\/#organization"},"articleSection":["Debat"],"inLanguage":"da-DK"},{"@type":"WebPage","@id":"https:\/\/kunmedierne.dk\/mors\/laeserbrev-frisk-luft-til-alle\/","url":"https:\/\/kunmedierne.dk\/mors\/laeserbrev-frisk-luft-til-alle\/","name":"L\u00c6SERBREV:\u00a0Frisk luft til alle - Mors","isPartOf":{"@id":"https:\/\/kunmedierne.dk\/mors\/#website"},"datePublished":"2025-06-24T08:41:42+00:00","dateModified":"2025-06-24T19:14:49+00:00","breadcrumb":{"@id":"https:\/\/kunmedierne.dk\/mors\/laeserbrev-frisk-luft-til-alle\/#breadcrumb"},"inLanguage":"da-DK","potentialAction":[{"@type":"ReadAction","target":["https:\/\/kunmedierne.dk\/mors\/laeserbrev-frisk-luft-til-alle\/"]}]},{"@type":"BreadcrumbList","@id":"https:\/\/kunmedierne.dk\/mors\/laeserbrev-frisk-luft-til-alle\/#breadcrumb","itemListElement":[{"@type":"ListItem","position":1,"name":"Hjem","item":"https:\/\/kunmedierne.dk\/mors\/"},{"@type":"ListItem","position":2,"name":"L\u00c6SERBREV:\u00a0Frisk luft til alle"}]},{"@type":"WebSite","@id":"https:\/\/kunmedierne.dk\/mors\/#website","url":"https:\/\/kunmedierne.dk\/mors\/","name":"Mors","description":"et netmedie med journalistik om livet p\u00e5 Mors","publisher":{"@id":"https:\/\/kunmedierne.dk\/mors\/#organization"},"potentialAction":[{"@type":"SearchAction","target":{"@type":"EntryPoint","urlTemplate":"https:\/\/kunmedierne.dk\/mors\/?s={search_term_string}"},"query-input":{"@type":"PropertyValueSpecification","valueRequired":true,"valueName":"search_term_string"}}],"inLanguage":"da-DK"},{"@type":"Organization","@id":"https:\/\/kunmedierne.dk\/mors\/#organization","name":"Mors","url":"https:\/\/kunmedierne.dk\/mors\/","logo":{"@type":"ImageObject","inLanguage":"da-DK","@id":"https:\/\/kunmedierne.dk\/mors\/#\/schema\/logo\/image\/","url":"https:\/\/kunmedierne.dk\/mors\/wp-content\/uploads\/2024\/08\/kunmors-logo.svg","contentUrl":"https:\/\/kunmedierne.dk\/mors\/wp-content\/uploads\/2024\/08\/kunmors-logo.svg","caption":"Mors"},"image":{"@id":"https:\/\/kunmedierne.dk\/mors\/#\/schema\/logo\/image\/"}},{"@type":"Person","@id":"https:\/\/kunmedierne.dk\/mors\/#\/schema\/person\/84c1391bce0b43b9bb3a49736bc0ad78","name":"Debat","image":{"@type":"ImageObject","inLanguage":"da-DK","@id":"https:\/\/kunmedierne.dk\/mors\/#\/schema\/person\/image\/","url":"https:\/\/secure.gravatar.com\/avatar\/b0fb2e221d618f7c65162ab0d49c7e8a0b580c871ca03af90e42b47b4150654c?s=96&d=mm&r=g","contentUrl":"https:\/\/secure.gravatar.com\/avatar\/b0fb2e221d618f7c65162ab0d49c7e8a0b580c871ca03af90e42b47b4150654c?s=96&d=mm&r=g","caption":"Debat"},"url":"https:\/\/kunmedierne.dk\/mors\/author\/debat\/"}]}},"_links":{"self":[{"href":"https:\/\/kunmedierne.dk\/mors\/wp-json\/wp\/v2\/posts\/149310","targetHints":{"allow":["GET"]}}],"collection":[{"href":"https:\/\/kunmedierne.dk\/mors\/wp-json\/wp\/v2\/posts"}],"about":[{"href":"https:\/\/kunmedierne.dk\/mors\/wp-json\/wp\/v2\/types\/post"}],"author":[{"embeddable":true,"href":"https:\/\/kunmedierne.dk\/mors\/wp-json\/wp\/v2\/users\/11"}],"replies":[{"embeddable":true,"href":"https:\/\/kunmedierne.dk\/mors\/wp-json\/wp\/v2\/comments?post=149310"}],"version-history":[{"count":6,"href":"https:\/\/kunmedierne.dk\/mors\/wp-json\/wp\/v2\/posts\/149310\/revisions"}],"predecessor-version":[{"id":149439,"href":"https:\/\/kunmedierne.dk\/mors\/wp-json\/wp\/v2\/posts\/149310\/revisions\/149439"}],"wp:attachment":[{"href":"https:\/\/kunmedierne.dk\/mors\/wp-json\/wp\/v2\/media?parent=149310"}],"wp:term":[{"taxonomy":"category","embeddable":true,"href":"https:\/\/kunmedierne.dk\/mors\/wp-json\/wp\/v2\/categories?post=149310"},{"taxonomy":"post_tag","embeddable":true,"href":"https:\/\/kunmedierne.dk\/mors\/wp-json\/wp\/v2\/tags?post=149310"}],"curies":[{"name":"wp","href":"https:\/\/api.w.org\/{rel}","templated":true}]}}