{"id":14910,"date":"2020-03-26T17:14:14","date_gmt":"2020-03-26T16:14:14","guid":{"rendered":"https:\/\/kunmedierne.dk\/mors\/?p=14910"},"modified":"2024-08-12T14:06:18","modified_gmt":"2024-08-12T12:06:18","slug":"strandet-i-peru-undtagelsestilstand-er-forlaenget","status":"publish","type":"post","link":"https:\/\/kunmedierne.dk\/mors\/strandet-i-peru-undtagelsestilstand-er-forlaenget\/","title":{"rendered":"Strandet i Peru: Undtagelsestilstand er forl\u00e6nget"},"content":{"rendered":"<p><strong>PERU<\/strong>: Det har fortsat ukendte og muligvis lange udsigter for hjemrejse for de to morsingboer, Elin og Hans Ole Vester, der er strandet i Peru.<\/p>\n<p>Og situationen har i dag udviklet sig til det v\u00e6rre, for torsdag eftermiddag dansk tid brast et af de h\u00e5b, de to og de andre danskere klyngede sig til.<\/p>\n<p>&#8220;S\u00e5 r\u00f8g vores almindelige billet 31. marts. Undtagelsestilstanden er forl\u00e6nget til 14. april. S\u00e5 nu er det s\u00e6rfly, vi skal satse p\u00e5,&#8221; lyder det fra Hans Ole Vester fra Peru.<\/p>\n<p>Her er han og Elin p\u00e5 det, der var t\u00e6nkt som en dr\u00f8mmerejse, og som til at begynde med ogs\u00e5 levede op til forventningerne. Men da coronavirus ogs\u00e5 v\u00e6ltede samfund i Sydamerika, skete det samme i Peru, hvilket <a href=\"https:\/\/kunmedierne.dk\/morsingboer-er-strandet-i-peru\/\" target=\"_blank\" rel=\"noopener noreferrer\">v\u00e6ltede ferien<\/a> for de to morsingboer.<\/p>\n<p>Her er de stadig indlogeret p\u00e5 hotel i Den Hellige Dal, t\u00e6t p\u00e5 turens h\u00f8jdepunkt, den gamle inkaby Machu Picchu. H\u00e5bet her har v\u00e6ret, at pr\u00e6sident <span style=\"display: inline !important; float: none; background-color: #ffffff; color: #444444; font-family: 'Open Sans',Arial,Helvetica,sans-serif; font-size: 16px; font-style: normal; font-variant: normal; font-weight: normal; letter-spacing: normal; line-height: 26px; orphans: 2; text-align: left; text-decoration: none; text-indent: 0px; text-transform: none; visibility: visible; -webkit-text-stroke-width: 0px; white-space: normal; word-spacing: 0px;\">Mart\u00edn Vizcarra<\/span> ville oph\u00e6ve undtagelsestilstanden, s\u00e5 de p\u00e5 tirsdag kunne forlade Peru og via Brasilien rejse hjem til Danmark med ankomst 2. april.<\/p>\n<p>Desv\u00e6rre er d\u00e9n plan nu definitivt r\u00f8get i vasken, og tilbage er nu kan at h\u00e5be p\u00e5 et gennembrud for Udenrigsministeriet i Danmark, s\u00e5 et s\u00e6rfly kan f\u00e5 danskerne hjem.<\/p>\n<p>Men hvorn\u00e5r det sker, er helt umuligt at vurdere.<\/p>\n<p>&#8220;Lige pt er vi stadig p\u00e5 hotellet. Og vi ved ikke noget som helst og hvorn\u00e5r og hvordan,&#8221; fort\u00e6ller Hans Ole Vester.<\/p>\n","protected":false},"excerpt":{"rendered":"<p>PERU: Det har fortsat ukendte og muligvis lange udsigter for hjemrejse for de to morsingboer, Elin og Hans Ole Vester, der er strandet i Peru. Og situationen har i dag udviklet sig til det v\u00e6rre, for torsdag eftermiddag dansk tid brast et af de h\u00e5b, de to og de andre danskere klyngede sig til. &#8220;S\u00e5 [&hellip;]<\/p>\n","protected":false},"author":8,"featured_media":14488,"comment_status":"open","ping_status":"open","sticky":false,"template":"","format":"standard","meta":{"_acf_changed":false,"footnotes":""},"categories":[51],"tags":[],"class_list":["post-14910","post","type-post","status-publish","format-standard","has-post-thumbnail","hentry","category-lokalt"],"acf":[],"yoast_head":"<!-- This site is optimized with the Yoast SEO plugin v26.8 - https:\/\/yoast.com\/product\/yoast-seo-wordpress\/ -->\n<title>Strandet i Peru: Undtagelsestilstand er forl\u00e6nget - Mors<\/title>\n<meta name=\"robots\" content=\"index, follow, max-snippet:-1, max-image-preview:large, max-video-preview:-1\" \/>\n<link rel=\"canonical\" href=\"https:\/\/kunmedierne.dk\/mors\/strandet-i-peru-undtagelsestilstand-er-forlaenget\/\" \/>\n<meta property=\"og:locale\" content=\"da_DK\" \/>\n<meta property=\"og:type\" content=\"article\" \/>\n<meta property=\"og:title\" content=\"Strandet i Peru: Undtagelsestilstand er forl\u00e6nget - Mors\" \/>\n<meta property=\"og:description\" content=\"PERU: Det har fortsat ukendte og muligvis lange udsigter for hjemrejse for de to morsingboer, Elin og Hans Ole Vester, der er strandet i Peru. Og situationen har i dag udviklet sig til det v\u00e6rre, for torsdag eftermiddag dansk tid brast et af de h\u00e5b, de to og de andre danskere klyngede sig til. &#8220;S\u00e5 [&hellip;]\" \/>\n<meta property=\"og:url\" content=\"https:\/\/kunmedierne.dk\/mors\/strandet-i-peru-undtagelsestilstand-er-forlaenget\/\" \/>\n<meta property=\"og:site_name\" content=\"Mors\" \/>\n<meta property=\"article:published_time\" content=\"2020-03-26T16:14:14+00:00\" \/>\n<meta property=\"article:modified_time\" content=\"2024-08-12T12:06:18+00:00\" \/>\n<meta property=\"og:image\" content=\"https:\/\/kunmedierne.dk\/mors\/wp-content\/uploads\/2020\/03\/200321-peru3b.jpg\" \/>\n\t<meta property=\"og:image:width\" content=\"770\" \/>\n\t<meta property=\"og:image:height\" content=\"513\" \/>\n\t<meta property=\"og:image:type\" content=\"image\/jpeg\" \/>\n<meta name=\"author\" content=\"David H\u00f8jmark\" \/>\n<meta name=\"twitter:card\" content=\"summary_large_image\" \/>\n<meta name=\"twitter:label1\" content=\"Skrevet af\" \/>\n\t<meta name=\"twitter:data1\" content=\"David H\u00f8jmark\" \/>\n\t<meta name=\"twitter:label2\" content=\"Estimeret l\u00e6setid\" \/>\n\t<meta name=\"twitter:data2\" content=\"1 minut\" \/>\n<script type=\"application\/ld+json\" class=\"yoast-schema-graph\">{\"@context\":\"https:\/\/schema.org\",\"@graph\":[{\"@type\":\"Article\",\"@id\":\"https:\/\/kunmedierne.dk\/mors\/strandet-i-peru-undtagelsestilstand-er-forlaenget\/#article\",\"isPartOf\":{\"@id\":\"https:\/\/kunmedierne.dk\/mors\/strandet-i-peru-undtagelsestilstand-er-forlaenget\/\"},\"author\":{\"name\":\"David H\u00f8jmark\",\"@id\":\"https:\/\/kunmedierne.dk\/mors\/#\/schema\/person\/5fe23251bf1d0abbcdc6f7896579d548\"},\"headline\":\"Strandet i Peru: Undtagelsestilstand er forl\u00e6nget\",\"datePublished\":\"2020-03-26T16:14:14+00:00\",\"dateModified\":\"2024-08-12T12:06:18+00:00\",\"mainEntityOfPage\":{\"@id\":\"https:\/\/kunmedierne.dk\/mors\/strandet-i-peru-undtagelsestilstand-er-forlaenget\/\"},\"wordCount\":266,\"commentCount\":0,\"publisher\":{\"@id\":\"https:\/\/kunmedierne.dk\/mors\/#organization\"},\"image\":{\"@id\":\"https:\/\/kunmedierne.dk\/mors\/strandet-i-peru-undtagelsestilstand-er-forlaenget\/#primaryimage\"},\"thumbnailUrl\":\"https:\/\/kunmedierne.dk\/mors\/wp-content\/uploads\/2020\/03\/200321-peru3b.jpg\",\"articleSection\":[\"Lokalt\"],\"inLanguage\":\"da-DK\",\"potentialAction\":[{\"@type\":\"CommentAction\",\"name\":\"Comment\",\"target\":[\"https:\/\/kunmedierne.dk\/mors\/strandet-i-peru-undtagelsestilstand-er-forlaenget\/#respond\"]}]},{\"@type\":\"WebPage\",\"@id\":\"https:\/\/kunmedierne.dk\/mors\/strandet-i-peru-undtagelsestilstand-er-forlaenget\/\",\"url\":\"https:\/\/kunmedierne.dk\/mors\/strandet-i-peru-undtagelsestilstand-er-forlaenget\/\",\"name\":\"Strandet i Peru: Undtagelsestilstand er forl\u00e6nget - Mors\",\"isPartOf\":{\"@id\":\"https:\/\/kunmedierne.dk\/mors\/#website\"},\"primaryImageOfPage\":{\"@id\":\"https:\/\/kunmedierne.dk\/mors\/strandet-i-peru-undtagelsestilstand-er-forlaenget\/#primaryimage\"},\"image\":{\"@id\":\"https:\/\/kunmedierne.dk\/mors\/strandet-i-peru-undtagelsestilstand-er-forlaenget\/#primaryimage\"},\"thumbnailUrl\":\"https:\/\/kunmedierne.dk\/mors\/wp-content\/uploads\/2020\/03\/200321-peru3b.jpg\",\"datePublished\":\"2020-03-26T16:14:14+00:00\",\"dateModified\":\"2024-08-12T12:06:18+00:00\",\"breadcrumb\":{\"@id\":\"https:\/\/kunmedierne.dk\/mors\/strandet-i-peru-undtagelsestilstand-er-forlaenget\/#breadcrumb\"},\"inLanguage\":\"da-DK\",\"potentialAction\":[{\"@type\":\"ReadAction\",\"target\":[\"https:\/\/kunmedierne.dk\/mors\/strandet-i-peru-undtagelsestilstand-er-forlaenget\/\"]}]},{\"@type\":\"ImageObject\",\"inLanguage\":\"da-DK\",\"@id\":\"https:\/\/kunmedierne.dk\/mors\/strandet-i-peru-undtagelsestilstand-er-forlaenget\/#primaryimage\",\"url\":\"https:\/\/kunmedierne.dk\/mors\/wp-content\/uploads\/2020\/03\/200321-peru3b.jpg\",\"contentUrl\":\"https:\/\/kunmedierne.dk\/mors\/wp-content\/uploads\/2020\/03\/200321-peru3b.jpg\",\"width\":770,\"height\":513,\"caption\":\"Elin og Hans Ole Vester i Peru. Privatfoto.\"},{\"@type\":\"BreadcrumbList\",\"@id\":\"https:\/\/kunmedierne.dk\/mors\/strandet-i-peru-undtagelsestilstand-er-forlaenget\/#breadcrumb\",\"itemListElement\":[{\"@type\":\"ListItem\",\"position\":1,\"name\":\"Hjem\",\"item\":\"https:\/\/kunmedierne.dk\/mors\/\"},{\"@type\":\"ListItem\",\"position\":2,\"name\":\"Strandet i Peru: Undtagelsestilstand er forl\u00e6nget\"}]},{\"@type\":\"WebSite\",\"@id\":\"https:\/\/kunmedierne.dk\/mors\/#website\",\"url\":\"https:\/\/kunmedierne.dk\/mors\/\",\"name\":\"Mors\",\"description\":\"et netmedie med journalistik om livet p\u00e5 Mors\",\"publisher\":{\"@id\":\"https:\/\/kunmedierne.dk\/mors\/#organization\"},\"potentialAction\":[{\"@type\":\"SearchAction\",\"target\":{\"@type\":\"EntryPoint\",\"urlTemplate\":\"https:\/\/kunmedierne.dk\/mors\/?s={search_term_string}\"},\"query-input\":{\"@type\":\"PropertyValueSpecification\",\"valueRequired\":true,\"valueName\":\"search_term_string\"}}],\"inLanguage\":\"da-DK\"},{\"@type\":\"Organization\",\"@id\":\"https:\/\/kunmedierne.dk\/mors\/#organization\",\"name\":\"Mors\",\"url\":\"https:\/\/kunmedierne.dk\/mors\/\",\"logo\":{\"@type\":\"ImageObject\",\"inLanguage\":\"da-DK\",\"@id\":\"https:\/\/kunmedierne.dk\/mors\/#\/schema\/logo\/image\/\",\"url\":\"https:\/\/kunmedierne.dk\/mors\/wp-content\/uploads\/2024\/08\/kunmors-logo.svg\",\"contentUrl\":\"https:\/\/kunmedierne.dk\/mors\/wp-content\/uploads\/2024\/08\/kunmors-logo.svg\",\"caption\":\"Mors\"},\"image\":{\"@id\":\"https:\/\/kunmedierne.dk\/mors\/#\/schema\/logo\/image\/\"}},{\"@type\":\"Person\",\"@id\":\"https:\/\/kunmedierne.dk\/mors\/#\/schema\/person\/5fe23251bf1d0abbcdc6f7896579d548\",\"name\":\"David H\u00f8jmark\",\"image\":{\"@type\":\"ImageObject\",\"inLanguage\":\"da-DK\",\"@id\":\"https:\/\/kunmedierne.dk\/mors\/#\/schema\/person\/image\/\",\"url\":\"https:\/\/secure.gravatar.com\/avatar\/4315d6fb9ef244d729989f5f90268eb08d5bf8a3d84402f595fa194bb35784fd?s=96&d=mm&r=g\",\"contentUrl\":\"https:\/\/secure.gravatar.com\/avatar\/4315d6fb9ef244d729989f5f90268eb08d5bf8a3d84402f595fa194bb35784fd?s=96&d=mm&r=g\",\"caption\":\"David H\u00f8jmark\"},\"sameAs\":[\"https:\/\/www.kunmedierne.dk\"],\"url\":\"https:\/\/kunmedierne.dk\/mors\/author\/david\/\"}]}<\/script>\n<!-- \/ Yoast SEO plugin. -->","yoast_head_json":{"title":"Strandet i Peru: Undtagelsestilstand er forl\u00e6nget - Mors","robots":{"index":"index","follow":"follow","max-snippet":"max-snippet:-1","max-image-preview":"max-image-preview:large","max-video-preview":"max-video-preview:-1"},"canonical":"https:\/\/kunmedierne.dk\/mors\/strandet-i-peru-undtagelsestilstand-er-forlaenget\/","og_locale":"da_DK","og_type":"article","og_title":"Strandet i Peru: Undtagelsestilstand er forl\u00e6nget - Mors","og_description":"PERU: Det har fortsat ukendte og muligvis lange udsigter for hjemrejse for de to morsingboer, Elin og Hans Ole Vester, der er strandet i Peru. Og situationen har i dag udviklet sig til det v\u00e6rre, for torsdag eftermiddag dansk tid brast et af de h\u00e5b, de to og de andre danskere klyngede sig til. &#8220;S\u00e5 [&hellip;]","og_url":"https:\/\/kunmedierne.dk\/mors\/strandet-i-peru-undtagelsestilstand-er-forlaenget\/","og_site_name":"Mors","article_published_time":"2020-03-26T16:14:14+00:00","article_modified_time":"2024-08-12T12:06:18+00:00","og_image":[{"width":770,"height":513,"url":"https:\/\/kunmedierne.dk\/mors\/wp-content\/uploads\/2020\/03\/200321-peru3b.jpg","type":"image\/jpeg"}],"author":"David H\u00f8jmark","twitter_card":"summary_large_image","twitter_misc":{"Skrevet af":"David H\u00f8jmark","Estimeret l\u00e6setid":"1 minut"},"schema":{"@context":"https:\/\/schema.org","@graph":[{"@type":"Article","@id":"https:\/\/kunmedierne.dk\/mors\/strandet-i-peru-undtagelsestilstand-er-forlaenget\/#article","isPartOf":{"@id":"https:\/\/kunmedierne.dk\/mors\/strandet-i-peru-undtagelsestilstand-er-forlaenget\/"},"author":{"name":"David H\u00f8jmark","@id":"https:\/\/kunmedierne.dk\/mors\/#\/schema\/person\/5fe23251bf1d0abbcdc6f7896579d548"},"headline":"Strandet i Peru: Undtagelsestilstand er forl\u00e6nget","datePublished":"2020-03-26T16:14:14+00:00","dateModified":"2024-08-12T12:06:18+00:00","mainEntityOfPage":{"@id":"https:\/\/kunmedierne.dk\/mors\/strandet-i-peru-undtagelsestilstand-er-forlaenget\/"},"wordCount":266,"commentCount":0,"publisher":{"@id":"https:\/\/kunmedierne.dk\/mors\/#organization"},"image":{"@id":"https:\/\/kunmedierne.dk\/mors\/strandet-i-peru-undtagelsestilstand-er-forlaenget\/#primaryimage"},"thumbnailUrl":"https:\/\/kunmedierne.dk\/mors\/wp-content\/uploads\/2020\/03\/200321-peru3b.jpg","articleSection":["Lokalt"],"inLanguage":"da-DK","potentialAction":[{"@type":"CommentAction","name":"Comment","target":["https:\/\/kunmedierne.dk\/mors\/strandet-i-peru-undtagelsestilstand-er-forlaenget\/#respond"]}]},{"@type":"WebPage","@id":"https:\/\/kunmedierne.dk\/mors\/strandet-i-peru-undtagelsestilstand-er-forlaenget\/","url":"https:\/\/kunmedierne.dk\/mors\/strandet-i-peru-undtagelsestilstand-er-forlaenget\/","name":"Strandet i Peru: Undtagelsestilstand er forl\u00e6nget - Mors","isPartOf":{"@id":"https:\/\/kunmedierne.dk\/mors\/#website"},"primaryImageOfPage":{"@id":"https:\/\/kunmedierne.dk\/mors\/strandet-i-peru-undtagelsestilstand-er-forlaenget\/#primaryimage"},"image":{"@id":"https:\/\/kunmedierne.dk\/mors\/strandet-i-peru-undtagelsestilstand-er-forlaenget\/#primaryimage"},"thumbnailUrl":"https:\/\/kunmedierne.dk\/mors\/wp-content\/uploads\/2020\/03\/200321-peru3b.jpg","datePublished":"2020-03-26T16:14:14+00:00","dateModified":"2024-08-12T12:06:18+00:00","breadcrumb":{"@id":"https:\/\/kunmedierne.dk\/mors\/strandet-i-peru-undtagelsestilstand-er-forlaenget\/#breadcrumb"},"inLanguage":"da-DK","potentialAction":[{"@type":"ReadAction","target":["https:\/\/kunmedierne.dk\/mors\/strandet-i-peru-undtagelsestilstand-er-forlaenget\/"]}]},{"@type":"ImageObject","inLanguage":"da-DK","@id":"https:\/\/kunmedierne.dk\/mors\/strandet-i-peru-undtagelsestilstand-er-forlaenget\/#primaryimage","url":"https:\/\/kunmedierne.dk\/mors\/wp-content\/uploads\/2020\/03\/200321-peru3b.jpg","contentUrl":"https:\/\/kunmedierne.dk\/mors\/wp-content\/uploads\/2020\/03\/200321-peru3b.jpg","width":770,"height":513,"caption":"Elin og Hans Ole Vester i Peru. Privatfoto."},{"@type":"BreadcrumbList","@id":"https:\/\/kunmedierne.dk\/mors\/strandet-i-peru-undtagelsestilstand-er-forlaenget\/#breadcrumb","itemListElement":[{"@type":"ListItem","position":1,"name":"Hjem","item":"https:\/\/kunmedierne.dk\/mors\/"},{"@type":"ListItem","position":2,"name":"Strandet i Peru: Undtagelsestilstand er forl\u00e6nget"}]},{"@type":"WebSite","@id":"https:\/\/kunmedierne.dk\/mors\/#website","url":"https:\/\/kunmedierne.dk\/mors\/","name":"Mors","description":"et netmedie med journalistik om livet p\u00e5 Mors","publisher":{"@id":"https:\/\/kunmedierne.dk\/mors\/#organization"},"potentialAction":[{"@type":"SearchAction","target":{"@type":"EntryPoint","urlTemplate":"https:\/\/kunmedierne.dk\/mors\/?s={search_term_string}"},"query-input":{"@type":"PropertyValueSpecification","valueRequired":true,"valueName":"search_term_string"}}],"inLanguage":"da-DK"},{"@type":"Organization","@id":"https:\/\/kunmedierne.dk\/mors\/#organization","name":"Mors","url":"https:\/\/kunmedierne.dk\/mors\/","logo":{"@type":"ImageObject","inLanguage":"da-DK","@id":"https:\/\/kunmedierne.dk\/mors\/#\/schema\/logo\/image\/","url":"https:\/\/kunmedierne.dk\/mors\/wp-content\/uploads\/2024\/08\/kunmors-logo.svg","contentUrl":"https:\/\/kunmedierne.dk\/mors\/wp-content\/uploads\/2024\/08\/kunmors-logo.svg","caption":"Mors"},"image":{"@id":"https:\/\/kunmedierne.dk\/mors\/#\/schema\/logo\/image\/"}},{"@type":"Person","@id":"https:\/\/kunmedierne.dk\/mors\/#\/schema\/person\/5fe23251bf1d0abbcdc6f7896579d548","name":"David H\u00f8jmark","image":{"@type":"ImageObject","inLanguage":"da-DK","@id":"https:\/\/kunmedierne.dk\/mors\/#\/schema\/person\/image\/","url":"https:\/\/secure.gravatar.com\/avatar\/4315d6fb9ef244d729989f5f90268eb08d5bf8a3d84402f595fa194bb35784fd?s=96&d=mm&r=g","contentUrl":"https:\/\/secure.gravatar.com\/avatar\/4315d6fb9ef244d729989f5f90268eb08d5bf8a3d84402f595fa194bb35784fd?s=96&d=mm&r=g","caption":"David H\u00f8jmark"},"sameAs":["https:\/\/www.kunmedierne.dk"],"url":"https:\/\/kunmedierne.dk\/mors\/author\/david\/"}]}},"_links":{"self":[{"href":"https:\/\/kunmedierne.dk\/mors\/wp-json\/wp\/v2\/posts\/14910","targetHints":{"allow":["GET"]}}],"collection":[{"href":"https:\/\/kunmedierne.dk\/mors\/wp-json\/wp\/v2\/posts"}],"about":[{"href":"https:\/\/kunmedierne.dk\/mors\/wp-json\/wp\/v2\/types\/post"}],"author":[{"embeddable":true,"href":"https:\/\/kunmedierne.dk\/mors\/wp-json\/wp\/v2\/users\/8"}],"replies":[{"embeddable":true,"href":"https:\/\/kunmedierne.dk\/mors\/wp-json\/wp\/v2\/comments?post=14910"}],"version-history":[{"count":2,"href":"https:\/\/kunmedierne.dk\/mors\/wp-json\/wp\/v2\/posts\/14910\/revisions"}],"predecessor-version":[{"id":14912,"href":"https:\/\/kunmedierne.dk\/mors\/wp-json\/wp\/v2\/posts\/14910\/revisions\/14912"}],"wp:featuredmedia":[{"embeddable":true,"href":"https:\/\/kunmedierne.dk\/mors\/wp-json\/wp\/v2\/media\/14488"}],"wp:attachment":[{"href":"https:\/\/kunmedierne.dk\/mors\/wp-json\/wp\/v2\/media?parent=14910"}],"wp:term":[{"taxonomy":"category","embeddable":true,"href":"https:\/\/kunmedierne.dk\/mors\/wp-json\/wp\/v2\/categories?post=14910"},{"taxonomy":"post_tag","embeddable":true,"href":"https:\/\/kunmedierne.dk\/mors\/wp-json\/wp\/v2\/tags?post=14910"}],"curies":[{"name":"wp","href":"https:\/\/api.w.org\/{rel}","templated":true}]}}