{"id":148610,"date":"2025-06-15T10:20:54","date_gmt":"2025-06-15T08:20:54","guid":{"rendered":"https:\/\/kunmedierne.dk\/mors\/?p=148610"},"modified":"2025-06-16T08:20:31","modified_gmt":"2025-06-16T06:20:31","slug":"kommunen-skal-igen-kigge-paa-christians-vejbod","status":"publish","type":"post","link":"https:\/\/kunmedierne.dk\/mors\/kommunen-skal-igen-kigge-paa-christians-vejbod\/","title":{"rendered":"Kommunen skal igen kigge p\u00e5 Christians vejbod"},"content":{"rendered":"<p><strong>POLITIK<\/strong>: Det er g\u00e5et fint i 15 \u00e5r, s\u00e5 mon ikke det kan forts\u00e6tte s\u00e5dan.<\/p>\n<p>S\u00e5dan lyder formodningen hos Meiner N\u00f8rgaard (DD), udvalgsformand for teknik og milj\u00f8, efter at udvalget i fuld enighed har bedt kommunens forvaltning om at genoptage en sag med en 85-\u00e5rig borger i centrum.<\/p>\n<p>For to uger siden skrev KunMors om Christian Hansen, der efter 15 \u00e5r med salg af kartofler og jordb\u00e6r fra sin vejbod p\u00e5 Els\u00f8vej har f\u00e5et et <a href=\"https:\/\/kunmedierne.dk\/mors\/christian-og-kartoflerne-flytter-men-han-giver-ikke-op\/\" target=\"_blank\" rel=\"noopener\">kommunalt afslag<\/a> p\u00e5 placeringen.<\/p>\n<a class=\"dvrt-link\" onClick=\"cdmtrack_click(111725,jQuery(this));return false\" href=\"https:\/\/www.thistedforsikring.dk\/?utm_source=partnerskaber&amp;utm_campaign=kun_mors\"><img decoding=\"async\" style=\"width:100%;\" src=\"https:\/\/kunmedierne.dk\/mors\/wp-content\/uploads\/2024\/02\/269409KunMors-ThistedFor-1.png\"><\/a><script>cdmtrack_view(111725);<\/script>\n<p><i><span data-contrast=\"auto\">\u201c<\/span><\/i>Hvis boden placeres ud til Els\u00f8vej, hvor den tidligere har st\u00e5et, vil det f\u00f8re til at de handlende vil parkere og stige ind og ud af deres biler. Det vil skabe trafikfarlige situationer, og derudover forringe fremkommeligheden p\u00e5 indfaldsvejen,&#8221; skriver kommunen til Christian Hansen, som derfor har flyttet sin vejbod 3-400 meter l\u00e6ngere op af Els\u00f8vej.<\/p>\n<p>&nbsp;<\/p>\n<p><strong>Skal kontakte Christian Hansen igen<\/strong><\/p>\n<p><span data-ccp-props=\"{&quot;134233117&quot;:false,&quot;134233118&quot;:false,&quot;335551550&quot;:0,&quot;335551620&quot;:0,&quot;335559738&quot;:240,&quot;335559739&quot;:240}\">Men m\u00e5ske kan han snart flytte den tilbage igen, for politikerne i udvalget har bedt kommunens folk om at se p\u00e5 sagen igen.<\/span><\/p>\n<p>&#8211; Umiddelbart synes vi, det er meget at g\u00f8re ud af en meget lille sag, siger Meiner N\u00f8rgaard med henvisning til den arbejdstid, kommunen har brugt p\u00e5 at behandle sagen. Og nu bliver der brugt mere tid p\u00e5 den, for forvaltningen er blevet bedt om igen at forholde sig til Christian Hansens \u00f8nske om den oprindelige placering.<\/p>\n<a class=\"dvrt-link\" onClick=\"cdmtrack_click(169437,jQuery(this));return false\" href=\"https:\/\/thymors.dk\/sponsorater\/15-til-faellesskabet?utm_source=kunmors&amp;utm_medium=annonce&amp;utm_campaign=sponsorater\"><img decoding=\"async\" style=\"width:100%;\" src=\"https:\/\/kunmedierne.dk\/mors\/wp-content\/uploads\/2026\/03\/260407ThyMors-energi_faellesskab_generel-1.jpg\"><\/a><script>cdmtrack_view(169437);<\/script>\n<p>&#8211; De skal ogs\u00e5 kontakte Christian Hansen igen. Og er der en mulighed for, at han i indev\u00e6rende s\u00e6son kan st\u00e5, hvor han plejer, er det s\u00e5dan set det, udvalget helst vil, siger Meiner N\u00f8rgaard.<\/p>\n<p>&#8211; Hvor det ender, ved jeg ikke, men vi vil gerne pr\u00f8ve en gang mere og se, om ikke der er en mulighed. Nu har han st\u00e5et der i 15 \u00e5r og solgt jordb\u00e6r og kartofter, og det er g\u00e5et fint.<\/p>\n<p>KunMors har talt med Christian Hansen for at h\u00f8re hans reaktion p\u00e5 udvalgets beslutning om at sende sagen tilbage til forvaltningen. Han fort\u00e6ller, at han forholder sig afventende, men er sp\u00e6ndt p\u00e5, hvad der nu kommer ud af sagen. Og han ser frem til at blive kontaktet af Mors\u00f8 Kommune.<\/p>\n<h5>L\u00c6S OGS\u00c5:<\/h5>\n<h5><a href=\"https:\/\/kunmedierne.dk\/mors\/christian-og-kartoflerne-flytter-men-han-giver-ikke-op\/\" target=\"_blank\" rel=\"noopener\">Christian og kartoflerne flytter &#8211; men han giver ikke op<\/a><\/h5>\n","protected":false},"excerpt":{"rendered":"<p>POLITIK: Det er g\u00e5et fint i 15 \u00e5r, s\u00e5 mon ikke det kan forts\u00e6tte s\u00e5dan. S\u00e5dan lyder formodningen hos Meiner N\u00f8rgaard (DD), udvalgsformand for teknik og milj\u00f8, efter at udvalget i fuld enighed har bedt kommunens forvaltning om at genoptage en sag med en 85-\u00e5rig borger i centrum. For to uger siden skrev KunMors om [&hellip;]<\/p>\n","protected":false},"author":8,"featured_media":0,"comment_status":"closed","ping_status":"closed","sticky":false,"template":"","format":"standard","meta":{"_acf_changed":false,"footnotes":""},"categories":[51],"tags":[],"class_list":["post-148610","post","type-post","status-publish","format-standard","hentry","category-lokalt"],"acf":[],"yoast_head":"<!-- This site is optimized with the Yoast SEO plugin v26.8 - https:\/\/yoast.com\/product\/yoast-seo-wordpress\/ -->\n<title>Kommunen skal igen kigge p\u00e5 Christians vejbod - Mors<\/title>\n<meta name=\"robots\" content=\"index, follow, max-snippet:-1, max-image-preview:large, max-video-preview:-1\" \/>\n<link rel=\"canonical\" href=\"https:\/\/kunmedierne.dk\/mors\/kommunen-skal-igen-kigge-paa-christians-vejbod\/\" \/>\n<meta property=\"og:locale\" content=\"da_DK\" \/>\n<meta property=\"og:type\" content=\"article\" \/>\n<meta property=\"og:title\" content=\"Kommunen skal igen kigge p\u00e5 Christians vejbod - Mors\" \/>\n<meta property=\"og:description\" content=\"POLITIK: Det er g\u00e5et fint i 15 \u00e5r, s\u00e5 mon ikke det kan forts\u00e6tte s\u00e5dan. S\u00e5dan lyder formodningen hos Meiner N\u00f8rgaard (DD), udvalgsformand for teknik og milj\u00f8, efter at udvalget i fuld enighed har bedt kommunens forvaltning om at genoptage en sag med en 85-\u00e5rig borger i centrum. For to uger siden skrev KunMors om [&hellip;]\" \/>\n<meta property=\"og:url\" content=\"https:\/\/kunmedierne.dk\/mors\/kommunen-skal-igen-kigge-paa-christians-vejbod\/\" \/>\n<meta property=\"og:site_name\" content=\"Mors\" \/>\n<meta property=\"article:published_time\" content=\"2025-06-15T08:20:54+00:00\" \/>\n<meta property=\"article:modified_time\" content=\"2025-06-16T06:20:31+00:00\" \/>\n<meta name=\"author\" content=\"David H\u00f8jmark\" \/>\n<meta name=\"twitter:card\" content=\"summary_large_image\" \/>\n<meta name=\"twitter:label1\" content=\"Skrevet af\" \/>\n\t<meta name=\"twitter:data1\" content=\"David H\u00f8jmark\" \/>\n\t<meta name=\"twitter:label2\" content=\"Estimeret l\u00e6setid\" \/>\n\t<meta name=\"twitter:data2\" content=\"2 minutter\" \/>\n<script type=\"application\/ld+json\" class=\"yoast-schema-graph\">{\"@context\":\"https:\/\/schema.org\",\"@graph\":[{\"@type\":\"Article\",\"@id\":\"https:\/\/kunmedierne.dk\/mors\/kommunen-skal-igen-kigge-paa-christians-vejbod\/#article\",\"isPartOf\":{\"@id\":\"https:\/\/kunmedierne.dk\/mors\/kommunen-skal-igen-kigge-paa-christians-vejbod\/\"},\"author\":{\"name\":\"David H\u00f8jmark\",\"@id\":\"https:\/\/kunmedierne.dk\/mors\/#\/schema\/person\/5fe23251bf1d0abbcdc6f7896579d548\"},\"headline\":\"Kommunen skal igen kigge p\u00e5 Christians vejbod\",\"datePublished\":\"2025-06-15T08:20:54+00:00\",\"dateModified\":\"2025-06-16T06:20:31+00:00\",\"mainEntityOfPage\":{\"@id\":\"https:\/\/kunmedierne.dk\/mors\/kommunen-skal-igen-kigge-paa-christians-vejbod\/\"},\"wordCount\":396,\"publisher\":{\"@id\":\"https:\/\/kunmedierne.dk\/mors\/#organization\"},\"articleSection\":[\"Lokalt\"],\"inLanguage\":\"da-DK\"},{\"@type\":\"WebPage\",\"@id\":\"https:\/\/kunmedierne.dk\/mors\/kommunen-skal-igen-kigge-paa-christians-vejbod\/\",\"url\":\"https:\/\/kunmedierne.dk\/mors\/kommunen-skal-igen-kigge-paa-christians-vejbod\/\",\"name\":\"Kommunen skal igen kigge p\u00e5 Christians vejbod - Mors\",\"isPartOf\":{\"@id\":\"https:\/\/kunmedierne.dk\/mors\/#website\"},\"datePublished\":\"2025-06-15T08:20:54+00:00\",\"dateModified\":\"2025-06-16T06:20:31+00:00\",\"breadcrumb\":{\"@id\":\"https:\/\/kunmedierne.dk\/mors\/kommunen-skal-igen-kigge-paa-christians-vejbod\/#breadcrumb\"},\"inLanguage\":\"da-DK\",\"potentialAction\":[{\"@type\":\"ReadAction\",\"target\":[\"https:\/\/kunmedierne.dk\/mors\/kommunen-skal-igen-kigge-paa-christians-vejbod\/\"]}]},{\"@type\":\"BreadcrumbList\",\"@id\":\"https:\/\/kunmedierne.dk\/mors\/kommunen-skal-igen-kigge-paa-christians-vejbod\/#breadcrumb\",\"itemListElement\":[{\"@type\":\"ListItem\",\"position\":1,\"name\":\"Hjem\",\"item\":\"https:\/\/kunmedierne.dk\/mors\/\"},{\"@type\":\"ListItem\",\"position\":2,\"name\":\"Kommunen skal igen kigge p\u00e5 Christians vejbod\"}]},{\"@type\":\"WebSite\",\"@id\":\"https:\/\/kunmedierne.dk\/mors\/#website\",\"url\":\"https:\/\/kunmedierne.dk\/mors\/\",\"name\":\"Mors\",\"description\":\"et netmedie med journalistik om livet p\u00e5 Mors\",\"publisher\":{\"@id\":\"https:\/\/kunmedierne.dk\/mors\/#organization\"},\"potentialAction\":[{\"@type\":\"SearchAction\",\"target\":{\"@type\":\"EntryPoint\",\"urlTemplate\":\"https:\/\/kunmedierne.dk\/mors\/?s={search_term_string}\"},\"query-input\":{\"@type\":\"PropertyValueSpecification\",\"valueRequired\":true,\"valueName\":\"search_term_string\"}}],\"inLanguage\":\"da-DK\"},{\"@type\":\"Organization\",\"@id\":\"https:\/\/kunmedierne.dk\/mors\/#organization\",\"name\":\"Mors\",\"url\":\"https:\/\/kunmedierne.dk\/mors\/\",\"logo\":{\"@type\":\"ImageObject\",\"inLanguage\":\"da-DK\",\"@id\":\"https:\/\/kunmedierne.dk\/mors\/#\/schema\/logo\/image\/\",\"url\":\"https:\/\/kunmedierne.dk\/mors\/wp-content\/uploads\/2024\/08\/kunmors-logo.svg\",\"contentUrl\":\"https:\/\/kunmedierne.dk\/mors\/wp-content\/uploads\/2024\/08\/kunmors-logo.svg\",\"caption\":\"Mors\"},\"image\":{\"@id\":\"https:\/\/kunmedierne.dk\/mors\/#\/schema\/logo\/image\/\"}},{\"@type\":\"Person\",\"@id\":\"https:\/\/kunmedierne.dk\/mors\/#\/schema\/person\/5fe23251bf1d0abbcdc6f7896579d548\",\"name\":\"David H\u00f8jmark\",\"image\":{\"@type\":\"ImageObject\",\"inLanguage\":\"da-DK\",\"@id\":\"https:\/\/kunmedierne.dk\/mors\/#\/schema\/person\/image\/\",\"url\":\"https:\/\/secure.gravatar.com\/avatar\/4315d6fb9ef244d729989f5f90268eb08d5bf8a3d84402f595fa194bb35784fd?s=96&d=mm&r=g\",\"contentUrl\":\"https:\/\/secure.gravatar.com\/avatar\/4315d6fb9ef244d729989f5f90268eb08d5bf8a3d84402f595fa194bb35784fd?s=96&d=mm&r=g\",\"caption\":\"David H\u00f8jmark\"},\"sameAs\":[\"https:\/\/www.kunmedierne.dk\"],\"url\":\"https:\/\/kunmedierne.dk\/mors\/author\/david\/\"}]}<\/script>\n<!-- \/ Yoast SEO plugin. -->","yoast_head_json":{"title":"Kommunen skal igen kigge p\u00e5 Christians vejbod - Mors","robots":{"index":"index","follow":"follow","max-snippet":"max-snippet:-1","max-image-preview":"max-image-preview:large","max-video-preview":"max-video-preview:-1"},"canonical":"https:\/\/kunmedierne.dk\/mors\/kommunen-skal-igen-kigge-paa-christians-vejbod\/","og_locale":"da_DK","og_type":"article","og_title":"Kommunen skal igen kigge p\u00e5 Christians vejbod - Mors","og_description":"POLITIK: Det er g\u00e5et fint i 15 \u00e5r, s\u00e5 mon ikke det kan forts\u00e6tte s\u00e5dan. S\u00e5dan lyder formodningen hos Meiner N\u00f8rgaard (DD), udvalgsformand for teknik og milj\u00f8, efter at udvalget i fuld enighed har bedt kommunens forvaltning om at genoptage en sag med en 85-\u00e5rig borger i centrum. For to uger siden skrev KunMors om [&hellip;]","og_url":"https:\/\/kunmedierne.dk\/mors\/kommunen-skal-igen-kigge-paa-christians-vejbod\/","og_site_name":"Mors","article_published_time":"2025-06-15T08:20:54+00:00","article_modified_time":"2025-06-16T06:20:31+00:00","author":"David H\u00f8jmark","twitter_card":"summary_large_image","twitter_misc":{"Skrevet af":"David H\u00f8jmark","Estimeret l\u00e6setid":"2 minutter"},"schema":{"@context":"https:\/\/schema.org","@graph":[{"@type":"Article","@id":"https:\/\/kunmedierne.dk\/mors\/kommunen-skal-igen-kigge-paa-christians-vejbod\/#article","isPartOf":{"@id":"https:\/\/kunmedierne.dk\/mors\/kommunen-skal-igen-kigge-paa-christians-vejbod\/"},"author":{"name":"David H\u00f8jmark","@id":"https:\/\/kunmedierne.dk\/mors\/#\/schema\/person\/5fe23251bf1d0abbcdc6f7896579d548"},"headline":"Kommunen skal igen kigge p\u00e5 Christians vejbod","datePublished":"2025-06-15T08:20:54+00:00","dateModified":"2025-06-16T06:20:31+00:00","mainEntityOfPage":{"@id":"https:\/\/kunmedierne.dk\/mors\/kommunen-skal-igen-kigge-paa-christians-vejbod\/"},"wordCount":396,"publisher":{"@id":"https:\/\/kunmedierne.dk\/mors\/#organization"},"articleSection":["Lokalt"],"inLanguage":"da-DK"},{"@type":"WebPage","@id":"https:\/\/kunmedierne.dk\/mors\/kommunen-skal-igen-kigge-paa-christians-vejbod\/","url":"https:\/\/kunmedierne.dk\/mors\/kommunen-skal-igen-kigge-paa-christians-vejbod\/","name":"Kommunen skal igen kigge p\u00e5 Christians vejbod - Mors","isPartOf":{"@id":"https:\/\/kunmedierne.dk\/mors\/#website"},"datePublished":"2025-06-15T08:20:54+00:00","dateModified":"2025-06-16T06:20:31+00:00","breadcrumb":{"@id":"https:\/\/kunmedierne.dk\/mors\/kommunen-skal-igen-kigge-paa-christians-vejbod\/#breadcrumb"},"inLanguage":"da-DK","potentialAction":[{"@type":"ReadAction","target":["https:\/\/kunmedierne.dk\/mors\/kommunen-skal-igen-kigge-paa-christians-vejbod\/"]}]},{"@type":"BreadcrumbList","@id":"https:\/\/kunmedierne.dk\/mors\/kommunen-skal-igen-kigge-paa-christians-vejbod\/#breadcrumb","itemListElement":[{"@type":"ListItem","position":1,"name":"Hjem","item":"https:\/\/kunmedierne.dk\/mors\/"},{"@type":"ListItem","position":2,"name":"Kommunen skal igen kigge p\u00e5 Christians vejbod"}]},{"@type":"WebSite","@id":"https:\/\/kunmedierne.dk\/mors\/#website","url":"https:\/\/kunmedierne.dk\/mors\/","name":"Mors","description":"et netmedie med journalistik om livet p\u00e5 Mors","publisher":{"@id":"https:\/\/kunmedierne.dk\/mors\/#organization"},"potentialAction":[{"@type":"SearchAction","target":{"@type":"EntryPoint","urlTemplate":"https:\/\/kunmedierne.dk\/mors\/?s={search_term_string}"},"query-input":{"@type":"PropertyValueSpecification","valueRequired":true,"valueName":"search_term_string"}}],"inLanguage":"da-DK"},{"@type":"Organization","@id":"https:\/\/kunmedierne.dk\/mors\/#organization","name":"Mors","url":"https:\/\/kunmedierne.dk\/mors\/","logo":{"@type":"ImageObject","inLanguage":"da-DK","@id":"https:\/\/kunmedierne.dk\/mors\/#\/schema\/logo\/image\/","url":"https:\/\/kunmedierne.dk\/mors\/wp-content\/uploads\/2024\/08\/kunmors-logo.svg","contentUrl":"https:\/\/kunmedierne.dk\/mors\/wp-content\/uploads\/2024\/08\/kunmors-logo.svg","caption":"Mors"},"image":{"@id":"https:\/\/kunmedierne.dk\/mors\/#\/schema\/logo\/image\/"}},{"@type":"Person","@id":"https:\/\/kunmedierne.dk\/mors\/#\/schema\/person\/5fe23251bf1d0abbcdc6f7896579d548","name":"David H\u00f8jmark","image":{"@type":"ImageObject","inLanguage":"da-DK","@id":"https:\/\/kunmedierne.dk\/mors\/#\/schema\/person\/image\/","url":"https:\/\/secure.gravatar.com\/avatar\/4315d6fb9ef244d729989f5f90268eb08d5bf8a3d84402f595fa194bb35784fd?s=96&d=mm&r=g","contentUrl":"https:\/\/secure.gravatar.com\/avatar\/4315d6fb9ef244d729989f5f90268eb08d5bf8a3d84402f595fa194bb35784fd?s=96&d=mm&r=g","caption":"David H\u00f8jmark"},"sameAs":["https:\/\/www.kunmedierne.dk"],"url":"https:\/\/kunmedierne.dk\/mors\/author\/david\/"}]}},"_links":{"self":[{"href":"https:\/\/kunmedierne.dk\/mors\/wp-json\/wp\/v2\/posts\/148610","targetHints":{"allow":["GET"]}}],"collection":[{"href":"https:\/\/kunmedierne.dk\/mors\/wp-json\/wp\/v2\/posts"}],"about":[{"href":"https:\/\/kunmedierne.dk\/mors\/wp-json\/wp\/v2\/types\/post"}],"author":[{"embeddable":true,"href":"https:\/\/kunmedierne.dk\/mors\/wp-json\/wp\/v2\/users\/8"}],"replies":[{"embeddable":true,"href":"https:\/\/kunmedierne.dk\/mors\/wp-json\/wp\/v2\/comments?post=148610"}],"version-history":[{"count":1,"href":"https:\/\/kunmedierne.dk\/mors\/wp-json\/wp\/v2\/posts\/148610\/revisions"}],"predecessor-version":[{"id":148614,"href":"https:\/\/kunmedierne.dk\/mors\/wp-json\/wp\/v2\/posts\/148610\/revisions\/148614"}],"wp:attachment":[{"href":"https:\/\/kunmedierne.dk\/mors\/wp-json\/wp\/v2\/media?parent=148610"}],"wp:term":[{"taxonomy":"category","embeddable":true,"href":"https:\/\/kunmedierne.dk\/mors\/wp-json\/wp\/v2\/categories?post=148610"},{"taxonomy":"post_tag","embeddable":true,"href":"https:\/\/kunmedierne.dk\/mors\/wp-json\/wp\/v2\/tags?post=148610"}],"curies":[{"name":"wp","href":"https:\/\/api.w.org\/{rel}","templated":true}]}}