{"id":148352,"date":"2025-06-11T17:46:22","date_gmt":"2025-06-11T15:46:22","guid":{"rendered":"https:\/\/kunmedierne.dk\/mors\/?p=148352"},"modified":"2025-06-11T09:29:15","modified_gmt":"2025-06-11T07:29:15","slug":"laeserbrev-naar-systemet-svigter-boern-med-saerlige-behov","status":"publish","type":"post","link":"https:\/\/kunmedierne.dk\/mors\/laeserbrev-naar-systemet-svigter-boern-med-saerlige-behov\/","title":{"rendered":"L\u00e6serbrev: N\u00e5r systemet svigter b\u00f8rn med s\u00e6rlige behov\u00a0"},"content":{"rendered":"<p><span data-contrast=\"auto\"><strong>DEBAT:<\/strong> Jeg skriver dette l\u00e6serbrev, fordi vi som familie st\u00e5r magtesl\u00f8se \u2013 og jeg h\u00e5ber, at andre for\u00e6ldre i samme situation vil r\u00e6kke ud og dele deres erfaringer.<\/span><span data-ccp-props=\"{&quot;134233117&quot;:false,&quot;134233118&quot;:false,&quot;335551550&quot;:0,&quot;335551620&quot;:0,&quot;335559738&quot;:240,&quot;335559739&quot;:240}\">\u00a0<\/span><\/p>\n<a class=\"dvrt-link\" onClick=\"cdmtrack_click(104781,jQuery(this));return false\" href=\"https:\/\/www.fmspks.dk\/\"><img decoding=\"async\" style=\"width:100%;\" src=\"https:\/\/kunmedierne.dk\/mors\/wp-content\/uploads\/2022\/02\/vip-froeslev-mollerup-sparekasse.jpg\"><\/a><script>cdmtrack_view(104781);<\/script>\n<p><span data-contrast=\"auto\">Vores s\u00f8n p\u00e5 11 \u00e5r har siden vuggestuealderen haft det meget sv\u00e6rt. Han er tydeligt anderledes og har sv\u00e6rt ved at navigere i sociale sammenh\u00e6nge og forst\u00e5 konsekvenserne af sine handlinger. Han har brug for t\u00e6t st\u00f8tte og guidning \u2013 og det har han ogs\u00e5 f\u00e5et, b\u00e5de i dagtilbud og i skolen. Men det hj\u00e6lper ikke, n\u00e5r der ikke bliver sat gang i den udredning, som vi som for\u00e6ldre i \u00e5revis har efterlyst.<\/span><span data-ccp-props=\"{&quot;134233117&quot;:false,&quot;134233118&quot;:false,&quot;335551550&quot;:0,&quot;335551620&quot;:0,&quot;335559738&quot;:240,&quot;335559739&quot;:240}\">\u00a0<\/span><\/p>\n<p><span data-contrast=\"auto\">Vi har v\u00e6ret til det ene m\u00f8de efter det andet. Der er sat ekstra p\u00e6dagoger ind. Han har v\u00e6ret i flere skoletilbud og g\u00e5r nu p\u00e5 reduceret skema. Men det rykker ikke \u2013 for der bliver hele tiden lavet midlertidige l\u00f8sninger i stedet for at tage fat om roden: at finde ud af, hvad det er, vores dreng k\u00e6mper med, og hvad han reelt har brug for.<\/span><span data-ccp-props=\"{&quot;134233117&quot;:false,&quot;134233118&quot;:false,&quot;335551550&quot;:0,&quot;335551620&quot;:0,&quot;335559738&quot;:240,&quot;335559739&quot;:240}\">\u00a0<\/span><\/p>\n<p><span data-contrast=\"auto\">P\u00e5 et tidspunkt var hans adf\u00e6rd s\u00e5 voldsom, og hans mistrivsel s\u00e5 stor, at vi selv tog kontakt til en psykolog via B\u00f8rnecancerfonden \u2013 det var den eneste m\u00e5de, vi kunne f\u00e5 adgang til kvalificeret psykologhj\u00e6lp. Og her kom det frem, at han ikke l\u00e6ngere havde lyst til at leve. Det knuste os fuldst\u00e6ndig. Vi lavede selv en underretning til kommunen, og det samme gjorde b\u00e5de psykologen og skolen. Alligevel blev han vurderet som <\/span><i><span data-contrast=\"auto\">ikke akut<\/span><\/i><span data-contrast=\"auto\">.<\/span><span data-ccp-props=\"{&quot;134233117&quot;:false,&quot;134233118&quot;:false,&quot;335551550&quot;:0,&quot;335551620&quot;:0,&quot;335559738&quot;:240,&quot;335559739&quot;:240}\">\u00a0<\/span><\/p>\n<p><span data-contrast=\"auto\">Hvordan kan det ikke v\u00e6re akut, n\u00e5r et barn p\u00e5 11 \u00e5r giver op?<\/span><span data-ccp-props=\"{&quot;134233117&quot;:false,&quot;134233118&quot;:false,&quot;335551550&quot;:0,&quot;335551620&quot;:0,&quot;335559738&quot;:240,&quot;335559739&quot;:240}\">\u00a0<\/span><\/p>\n<a class=\"dvrt-link\" onClick=\"cdmtrack_click(104780,jQuery(this));return false\" href=\"https:\/\/www.spard.dk\/\"><img decoding=\"async\" style=\"width:100%;\" src=\"https:\/\/kunmedierne.dk\/mors\/wp-content\/uploads\/2023\/12\/sparekassen-dk-maj25.gif\"><\/a><script>cdmtrack_view(104780);<\/script>\n<p><span data-contrast=\"auto\">Vi har oplevet et system, der ikke griber b\u00f8rnene i tide. Et system, hvor for\u00e6ldre bliver bedt om at vente \u2013 og vente lidt l\u00e6ngere \u2013 fordi der er flaskehalse i PPR og mangel p\u00e5 autoriserede psykologer. Og hvor vi har h\u00f8rt, at der endda bliver givet besked ude p\u00e5 skolerne om, at l\u00e6rere og p\u00e6dagoger skal <\/span><i><span data-contrast=\"auto\">holde for\u00e6ldre hen<\/span><\/i><span data-contrast=\"auto\">, fordi der alligevel ikke er ressourcer til at f\u00f8lge op.<\/span><span data-ccp-props=\"{&quot;134233117&quot;:false,&quot;134233118&quot;:false,&quot;335551550&quot;:0,&quot;335551620&quot;:0,&quot;335559738&quot;:240,&quot;335559739&quot;:240}\">\u00a0<\/span><\/p>\n<p><span data-contrast=\"auto\">Vi har s\u00f8gt aktindsigt i sagen og f\u00e5et over 90 siders materiale. Det har ikke gjort os mindre bekymrede \u2013 tv\u00e6rtimod. For her st\u00e5r det tydeligt, at systemet ikke fungerer.<\/span><span data-ccp-props=\"{&quot;134233117&quot;:false,&quot;134233118&quot;:false,&quot;335551550&quot;:0,&quot;335551620&quot;:0,&quot;335559738&quot;:240,&quot;335559739&quot;:240}\">\u00a0<\/span><\/p>\n<p><span data-contrast=\"auto\">Jeg skriver dette ikke kun for vores skyld \u2013 men ogs\u00e5 for at h\u00f8re fra andre for\u00e6ldre: Hvad har I gjort? Hvem har I f\u00e5et hj\u00e6lp fra? Hvordan er I blevet h\u00f8rt?<\/span><span data-ccp-props=\"{&quot;134233117&quot;:false,&quot;134233118&quot;:false,&quot;335551550&quot;:0,&quot;335551620&quot;:0,&quot;335559738&quot;:240,&quot;335559739&quot;:240}\">\u00a0<\/span><\/p>\n<p><span data-contrast=\"auto\">Hvis vi ikke begynder at st\u00e5 sammen og r\u00e5be op, s\u00e5 bliver det ved med at v\u00e6re vores b\u00f8rn, der betaler prisen.<\/span><span data-ccp-props=\"{&quot;134233117&quot;:false,&quot;134233118&quot;:false,&quot;335551550&quot;:0,&quot;335551620&quot;:0,&quot;335559738&quot;:240,&quot;335559739&quot;:240}\">\u00a0<\/span><\/p>\n<p>Helle Elisabet Pedersen<\/p>\n","protected":false},"excerpt":{"rendered":"<p>DEBAT: Jeg skriver dette l\u00e6serbrev, fordi vi som familie st\u00e5r magtesl\u00f8se \u2013 og jeg h\u00e5ber, at andre for\u00e6ldre i samme situation vil r\u00e6kke ud og dele deres erfaringer.\u00a0 Vores s\u00f8n p\u00e5 11 \u00e5r har siden vuggestuealderen haft det meget sv\u00e6rt. Han er tydeligt anderledes og har sv\u00e6rt ved at navigere i sociale sammenh\u00e6nge og forst\u00e5 [&hellip;]<\/p>\n","protected":false},"author":11,"featured_media":0,"comment_status":"closed","ping_status":"closed","sticky":false,"template":"","format":"standard","meta":{"_acf_changed":false,"footnotes":""},"categories":[56],"tags":[],"class_list":["post-148352","post","type-post","status-publish","format-standard","hentry","category-debat"],"acf":[],"yoast_head":"<!-- This site is optimized with the Yoast SEO plugin v26.8 - https:\/\/yoast.com\/product\/yoast-seo-wordpress\/ -->\n<title>L\u00e6serbrev: N\u00e5r systemet svigter b\u00f8rn med s\u00e6rlige behov\u00a0 - Mors<\/title>\n<meta name=\"robots\" content=\"index, follow, max-snippet:-1, max-image-preview:large, max-video-preview:-1\" \/>\n<link rel=\"canonical\" href=\"https:\/\/kunmedierne.dk\/mors\/laeserbrev-naar-systemet-svigter-boern-med-saerlige-behov\/\" \/>\n<meta property=\"og:locale\" content=\"da_DK\" \/>\n<meta property=\"og:type\" content=\"article\" \/>\n<meta property=\"og:title\" content=\"L\u00e6serbrev: N\u00e5r systemet svigter b\u00f8rn med s\u00e6rlige behov\u00a0 - Mors\" \/>\n<meta property=\"og:description\" content=\"DEBAT: Jeg skriver dette l\u00e6serbrev, fordi vi som familie st\u00e5r magtesl\u00f8se \u2013 og jeg h\u00e5ber, at andre for\u00e6ldre i samme situation vil r\u00e6kke ud og dele deres erfaringer.\u00a0 Vores s\u00f8n p\u00e5 11 \u00e5r har siden vuggestuealderen haft det meget sv\u00e6rt. Han er tydeligt anderledes og har sv\u00e6rt ved at navigere i sociale sammenh\u00e6nge og forst\u00e5 [&hellip;]\" \/>\n<meta property=\"og:url\" content=\"https:\/\/kunmedierne.dk\/mors\/laeserbrev-naar-systemet-svigter-boern-med-saerlige-behov\/\" \/>\n<meta property=\"og:site_name\" content=\"Mors\" \/>\n<meta property=\"article:published_time\" content=\"2025-06-11T15:46:22+00:00\" \/>\n<meta name=\"author\" content=\"Debat\" \/>\n<meta name=\"twitter:card\" content=\"summary_large_image\" \/>\n<meta name=\"twitter:label1\" content=\"Skrevet af\" \/>\n\t<meta name=\"twitter:data1\" content=\"Debat\" \/>\n\t<meta name=\"twitter:label2\" content=\"Estimeret l\u00e6setid\" \/>\n\t<meta name=\"twitter:data2\" content=\"3 minutter\" \/>\n<script type=\"application\/ld+json\" class=\"yoast-schema-graph\">{\"@context\":\"https:\/\/schema.org\",\"@graph\":[{\"@type\":\"Article\",\"@id\":\"https:\/\/kunmedierne.dk\/mors\/laeserbrev-naar-systemet-svigter-boern-med-saerlige-behov\/#article\",\"isPartOf\":{\"@id\":\"https:\/\/kunmedierne.dk\/mors\/laeserbrev-naar-systemet-svigter-boern-med-saerlige-behov\/\"},\"author\":{\"name\":\"Debat\",\"@id\":\"https:\/\/kunmedierne.dk\/mors\/#\/schema\/person\/84c1391bce0b43b9bb3a49736bc0ad78\"},\"headline\":\"L\u00e6serbrev: N\u00e5r systemet svigter b\u00f8rn med s\u00e6rlige behov\u00a0\",\"datePublished\":\"2025-06-11T15:46:22+00:00\",\"mainEntityOfPage\":{\"@id\":\"https:\/\/kunmedierne.dk\/mors\/laeserbrev-naar-systemet-svigter-boern-med-saerlige-behov\/\"},\"wordCount\":473,\"publisher\":{\"@id\":\"https:\/\/kunmedierne.dk\/mors\/#organization\"},\"articleSection\":[\"Debat\"],\"inLanguage\":\"da-DK\"},{\"@type\":\"WebPage\",\"@id\":\"https:\/\/kunmedierne.dk\/mors\/laeserbrev-naar-systemet-svigter-boern-med-saerlige-behov\/\",\"url\":\"https:\/\/kunmedierne.dk\/mors\/laeserbrev-naar-systemet-svigter-boern-med-saerlige-behov\/\",\"name\":\"L\u00e6serbrev: N\u00e5r systemet svigter b\u00f8rn med s\u00e6rlige behov\u00a0 - Mors\",\"isPartOf\":{\"@id\":\"https:\/\/kunmedierne.dk\/mors\/#website\"},\"datePublished\":\"2025-06-11T15:46:22+00:00\",\"breadcrumb\":{\"@id\":\"https:\/\/kunmedierne.dk\/mors\/laeserbrev-naar-systemet-svigter-boern-med-saerlige-behov\/#breadcrumb\"},\"inLanguage\":\"da-DK\",\"potentialAction\":[{\"@type\":\"ReadAction\",\"target\":[\"https:\/\/kunmedierne.dk\/mors\/laeserbrev-naar-systemet-svigter-boern-med-saerlige-behov\/\"]}]},{\"@type\":\"BreadcrumbList\",\"@id\":\"https:\/\/kunmedierne.dk\/mors\/laeserbrev-naar-systemet-svigter-boern-med-saerlige-behov\/#breadcrumb\",\"itemListElement\":[{\"@type\":\"ListItem\",\"position\":1,\"name\":\"Hjem\",\"item\":\"https:\/\/kunmedierne.dk\/mors\/\"},{\"@type\":\"ListItem\",\"position\":2,\"name\":\"L\u00e6serbrev: N\u00e5r systemet svigter b\u00f8rn med s\u00e6rlige behov\u00a0\"}]},{\"@type\":\"WebSite\",\"@id\":\"https:\/\/kunmedierne.dk\/mors\/#website\",\"url\":\"https:\/\/kunmedierne.dk\/mors\/\",\"name\":\"Mors\",\"description\":\"et netmedie med journalistik om livet p\u00e5 Mors\",\"publisher\":{\"@id\":\"https:\/\/kunmedierne.dk\/mors\/#organization\"},\"potentialAction\":[{\"@type\":\"SearchAction\",\"target\":{\"@type\":\"EntryPoint\",\"urlTemplate\":\"https:\/\/kunmedierne.dk\/mors\/?s={search_term_string}\"},\"query-input\":{\"@type\":\"PropertyValueSpecification\",\"valueRequired\":true,\"valueName\":\"search_term_string\"}}],\"inLanguage\":\"da-DK\"},{\"@type\":\"Organization\",\"@id\":\"https:\/\/kunmedierne.dk\/mors\/#organization\",\"name\":\"Mors\",\"url\":\"https:\/\/kunmedierne.dk\/mors\/\",\"logo\":{\"@type\":\"ImageObject\",\"inLanguage\":\"da-DK\",\"@id\":\"https:\/\/kunmedierne.dk\/mors\/#\/schema\/logo\/image\/\",\"url\":\"https:\/\/kunmedierne.dk\/mors\/wp-content\/uploads\/2024\/08\/kunmors-logo.svg\",\"contentUrl\":\"https:\/\/kunmedierne.dk\/mors\/wp-content\/uploads\/2024\/08\/kunmors-logo.svg\",\"caption\":\"Mors\"},\"image\":{\"@id\":\"https:\/\/kunmedierne.dk\/mors\/#\/schema\/logo\/image\/\"}},{\"@type\":\"Person\",\"@id\":\"https:\/\/kunmedierne.dk\/mors\/#\/schema\/person\/84c1391bce0b43b9bb3a49736bc0ad78\",\"name\":\"Debat\",\"image\":{\"@type\":\"ImageObject\",\"inLanguage\":\"da-DK\",\"@id\":\"https:\/\/kunmedierne.dk\/mors\/#\/schema\/person\/image\/\",\"url\":\"https:\/\/secure.gravatar.com\/avatar\/b0fb2e221d618f7c65162ab0d49c7e8a0b580c871ca03af90e42b47b4150654c?s=96&d=mm&r=g\",\"contentUrl\":\"https:\/\/secure.gravatar.com\/avatar\/b0fb2e221d618f7c65162ab0d49c7e8a0b580c871ca03af90e42b47b4150654c?s=96&d=mm&r=g\",\"caption\":\"Debat\"},\"url\":\"https:\/\/kunmedierne.dk\/mors\/author\/debat\/\"}]}<\/script>\n<!-- \/ Yoast SEO plugin. -->","yoast_head_json":{"title":"L\u00e6serbrev: N\u00e5r systemet svigter b\u00f8rn med s\u00e6rlige behov\u00a0 - Mors","robots":{"index":"index","follow":"follow","max-snippet":"max-snippet:-1","max-image-preview":"max-image-preview:large","max-video-preview":"max-video-preview:-1"},"canonical":"https:\/\/kunmedierne.dk\/mors\/laeserbrev-naar-systemet-svigter-boern-med-saerlige-behov\/","og_locale":"da_DK","og_type":"article","og_title":"L\u00e6serbrev: N\u00e5r systemet svigter b\u00f8rn med s\u00e6rlige behov\u00a0 - Mors","og_description":"DEBAT: Jeg skriver dette l\u00e6serbrev, fordi vi som familie st\u00e5r magtesl\u00f8se \u2013 og jeg h\u00e5ber, at andre for\u00e6ldre i samme situation vil r\u00e6kke ud og dele deres erfaringer.\u00a0 Vores s\u00f8n p\u00e5 11 \u00e5r har siden vuggestuealderen haft det meget sv\u00e6rt. Han er tydeligt anderledes og har sv\u00e6rt ved at navigere i sociale sammenh\u00e6nge og forst\u00e5 [&hellip;]","og_url":"https:\/\/kunmedierne.dk\/mors\/laeserbrev-naar-systemet-svigter-boern-med-saerlige-behov\/","og_site_name":"Mors","article_published_time":"2025-06-11T15:46:22+00:00","author":"Debat","twitter_card":"summary_large_image","twitter_misc":{"Skrevet af":"Debat","Estimeret l\u00e6setid":"3 minutter"},"schema":{"@context":"https:\/\/schema.org","@graph":[{"@type":"Article","@id":"https:\/\/kunmedierne.dk\/mors\/laeserbrev-naar-systemet-svigter-boern-med-saerlige-behov\/#article","isPartOf":{"@id":"https:\/\/kunmedierne.dk\/mors\/laeserbrev-naar-systemet-svigter-boern-med-saerlige-behov\/"},"author":{"name":"Debat","@id":"https:\/\/kunmedierne.dk\/mors\/#\/schema\/person\/84c1391bce0b43b9bb3a49736bc0ad78"},"headline":"L\u00e6serbrev: N\u00e5r systemet svigter b\u00f8rn med s\u00e6rlige behov\u00a0","datePublished":"2025-06-11T15:46:22+00:00","mainEntityOfPage":{"@id":"https:\/\/kunmedierne.dk\/mors\/laeserbrev-naar-systemet-svigter-boern-med-saerlige-behov\/"},"wordCount":473,"publisher":{"@id":"https:\/\/kunmedierne.dk\/mors\/#organization"},"articleSection":["Debat"],"inLanguage":"da-DK"},{"@type":"WebPage","@id":"https:\/\/kunmedierne.dk\/mors\/laeserbrev-naar-systemet-svigter-boern-med-saerlige-behov\/","url":"https:\/\/kunmedierne.dk\/mors\/laeserbrev-naar-systemet-svigter-boern-med-saerlige-behov\/","name":"L\u00e6serbrev: N\u00e5r systemet svigter b\u00f8rn med s\u00e6rlige behov\u00a0 - Mors","isPartOf":{"@id":"https:\/\/kunmedierne.dk\/mors\/#website"},"datePublished":"2025-06-11T15:46:22+00:00","breadcrumb":{"@id":"https:\/\/kunmedierne.dk\/mors\/laeserbrev-naar-systemet-svigter-boern-med-saerlige-behov\/#breadcrumb"},"inLanguage":"da-DK","potentialAction":[{"@type":"ReadAction","target":["https:\/\/kunmedierne.dk\/mors\/laeserbrev-naar-systemet-svigter-boern-med-saerlige-behov\/"]}]},{"@type":"BreadcrumbList","@id":"https:\/\/kunmedierne.dk\/mors\/laeserbrev-naar-systemet-svigter-boern-med-saerlige-behov\/#breadcrumb","itemListElement":[{"@type":"ListItem","position":1,"name":"Hjem","item":"https:\/\/kunmedierne.dk\/mors\/"},{"@type":"ListItem","position":2,"name":"L\u00e6serbrev: N\u00e5r systemet svigter b\u00f8rn med s\u00e6rlige behov\u00a0"}]},{"@type":"WebSite","@id":"https:\/\/kunmedierne.dk\/mors\/#website","url":"https:\/\/kunmedierne.dk\/mors\/","name":"Mors","description":"et netmedie med journalistik om livet p\u00e5 Mors","publisher":{"@id":"https:\/\/kunmedierne.dk\/mors\/#organization"},"potentialAction":[{"@type":"SearchAction","target":{"@type":"EntryPoint","urlTemplate":"https:\/\/kunmedierne.dk\/mors\/?s={search_term_string}"},"query-input":{"@type":"PropertyValueSpecification","valueRequired":true,"valueName":"search_term_string"}}],"inLanguage":"da-DK"},{"@type":"Organization","@id":"https:\/\/kunmedierne.dk\/mors\/#organization","name":"Mors","url":"https:\/\/kunmedierne.dk\/mors\/","logo":{"@type":"ImageObject","inLanguage":"da-DK","@id":"https:\/\/kunmedierne.dk\/mors\/#\/schema\/logo\/image\/","url":"https:\/\/kunmedierne.dk\/mors\/wp-content\/uploads\/2024\/08\/kunmors-logo.svg","contentUrl":"https:\/\/kunmedierne.dk\/mors\/wp-content\/uploads\/2024\/08\/kunmors-logo.svg","caption":"Mors"},"image":{"@id":"https:\/\/kunmedierne.dk\/mors\/#\/schema\/logo\/image\/"}},{"@type":"Person","@id":"https:\/\/kunmedierne.dk\/mors\/#\/schema\/person\/84c1391bce0b43b9bb3a49736bc0ad78","name":"Debat","image":{"@type":"ImageObject","inLanguage":"da-DK","@id":"https:\/\/kunmedierne.dk\/mors\/#\/schema\/person\/image\/","url":"https:\/\/secure.gravatar.com\/avatar\/b0fb2e221d618f7c65162ab0d49c7e8a0b580c871ca03af90e42b47b4150654c?s=96&d=mm&r=g","contentUrl":"https:\/\/secure.gravatar.com\/avatar\/b0fb2e221d618f7c65162ab0d49c7e8a0b580c871ca03af90e42b47b4150654c?s=96&d=mm&r=g","caption":"Debat"},"url":"https:\/\/kunmedierne.dk\/mors\/author\/debat\/"}]}},"_links":{"self":[{"href":"https:\/\/kunmedierne.dk\/mors\/wp-json\/wp\/v2\/posts\/148352","targetHints":{"allow":["GET"]}}],"collection":[{"href":"https:\/\/kunmedierne.dk\/mors\/wp-json\/wp\/v2\/posts"}],"about":[{"href":"https:\/\/kunmedierne.dk\/mors\/wp-json\/wp\/v2\/types\/post"}],"author":[{"embeddable":true,"href":"https:\/\/kunmedierne.dk\/mors\/wp-json\/wp\/v2\/users\/11"}],"replies":[{"embeddable":true,"href":"https:\/\/kunmedierne.dk\/mors\/wp-json\/wp\/v2\/comments?post=148352"}],"version-history":[{"count":4,"href":"https:\/\/kunmedierne.dk\/mors\/wp-json\/wp\/v2\/posts\/148352\/revisions"}],"predecessor-version":[{"id":148357,"href":"https:\/\/kunmedierne.dk\/mors\/wp-json\/wp\/v2\/posts\/148352\/revisions\/148357"}],"wp:attachment":[{"href":"https:\/\/kunmedierne.dk\/mors\/wp-json\/wp\/v2\/media?parent=148352"}],"wp:term":[{"taxonomy":"category","embeddable":true,"href":"https:\/\/kunmedierne.dk\/mors\/wp-json\/wp\/v2\/categories?post=148352"},{"taxonomy":"post_tag","embeddable":true,"href":"https:\/\/kunmedierne.dk\/mors\/wp-json\/wp\/v2\/tags?post=148352"}],"curies":[{"name":"wp","href":"https:\/\/api.w.org\/{rel}","templated":true}]}}