{"id":147576,"date":"2025-05-30T21:34:26","date_gmt":"2025-05-30T19:34:26","guid":{"rendered":"https:\/\/kunmedierne.dk\/mors\/?p=147576"},"modified":"2025-05-30T15:35:18","modified_gmt":"2025-05-30T13:35:18","slug":"et-levende-telt-vakte-opsigt-i-gaagaden-her-er-forklaringen","status":"publish","type":"post","link":"https:\/\/kunmedierne.dk\/mors\/et-levende-telt-vakte-opsigt-i-gaagaden-her-er-forklaringen\/","title":{"rendered":"Et levende telt vakte opsigt i g\u00e5gaden \u2013 her er forklaringen"},"content":{"rendered":"<p><span data-contrast=\"auto\"><strong>SYDVESTMORS:<\/strong> KFUM-spejderne fra Sydvestmors Gruppe har siden onsdag aften v\u00e6ret p\u00e5 sommerlejr rundt omkring p\u00e5 Mors. Lejren slutter l\u00f8rdag eftermiddag, og i l\u00f8bet af dagene har spejderne b\u00e5de sovet under \u00e5ben himmel, lavet mad selv, l\u00f8st opgaver \u2013 og fredag stak de alts\u00e5 hovedet frem i g\u00e5gaden.<\/span><span data-ccp-props=\"{&quot;134233117&quot;:false,&quot;134233118&quot;:false,&quot;335551550&quot;:0,&quot;335551620&quot;:0,&quot;335559738&quot;:240,&quot;335559739&quot;:240}\">\u00a0<\/span><\/p>\n<p><span data-contrast=\"auto\">&#8211; Vi ville gerne lave lidt sjov i gaden og vise, at vi er her, fort\u00e6ller den ene af to spejderleder, Anni Arvad Andersen. <\/span><\/p>\n<p><span data-contrast=\"auto\">&#8211; S\u00e5 vi inviterede alle b\u00f8rn fra Mors til at komme og lege med os p\u00e5 Kirketorvet. <\/span><span data-ccp-props=\"{&quot;134233117&quot;:false,&quot;134233118&quot;:false,&quot;335551550&quot;:0,&quot;335551620&quot;:0,&quot;335559738&quot;:240,&quot;335559739&quot;:240}\">\u00a0<\/span><\/p>\n<a class=\"dvrt-link\" onClick=\"cdmtrack_click(169437,jQuery(this));return false\" href=\"https:\/\/thymors.dk\/sponsorater\/15-til-faellesskabet?utm_source=kunmors&amp;utm_medium=annonce&amp;utm_campaign=sponsorater\"><img decoding=\"async\" style=\"width:100%;\" src=\"https:\/\/kunmedierne.dk\/mors\/wp-content\/uploads\/2026\/03\/260407ThyMors-energi_faellesskab_generel-1.jpg\"><\/a><script>cdmtrack_view(169437);<\/script>\n<p><span data-contrast=\"auto\">Det levende telt var en del af en aktivitet, hvor en patrulje gemt inde i teltet blev guidet rundt gennem g\u00e5gaden af \u00e9n, der kunne se. Missionen: finde butikker med skjulte bogstaver og samle et ord \u2013 med bogstaverne i den rigtige r\u00e6kkef\u00f8lge. En \u00f8velse i b\u00e5de samarbejde, kommunikation og tillid.<\/span><span data-ccp-props=\"{&quot;134233117&quot;:false,&quot;134233118&quot;:false,&quot;335551550&quot;:0,&quot;335551620&quot;:0,&quot;335559738&quot;:240,&quot;335559739&quot;:240}\">\u00a0<\/span><\/p>\n<p>&nbsp;<\/p>\n<p><b><span data-contrast=\"auto\">Lejrliv med mening<\/span><\/b><span data-ccp-props=\"{&quot;134233117&quot;:false,&quot;134233118&quot;:false,&quot;335551550&quot;:0,&quot;335551620&quot;:0,&quot;335559738&quot;:240,&quot;335559739&quot;:240}\">\u00a0<\/span><\/p>\n<p><span data-contrast=\"auto\">Men lejren har handlet om meget mere end en tur i g\u00e5gaden. Allerede onsdag aften gik det l\u00f8s, og spejderne har overnattet i shelter tre forskellige steder p\u00e5 Mors:<\/span><span data-ccp-props=\"{&quot;134233117&quot;:false,&quot;134233118&quot;:false,&quot;335551550&quot;:0,&quot;335551620&quot;:0,&quot;335559738&quot;:240,&quot;335559739&quot;:240}\">\u00a0<\/span><span data-contrast=\"auto\">F\u00f8rste nat ved Erslev Kalkovn<\/span><span data-ccp-props=\"{&quot;134233117&quot;:false,&quot;134233118&quot;:false,&quot;335551550&quot;:0,&quot;335551620&quot;:0,&quot;335559738&quot;:240,&quot;335559739&quot;:240}\">. <\/span><span data-contrast=\"auto\">Anden nat ved Mors\u00f8 Landbrugsskole<\/span><span data-ccp-props=\"{&quot;134233117&quot;:false,&quot;134233118&quot;:false,&quot;335551550&quot;:0,&quot;335551620&quot;:0,&quot;335559738&quot;:240,&quot;335559739&quot;:240}\"> og s<\/span><span data-contrast=\"auto\">idste nat bliver ved spejderhuset i Outrup.<\/span><span data-ccp-props=\"{&quot;134233117&quot;:false,&quot;134233118&quot;:false,&quot;335551550&quot;:0,&quot;335551620&quot;:0,&quot;335559738&quot;:240,&quot;335559739&quot;:240}\">\u00a0<\/span><\/p>\n<p><span data-contrast=\"auto\">Undervejs har de l\u00f8st opgaver p\u00e5 biblioteket, v\u00e6ret p\u00e5 forskellige poster, lavet mad over b\u00e5l og selv st\u00e5et for at k\u00f8be ind til deres m\u00e5ltider.<\/span><span data-ccp-props=\"{&quot;134233117&quot;:false,&quot;134233118&quot;:false,&quot;335551550&quot;:0,&quot;335551620&quot;:0,&quot;335559738&quot;:240,&quot;335559739&quot;:240}\">\u00a0<\/span><\/p>\n<p><span data-contrast=\"auto\">&#8211; Det handler om at l\u00e6re at klare sig selv, siger spejderleder Anni Arvad Andersen. <\/span><\/p>\n<p><span data-contrast=\"auto\">&#8211; At kunne tage ansvar og fungere i f\u00e6llesskabet \u2013 det er jo en del af det at blive menneske i det danske samfund.<\/span><span data-ccp-props=\"{&quot;134233117&quot;:false,&quot;134233118&quot;:false,&quot;335551550&quot;:0,&quot;335551620&quot;:0,&quot;335559738&quot;:240,&quot;335559739&quot;:240}\">\u00a0<\/span><\/p>\n<p>&nbsp;<\/p>\n<p><b><span data-contrast=\"auto\">\u201dMan f\u00e5r nogle gode venskaber\u201d<\/span><\/b><span data-ccp-props=\"{&quot;134233117&quot;:false,&quot;134233118&quot;:false,&quot;335551550&quot;:0,&quot;335551620&quot;:0,&quot;335559738&quot;:240,&quot;335559739&quot;:240}\">\u00a0<\/span><\/p>\n<p><span data-contrast=\"auto\">June Mouritsen, 11 \u00e5r og fra Vils, har v\u00e6ret med p\u00e5 lejren og nyder spejderlivet.<\/span><span data-ccp-props=\"{&quot;134233117&quot;:false,&quot;134233118&quot;:false,&quot;335551550&quot;:0,&quot;335551620&quot;:0,&quot;335559738&quot;:240,&quot;335559739&quot;:240}\">\u00a0<\/span><\/p>\n<p><span data-contrast=\"auto\">&#8211; Det er meget sjovt, og man f\u00e5r nogle gode venskaber, siger hun.<\/span><span data-ccp-props=\"{&quot;134233117&quot;:false,&quot;134233118&quot;:false,&quot;335551550&quot;:0,&quot;335551620&quot;:0,&quot;335559738&quot;:240,&quot;335559739&quot;:240}\">\u00a0<\/span><\/p>\n<p><span data-contrast=\"auto\">Lejren har ogs\u00e5 hjulpet nye spejdere med at falde til: <\/span><\/p>\n<p><span data-contrast=\"auto\">&#8211; Vi bliver rystet sammen, s\u00e5 vi bliver gode venner.<\/span><span data-ccp-props=\"{&quot;134233117&quot;:false,&quot;134233118&quot;:false,&quot;335551550&quot;:0,&quot;335551620&quot;:0,&quot;335559738&quot;:240,&quot;335559739&quot;:240}\">\u00a0<\/span><\/p>\n<a class=\"dvrt-link\" onClick=\"cdmtrack_click(111725,jQuery(this));return false\" href=\"https:\/\/www.thistedforsikring.dk\/?utm_source=partnerskaber&amp;utm_campaign=kun_mors\"><img decoding=\"async\" style=\"width:100%;\" src=\"https:\/\/kunmedierne.dk\/mors\/wp-content\/uploads\/2024\/02\/269409KunMors-ThistedFor-1.png\"><\/a><script>cdmtrack_view(111725);<\/script>\n<p><span data-contrast=\"auto\">Og s\u00e5 har hun l\u00e6rt noget vigtigt:<\/span><span data-ccp-props=\"{&quot;134233117&quot;:false,&quot;134233118&quot;:false,&quot;335551550&quot;:0,&quot;335551620&quot;:0,&quot;335559738&quot;:240,&quot;335559739&quot;:240}\">\u00a0<\/span><\/p>\n<p><span data-contrast=\"auto\">&#8211; At man godt kan, selvom man tror, man ikke kan, fort\u00e6ller hun og n\u00e6vner de mange kilometer, spejderne har g\u00e5et. <\/span><\/p>\n<p><span data-contrast=\"auto\">&#8211; Alle troede ikke, de kunne \u2013 men alle kom i m\u00e5l.<\/span><\/p>\n<p>&nbsp;<\/p>\n<p><b><span data-contrast=\"auto\">Vil du v\u00e6re med?<\/span><\/b><span data-ccp-props=\"{&quot;134233117&quot;:false,&quot;134233118&quot;:false,&quot;335551550&quot;:0,&quot;335551620&quot;:0,&quot;335559738&quot;:240,&quot;335559739&quot;:240}\">\u00a0<\/span><\/p>\n<p><span data-contrast=\"auto\">Hos KFUM-spejderne p\u00e5 Sydvestmors er der plads til flere. De m\u00f8des hver tirsdag, og aldersgruppen starter fra 4. klasse og op.<\/span><span data-ccp-props=\"{&quot;134233117&quot;:false,&quot;134233118&quot;:false,&quot;335551550&quot;:0,&quot;335551620&quot;:0,&quot;335559738&quot;:240,&quot;335559739&quot;:240}\">\u00a0<\/span><\/p>\n<p><span data-contrast=\"auto\">&#8211; Forh\u00e5bentlig f\u00e5r man noget sjov, nogle gode kammerater \u2013 og m\u00e5ske l\u00e6rer man ogs\u00e5 noget undervejs, slutter spejderledren Anni Arvad Andersen.<\/span><span data-ccp-props=\"{&quot;134233117&quot;:false,&quot;134233118&quot;:false,&quot;335551550&quot;:0,&quot;335551620&quot;:0,&quot;335559738&quot;:240,&quot;335559739&quot;:240}\">\u00a0<\/span><\/p>\n<p><span data-contrast=\"auto\">S\u00e5 n\u00e6ste gang du ser et telt med ben i g\u00e5gaden, s\u00e5 ved du, hvad der foreg\u00e5r.<\/span><\/p>\n","protected":false},"excerpt":{"rendered":"<p>SYDVESTMORS: KFUM-spejderne fra Sydvestmors Gruppe har siden onsdag aften v\u00e6ret p\u00e5 sommerlejr rundt omkring p\u00e5 Mors. Lejren slutter l\u00f8rdag eftermiddag, og i l\u00f8bet af dagene har spejderne b\u00e5de sovet under \u00e5ben himmel, lavet mad selv, l\u00f8st opgaver \u2013 og fredag stak de alts\u00e5 hovedet frem i g\u00e5gaden.\u00a0 &#8211; Vi ville gerne lave lidt sjov i [&hellip;]<\/p>\n","protected":false},"author":2507,"featured_media":0,"comment_status":"closed","ping_status":"closed","sticky":false,"template":"","format":"standard","meta":{"_acf_changed":false,"footnotes":""},"categories":[51],"tags":[196],"class_list":["post-147576","post","type-post","status-publish","format-standard","hentry","category-lokalt","tag-foreningsliv"],"acf":[],"yoast_head":"<!-- This site is optimized with the Yoast SEO plugin v26.8 - https:\/\/yoast.com\/product\/yoast-seo-wordpress\/ -->\n<title>Et levende telt vakte opsigt i g\u00e5gaden \u2013 her er forklaringen - Mors<\/title>\n<meta name=\"robots\" content=\"index, follow, max-snippet:-1, max-image-preview:large, max-video-preview:-1\" \/>\n<link rel=\"canonical\" href=\"https:\/\/kunmedierne.dk\/mors\/et-levende-telt-vakte-opsigt-i-gaagaden-her-er-forklaringen\/\" \/>\n<meta property=\"og:locale\" content=\"da_DK\" \/>\n<meta property=\"og:type\" content=\"article\" \/>\n<meta property=\"og:title\" content=\"Et levende telt vakte opsigt i g\u00e5gaden \u2013 her er forklaringen - Mors\" \/>\n<meta property=\"og:description\" content=\"SYDVESTMORS: KFUM-spejderne fra Sydvestmors Gruppe har siden onsdag aften v\u00e6ret p\u00e5 sommerlejr rundt omkring p\u00e5 Mors. Lejren slutter l\u00f8rdag eftermiddag, og i l\u00f8bet af dagene har spejderne b\u00e5de sovet under \u00e5ben himmel, lavet mad selv, l\u00f8st opgaver \u2013 og fredag stak de alts\u00e5 hovedet frem i g\u00e5gaden.\u00a0 &#8211; Vi ville gerne lave lidt sjov i [&hellip;]\" \/>\n<meta property=\"og:url\" content=\"https:\/\/kunmedierne.dk\/mors\/et-levende-telt-vakte-opsigt-i-gaagaden-her-er-forklaringen\/\" \/>\n<meta property=\"og:site_name\" content=\"Mors\" \/>\n<meta property=\"article:published_time\" content=\"2025-05-30T19:34:26+00:00\" \/>\n<meta name=\"author\" content=\"Katrine Hedegaard\" \/>\n<meta name=\"twitter:card\" content=\"summary_large_image\" \/>\n<meta name=\"twitter:label1\" content=\"Skrevet af\" \/>\n\t<meta name=\"twitter:data1\" content=\"Katrine Hedegaard\" \/>\n\t<meta name=\"twitter:label2\" content=\"Estimeret l\u00e6setid\" \/>\n\t<meta name=\"twitter:data2\" content=\"3 minutter\" \/>\n<script type=\"application\/ld+json\" class=\"yoast-schema-graph\">{\"@context\":\"https:\/\/schema.org\",\"@graph\":[{\"@type\":\"Article\",\"@id\":\"https:\/\/kunmedierne.dk\/mors\/et-levende-telt-vakte-opsigt-i-gaagaden-her-er-forklaringen\/#article\",\"isPartOf\":{\"@id\":\"https:\/\/kunmedierne.dk\/mors\/et-levende-telt-vakte-opsigt-i-gaagaden-her-er-forklaringen\/\"},\"author\":{\"name\":\"Katrine Hedegaard\",\"@id\":\"https:\/\/kunmedierne.dk\/mors\/#\/schema\/person\/b2e62a38069b12365e53e087a8709c64\"},\"headline\":\"Et levende telt vakte opsigt i g\u00e5gaden \u2013 her er forklaringen\",\"datePublished\":\"2025-05-30T19:34:26+00:00\",\"mainEntityOfPage\":{\"@id\":\"https:\/\/kunmedierne.dk\/mors\/et-levende-telt-vakte-opsigt-i-gaagaden-her-er-forklaringen\/\"},\"wordCount\":462,\"publisher\":{\"@id\":\"https:\/\/kunmedierne.dk\/mors\/#organization\"},\"keywords\":[\"Foreningsliv\"],\"articleSection\":[\"Lokalt\"],\"inLanguage\":\"da-DK\"},{\"@type\":\"WebPage\",\"@id\":\"https:\/\/kunmedierne.dk\/mors\/et-levende-telt-vakte-opsigt-i-gaagaden-her-er-forklaringen\/\",\"url\":\"https:\/\/kunmedierne.dk\/mors\/et-levende-telt-vakte-opsigt-i-gaagaden-her-er-forklaringen\/\",\"name\":\"Et levende telt vakte opsigt i g\u00e5gaden \u2013 her er forklaringen - Mors\",\"isPartOf\":{\"@id\":\"https:\/\/kunmedierne.dk\/mors\/#website\"},\"datePublished\":\"2025-05-30T19:34:26+00:00\",\"breadcrumb\":{\"@id\":\"https:\/\/kunmedierne.dk\/mors\/et-levende-telt-vakte-opsigt-i-gaagaden-her-er-forklaringen\/#breadcrumb\"},\"inLanguage\":\"da-DK\",\"potentialAction\":[{\"@type\":\"ReadAction\",\"target\":[\"https:\/\/kunmedierne.dk\/mors\/et-levende-telt-vakte-opsigt-i-gaagaden-her-er-forklaringen\/\"]}]},{\"@type\":\"BreadcrumbList\",\"@id\":\"https:\/\/kunmedierne.dk\/mors\/et-levende-telt-vakte-opsigt-i-gaagaden-her-er-forklaringen\/#breadcrumb\",\"itemListElement\":[{\"@type\":\"ListItem\",\"position\":1,\"name\":\"Hjem\",\"item\":\"https:\/\/kunmedierne.dk\/mors\/\"},{\"@type\":\"ListItem\",\"position\":2,\"name\":\"Et levende telt vakte opsigt i g\u00e5gaden \u2013 her er forklaringen\"}]},{\"@type\":\"WebSite\",\"@id\":\"https:\/\/kunmedierne.dk\/mors\/#website\",\"url\":\"https:\/\/kunmedierne.dk\/mors\/\",\"name\":\"Mors\",\"description\":\"et netmedie med journalistik om livet p\u00e5 Mors\",\"publisher\":{\"@id\":\"https:\/\/kunmedierne.dk\/mors\/#organization\"},\"potentialAction\":[{\"@type\":\"SearchAction\",\"target\":{\"@type\":\"EntryPoint\",\"urlTemplate\":\"https:\/\/kunmedierne.dk\/mors\/?s={search_term_string}\"},\"query-input\":{\"@type\":\"PropertyValueSpecification\",\"valueRequired\":true,\"valueName\":\"search_term_string\"}}],\"inLanguage\":\"da-DK\"},{\"@type\":\"Organization\",\"@id\":\"https:\/\/kunmedierne.dk\/mors\/#organization\",\"name\":\"Mors\",\"url\":\"https:\/\/kunmedierne.dk\/mors\/\",\"logo\":{\"@type\":\"ImageObject\",\"inLanguage\":\"da-DK\",\"@id\":\"https:\/\/kunmedierne.dk\/mors\/#\/schema\/logo\/image\/\",\"url\":\"https:\/\/kunmedierne.dk\/mors\/wp-content\/uploads\/2024\/08\/kunmors-logo.svg\",\"contentUrl\":\"https:\/\/kunmedierne.dk\/mors\/wp-content\/uploads\/2024\/08\/kunmors-logo.svg\",\"caption\":\"Mors\"},\"image\":{\"@id\":\"https:\/\/kunmedierne.dk\/mors\/#\/schema\/logo\/image\/\"}},{\"@type\":\"Person\",\"@id\":\"https:\/\/kunmedierne.dk\/mors\/#\/schema\/person\/b2e62a38069b12365e53e087a8709c64\",\"name\":\"Katrine Hedegaard\",\"image\":{\"@type\":\"ImageObject\",\"inLanguage\":\"da-DK\",\"@id\":\"https:\/\/kunmedierne.dk\/mors\/#\/schema\/person\/image\/\",\"url\":\"https:\/\/secure.gravatar.com\/avatar\/18a5c72fa9148052fd3ed5a58b40fc83cfdc9811090e6e6eec9539af058edcc0?s=96&d=mm&r=g\",\"contentUrl\":\"https:\/\/secure.gravatar.com\/avatar\/18a5c72fa9148052fd3ed5a58b40fc83cfdc9811090e6e6eec9539af058edcc0?s=96&d=mm&r=g\",\"caption\":\"Katrine Hedegaard\"},\"url\":\"https:\/\/kunmedierne.dk\/mors\/author\/katrine\/\"}]}<\/script>\n<!-- \/ Yoast SEO plugin. -->","yoast_head_json":{"title":"Et levende telt vakte opsigt i g\u00e5gaden \u2013 her er forklaringen - Mors","robots":{"index":"index","follow":"follow","max-snippet":"max-snippet:-1","max-image-preview":"max-image-preview:large","max-video-preview":"max-video-preview:-1"},"canonical":"https:\/\/kunmedierne.dk\/mors\/et-levende-telt-vakte-opsigt-i-gaagaden-her-er-forklaringen\/","og_locale":"da_DK","og_type":"article","og_title":"Et levende telt vakte opsigt i g\u00e5gaden \u2013 her er forklaringen - Mors","og_description":"SYDVESTMORS: KFUM-spejderne fra Sydvestmors Gruppe har siden onsdag aften v\u00e6ret p\u00e5 sommerlejr rundt omkring p\u00e5 Mors. Lejren slutter l\u00f8rdag eftermiddag, og i l\u00f8bet af dagene har spejderne b\u00e5de sovet under \u00e5ben himmel, lavet mad selv, l\u00f8st opgaver \u2013 og fredag stak de alts\u00e5 hovedet frem i g\u00e5gaden.\u00a0 &#8211; Vi ville gerne lave lidt sjov i [&hellip;]","og_url":"https:\/\/kunmedierne.dk\/mors\/et-levende-telt-vakte-opsigt-i-gaagaden-her-er-forklaringen\/","og_site_name":"Mors","article_published_time":"2025-05-30T19:34:26+00:00","author":"Katrine Hedegaard","twitter_card":"summary_large_image","twitter_misc":{"Skrevet af":"Katrine Hedegaard","Estimeret l\u00e6setid":"3 minutter"},"schema":{"@context":"https:\/\/schema.org","@graph":[{"@type":"Article","@id":"https:\/\/kunmedierne.dk\/mors\/et-levende-telt-vakte-opsigt-i-gaagaden-her-er-forklaringen\/#article","isPartOf":{"@id":"https:\/\/kunmedierne.dk\/mors\/et-levende-telt-vakte-opsigt-i-gaagaden-her-er-forklaringen\/"},"author":{"name":"Katrine Hedegaard","@id":"https:\/\/kunmedierne.dk\/mors\/#\/schema\/person\/b2e62a38069b12365e53e087a8709c64"},"headline":"Et levende telt vakte opsigt i g\u00e5gaden \u2013 her er forklaringen","datePublished":"2025-05-30T19:34:26+00:00","mainEntityOfPage":{"@id":"https:\/\/kunmedierne.dk\/mors\/et-levende-telt-vakte-opsigt-i-gaagaden-her-er-forklaringen\/"},"wordCount":462,"publisher":{"@id":"https:\/\/kunmedierne.dk\/mors\/#organization"},"keywords":["Foreningsliv"],"articleSection":["Lokalt"],"inLanguage":"da-DK"},{"@type":"WebPage","@id":"https:\/\/kunmedierne.dk\/mors\/et-levende-telt-vakte-opsigt-i-gaagaden-her-er-forklaringen\/","url":"https:\/\/kunmedierne.dk\/mors\/et-levende-telt-vakte-opsigt-i-gaagaden-her-er-forklaringen\/","name":"Et levende telt vakte opsigt i g\u00e5gaden \u2013 her er forklaringen - Mors","isPartOf":{"@id":"https:\/\/kunmedierne.dk\/mors\/#website"},"datePublished":"2025-05-30T19:34:26+00:00","breadcrumb":{"@id":"https:\/\/kunmedierne.dk\/mors\/et-levende-telt-vakte-opsigt-i-gaagaden-her-er-forklaringen\/#breadcrumb"},"inLanguage":"da-DK","potentialAction":[{"@type":"ReadAction","target":["https:\/\/kunmedierne.dk\/mors\/et-levende-telt-vakte-opsigt-i-gaagaden-her-er-forklaringen\/"]}]},{"@type":"BreadcrumbList","@id":"https:\/\/kunmedierne.dk\/mors\/et-levende-telt-vakte-opsigt-i-gaagaden-her-er-forklaringen\/#breadcrumb","itemListElement":[{"@type":"ListItem","position":1,"name":"Hjem","item":"https:\/\/kunmedierne.dk\/mors\/"},{"@type":"ListItem","position":2,"name":"Et levende telt vakte opsigt i g\u00e5gaden \u2013 her er forklaringen"}]},{"@type":"WebSite","@id":"https:\/\/kunmedierne.dk\/mors\/#website","url":"https:\/\/kunmedierne.dk\/mors\/","name":"Mors","description":"et netmedie med journalistik om livet p\u00e5 Mors","publisher":{"@id":"https:\/\/kunmedierne.dk\/mors\/#organization"},"potentialAction":[{"@type":"SearchAction","target":{"@type":"EntryPoint","urlTemplate":"https:\/\/kunmedierne.dk\/mors\/?s={search_term_string}"},"query-input":{"@type":"PropertyValueSpecification","valueRequired":true,"valueName":"search_term_string"}}],"inLanguage":"da-DK"},{"@type":"Organization","@id":"https:\/\/kunmedierne.dk\/mors\/#organization","name":"Mors","url":"https:\/\/kunmedierne.dk\/mors\/","logo":{"@type":"ImageObject","inLanguage":"da-DK","@id":"https:\/\/kunmedierne.dk\/mors\/#\/schema\/logo\/image\/","url":"https:\/\/kunmedierne.dk\/mors\/wp-content\/uploads\/2024\/08\/kunmors-logo.svg","contentUrl":"https:\/\/kunmedierne.dk\/mors\/wp-content\/uploads\/2024\/08\/kunmors-logo.svg","caption":"Mors"},"image":{"@id":"https:\/\/kunmedierne.dk\/mors\/#\/schema\/logo\/image\/"}},{"@type":"Person","@id":"https:\/\/kunmedierne.dk\/mors\/#\/schema\/person\/b2e62a38069b12365e53e087a8709c64","name":"Katrine Hedegaard","image":{"@type":"ImageObject","inLanguage":"da-DK","@id":"https:\/\/kunmedierne.dk\/mors\/#\/schema\/person\/image\/","url":"https:\/\/secure.gravatar.com\/avatar\/18a5c72fa9148052fd3ed5a58b40fc83cfdc9811090e6e6eec9539af058edcc0?s=96&d=mm&r=g","contentUrl":"https:\/\/secure.gravatar.com\/avatar\/18a5c72fa9148052fd3ed5a58b40fc83cfdc9811090e6e6eec9539af058edcc0?s=96&d=mm&r=g","caption":"Katrine Hedegaard"},"url":"https:\/\/kunmedierne.dk\/mors\/author\/katrine\/"}]}},"_links":{"self":[{"href":"https:\/\/kunmedierne.dk\/mors\/wp-json\/wp\/v2\/posts\/147576","targetHints":{"allow":["GET"]}}],"collection":[{"href":"https:\/\/kunmedierne.dk\/mors\/wp-json\/wp\/v2\/posts"}],"about":[{"href":"https:\/\/kunmedierne.dk\/mors\/wp-json\/wp\/v2\/types\/post"}],"author":[{"embeddable":true,"href":"https:\/\/kunmedierne.dk\/mors\/wp-json\/wp\/v2\/users\/2507"}],"replies":[{"embeddable":true,"href":"https:\/\/kunmedierne.dk\/mors\/wp-json\/wp\/v2\/comments?post=147576"}],"version-history":[{"count":4,"href":"https:\/\/kunmedierne.dk\/mors\/wp-json\/wp\/v2\/posts\/147576\/revisions"}],"predecessor-version":[{"id":147609,"href":"https:\/\/kunmedierne.dk\/mors\/wp-json\/wp\/v2\/posts\/147576\/revisions\/147609"}],"wp:attachment":[{"href":"https:\/\/kunmedierne.dk\/mors\/wp-json\/wp\/v2\/media?parent=147576"}],"wp:term":[{"taxonomy":"category","embeddable":true,"href":"https:\/\/kunmedierne.dk\/mors\/wp-json\/wp\/v2\/categories?post=147576"},{"taxonomy":"post_tag","embeddable":true,"href":"https:\/\/kunmedierne.dk\/mors\/wp-json\/wp\/v2\/tags?post=147576"}],"curies":[{"name":"wp","href":"https:\/\/api.w.org\/{rel}","templated":true}]}}