{"id":14750,"date":"2020-03-25T15:05:26","date_gmt":"2020-03-25T14:05:26","guid":{"rendered":"https:\/\/kunmedierne.dk\/mors\/?p=14750"},"modified":"2024-08-12T14:06:18","modified_gmt":"2024-08-12T12:06:18","slug":"psykosocialt-beredskab-for-sundhedspersonale","status":"publish","type":"post","link":"https:\/\/kunmedierne.dk\/mors\/psykosocialt-beredskab-for-sundhedspersonale\/","title":{"rendered":"Psykosocialt beredskab for sundhedspersonale"},"content":{"rendered":"<p><strong>MORS<\/strong>:\u00a0Region Nordjylland etablerer nu et psykosocialt beredskab for medarbejdere under corona-pandemien. Det skal yde forebyggende, st\u00f8ttende og akutte indsatser for personalet i sundhedsv\u00e6senet.<i><\/i><\/p>\n<p>&#8220;Selvom sundhedspersonale generelt er vant til at h\u00e5ndtere pressede situationer, s\u00e5 er vi nu i en situation, hvor personalet ikke kun kortvarigt og afgr\u00e6nset er i en \u00f8get stresstilstand. Det kan skabe \u00f8get risiko for akut og kronisk stress, sygefrav\u00e6r til skade for b\u00e5de den ansatte, den ansattes familie s\u00e5vel som for det samfund, der under pandemien har h\u00e5rdt brug for den ansattes tilg\u00e6ngelighed og kompetencer,&#8221; siger Jan Mainz, direkt\u00f8r for Kvalitet og Patientsikkerhed i Psykiatrien i Region Nordjylland og tovholder p\u00e5 indsatsen.<\/p>\n<p class=\"v1Brdtekst-PM\">I forl\u00e6ngelse af corona-pandemien er der allerede nu lavet unders\u00f8gelser af de psykiske p\u00e5virkninger blandt sundhedspersonalet p\u00e5 et hospital i Wuhan. Her udviste 13,5 procent tegn p\u00e5 depressiv lidelse, 24,1 procent udviste tegn p\u00e5 angstlidelse og 29,8 procent udviste tegn p\u00e5 stress.<\/p>\n<p class=\"v1Brdtekst-PM\">&#8220;Derfor er det ogs\u00e5 ekstremt vigtigt, at vi er klar til b\u00e5de at yde en forebyggende indsats, st\u00f8tte personale med krisehj\u00e6lp og levere akutte indsatser, hvis der skulle blive brug for det,&#8221; siger Jan Mainz.<\/p>\n<p class=\"v1Brdtekst-PM\">N\u00e6stformand i Region Nordjyllands Hovedudvalg og f\u00e6llestillidsrepr\u00e6sentant for sygeplejerskerne p\u00e5 Regionshospital Nordjylland, Bente Yder, gl\u00e6der sig p\u00e5 medarbejdernes vegne over, at der er hurtigt er stablet et psykosocialt beredskab p\u00e5 benene i denne krisesituation.<\/p>\n<p class=\"v1Brdtekst-PM\">&#8220;Vi st\u00e5r i en ekstrem situation, hvor det er vigtigt for medarbejderne, at de har et sikkerhedsnet under dem. Mange medarbejderne st\u00e5r pludselig med nye opgaver, som de kan v\u00e6re utrygge ved, og risikoen for at lave fejl vil v\u00e6re st\u00f8rre, ligesom man kan komme ud for traumatiske oplevelser. Nu har vi et setup, hvor medarbejderne kan s\u00f8ge hj\u00e6lp,&#8221; siger Bente Yder.<\/p>\n<p>&nbsp;<\/p>\n<p><strong>Indsatsen hviler p\u00e5 fire ben<\/strong><\/p>\n<p>Region Nordjyllands psykosociale beredskab kommer til at st\u00e5 p\u00e5 fire ben. Det f\u00f8rste ben er forebyggende og er en ekstra arbejdsmilj\u00f8indsats relateret til den aktuelle situation, og den bliver h\u00e5ndteret af ledere og arbejdsmilj\u00f8organisationen.<\/p>\n<p class=\"v1Brdtekst-PM\">Det andet ben er virtuelle gruppebaserede indsatser i form af debriefing eller faglig supervision efter eksempelvis traumatiserende h\u00e6ndelser.<\/p>\n<p class=\"v1Brdtekst-PM\">Det tredje ben er individuelle indsatser i form af psykisk f\u00f8rstehj\u00e6lp ved for eksempel langvarig overbelastning, der akut manifesterer sig, eller en akut traumatisk oplevelse.<\/p>\n<p class=\"v1Brdtekst-PM\">Det fjerde ben er henvisning til Psykiatrisk Skadestue ved personale, der er s\u00e5 sv\u00e6rt psykisk belastet, at de ville h\u00f8re under skadestuens normale m\u00e5lgruppe.<\/p>\n<p class=\"v1Brdtekst-PM\">&#8220;Hvis medarbejderne f\u00e5r brug for hj\u00e6lp, s\u00e5 vil indgangen til hj\u00e6lp komme til at g\u00e5 gennem deres leder eller arbejdsmilj\u00f8organisation, der vil have b\u00e5de en mail og et telefonnummer at henvende sig p\u00e5, og s\u00e5 vil der foreg\u00e5 en visitation af henvendelserne. Derudover vil blive oprettet en d\u00f8gn\u00e5ben psykosocial krisetelefon,&#8221; fort\u00e6ller Jan Mainz.<\/p>\n<p class=\"v1BodyTextPressemeddelelse\">Det psykosociale beredskab vil v\u00e6re udrullet i l\u00f8bet af n\u00e6ste uge.<\/p>\n","protected":false},"excerpt":{"rendered":"<p>MORS:\u00a0Region Nordjylland etablerer nu et psykosocialt beredskab for medarbejdere under corona-pandemien. Det skal yde forebyggende, st\u00f8ttende og akutte indsatser for personalet i sundhedsv\u00e6senet. &#8220;Selvom sundhedspersonale generelt er vant til at h\u00e5ndtere pressede situationer, s\u00e5 er vi nu i en situation, hvor personalet ikke kun kortvarigt og afgr\u00e6nset er i en \u00f8get stresstilstand. Det kan skabe [&hellip;]<\/p>\n","protected":false},"author":8,"featured_media":14752,"comment_status":"open","ping_status":"open","sticky":false,"template":"","format":"standard","meta":{"_acf_changed":false,"footnotes":""},"categories":[51],"tags":[],"class_list":["post-14750","post","type-post","status-publish","format-standard","has-post-thumbnail","hentry","category-lokalt"],"acf":[],"yoast_head":"<!-- This site is optimized with the Yoast SEO plugin v26.8 - https:\/\/yoast.com\/product\/yoast-seo-wordpress\/ -->\n<title>Psykosocialt beredskab for sundhedspersonale - Mors<\/title>\n<meta name=\"robots\" content=\"index, follow, max-snippet:-1, max-image-preview:large, max-video-preview:-1\" \/>\n<link rel=\"canonical\" href=\"https:\/\/kunmedierne.dk\/mors\/psykosocialt-beredskab-for-sundhedspersonale\/\" \/>\n<meta property=\"og:locale\" content=\"da_DK\" \/>\n<meta property=\"og:type\" content=\"article\" \/>\n<meta property=\"og:title\" content=\"Psykosocialt beredskab for sundhedspersonale - Mors\" \/>\n<meta property=\"og:description\" content=\"MORS:\u00a0Region Nordjylland etablerer nu et psykosocialt beredskab for medarbejdere under corona-pandemien. Det skal yde forebyggende, st\u00f8ttende og akutte indsatser for personalet i sundhedsv\u00e6senet. &#8220;Selvom sundhedspersonale generelt er vant til at h\u00e5ndtere pressede situationer, s\u00e5 er vi nu i en situation, hvor personalet ikke kun kortvarigt og afgr\u00e6nset er i en \u00f8get stresstilstand. Det kan skabe [&hellip;]\" \/>\n<meta property=\"og:url\" content=\"https:\/\/kunmedierne.dk\/mors\/psykosocialt-beredskab-for-sundhedspersonale\/\" \/>\n<meta property=\"og:site_name\" content=\"Mors\" \/>\n<meta property=\"article:published_time\" content=\"2020-03-25T14:05:26+00:00\" \/>\n<meta property=\"article:modified_time\" content=\"2024-08-12T12:06:18+00:00\" \/>\n<meta property=\"og:image\" content=\"https:\/\/kunmedierne.dk\/mors\/wp-content\/uploads\/2020\/03\/200325-sygepljerske-ani-kolleshi-unsplash.jpg\" \/>\n\t<meta property=\"og:image:width\" content=\"770\" \/>\n\t<meta property=\"og:image:height\" content=\"513\" \/>\n\t<meta property=\"og:image:type\" content=\"image\/jpeg\" \/>\n<meta name=\"author\" content=\"David H\u00f8jmark\" \/>\n<meta name=\"twitter:card\" content=\"summary_large_image\" \/>\n<meta name=\"twitter:label1\" content=\"Skrevet af\" \/>\n\t<meta name=\"twitter:data1\" content=\"David H\u00f8jmark\" \/>\n\t<meta name=\"twitter:label2\" content=\"Estimeret l\u00e6setid\" \/>\n\t<meta name=\"twitter:data2\" content=\"2 minutter\" \/>\n<script type=\"application\/ld+json\" class=\"yoast-schema-graph\">{\"@context\":\"https:\/\/schema.org\",\"@graph\":[{\"@type\":\"Article\",\"@id\":\"https:\/\/kunmedierne.dk\/mors\/psykosocialt-beredskab-for-sundhedspersonale\/#article\",\"isPartOf\":{\"@id\":\"https:\/\/kunmedierne.dk\/mors\/psykosocialt-beredskab-for-sundhedspersonale\/\"},\"author\":{\"name\":\"David H\u00f8jmark\",\"@id\":\"https:\/\/kunmedierne.dk\/mors\/#\/schema\/person\/5fe23251bf1d0abbcdc6f7896579d548\"},\"headline\":\"Psykosocialt beredskab for sundhedspersonale\",\"datePublished\":\"2020-03-25T14:05:26+00:00\",\"dateModified\":\"2024-08-12T12:06:18+00:00\",\"mainEntityOfPage\":{\"@id\":\"https:\/\/kunmedierne.dk\/mors\/psykosocialt-beredskab-for-sundhedspersonale\/\"},\"wordCount\":500,\"commentCount\":0,\"publisher\":{\"@id\":\"https:\/\/kunmedierne.dk\/mors\/#organization\"},\"image\":{\"@id\":\"https:\/\/kunmedierne.dk\/mors\/psykosocialt-beredskab-for-sundhedspersonale\/#primaryimage\"},\"thumbnailUrl\":\"https:\/\/kunmedierne.dk\/mors\/wp-content\/uploads\/2020\/03\/200325-sygepljerske-ani-kolleshi-unsplash.jpg\",\"articleSection\":[\"Lokalt\"],\"inLanguage\":\"da-DK\",\"potentialAction\":[{\"@type\":\"CommentAction\",\"name\":\"Comment\",\"target\":[\"https:\/\/kunmedierne.dk\/mors\/psykosocialt-beredskab-for-sundhedspersonale\/#respond\"]}]},{\"@type\":\"WebPage\",\"@id\":\"https:\/\/kunmedierne.dk\/mors\/psykosocialt-beredskab-for-sundhedspersonale\/\",\"url\":\"https:\/\/kunmedierne.dk\/mors\/psykosocialt-beredskab-for-sundhedspersonale\/\",\"name\":\"Psykosocialt beredskab for sundhedspersonale - Mors\",\"isPartOf\":{\"@id\":\"https:\/\/kunmedierne.dk\/mors\/#website\"},\"primaryImageOfPage\":{\"@id\":\"https:\/\/kunmedierne.dk\/mors\/psykosocialt-beredskab-for-sundhedspersonale\/#primaryimage\"},\"image\":{\"@id\":\"https:\/\/kunmedierne.dk\/mors\/psykosocialt-beredskab-for-sundhedspersonale\/#primaryimage\"},\"thumbnailUrl\":\"https:\/\/kunmedierne.dk\/mors\/wp-content\/uploads\/2020\/03\/200325-sygepljerske-ani-kolleshi-unsplash.jpg\",\"datePublished\":\"2020-03-25T14:05:26+00:00\",\"dateModified\":\"2024-08-12T12:06:18+00:00\",\"breadcrumb\":{\"@id\":\"https:\/\/kunmedierne.dk\/mors\/psykosocialt-beredskab-for-sundhedspersonale\/#breadcrumb\"},\"inLanguage\":\"da-DK\",\"potentialAction\":[{\"@type\":\"ReadAction\",\"target\":[\"https:\/\/kunmedierne.dk\/mors\/psykosocialt-beredskab-for-sundhedspersonale\/\"]}]},{\"@type\":\"ImageObject\",\"inLanguage\":\"da-DK\",\"@id\":\"https:\/\/kunmedierne.dk\/mors\/psykosocialt-beredskab-for-sundhedspersonale\/#primaryimage\",\"url\":\"https:\/\/kunmedierne.dk\/mors\/wp-content\/uploads\/2020\/03\/200325-sygepljerske-ani-kolleshi-unsplash.jpg\",\"contentUrl\":\"https:\/\/kunmedierne.dk\/mors\/wp-content\/uploads\/2020\/03\/200325-sygepljerske-ani-kolleshi-unsplash.jpg\",\"width\":770,\"height\":513,\"caption\":\"Ansatte inden for sundhedsv\u00e6senet i Region Nordjylland f\u00e5r nu hj\u00e6lp til at h\u00e5ndtere stressbelastningen under coronakrisen. Modelfoto: Ani Kolleshi\/Unsplash.\"},{\"@type\":\"BreadcrumbList\",\"@id\":\"https:\/\/kunmedierne.dk\/mors\/psykosocialt-beredskab-for-sundhedspersonale\/#breadcrumb\",\"itemListElement\":[{\"@type\":\"ListItem\",\"position\":1,\"name\":\"Hjem\",\"item\":\"https:\/\/kunmedierne.dk\/mors\/\"},{\"@type\":\"ListItem\",\"position\":2,\"name\":\"Psykosocialt beredskab for sundhedspersonale\"}]},{\"@type\":\"WebSite\",\"@id\":\"https:\/\/kunmedierne.dk\/mors\/#website\",\"url\":\"https:\/\/kunmedierne.dk\/mors\/\",\"name\":\"Mors\",\"description\":\"et netmedie med journalistik om livet p\u00e5 Mors\",\"publisher\":{\"@id\":\"https:\/\/kunmedierne.dk\/mors\/#organization\"},\"potentialAction\":[{\"@type\":\"SearchAction\",\"target\":{\"@type\":\"EntryPoint\",\"urlTemplate\":\"https:\/\/kunmedierne.dk\/mors\/?s={search_term_string}\"},\"query-input\":{\"@type\":\"PropertyValueSpecification\",\"valueRequired\":true,\"valueName\":\"search_term_string\"}}],\"inLanguage\":\"da-DK\"},{\"@type\":\"Organization\",\"@id\":\"https:\/\/kunmedierne.dk\/mors\/#organization\",\"name\":\"Mors\",\"url\":\"https:\/\/kunmedierne.dk\/mors\/\",\"logo\":{\"@type\":\"ImageObject\",\"inLanguage\":\"da-DK\",\"@id\":\"https:\/\/kunmedierne.dk\/mors\/#\/schema\/logo\/image\/\",\"url\":\"https:\/\/kunmedierne.dk\/mors\/wp-content\/uploads\/2024\/08\/kunmors-logo.svg\",\"contentUrl\":\"https:\/\/kunmedierne.dk\/mors\/wp-content\/uploads\/2024\/08\/kunmors-logo.svg\",\"caption\":\"Mors\"},\"image\":{\"@id\":\"https:\/\/kunmedierne.dk\/mors\/#\/schema\/logo\/image\/\"}},{\"@type\":\"Person\",\"@id\":\"https:\/\/kunmedierne.dk\/mors\/#\/schema\/person\/5fe23251bf1d0abbcdc6f7896579d548\",\"name\":\"David H\u00f8jmark\",\"image\":{\"@type\":\"ImageObject\",\"inLanguage\":\"da-DK\",\"@id\":\"https:\/\/kunmedierne.dk\/mors\/#\/schema\/person\/image\/\",\"url\":\"https:\/\/secure.gravatar.com\/avatar\/4315d6fb9ef244d729989f5f90268eb08d5bf8a3d84402f595fa194bb35784fd?s=96&d=mm&r=g\",\"contentUrl\":\"https:\/\/secure.gravatar.com\/avatar\/4315d6fb9ef244d729989f5f90268eb08d5bf8a3d84402f595fa194bb35784fd?s=96&d=mm&r=g\",\"caption\":\"David H\u00f8jmark\"},\"sameAs\":[\"https:\/\/www.kunmedierne.dk\"],\"url\":\"https:\/\/kunmedierne.dk\/mors\/author\/david\/\"}]}<\/script>\n<!-- \/ Yoast SEO plugin. -->","yoast_head_json":{"title":"Psykosocialt beredskab for sundhedspersonale - Mors","robots":{"index":"index","follow":"follow","max-snippet":"max-snippet:-1","max-image-preview":"max-image-preview:large","max-video-preview":"max-video-preview:-1"},"canonical":"https:\/\/kunmedierne.dk\/mors\/psykosocialt-beredskab-for-sundhedspersonale\/","og_locale":"da_DK","og_type":"article","og_title":"Psykosocialt beredskab for sundhedspersonale - Mors","og_description":"MORS:\u00a0Region Nordjylland etablerer nu et psykosocialt beredskab for medarbejdere under corona-pandemien. Det skal yde forebyggende, st\u00f8ttende og akutte indsatser for personalet i sundhedsv\u00e6senet. &#8220;Selvom sundhedspersonale generelt er vant til at h\u00e5ndtere pressede situationer, s\u00e5 er vi nu i en situation, hvor personalet ikke kun kortvarigt og afgr\u00e6nset er i en \u00f8get stresstilstand. Det kan skabe [&hellip;]","og_url":"https:\/\/kunmedierne.dk\/mors\/psykosocialt-beredskab-for-sundhedspersonale\/","og_site_name":"Mors","article_published_time":"2020-03-25T14:05:26+00:00","article_modified_time":"2024-08-12T12:06:18+00:00","og_image":[{"width":770,"height":513,"url":"https:\/\/kunmedierne.dk\/mors\/wp-content\/uploads\/2020\/03\/200325-sygepljerske-ani-kolleshi-unsplash.jpg","type":"image\/jpeg"}],"author":"David H\u00f8jmark","twitter_card":"summary_large_image","twitter_misc":{"Skrevet af":"David H\u00f8jmark","Estimeret l\u00e6setid":"2 minutter"},"schema":{"@context":"https:\/\/schema.org","@graph":[{"@type":"Article","@id":"https:\/\/kunmedierne.dk\/mors\/psykosocialt-beredskab-for-sundhedspersonale\/#article","isPartOf":{"@id":"https:\/\/kunmedierne.dk\/mors\/psykosocialt-beredskab-for-sundhedspersonale\/"},"author":{"name":"David H\u00f8jmark","@id":"https:\/\/kunmedierne.dk\/mors\/#\/schema\/person\/5fe23251bf1d0abbcdc6f7896579d548"},"headline":"Psykosocialt beredskab for sundhedspersonale","datePublished":"2020-03-25T14:05:26+00:00","dateModified":"2024-08-12T12:06:18+00:00","mainEntityOfPage":{"@id":"https:\/\/kunmedierne.dk\/mors\/psykosocialt-beredskab-for-sundhedspersonale\/"},"wordCount":500,"commentCount":0,"publisher":{"@id":"https:\/\/kunmedierne.dk\/mors\/#organization"},"image":{"@id":"https:\/\/kunmedierne.dk\/mors\/psykosocialt-beredskab-for-sundhedspersonale\/#primaryimage"},"thumbnailUrl":"https:\/\/kunmedierne.dk\/mors\/wp-content\/uploads\/2020\/03\/200325-sygepljerske-ani-kolleshi-unsplash.jpg","articleSection":["Lokalt"],"inLanguage":"da-DK","potentialAction":[{"@type":"CommentAction","name":"Comment","target":["https:\/\/kunmedierne.dk\/mors\/psykosocialt-beredskab-for-sundhedspersonale\/#respond"]}]},{"@type":"WebPage","@id":"https:\/\/kunmedierne.dk\/mors\/psykosocialt-beredskab-for-sundhedspersonale\/","url":"https:\/\/kunmedierne.dk\/mors\/psykosocialt-beredskab-for-sundhedspersonale\/","name":"Psykosocialt beredskab for sundhedspersonale - Mors","isPartOf":{"@id":"https:\/\/kunmedierne.dk\/mors\/#website"},"primaryImageOfPage":{"@id":"https:\/\/kunmedierne.dk\/mors\/psykosocialt-beredskab-for-sundhedspersonale\/#primaryimage"},"image":{"@id":"https:\/\/kunmedierne.dk\/mors\/psykosocialt-beredskab-for-sundhedspersonale\/#primaryimage"},"thumbnailUrl":"https:\/\/kunmedierne.dk\/mors\/wp-content\/uploads\/2020\/03\/200325-sygepljerske-ani-kolleshi-unsplash.jpg","datePublished":"2020-03-25T14:05:26+00:00","dateModified":"2024-08-12T12:06:18+00:00","breadcrumb":{"@id":"https:\/\/kunmedierne.dk\/mors\/psykosocialt-beredskab-for-sundhedspersonale\/#breadcrumb"},"inLanguage":"da-DK","potentialAction":[{"@type":"ReadAction","target":["https:\/\/kunmedierne.dk\/mors\/psykosocialt-beredskab-for-sundhedspersonale\/"]}]},{"@type":"ImageObject","inLanguage":"da-DK","@id":"https:\/\/kunmedierne.dk\/mors\/psykosocialt-beredskab-for-sundhedspersonale\/#primaryimage","url":"https:\/\/kunmedierne.dk\/mors\/wp-content\/uploads\/2020\/03\/200325-sygepljerske-ani-kolleshi-unsplash.jpg","contentUrl":"https:\/\/kunmedierne.dk\/mors\/wp-content\/uploads\/2020\/03\/200325-sygepljerske-ani-kolleshi-unsplash.jpg","width":770,"height":513,"caption":"Ansatte inden for sundhedsv\u00e6senet i Region Nordjylland f\u00e5r nu hj\u00e6lp til at h\u00e5ndtere stressbelastningen under coronakrisen. Modelfoto: Ani Kolleshi\/Unsplash."},{"@type":"BreadcrumbList","@id":"https:\/\/kunmedierne.dk\/mors\/psykosocialt-beredskab-for-sundhedspersonale\/#breadcrumb","itemListElement":[{"@type":"ListItem","position":1,"name":"Hjem","item":"https:\/\/kunmedierne.dk\/mors\/"},{"@type":"ListItem","position":2,"name":"Psykosocialt beredskab for sundhedspersonale"}]},{"@type":"WebSite","@id":"https:\/\/kunmedierne.dk\/mors\/#website","url":"https:\/\/kunmedierne.dk\/mors\/","name":"Mors","description":"et netmedie med journalistik om livet p\u00e5 Mors","publisher":{"@id":"https:\/\/kunmedierne.dk\/mors\/#organization"},"potentialAction":[{"@type":"SearchAction","target":{"@type":"EntryPoint","urlTemplate":"https:\/\/kunmedierne.dk\/mors\/?s={search_term_string}"},"query-input":{"@type":"PropertyValueSpecification","valueRequired":true,"valueName":"search_term_string"}}],"inLanguage":"da-DK"},{"@type":"Organization","@id":"https:\/\/kunmedierne.dk\/mors\/#organization","name":"Mors","url":"https:\/\/kunmedierne.dk\/mors\/","logo":{"@type":"ImageObject","inLanguage":"da-DK","@id":"https:\/\/kunmedierne.dk\/mors\/#\/schema\/logo\/image\/","url":"https:\/\/kunmedierne.dk\/mors\/wp-content\/uploads\/2024\/08\/kunmors-logo.svg","contentUrl":"https:\/\/kunmedierne.dk\/mors\/wp-content\/uploads\/2024\/08\/kunmors-logo.svg","caption":"Mors"},"image":{"@id":"https:\/\/kunmedierne.dk\/mors\/#\/schema\/logo\/image\/"}},{"@type":"Person","@id":"https:\/\/kunmedierne.dk\/mors\/#\/schema\/person\/5fe23251bf1d0abbcdc6f7896579d548","name":"David H\u00f8jmark","image":{"@type":"ImageObject","inLanguage":"da-DK","@id":"https:\/\/kunmedierne.dk\/mors\/#\/schema\/person\/image\/","url":"https:\/\/secure.gravatar.com\/avatar\/4315d6fb9ef244d729989f5f90268eb08d5bf8a3d84402f595fa194bb35784fd?s=96&d=mm&r=g","contentUrl":"https:\/\/secure.gravatar.com\/avatar\/4315d6fb9ef244d729989f5f90268eb08d5bf8a3d84402f595fa194bb35784fd?s=96&d=mm&r=g","caption":"David H\u00f8jmark"},"sameAs":["https:\/\/www.kunmedierne.dk"],"url":"https:\/\/kunmedierne.dk\/mors\/author\/david\/"}]}},"_links":{"self":[{"href":"https:\/\/kunmedierne.dk\/mors\/wp-json\/wp\/v2\/posts\/14750","targetHints":{"allow":["GET"]}}],"collection":[{"href":"https:\/\/kunmedierne.dk\/mors\/wp-json\/wp\/v2\/posts"}],"about":[{"href":"https:\/\/kunmedierne.dk\/mors\/wp-json\/wp\/v2\/types\/post"}],"author":[{"embeddable":true,"href":"https:\/\/kunmedierne.dk\/mors\/wp-json\/wp\/v2\/users\/8"}],"replies":[{"embeddable":true,"href":"https:\/\/kunmedierne.dk\/mors\/wp-json\/wp\/v2\/comments?post=14750"}],"version-history":[{"count":1,"href":"https:\/\/kunmedierne.dk\/mors\/wp-json\/wp\/v2\/posts\/14750\/revisions"}],"predecessor-version":[{"id":14751,"href":"https:\/\/kunmedierne.dk\/mors\/wp-json\/wp\/v2\/posts\/14750\/revisions\/14751"}],"wp:featuredmedia":[{"embeddable":true,"href":"https:\/\/kunmedierne.dk\/mors\/wp-json\/wp\/v2\/media\/14752"}],"wp:attachment":[{"href":"https:\/\/kunmedierne.dk\/mors\/wp-json\/wp\/v2\/media?parent=14750"}],"wp:term":[{"taxonomy":"category","embeddable":true,"href":"https:\/\/kunmedierne.dk\/mors\/wp-json\/wp\/v2\/categories?post=14750"},{"taxonomy":"post_tag","embeddable":true,"href":"https:\/\/kunmedierne.dk\/mors\/wp-json\/wp\/v2\/tags?post=14750"}],"curies":[{"name":"wp","href":"https:\/\/api.w.org\/{rel}","templated":true}]}}