{"id":147425,"date":"2025-05-28T10:08:16","date_gmt":"2025-05-28T08:08:16","guid":{"rendered":"https:\/\/kunmedierne.dk\/mors\/?p=147425"},"modified":"2025-05-28T10:08:16","modified_gmt":"2025-05-28T08:08:16","slug":"naar-boern-og-aeldre-loeber-sammen-et-lille-loeb-med-stor-betydning","status":"publish","type":"post","link":"https:\/\/kunmedierne.dk\/mors\/naar-boern-og-aeldre-loeber-sammen-et-lille-loeb-med-stor-betydning\/","title":{"rendered":"N\u00e5r b\u00f8rn og \u00e6ldre l\u00f8ber sammen: Et lille l\u00f8b med stor betydning\u00a0"},"content":{"rendered":"<p><span data-contrast=\"auto\"><strong>\u00d8. J\u00d8LBY:<\/strong> De sm\u00e5 h\u00e6nder holder sp\u00e6ndt fast i den r\u00f8de snor. En k\u00f8restol triller frem. I den sidder Ruth Jensen p\u00e5 93 \u00e5r. Ved hendes side st\u00e5r en dreng fra 0. klasse med r\u00f8de kinder og stjerner i \u00f8jnene. P\u00e5 et signal klipper de snoren sammen \u2013 og Royal Side Run i \u00d8ster J\u00f8lby er i gang.<\/span><span data-ccp-props=\"{&quot;134233117&quot;:false,&quot;134233118&quot;:false,&quot;335551550&quot;:0,&quot;335551620&quot;:0,&quot;335559738&quot;:240,&quot;335559739&quot;:240}\">\u00a0<\/span><\/p>\n<a class=\"dvrt-link\" onClick=\"cdmtrack_click(114591,jQuery(this));return false\" href=\"https:\/\/www.facebook.com\/kopogkandemors\"><img decoding=\"async\" style=\"width:100%;\" src=\"https:\/\/kunmedierne.dk\/mors\/wp-content\/uploads\/2024\/03\/kop-og-kande-ja-tak-tilbud.jpg\"><\/a><script>cdmtrack_view(114591);<\/script>\n<p><span data-contrast=\"auto\">P\u00e5 gr\u00e6spl\u00e6nen foran Ansgarshjemmet \u2013 et plejehjem i \u00d8ster J\u00f8lby \u2013 er noget s\u00e6rligt i gang. Det er f\u00f8rste gang, stedet afholder en Royal Side Run, en lokal udgave af Royal Run, hvor f\u00e6llesskab og bev\u00e6gelse er i centrum. B\u00f8rn fra 0. og 1. klasse p\u00e5 Midtmors Skole l\u00f8ber side om side med byens \u00e6ldre \u2013 nogle i k\u00f8restol, andre med rollator.<\/span><span data-ccp-props=\"{&quot;134233117&quot;:false,&quot;134233118&quot;:false,&quot;335551550&quot;:0,&quot;335551620&quot;:0,&quot;335559738&quot;:240,&quot;335559739&quot;:240}\">\u00a0<\/span><\/p>\n<p>&nbsp;<\/p>\n<p><b><span data-contrast=\"auto\">\u201dDet giver os alle sammen noget\u201d<\/span><\/b><span data-ccp-props=\"{&quot;134233117&quot;:false,&quot;134233118&quot;:false,&quot;335551550&quot;:0,&quot;335551620&quot;:0,&quot;335559738&quot;:240,&quot;335559739&quot;:240}\">\u00a0<\/span><\/p>\n<p><span data-contrast=\"auto\">&#8211; Det er en god dag. Det er hyggeligt at l\u00f8be rundt, siger Helle p\u00e5 7 \u00e5r. Hun har endnu ikke n\u00e5et at tale med de \u00e6ldre, men h\u00e5ber det sker senere. Hun er ikke alene om at have gl\u00e6det sig. <\/span><\/p>\n<p><span data-contrast=\"auto\">&#8211; B\u00f8rnene har gl\u00e6det sig dagene op til, fort\u00e6ller skolep\u00e6dagog Ulla Mehl, der har en fastelavns kongekrone p\u00e5 hovedet og et smittende smil.<\/span><span data-ccp-props=\"{&quot;134233117&quot;:false,&quot;134233118&quot;:false,&quot;335551550&quot;:0,&quot;335551620&quot;:0,&quot;335559738&quot;:240,&quot;335559739&quot;:240}\">\u00a0<\/span><\/p>\n<p><span data-contrast=\"auto\">&#8211; Vores m\u00e5l er, at b\u00f8rn og \u00e6ldre m\u00f8des flere gange om \u00e5ret. N\u00e5r skolen og lokalsamfundet smelter sammen, f\u00e5r vi st\u00e6rkere b\u00e5nd. Det er godt for alle, siger hun.<\/span><span data-ccp-props=\"{&quot;134233117&quot;:false,&quot;134233118&quot;:false,&quot;335551550&quot;:0,&quot;335551620&quot;:0,&quot;335559738&quot;:240,&quot;335559739&quot;:240}\">\u00a0<\/span><\/p>\n<a class=\"dvrt-link\" onClick=\"cdmtrack_click(147315,jQuery(this));return false\" href=\"https:\/\/sdrhaa.dk\/\"><img decoding=\"async\" style=\"width:100%;\" src=\"https:\/\/kunmedierne.dk\/mors\/wp-content\/uploads\/2025\/05\/260302Sdr-HaaDin-gebyrvenlige-sparekasse_mors-002.gif\"><\/a><script>cdmtrack_view(147315);<\/script>\n<p><span data-contrast=\"auto\">Samarbejdet mellem Midtmors Skole og Ansgarshjemmet er ikke nyt. 3. klasse bes\u00f8ger j\u00e6vnligt plejehjemmet, hvor de synger, g\u00e5r ture og laver kreative ting med beboerne. Men det er f\u00f8rste gang, det sker i l\u00f8bende tempo \u2013 og i f\u00e6lles \u00e5ndedrag.<\/span><span data-ccp-props=\"{&quot;134233117&quot;:false,&quot;134233118&quot;:false,&quot;335551550&quot;:0,&quot;335551620&quot;:0,&quot;335559738&quot;:240,&quot;335559739&quot;:240}\">\u00a0<\/span><\/p>\n<p>&nbsp;<\/p>\n<p><b><span data-contrast=\"auto\">Forskning: Det gavner begge generationer<\/span><\/b><span data-ccp-props=\"{&quot;134233117&quot;:false,&quot;134233118&quot;:false,&quot;335551550&quot;:0,&quot;335551620&quot;:0,&quot;335559738&quot;:240,&quot;335559739&quot;:240}\">\u00a0<\/span><\/p>\n<p><span data-contrast=\"auto\">Og id\u00e9en er ikke bare hyggelig \u2013 den virker. Forskning viser, at aktiviteter, hvor b\u00f8rn og \u00e6ldre er sammen om noget, faktisk har stor betydning for begge parter. En unders\u00f8gelse offentliggjort i <\/span><i><span data-contrast=\"auto\">Frontiers in Public Health<\/span><\/i><span data-contrast=\"auto\"> (2021) peger p\u00e5, at \u00e6ldre f\u00e5r bedre hum\u00f8r og f\u00f8ler sig mindre ensomme, n\u00e5r de tilbringer tid sammen med b\u00f8rn. Samtidig udvikler b\u00f8rn mere empati og forst\u00e5else for andre<\/span>.<\/p>\n<p><span data-contrast=\"auto\">En anden artikel fra 2023 (<\/span><i><span data-contrast=\"auto\">International Journal of Environmental Research and Public Health<\/span><\/i><span data-contrast=\"auto\">) viser, at den slags m\u00f8der kan forbedre b\u00f8rns sociale f\u00e6rdigheder og \u00e6ldres f\u00f8lelse af at h\u00f8re til. Kort sagt: det giver mening, b\u00e5de fysisk og menneskeligt, at v\u00e6re aktive sammen \u2013 p\u00e5 tv\u00e6rs af alder. <\/span><span data-ccp-props=\"{&quot;134233117&quot;:false,&quot;134233118&quot;:false,&quot;335551550&quot;:0,&quot;335551620&quot;:0,&quot;335559738&quot;:240,&quot;335559739&quot;:240}\">\u00a0<\/span><\/p>\n<p>&nbsp;<\/p>\n<p><b><span data-contrast=\"auto\">\u201dDet er dejligt, at der er nogen der gider komme\u201d<\/span><\/b><span data-ccp-props=\"{&quot;134233117&quot;:false,&quot;134233118&quot;:false,&quot;335551550&quot;:0,&quot;335551620&quot;:0,&quot;335559738&quot;:240,&quot;335559739&quot;:240}\">\u00a0<\/span><\/p>\n<p><span data-contrast=\"auto\">Ruth Jensen (93) f\u00f8lger l\u00f8bet fra sin k\u00f8restol. Hun er k\u00f8rt til startlinjen af en hj\u00e6lper, der l\u00e6gger en h\u00e5nd p\u00e5 hendes skulder:<\/span><\/p>\n<p><span data-contrast=\"auto\">&#8211; Skal vi tage en runde mere Ruth?<\/span><\/p>\n<p><span data-contrast=\"auto\">&#8211; Det bestemmer du \u2013 det er jo dig, der er chauff\u00f8r, svarer Ruth med et sk\u00e6vt grin.<\/span><span data-ccp-props=\"{&quot;134233117&quot;:false,&quot;134233118&quot;:false,&quot;335551550&quot;:0,&quot;335551620&quot;:0,&quot;335559738&quot;:240,&quot;335559739&quot;:240}\">\u00a0<\/span><\/p>\n<a class=\"dvrt-link\" onClick=\"cdmtrack_click(114591,jQuery(this));return false\" href=\"https:\/\/www.facebook.com\/kopogkandemors\"><img decoding=\"async\" style=\"width:100%;\" src=\"https:\/\/kunmedierne.dk\/mors\/wp-content\/uploads\/2024\/03\/kop-og-kande-ja-tak-tilbud.jpg\"><\/a><script>cdmtrack_view(114591);<\/script>\n<p><span data-contrast=\"auto\">Hun har boet p\u00e5 Ansgarshjemmet siden februar. Indtil da boede hun i sit hus i Skarum, som hun stadig ejer. <\/span><\/p>\n<p><span data-contrast=\"auto\">&#8211; Jeg har det godt her. De passer s\u00e5 godt p\u00e5 os. Og der kommer ogs\u00e5 en dreng indimellem og g\u00e5r tur med mig. Sidst gik vi hele byen rundt. Han er 16 \u00e5r. Det er et job, han har. Han er en s\u00f8d dreng. Vi har begge v\u00e6ret spejdere, s\u00e5 vi har altid noget at snakke om.<\/span><span data-ccp-props=\"{&quot;134233117&quot;:false,&quot;134233118&quot;:false,&quot;335551550&quot;:0,&quot;335551620&quot;:0,&quot;335559738&quot;:240,&quot;335559739&quot;:240}\">\u00a0<\/span><\/p>\n<p>&nbsp;<\/p>\n<p><b><span data-contrast=\"auto\">F\u00e6llesskab som drivkraft<\/span><\/b><span data-ccp-props=\"{&quot;134233117&quot;:false,&quot;134233118&quot;:false,&quot;335551550&quot;:0,&quot;335551620&quot;:0,&quot;335559738&quot;:240,&quot;335559739&quot;:240}\">\u00a0<\/span><\/p>\n<p><span data-contrast=\"auto\">Royal Run blev startet i 2018 i anledning af H.M. Kongens 50-\u00e5rs f\u00f8dselsdag og er siden vokset til en landsd\u00e6kkende bev\u00e6gelsesfest. Royal Side Runs \u2013 som dagens arrangement \u2013 er en del af opvarmningen og giver plads til, at alle kan v\u00e6re med, uanset alder og tempo.<\/span><span data-ccp-props=\"{&quot;134233117&quot;:false,&quot;134233118&quot;:false,&quot;335551550&quot;:0,&quot;335551620&quot;:0,&quot;335559738&quot;:240,&quot;335559739&quot;:240}\">\u00a0<\/span><\/p>\n<a class=\"dvrt-link\" onClick=\"cdmtrack_click(104781,jQuery(this));return false\" href=\"https:\/\/www.fmspks.dk\/\"><img decoding=\"async\" style=\"width:100%;\" src=\"https:\/\/kunmedierne.dk\/mors\/wp-content\/uploads\/2022\/02\/vip-froeslev-mollerup-sparekasse.jpg\"><\/a><script>cdmtrack_view(104781);<\/script>\n<p><span data-contrast=\"auto\">L\u00f8bet forts\u00e6tter. De drikker vand og griner. Ruth sidder og ser p\u00e5 b\u00f8rnene. <\/span><span data-contrast=\"auto\">Ulla Mehl s\u00e6tter et kryds p\u00e5 et skema, da et barn har l\u00f8bet en runde mere. Hun siger:<\/span><\/p>\n<p><span data-contrast=\"auto\">&#8211; Det er f\u00f8rste gang, vi laver Royal Side Run. Men det bliver bestemt ikke den sidste.<\/span><span data-ccp-props=\"{&quot;134233117&quot;:false,&quot;134233118&quot;:false,&quot;335551550&quot;:0,&quot;335551620&quot;:0,&quot;335559738&quot;:240,&quot;335559739&quot;:240}\"><br \/>\n<\/span><\/p>\n<p><span data-ccp-props=\"{&quot;335551550&quot;:0,&quot;335551620&quot;:0}\">\u00a0<\/span><\/p>\n<blockquote>\n<h4><b><span data-contrast=\"auto\">Links:<\/span><\/b><\/h4>\n<ul>\n<li data-leveltext=\"\uf0b7\" data-font=\"Symbol\" data-listid=\"1\" data-list-defn-props=\"{&quot;335552541&quot;:1,&quot;335559683&quot;:0,&quot;335559684&quot;:-2,&quot;335559685&quot;:720,&quot;335559991&quot;:360,&quot;469769226&quot;:&quot;Symbol&quot;,&quot;469769242&quot;:[8226],&quot;469777803&quot;:&quot;left&quot;,&quot;469777804&quot;:&quot;\uf0b7&quot;,&quot;469777815&quot;:&quot;hybridMultilevel&quot;}\" data-aria-posinset=\"1\" data-aria-level=\"1\">\n<h5><span data-contrast=\"auto\">Intergenerational Virtual Program: Promoting Meaningful Connections Between Older Adults and Children. <\/span><i><span data-contrast=\"auto\">Frontiers in Public Health<\/span><\/i><span data-contrast=\"auto\">, 2021. <\/span><a href=\"https:\/\/www.frontiersin.org\/journals\/public-health\/articles\/10.3389\/fpubh.2021.768778\/full?utm_source=chatgpt.com\"><span data-contrast=\"none\">Frontiers<\/span><\/a><a href=\"https:\/\/pmc.ncbi.nlm.nih.gov\/articles\/PMC8720747\/?utm_source=chatgpt.com\"><span data-contrast=\"none\">Taylor &amp; Francis Online+2PMC+2Frontiers+2<\/span><\/a><\/h5>\n<\/li>\n<li data-leveltext=\"\uf0b7\" data-font=\"Symbol\" data-listid=\"1\" data-list-defn-props=\"{&quot;335552541&quot;:1,&quot;335559683&quot;:0,&quot;335559684&quot;:-2,&quot;335559685&quot;:720,&quot;335559991&quot;:360,&quot;469769226&quot;:&quot;Symbol&quot;,&quot;469769242&quot;:[8226],&quot;469777803&quot;:&quot;left&quot;,&quot;469777804&quot;:&quot;\uf0b7&quot;,&quot;469777815&quot;:&quot;hybridMultilevel&quot;}\" data-aria-posinset=\"1\" data-aria-level=\"1\">\n<h5><span data-contrast=\"auto\">Special Issue: Intergenerational Programs and Health. <\/span><i><span data-contrast=\"auto\">International Journal of Environmental Research and Public Health<\/span><\/i><span data-contrast=\"auto\">, 2023. <\/span><a href=\"https:\/\/www.mdpi.com\/journal\/ijerph\/special_issues\/intergenerational_programs?utm_source=chatgpt.com\"><span data-contrast=\"none\">MDPI<\/span><\/a><a href=\"https:\/\/www.mdpi.com\/journal\/ijerph\/special_issues\/intergenerational_programs?utm_source=chatgpt.com\"><span data-contrast=\"none\">MDPI<\/span><\/a><\/h5>\n<\/li>\n<\/ul>\n<\/blockquote>\n<p><img loading=\"lazy\" decoding=\"async\" class=\"alignnone wp-image-147248 size-full\" src=\"https:\/\/kunmedierne.dk\/mors\/wp-content\/uploads\/2025\/05\/Dueholmkilen-Krydsning-Naessundvej-Cykelbro-Tegning-1.pdf196.jpg\" alt=\"\" width=\"2000\" height=\"1414\" srcset=\"https:\/\/kunmedierne.dk\/mors\/wp-content\/uploads\/2025\/05\/Dueholmkilen-Krydsning-Naessundvej-Cykelbro-Tegning-1.pdf196.jpg 2000w, https:\/\/kunmedierne.dk\/mors\/wp-content\/uploads\/2025\/05\/Dueholmkilen-Krydsning-Naessundvej-Cykelbro-Tegning-1.pdf196-300x212.jpg 300w, https:\/\/kunmedierne.dk\/mors\/wp-content\/uploads\/2025\/05\/Dueholmkilen-Krydsning-Naessundvej-Cykelbro-Tegning-1.pdf196-1024x724.jpg 1024w, https:\/\/kunmedierne.dk\/mors\/wp-content\/uploads\/2025\/05\/Dueholmkilen-Krydsning-Naessundvej-Cykelbro-Tegning-1.pdf196-510x361.jpg 510w\" sizes=\"auto, (max-width: 2000px) 100vw, 2000px\" \/><\/p>\n<p><img loading=\"lazy\" decoding=\"async\" class=\"alignnone wp-image-147250 size-full\" src=\"https:\/\/kunmedierne.dk\/mors\/wp-content\/uploads\/2025\/05\/Dueholmkilen-Krydsning-Naessundvej-Cykelbro-Tegning-1.pdf197.jpg\" alt=\"\" width=\"2000\" height=\"1414\" srcset=\"https:\/\/kunmedierne.dk\/mors\/wp-content\/uploads\/2025\/05\/Dueholmkilen-Krydsning-Naessundvej-Cykelbro-Tegning-1.pdf197.jpg 2000w, https:\/\/kunmedierne.dk\/mors\/wp-content\/uploads\/2025\/05\/Dueholmkilen-Krydsning-Naessundvej-Cykelbro-Tegning-1.pdf197-300x212.jpg 300w, https:\/\/kunmedierne.dk\/mors\/wp-content\/uploads\/2025\/05\/Dueholmkilen-Krydsning-Naessundvej-Cykelbro-Tegning-1.pdf197-1024x724.jpg 1024w, https:\/\/kunmedierne.dk\/mors\/wp-content\/uploads\/2025\/05\/Dueholmkilen-Krydsning-Naessundvej-Cykelbro-Tegning-1.pdf197-510x361.jpg 510w\" sizes=\"auto, (max-width: 2000px) 100vw, 2000px\" \/><\/p>\n<div id=\"attachment_147246\" style=\"width: 2010px\" class=\"wp-caption alignnone\"><img loading=\"lazy\" decoding=\"async\" aria-describedby=\"caption-attachment-147246\" class=\"wp-image-147246 size-full\" src=\"https:\/\/kunmedierne.dk\/mors\/wp-content\/uploads\/2025\/05\/Dueholmkilen-Krydsning-Naessundvej-Cykelbro-Tegning-1.pdf195.jpg\" alt=\"\" width=\"2000\" height=\"1414\" srcset=\"https:\/\/kunmedierne.dk\/mors\/wp-content\/uploads\/2025\/05\/Dueholmkilen-Krydsning-Naessundvej-Cykelbro-Tegning-1.pdf195.jpg 2000w, https:\/\/kunmedierne.dk\/mors\/wp-content\/uploads\/2025\/05\/Dueholmkilen-Krydsning-Naessundvej-Cykelbro-Tegning-1.pdf195-300x212.jpg 300w, https:\/\/kunmedierne.dk\/mors\/wp-content\/uploads\/2025\/05\/Dueholmkilen-Krydsning-Naessundvej-Cykelbro-Tegning-1.pdf195-1024x724.jpg 1024w, https:\/\/kunmedierne.dk\/mors\/wp-content\/uploads\/2025\/05\/Dueholmkilen-Krydsning-Naessundvej-Cykelbro-Tegning-1.pdf195-510x361.jpg 510w\" sizes=\"auto, (max-width: 2000px) 100vw, 2000px\" \/><p id=\"caption-attachment-147246\" class=\"wp-caption-text\">Royal Side Run 2025<\/p><\/div>\n<p><span data-ccp-props=\"{}\">\u00a0<\/span><\/p>\n","protected":false},"excerpt":{"rendered":"<p>\u00d8. J\u00d8LBY: De sm\u00e5 h\u00e6nder holder sp\u00e6ndt fast i den r\u00f8de snor. En k\u00f8restol triller frem. I den sidder Ruth Jensen p\u00e5 93 \u00e5r. Ved hendes side st\u00e5r en dreng fra 0. klasse med r\u00f8de kinder og stjerner i \u00f8jnene. P\u00e5 et signal klipper de snoren sammen \u2013 og Royal Side Run i \u00d8ster J\u00f8lby [&hellip;]<\/p>\n","protected":false},"author":2507,"featured_media":0,"comment_status":"closed","ping_status":"closed","sticky":false,"template":"","format":"standard","meta":{"_acf_changed":false,"footnotes":""},"categories":[51],"tags":[256],"class_list":["post-147425","post","type-post","status-publish","format-standard","hentry","category-lokalt","tag-sundhed"],"acf":[],"yoast_head":"<!-- This site is optimized with the Yoast SEO plugin v26.8 - https:\/\/yoast.com\/product\/yoast-seo-wordpress\/ -->\n<title>N\u00e5r b\u00f8rn og \u00e6ldre l\u00f8ber sammen: Et lille l\u00f8b med stor betydning\u00a0 - Mors<\/title>\n<meta name=\"robots\" content=\"index, follow, max-snippet:-1, max-image-preview:large, max-video-preview:-1\" \/>\n<link rel=\"canonical\" href=\"https:\/\/kunmedierne.dk\/mors\/naar-boern-og-aeldre-loeber-sammen-et-lille-loeb-med-stor-betydning\/\" \/>\n<meta property=\"og:locale\" content=\"da_DK\" \/>\n<meta property=\"og:type\" content=\"article\" \/>\n<meta property=\"og:title\" content=\"N\u00e5r b\u00f8rn og \u00e6ldre l\u00f8ber sammen: Et lille l\u00f8b med stor betydning\u00a0 - Mors\" \/>\n<meta property=\"og:description\" content=\"\u00d8. J\u00d8LBY: De sm\u00e5 h\u00e6nder holder sp\u00e6ndt fast i den r\u00f8de snor. En k\u00f8restol triller frem. I den sidder Ruth Jensen p\u00e5 93 \u00e5r. Ved hendes side st\u00e5r en dreng fra 0. klasse med r\u00f8de kinder og stjerner i \u00f8jnene. P\u00e5 et signal klipper de snoren sammen \u2013 og Royal Side Run i \u00d8ster J\u00f8lby [&hellip;]\" \/>\n<meta property=\"og:url\" content=\"https:\/\/kunmedierne.dk\/mors\/naar-boern-og-aeldre-loeber-sammen-et-lille-loeb-med-stor-betydning\/\" \/>\n<meta property=\"og:site_name\" content=\"Mors\" \/>\n<meta property=\"article:published_time\" content=\"2025-05-28T08:08:16+00:00\" \/>\n<meta property=\"og:image\" content=\"https:\/\/kunmedierne.dk\/mors\/wp-content\/uploads\/2025\/05\/Dueholmkilen-Krydsning-Naessundvej-Cykelbro-Tegning-1.pdf196.jpg\" \/>\n<meta name=\"author\" content=\"Katrine Hedegaard\" \/>\n<meta name=\"twitter:card\" content=\"summary_large_image\" \/>\n<meta name=\"twitter:label1\" content=\"Skrevet af\" \/>\n\t<meta name=\"twitter:data1\" content=\"Katrine Hedegaard\" \/>\n\t<meta name=\"twitter:label2\" content=\"Estimeret l\u00e6setid\" \/>\n\t<meta name=\"twitter:data2\" content=\"4 minutter\" \/>\n<script type=\"application\/ld+json\" class=\"yoast-schema-graph\">{\"@context\":\"https:\/\/schema.org\",\"@graph\":[{\"@type\":\"Article\",\"@id\":\"https:\/\/kunmedierne.dk\/mors\/naar-boern-og-aeldre-loeber-sammen-et-lille-loeb-med-stor-betydning\/#article\",\"isPartOf\":{\"@id\":\"https:\/\/kunmedierne.dk\/mors\/naar-boern-og-aeldre-loeber-sammen-et-lille-loeb-med-stor-betydning\/\"},\"author\":{\"name\":\"Katrine Hedegaard\",\"@id\":\"https:\/\/kunmedierne.dk\/mors\/#\/schema\/person\/b2e62a38069b12365e53e087a8709c64\"},\"headline\":\"N\u00e5r b\u00f8rn og \u00e6ldre l\u00f8ber sammen: Et lille l\u00f8b med stor betydning\u00a0\",\"datePublished\":\"2025-05-28T08:08:16+00:00\",\"mainEntityOfPage\":{\"@id\":\"https:\/\/kunmedierne.dk\/mors\/naar-boern-og-aeldre-loeber-sammen-et-lille-loeb-med-stor-betydning\/\"},\"wordCount\":750,\"publisher\":{\"@id\":\"https:\/\/kunmedierne.dk\/mors\/#organization\"},\"image\":{\"@id\":\"https:\/\/kunmedierne.dk\/mors\/naar-boern-og-aeldre-loeber-sammen-et-lille-loeb-med-stor-betydning\/#primaryimage\"},\"thumbnailUrl\":\"https:\/\/kunmedierne.dk\/mors\/wp-content\/uploads\/2025\/05\/Dueholmkilen-Krydsning-Naessundvej-Cykelbro-Tegning-1.pdf196.jpg\",\"keywords\":[\"Sundhed\"],\"articleSection\":[\"Lokalt\"],\"inLanguage\":\"da-DK\"},{\"@type\":\"WebPage\",\"@id\":\"https:\/\/kunmedierne.dk\/mors\/naar-boern-og-aeldre-loeber-sammen-et-lille-loeb-med-stor-betydning\/\",\"url\":\"https:\/\/kunmedierne.dk\/mors\/naar-boern-og-aeldre-loeber-sammen-et-lille-loeb-med-stor-betydning\/\",\"name\":\"N\u00e5r b\u00f8rn og \u00e6ldre l\u00f8ber sammen: Et lille l\u00f8b med stor betydning\u00a0 - Mors\",\"isPartOf\":{\"@id\":\"https:\/\/kunmedierne.dk\/mors\/#website\"},\"primaryImageOfPage\":{\"@id\":\"https:\/\/kunmedierne.dk\/mors\/naar-boern-og-aeldre-loeber-sammen-et-lille-loeb-med-stor-betydning\/#primaryimage\"},\"image\":{\"@id\":\"https:\/\/kunmedierne.dk\/mors\/naar-boern-og-aeldre-loeber-sammen-et-lille-loeb-med-stor-betydning\/#primaryimage\"},\"thumbnailUrl\":\"https:\/\/kunmedierne.dk\/mors\/wp-content\/uploads\/2025\/05\/Dueholmkilen-Krydsning-Naessundvej-Cykelbro-Tegning-1.pdf196.jpg\",\"datePublished\":\"2025-05-28T08:08:16+00:00\",\"breadcrumb\":{\"@id\":\"https:\/\/kunmedierne.dk\/mors\/naar-boern-og-aeldre-loeber-sammen-et-lille-loeb-med-stor-betydning\/#breadcrumb\"},\"inLanguage\":\"da-DK\",\"potentialAction\":[{\"@type\":\"ReadAction\",\"target\":[\"https:\/\/kunmedierne.dk\/mors\/naar-boern-og-aeldre-loeber-sammen-et-lille-loeb-med-stor-betydning\/\"]}]},{\"@type\":\"ImageObject\",\"inLanguage\":\"da-DK\",\"@id\":\"https:\/\/kunmedierne.dk\/mors\/naar-boern-og-aeldre-loeber-sammen-et-lille-loeb-med-stor-betydning\/#primaryimage\",\"url\":\"https:\/\/kunmedierne.dk\/mors\/wp-content\/uploads\/2025\/05\/Dueholmkilen-Krydsning-Naessundvej-Cykelbro-Tegning-1.pdf196.jpg\",\"contentUrl\":\"https:\/\/kunmedierne.dk\/mors\/wp-content\/uploads\/2025\/05\/Dueholmkilen-Krydsning-Naessundvej-Cykelbro-Tegning-1.pdf196.jpg\",\"width\":2000,\"height\":1414},{\"@type\":\"BreadcrumbList\",\"@id\":\"https:\/\/kunmedierne.dk\/mors\/naar-boern-og-aeldre-loeber-sammen-et-lille-loeb-med-stor-betydning\/#breadcrumb\",\"itemListElement\":[{\"@type\":\"ListItem\",\"position\":1,\"name\":\"Hjem\",\"item\":\"https:\/\/kunmedierne.dk\/mors\/\"},{\"@type\":\"ListItem\",\"position\":2,\"name\":\"N\u00e5r b\u00f8rn og \u00e6ldre l\u00f8ber sammen: Et lille l\u00f8b med stor betydning\u00a0\"}]},{\"@type\":\"WebSite\",\"@id\":\"https:\/\/kunmedierne.dk\/mors\/#website\",\"url\":\"https:\/\/kunmedierne.dk\/mors\/\",\"name\":\"Mors\",\"description\":\"et netmedie med journalistik om livet p\u00e5 Mors\",\"publisher\":{\"@id\":\"https:\/\/kunmedierne.dk\/mors\/#organization\"},\"potentialAction\":[{\"@type\":\"SearchAction\",\"target\":{\"@type\":\"EntryPoint\",\"urlTemplate\":\"https:\/\/kunmedierne.dk\/mors\/?s={search_term_string}\"},\"query-input\":{\"@type\":\"PropertyValueSpecification\",\"valueRequired\":true,\"valueName\":\"search_term_string\"}}],\"inLanguage\":\"da-DK\"},{\"@type\":\"Organization\",\"@id\":\"https:\/\/kunmedierne.dk\/mors\/#organization\",\"name\":\"Mors\",\"url\":\"https:\/\/kunmedierne.dk\/mors\/\",\"logo\":{\"@type\":\"ImageObject\",\"inLanguage\":\"da-DK\",\"@id\":\"https:\/\/kunmedierne.dk\/mors\/#\/schema\/logo\/image\/\",\"url\":\"https:\/\/kunmedierne.dk\/mors\/wp-content\/uploads\/2024\/08\/kunmors-logo.svg\",\"contentUrl\":\"https:\/\/kunmedierne.dk\/mors\/wp-content\/uploads\/2024\/08\/kunmors-logo.svg\",\"caption\":\"Mors\"},\"image\":{\"@id\":\"https:\/\/kunmedierne.dk\/mors\/#\/schema\/logo\/image\/\"}},{\"@type\":\"Person\",\"@id\":\"https:\/\/kunmedierne.dk\/mors\/#\/schema\/person\/b2e62a38069b12365e53e087a8709c64\",\"name\":\"Katrine Hedegaard\",\"image\":{\"@type\":\"ImageObject\",\"inLanguage\":\"da-DK\",\"@id\":\"https:\/\/kunmedierne.dk\/mors\/#\/schema\/person\/image\/\",\"url\":\"https:\/\/secure.gravatar.com\/avatar\/18a5c72fa9148052fd3ed5a58b40fc83cfdc9811090e6e6eec9539af058edcc0?s=96&d=mm&r=g\",\"contentUrl\":\"https:\/\/secure.gravatar.com\/avatar\/18a5c72fa9148052fd3ed5a58b40fc83cfdc9811090e6e6eec9539af058edcc0?s=96&d=mm&r=g\",\"caption\":\"Katrine Hedegaard\"},\"url\":\"https:\/\/kunmedierne.dk\/mors\/author\/katrine\/\"}]}<\/script>\n<!-- \/ Yoast SEO plugin. -->","yoast_head_json":{"title":"N\u00e5r b\u00f8rn og \u00e6ldre l\u00f8ber sammen: Et lille l\u00f8b med stor betydning\u00a0 - Mors","robots":{"index":"index","follow":"follow","max-snippet":"max-snippet:-1","max-image-preview":"max-image-preview:large","max-video-preview":"max-video-preview:-1"},"canonical":"https:\/\/kunmedierne.dk\/mors\/naar-boern-og-aeldre-loeber-sammen-et-lille-loeb-med-stor-betydning\/","og_locale":"da_DK","og_type":"article","og_title":"N\u00e5r b\u00f8rn og \u00e6ldre l\u00f8ber sammen: Et lille l\u00f8b med stor betydning\u00a0 - Mors","og_description":"\u00d8. J\u00d8LBY: De sm\u00e5 h\u00e6nder holder sp\u00e6ndt fast i den r\u00f8de snor. En k\u00f8restol triller frem. I den sidder Ruth Jensen p\u00e5 93 \u00e5r. Ved hendes side st\u00e5r en dreng fra 0. klasse med r\u00f8de kinder og stjerner i \u00f8jnene. P\u00e5 et signal klipper de snoren sammen \u2013 og Royal Side Run i \u00d8ster J\u00f8lby [&hellip;]","og_url":"https:\/\/kunmedierne.dk\/mors\/naar-boern-og-aeldre-loeber-sammen-et-lille-loeb-med-stor-betydning\/","og_site_name":"Mors","article_published_time":"2025-05-28T08:08:16+00:00","og_image":[{"url":"https:\/\/kunmedierne.dk\/mors\/wp-content\/uploads\/2025\/05\/Dueholmkilen-Krydsning-Naessundvej-Cykelbro-Tegning-1.pdf196.jpg","type":"","width":"","height":""}],"author":"Katrine Hedegaard","twitter_card":"summary_large_image","twitter_misc":{"Skrevet af":"Katrine Hedegaard","Estimeret l\u00e6setid":"4 minutter"},"schema":{"@context":"https:\/\/schema.org","@graph":[{"@type":"Article","@id":"https:\/\/kunmedierne.dk\/mors\/naar-boern-og-aeldre-loeber-sammen-et-lille-loeb-med-stor-betydning\/#article","isPartOf":{"@id":"https:\/\/kunmedierne.dk\/mors\/naar-boern-og-aeldre-loeber-sammen-et-lille-loeb-med-stor-betydning\/"},"author":{"name":"Katrine Hedegaard","@id":"https:\/\/kunmedierne.dk\/mors\/#\/schema\/person\/b2e62a38069b12365e53e087a8709c64"},"headline":"N\u00e5r b\u00f8rn og \u00e6ldre l\u00f8ber sammen: Et lille l\u00f8b med stor betydning\u00a0","datePublished":"2025-05-28T08:08:16+00:00","mainEntityOfPage":{"@id":"https:\/\/kunmedierne.dk\/mors\/naar-boern-og-aeldre-loeber-sammen-et-lille-loeb-med-stor-betydning\/"},"wordCount":750,"publisher":{"@id":"https:\/\/kunmedierne.dk\/mors\/#organization"},"image":{"@id":"https:\/\/kunmedierne.dk\/mors\/naar-boern-og-aeldre-loeber-sammen-et-lille-loeb-med-stor-betydning\/#primaryimage"},"thumbnailUrl":"https:\/\/kunmedierne.dk\/mors\/wp-content\/uploads\/2025\/05\/Dueholmkilen-Krydsning-Naessundvej-Cykelbro-Tegning-1.pdf196.jpg","keywords":["Sundhed"],"articleSection":["Lokalt"],"inLanguage":"da-DK"},{"@type":"WebPage","@id":"https:\/\/kunmedierne.dk\/mors\/naar-boern-og-aeldre-loeber-sammen-et-lille-loeb-med-stor-betydning\/","url":"https:\/\/kunmedierne.dk\/mors\/naar-boern-og-aeldre-loeber-sammen-et-lille-loeb-med-stor-betydning\/","name":"N\u00e5r b\u00f8rn og \u00e6ldre l\u00f8ber sammen: Et lille l\u00f8b med stor betydning\u00a0 - Mors","isPartOf":{"@id":"https:\/\/kunmedierne.dk\/mors\/#website"},"primaryImageOfPage":{"@id":"https:\/\/kunmedierne.dk\/mors\/naar-boern-og-aeldre-loeber-sammen-et-lille-loeb-med-stor-betydning\/#primaryimage"},"image":{"@id":"https:\/\/kunmedierne.dk\/mors\/naar-boern-og-aeldre-loeber-sammen-et-lille-loeb-med-stor-betydning\/#primaryimage"},"thumbnailUrl":"https:\/\/kunmedierne.dk\/mors\/wp-content\/uploads\/2025\/05\/Dueholmkilen-Krydsning-Naessundvej-Cykelbro-Tegning-1.pdf196.jpg","datePublished":"2025-05-28T08:08:16+00:00","breadcrumb":{"@id":"https:\/\/kunmedierne.dk\/mors\/naar-boern-og-aeldre-loeber-sammen-et-lille-loeb-med-stor-betydning\/#breadcrumb"},"inLanguage":"da-DK","potentialAction":[{"@type":"ReadAction","target":["https:\/\/kunmedierne.dk\/mors\/naar-boern-og-aeldre-loeber-sammen-et-lille-loeb-med-stor-betydning\/"]}]},{"@type":"ImageObject","inLanguage":"da-DK","@id":"https:\/\/kunmedierne.dk\/mors\/naar-boern-og-aeldre-loeber-sammen-et-lille-loeb-med-stor-betydning\/#primaryimage","url":"https:\/\/kunmedierne.dk\/mors\/wp-content\/uploads\/2025\/05\/Dueholmkilen-Krydsning-Naessundvej-Cykelbro-Tegning-1.pdf196.jpg","contentUrl":"https:\/\/kunmedierne.dk\/mors\/wp-content\/uploads\/2025\/05\/Dueholmkilen-Krydsning-Naessundvej-Cykelbro-Tegning-1.pdf196.jpg","width":2000,"height":1414},{"@type":"BreadcrumbList","@id":"https:\/\/kunmedierne.dk\/mors\/naar-boern-og-aeldre-loeber-sammen-et-lille-loeb-med-stor-betydning\/#breadcrumb","itemListElement":[{"@type":"ListItem","position":1,"name":"Hjem","item":"https:\/\/kunmedierne.dk\/mors\/"},{"@type":"ListItem","position":2,"name":"N\u00e5r b\u00f8rn og \u00e6ldre l\u00f8ber sammen: Et lille l\u00f8b med stor betydning\u00a0"}]},{"@type":"WebSite","@id":"https:\/\/kunmedierne.dk\/mors\/#website","url":"https:\/\/kunmedierne.dk\/mors\/","name":"Mors","description":"et netmedie med journalistik om livet p\u00e5 Mors","publisher":{"@id":"https:\/\/kunmedierne.dk\/mors\/#organization"},"potentialAction":[{"@type":"SearchAction","target":{"@type":"EntryPoint","urlTemplate":"https:\/\/kunmedierne.dk\/mors\/?s={search_term_string}"},"query-input":{"@type":"PropertyValueSpecification","valueRequired":true,"valueName":"search_term_string"}}],"inLanguage":"da-DK"},{"@type":"Organization","@id":"https:\/\/kunmedierne.dk\/mors\/#organization","name":"Mors","url":"https:\/\/kunmedierne.dk\/mors\/","logo":{"@type":"ImageObject","inLanguage":"da-DK","@id":"https:\/\/kunmedierne.dk\/mors\/#\/schema\/logo\/image\/","url":"https:\/\/kunmedierne.dk\/mors\/wp-content\/uploads\/2024\/08\/kunmors-logo.svg","contentUrl":"https:\/\/kunmedierne.dk\/mors\/wp-content\/uploads\/2024\/08\/kunmors-logo.svg","caption":"Mors"},"image":{"@id":"https:\/\/kunmedierne.dk\/mors\/#\/schema\/logo\/image\/"}},{"@type":"Person","@id":"https:\/\/kunmedierne.dk\/mors\/#\/schema\/person\/b2e62a38069b12365e53e087a8709c64","name":"Katrine Hedegaard","image":{"@type":"ImageObject","inLanguage":"da-DK","@id":"https:\/\/kunmedierne.dk\/mors\/#\/schema\/person\/image\/","url":"https:\/\/secure.gravatar.com\/avatar\/18a5c72fa9148052fd3ed5a58b40fc83cfdc9811090e6e6eec9539af058edcc0?s=96&d=mm&r=g","contentUrl":"https:\/\/secure.gravatar.com\/avatar\/18a5c72fa9148052fd3ed5a58b40fc83cfdc9811090e6e6eec9539af058edcc0?s=96&d=mm&r=g","caption":"Katrine Hedegaard"},"url":"https:\/\/kunmedierne.dk\/mors\/author\/katrine\/"}]}},"_links":{"self":[{"href":"https:\/\/kunmedierne.dk\/mors\/wp-json\/wp\/v2\/posts\/147425","targetHints":{"allow":["GET"]}}],"collection":[{"href":"https:\/\/kunmedierne.dk\/mors\/wp-json\/wp\/v2\/posts"}],"about":[{"href":"https:\/\/kunmedierne.dk\/mors\/wp-json\/wp\/v2\/types\/post"}],"author":[{"embeddable":true,"href":"https:\/\/kunmedierne.dk\/mors\/wp-json\/wp\/v2\/users\/2507"}],"replies":[{"embeddable":true,"href":"https:\/\/kunmedierne.dk\/mors\/wp-json\/wp\/v2\/comments?post=147425"}],"version-history":[{"count":6,"href":"https:\/\/kunmedierne.dk\/mors\/wp-json\/wp\/v2\/posts\/147425\/revisions"}],"predecessor-version":[{"id":147432,"href":"https:\/\/kunmedierne.dk\/mors\/wp-json\/wp\/v2\/posts\/147425\/revisions\/147432"}],"wp:attachment":[{"href":"https:\/\/kunmedierne.dk\/mors\/wp-json\/wp\/v2\/media?parent=147425"}],"wp:term":[{"taxonomy":"category","embeddable":true,"href":"https:\/\/kunmedierne.dk\/mors\/wp-json\/wp\/v2\/categories?post=147425"},{"taxonomy":"post_tag","embeddable":true,"href":"https:\/\/kunmedierne.dk\/mors\/wp-json\/wp\/v2\/tags?post=147425"}],"curies":[{"name":"wp","href":"https:\/\/api.w.org\/{rel}","templated":true}]}}