{"id":14735,"date":"2020-03-25T12:54:25","date_gmt":"2020-03-25T11:54:25","guid":{"rendered":"https:\/\/kunmedierne.dk\/mors\/?p=14735"},"modified":"2024-08-12T14:06:18","modified_gmt":"2024-08-12T12:06:18","slug":"euc-nordvest-holder-fast-i-grundforloeb","status":"publish","type":"post","link":"https:\/\/kunmedierne.dk\/mors\/euc-nordvest-holder-fast-i-grundforloeb\/","title":{"rendered":"EUC Nordvest holder fast i grundforl\u00f8b"},"content":{"rendered":"<p><strong>MORS<\/strong>: Dr\u00f8mmen om at p\u00e5begynde en erhvervsuddannelse bliver ikke slukket af, at EUC Nordvest som s\u00e5 mange andre er lukket ned under coronakrisen.<\/p>\n<p>Der bliver ikke undervist p\u00e5 matriklen, men det g\u00f8r der online. Og det nye grundforl\u00f8b, GF+, der er m\u00e5lrettet voksne og unge med behov for afklaring og opkvalificering, inden de begynder p\u00e5 den egentlige erhvervsuddannelse, starter som planlagt tirsdag 14. april.<\/p>\n<p>&#8220;Eleverne p\u00e5 alle vores uddannelser forts\u00e6tter den gode l\u00e6ring \u2013 i \u00f8jeblikket afvikles undervisningen blot virtuelt gennem de forskellige online-platforme, vi har til r\u00e5dighed. Det samme g\u00e6lder for vores kursusafdeling, der p\u00e5 kort tid har f\u00e5et etableret en lang r\u00e6kke online-kurser, s\u00e5 de lokale virksomheder og deres medarbejdere fortsat har adgang til opkvalificering og efteruddannelse,&#8221; siger Hans Chr. Jeppesen, direkt\u00f8r p\u00e5 EUC Nordvest.<\/p>\n<p>&#8220;Det fungerer faktisk rigtig fint, og jeg er b\u00e5de positivt overrasket og ogs\u00e5 meget stolt af, hvor hurtigt b\u00e5de elever, undervisere og kursister har kunne omstille sig til den lidt specielle situation, vi har i \u00f8jeblikket,&#8221; tilf\u00f8jer han.<\/p>\n<p>Med opstarten p\u00e5 GF+ 14. april er man forbi den dato, regeringen har sat som den sidste i nedlukningen af samfundet. Og selv om de fleste nok forventer den dato rykket igen senere, lover afdelingsleder Marianne Svenningsen et optimalt forl\u00f8b p\u00e5 GF+.<\/p>\n<p>&#8220;Om vi kan tage imod eleverne p\u00e5 skolen, eller om vi ogs\u00e5 her m\u00e5 starte ud med virtuelle undervisningsforl\u00f8b, ved vi af gode grunde ikke endnu. Men \u00e9n ting er sikkert: Vi er klar til at gennemf\u00f8re et supergodt GF+-forl\u00f8b, uanset om undervisningen sker her p\u00e5 skolen eller online. Det betyder ogs\u00e5, at vi f\u00e5r afviklet grundforl\u00f8bet rettidigt, s\u00e5 eleverne efterf\u00f8lgende kan starte op p\u00e5 GF2 umiddelbart efter sommerferien,&#8221; siger hun.<\/p>\n<p>EUC Nordvest oplyser, at der er stadig er ledige pladser p\u00e5 GF+.<\/p>\n<p>&nbsp;<\/p>\n","protected":false},"excerpt":{"rendered":"<p>MORS: Dr\u00f8mmen om at p\u00e5begynde en erhvervsuddannelse bliver ikke slukket af, at EUC Nordvest som s\u00e5 mange andre er lukket ned under coronakrisen. Der bliver ikke undervist p\u00e5 matriklen, men det g\u00f8r der online. Og det nye grundforl\u00f8b, GF+, der er m\u00e5lrettet voksne og unge med behov for afklaring og opkvalificering, inden de begynder p\u00e5 [&hellip;]<\/p>\n","protected":false},"author":8,"featured_media":12227,"comment_status":"open","ping_status":"open","sticky":false,"template":"","format":"standard","meta":{"_acf_changed":false,"footnotes":""},"categories":[51],"tags":[170],"class_list":["post-14735","post","type-post","status-publish","format-standard","has-post-thumbnail","hentry","category-lokalt","tag-uddannelse"],"acf":[],"yoast_head":"<!-- This site is optimized with the Yoast SEO plugin v26.8 - https:\/\/yoast.com\/product\/yoast-seo-wordpress\/ -->\n<title>EUC Nordvest holder fast i grundforl\u00f8b - Mors<\/title>\n<meta name=\"robots\" content=\"index, follow, max-snippet:-1, max-image-preview:large, max-video-preview:-1\" \/>\n<link rel=\"canonical\" href=\"https:\/\/kunmedierne.dk\/mors\/euc-nordvest-holder-fast-i-grundforloeb\/\" \/>\n<meta property=\"og:locale\" content=\"da_DK\" \/>\n<meta property=\"og:type\" content=\"article\" \/>\n<meta property=\"og:title\" content=\"EUC Nordvest holder fast i grundforl\u00f8b - Mors\" \/>\n<meta property=\"og:description\" content=\"MORS: Dr\u00f8mmen om at p\u00e5begynde en erhvervsuddannelse bliver ikke slukket af, at EUC Nordvest som s\u00e5 mange andre er lukket ned under coronakrisen. Der bliver ikke undervist p\u00e5 matriklen, men det g\u00f8r der online. Og det nye grundforl\u00f8b, GF+, der er m\u00e5lrettet voksne og unge med behov for afklaring og opkvalificering, inden de begynder p\u00e5 [&hellip;]\" \/>\n<meta property=\"og:url\" content=\"https:\/\/kunmedierne.dk\/mors\/euc-nordvest-holder-fast-i-grundforloeb\/\" \/>\n<meta property=\"og:site_name\" content=\"Mors\" \/>\n<meta property=\"article:published_time\" content=\"2020-03-25T11:54:25+00:00\" \/>\n<meta property=\"article:modified_time\" content=\"2024-08-12T12:06:18+00:00\" \/>\n<meta property=\"og:image\" content=\"https:\/\/kunmedierne.dk\/mors\/wp-content\/uploads\/2020\/03\/200309-euc-nordest.jpg\" \/>\n\t<meta property=\"og:image:width\" content=\"770\" \/>\n\t<meta property=\"og:image:height\" content=\"513\" \/>\n\t<meta property=\"og:image:type\" content=\"image\/jpeg\" \/>\n<meta name=\"author\" content=\"David H\u00f8jmark\" \/>\n<meta name=\"twitter:card\" content=\"summary_large_image\" \/>\n<meta name=\"twitter:label1\" content=\"Skrevet af\" \/>\n\t<meta name=\"twitter:data1\" content=\"David H\u00f8jmark\" \/>\n\t<meta name=\"twitter:label2\" content=\"Estimeret l\u00e6setid\" \/>\n\t<meta name=\"twitter:data2\" content=\"2 minutter\" \/>\n<script type=\"application\/ld+json\" class=\"yoast-schema-graph\">{\"@context\":\"https:\/\/schema.org\",\"@graph\":[{\"@type\":\"Article\",\"@id\":\"https:\/\/kunmedierne.dk\/mors\/euc-nordvest-holder-fast-i-grundforloeb\/#article\",\"isPartOf\":{\"@id\":\"https:\/\/kunmedierne.dk\/mors\/euc-nordvest-holder-fast-i-grundforloeb\/\"},\"author\":{\"name\":\"David H\u00f8jmark\",\"@id\":\"https:\/\/kunmedierne.dk\/mors\/#\/schema\/person\/5fe23251bf1d0abbcdc6f7896579d548\"},\"headline\":\"EUC Nordvest holder fast i grundforl\u00f8b\",\"datePublished\":\"2020-03-25T11:54:25+00:00\",\"dateModified\":\"2024-08-12T12:06:18+00:00\",\"mainEntityOfPage\":{\"@id\":\"https:\/\/kunmedierne.dk\/mors\/euc-nordvest-holder-fast-i-grundforloeb\/\"},\"wordCount\":318,\"commentCount\":0,\"publisher\":{\"@id\":\"https:\/\/kunmedierne.dk\/mors\/#organization\"},\"image\":{\"@id\":\"https:\/\/kunmedierne.dk\/mors\/euc-nordvest-holder-fast-i-grundforloeb\/#primaryimage\"},\"thumbnailUrl\":\"https:\/\/kunmedierne.dk\/mors\/wp-content\/uploads\/2020\/03\/200309-euc-nordest.jpg\",\"keywords\":[\"Skoler og uddannelse\"],\"articleSection\":[\"Lokalt\"],\"inLanguage\":\"da-DK\",\"potentialAction\":[{\"@type\":\"CommentAction\",\"name\":\"Comment\",\"target\":[\"https:\/\/kunmedierne.dk\/mors\/euc-nordvest-holder-fast-i-grundforloeb\/#respond\"]}]},{\"@type\":\"WebPage\",\"@id\":\"https:\/\/kunmedierne.dk\/mors\/euc-nordvest-holder-fast-i-grundforloeb\/\",\"url\":\"https:\/\/kunmedierne.dk\/mors\/euc-nordvest-holder-fast-i-grundforloeb\/\",\"name\":\"EUC Nordvest holder fast i grundforl\u00f8b - Mors\",\"isPartOf\":{\"@id\":\"https:\/\/kunmedierne.dk\/mors\/#website\"},\"primaryImageOfPage\":{\"@id\":\"https:\/\/kunmedierne.dk\/mors\/euc-nordvest-holder-fast-i-grundforloeb\/#primaryimage\"},\"image\":{\"@id\":\"https:\/\/kunmedierne.dk\/mors\/euc-nordvest-holder-fast-i-grundforloeb\/#primaryimage\"},\"thumbnailUrl\":\"https:\/\/kunmedierne.dk\/mors\/wp-content\/uploads\/2020\/03\/200309-euc-nordest.jpg\",\"datePublished\":\"2020-03-25T11:54:25+00:00\",\"dateModified\":\"2024-08-12T12:06:18+00:00\",\"breadcrumb\":{\"@id\":\"https:\/\/kunmedierne.dk\/mors\/euc-nordvest-holder-fast-i-grundforloeb\/#breadcrumb\"},\"inLanguage\":\"da-DK\",\"potentialAction\":[{\"@type\":\"ReadAction\",\"target\":[\"https:\/\/kunmedierne.dk\/mors\/euc-nordvest-holder-fast-i-grundforloeb\/\"]}]},{\"@type\":\"ImageObject\",\"inLanguage\":\"da-DK\",\"@id\":\"https:\/\/kunmedierne.dk\/mors\/euc-nordvest-holder-fast-i-grundforloeb\/#primaryimage\",\"url\":\"https:\/\/kunmedierne.dk\/mors\/wp-content\/uploads\/2020\/03\/200309-euc-nordest.jpg\",\"contentUrl\":\"https:\/\/kunmedierne.dk\/mors\/wp-content\/uploads\/2020\/03\/200309-euc-nordest.jpg\",\"width\":770,\"height\":513},{\"@type\":\"BreadcrumbList\",\"@id\":\"https:\/\/kunmedierne.dk\/mors\/euc-nordvest-holder-fast-i-grundforloeb\/#breadcrumb\",\"itemListElement\":[{\"@type\":\"ListItem\",\"position\":1,\"name\":\"Hjem\",\"item\":\"https:\/\/kunmedierne.dk\/mors\/\"},{\"@type\":\"ListItem\",\"position\":2,\"name\":\"EUC Nordvest holder fast i grundforl\u00f8b\"}]},{\"@type\":\"WebSite\",\"@id\":\"https:\/\/kunmedierne.dk\/mors\/#website\",\"url\":\"https:\/\/kunmedierne.dk\/mors\/\",\"name\":\"Mors\",\"description\":\"et netmedie med journalistik om livet p\u00e5 Mors\",\"publisher\":{\"@id\":\"https:\/\/kunmedierne.dk\/mors\/#organization\"},\"potentialAction\":[{\"@type\":\"SearchAction\",\"target\":{\"@type\":\"EntryPoint\",\"urlTemplate\":\"https:\/\/kunmedierne.dk\/mors\/?s={search_term_string}\"},\"query-input\":{\"@type\":\"PropertyValueSpecification\",\"valueRequired\":true,\"valueName\":\"search_term_string\"}}],\"inLanguage\":\"da-DK\"},{\"@type\":\"Organization\",\"@id\":\"https:\/\/kunmedierne.dk\/mors\/#organization\",\"name\":\"Mors\",\"url\":\"https:\/\/kunmedierne.dk\/mors\/\",\"logo\":{\"@type\":\"ImageObject\",\"inLanguage\":\"da-DK\",\"@id\":\"https:\/\/kunmedierne.dk\/mors\/#\/schema\/logo\/image\/\",\"url\":\"https:\/\/kunmedierne.dk\/mors\/wp-content\/uploads\/2024\/08\/kunmors-logo.svg\",\"contentUrl\":\"https:\/\/kunmedierne.dk\/mors\/wp-content\/uploads\/2024\/08\/kunmors-logo.svg\",\"caption\":\"Mors\"},\"image\":{\"@id\":\"https:\/\/kunmedierne.dk\/mors\/#\/schema\/logo\/image\/\"}},{\"@type\":\"Person\",\"@id\":\"https:\/\/kunmedierne.dk\/mors\/#\/schema\/person\/5fe23251bf1d0abbcdc6f7896579d548\",\"name\":\"David H\u00f8jmark\",\"image\":{\"@type\":\"ImageObject\",\"inLanguage\":\"da-DK\",\"@id\":\"https:\/\/kunmedierne.dk\/mors\/#\/schema\/person\/image\/\",\"url\":\"https:\/\/secure.gravatar.com\/avatar\/4315d6fb9ef244d729989f5f90268eb08d5bf8a3d84402f595fa194bb35784fd?s=96&d=mm&r=g\",\"contentUrl\":\"https:\/\/secure.gravatar.com\/avatar\/4315d6fb9ef244d729989f5f90268eb08d5bf8a3d84402f595fa194bb35784fd?s=96&d=mm&r=g\",\"caption\":\"David H\u00f8jmark\"},\"sameAs\":[\"https:\/\/www.kunmedierne.dk\"],\"url\":\"https:\/\/kunmedierne.dk\/mors\/author\/david\/\"}]}<\/script>\n<!-- \/ Yoast SEO plugin. -->","yoast_head_json":{"title":"EUC Nordvest holder fast i grundforl\u00f8b - Mors","robots":{"index":"index","follow":"follow","max-snippet":"max-snippet:-1","max-image-preview":"max-image-preview:large","max-video-preview":"max-video-preview:-1"},"canonical":"https:\/\/kunmedierne.dk\/mors\/euc-nordvest-holder-fast-i-grundforloeb\/","og_locale":"da_DK","og_type":"article","og_title":"EUC Nordvest holder fast i grundforl\u00f8b - Mors","og_description":"MORS: Dr\u00f8mmen om at p\u00e5begynde en erhvervsuddannelse bliver ikke slukket af, at EUC Nordvest som s\u00e5 mange andre er lukket ned under coronakrisen. Der bliver ikke undervist p\u00e5 matriklen, men det g\u00f8r der online. Og det nye grundforl\u00f8b, GF+, der er m\u00e5lrettet voksne og unge med behov for afklaring og opkvalificering, inden de begynder p\u00e5 [&hellip;]","og_url":"https:\/\/kunmedierne.dk\/mors\/euc-nordvest-holder-fast-i-grundforloeb\/","og_site_name":"Mors","article_published_time":"2020-03-25T11:54:25+00:00","article_modified_time":"2024-08-12T12:06:18+00:00","og_image":[{"width":770,"height":513,"url":"https:\/\/kunmedierne.dk\/mors\/wp-content\/uploads\/2020\/03\/200309-euc-nordest.jpg","type":"image\/jpeg"}],"author":"David H\u00f8jmark","twitter_card":"summary_large_image","twitter_misc":{"Skrevet af":"David H\u00f8jmark","Estimeret l\u00e6setid":"2 minutter"},"schema":{"@context":"https:\/\/schema.org","@graph":[{"@type":"Article","@id":"https:\/\/kunmedierne.dk\/mors\/euc-nordvest-holder-fast-i-grundforloeb\/#article","isPartOf":{"@id":"https:\/\/kunmedierne.dk\/mors\/euc-nordvest-holder-fast-i-grundforloeb\/"},"author":{"name":"David H\u00f8jmark","@id":"https:\/\/kunmedierne.dk\/mors\/#\/schema\/person\/5fe23251bf1d0abbcdc6f7896579d548"},"headline":"EUC Nordvest holder fast i grundforl\u00f8b","datePublished":"2020-03-25T11:54:25+00:00","dateModified":"2024-08-12T12:06:18+00:00","mainEntityOfPage":{"@id":"https:\/\/kunmedierne.dk\/mors\/euc-nordvest-holder-fast-i-grundforloeb\/"},"wordCount":318,"commentCount":0,"publisher":{"@id":"https:\/\/kunmedierne.dk\/mors\/#organization"},"image":{"@id":"https:\/\/kunmedierne.dk\/mors\/euc-nordvest-holder-fast-i-grundforloeb\/#primaryimage"},"thumbnailUrl":"https:\/\/kunmedierne.dk\/mors\/wp-content\/uploads\/2020\/03\/200309-euc-nordest.jpg","keywords":["Skoler og uddannelse"],"articleSection":["Lokalt"],"inLanguage":"da-DK","potentialAction":[{"@type":"CommentAction","name":"Comment","target":["https:\/\/kunmedierne.dk\/mors\/euc-nordvest-holder-fast-i-grundforloeb\/#respond"]}]},{"@type":"WebPage","@id":"https:\/\/kunmedierne.dk\/mors\/euc-nordvest-holder-fast-i-grundforloeb\/","url":"https:\/\/kunmedierne.dk\/mors\/euc-nordvest-holder-fast-i-grundforloeb\/","name":"EUC Nordvest holder fast i grundforl\u00f8b - Mors","isPartOf":{"@id":"https:\/\/kunmedierne.dk\/mors\/#website"},"primaryImageOfPage":{"@id":"https:\/\/kunmedierne.dk\/mors\/euc-nordvest-holder-fast-i-grundforloeb\/#primaryimage"},"image":{"@id":"https:\/\/kunmedierne.dk\/mors\/euc-nordvest-holder-fast-i-grundforloeb\/#primaryimage"},"thumbnailUrl":"https:\/\/kunmedierne.dk\/mors\/wp-content\/uploads\/2020\/03\/200309-euc-nordest.jpg","datePublished":"2020-03-25T11:54:25+00:00","dateModified":"2024-08-12T12:06:18+00:00","breadcrumb":{"@id":"https:\/\/kunmedierne.dk\/mors\/euc-nordvest-holder-fast-i-grundforloeb\/#breadcrumb"},"inLanguage":"da-DK","potentialAction":[{"@type":"ReadAction","target":["https:\/\/kunmedierne.dk\/mors\/euc-nordvest-holder-fast-i-grundforloeb\/"]}]},{"@type":"ImageObject","inLanguage":"da-DK","@id":"https:\/\/kunmedierne.dk\/mors\/euc-nordvest-holder-fast-i-grundforloeb\/#primaryimage","url":"https:\/\/kunmedierne.dk\/mors\/wp-content\/uploads\/2020\/03\/200309-euc-nordest.jpg","contentUrl":"https:\/\/kunmedierne.dk\/mors\/wp-content\/uploads\/2020\/03\/200309-euc-nordest.jpg","width":770,"height":513},{"@type":"BreadcrumbList","@id":"https:\/\/kunmedierne.dk\/mors\/euc-nordvest-holder-fast-i-grundforloeb\/#breadcrumb","itemListElement":[{"@type":"ListItem","position":1,"name":"Hjem","item":"https:\/\/kunmedierne.dk\/mors\/"},{"@type":"ListItem","position":2,"name":"EUC Nordvest holder fast i grundforl\u00f8b"}]},{"@type":"WebSite","@id":"https:\/\/kunmedierne.dk\/mors\/#website","url":"https:\/\/kunmedierne.dk\/mors\/","name":"Mors","description":"et netmedie med journalistik om livet p\u00e5 Mors","publisher":{"@id":"https:\/\/kunmedierne.dk\/mors\/#organization"},"potentialAction":[{"@type":"SearchAction","target":{"@type":"EntryPoint","urlTemplate":"https:\/\/kunmedierne.dk\/mors\/?s={search_term_string}"},"query-input":{"@type":"PropertyValueSpecification","valueRequired":true,"valueName":"search_term_string"}}],"inLanguage":"da-DK"},{"@type":"Organization","@id":"https:\/\/kunmedierne.dk\/mors\/#organization","name":"Mors","url":"https:\/\/kunmedierne.dk\/mors\/","logo":{"@type":"ImageObject","inLanguage":"da-DK","@id":"https:\/\/kunmedierne.dk\/mors\/#\/schema\/logo\/image\/","url":"https:\/\/kunmedierne.dk\/mors\/wp-content\/uploads\/2024\/08\/kunmors-logo.svg","contentUrl":"https:\/\/kunmedierne.dk\/mors\/wp-content\/uploads\/2024\/08\/kunmors-logo.svg","caption":"Mors"},"image":{"@id":"https:\/\/kunmedierne.dk\/mors\/#\/schema\/logo\/image\/"}},{"@type":"Person","@id":"https:\/\/kunmedierne.dk\/mors\/#\/schema\/person\/5fe23251bf1d0abbcdc6f7896579d548","name":"David H\u00f8jmark","image":{"@type":"ImageObject","inLanguage":"da-DK","@id":"https:\/\/kunmedierne.dk\/mors\/#\/schema\/person\/image\/","url":"https:\/\/secure.gravatar.com\/avatar\/4315d6fb9ef244d729989f5f90268eb08d5bf8a3d84402f595fa194bb35784fd?s=96&d=mm&r=g","contentUrl":"https:\/\/secure.gravatar.com\/avatar\/4315d6fb9ef244d729989f5f90268eb08d5bf8a3d84402f595fa194bb35784fd?s=96&d=mm&r=g","caption":"David H\u00f8jmark"},"sameAs":["https:\/\/www.kunmedierne.dk"],"url":"https:\/\/kunmedierne.dk\/mors\/author\/david\/"}]}},"_links":{"self":[{"href":"https:\/\/kunmedierne.dk\/mors\/wp-json\/wp\/v2\/posts\/14735","targetHints":{"allow":["GET"]}}],"collection":[{"href":"https:\/\/kunmedierne.dk\/mors\/wp-json\/wp\/v2\/posts"}],"about":[{"href":"https:\/\/kunmedierne.dk\/mors\/wp-json\/wp\/v2\/types\/post"}],"author":[{"embeddable":true,"href":"https:\/\/kunmedierne.dk\/mors\/wp-json\/wp\/v2\/users\/8"}],"replies":[{"embeddable":true,"href":"https:\/\/kunmedierne.dk\/mors\/wp-json\/wp\/v2\/comments?post=14735"}],"version-history":[{"count":1,"href":"https:\/\/kunmedierne.dk\/mors\/wp-json\/wp\/v2\/posts\/14735\/revisions"}],"predecessor-version":[{"id":14736,"href":"https:\/\/kunmedierne.dk\/mors\/wp-json\/wp\/v2\/posts\/14735\/revisions\/14736"}],"wp:featuredmedia":[{"embeddable":true,"href":"https:\/\/kunmedierne.dk\/mors\/wp-json\/wp\/v2\/media\/12227"}],"wp:attachment":[{"href":"https:\/\/kunmedierne.dk\/mors\/wp-json\/wp\/v2\/media?parent=14735"}],"wp:term":[{"taxonomy":"category","embeddable":true,"href":"https:\/\/kunmedierne.dk\/mors\/wp-json\/wp\/v2\/categories?post=14735"},{"taxonomy":"post_tag","embeddable":true,"href":"https:\/\/kunmedierne.dk\/mors\/wp-json\/wp\/v2\/tags?post=14735"}],"curies":[{"name":"wp","href":"https:\/\/api.w.org\/{rel}","templated":true}]}}