{"id":14727,"date":"2020-03-25T08:50:48","date_gmt":"2020-03-25T07:50:48","guid":{"rendered":"https:\/\/kunmedierne.dk\/mors\/?p=14727"},"modified":"2024-08-12T14:06:18","modified_gmt":"2024-08-12T12:06:18","slug":"laeger-er-bekymrede-over-faerre-konsultationer-under-coronakrisen","status":"publish","type":"post","link":"https:\/\/kunmedierne.dk\/mors\/laeger-er-bekymrede-over-faerre-konsultationer-under-coronakrisen\/","title":{"rendered":"L\u00e6ger er bekymrede over f\u00e6rre konsultationer under coronakrisen"},"content":{"rendered":"<p><strong>MORS<\/strong>: Man skal stadig kontakte sin praktiserende l\u00e6ge, hvis man fejler andet end Covid-19.<\/p>\n<p>S\u00e5dan lyder det fra Region Nordjylland, der oplyser, at antallet af konsultationer hos de praktiserende l\u00e6ger i de seneste uger er n\u00e6sten halveret. Patienterne henvender sig i langt mindre grad, og det samme er tilf\u00e6ldet med opkald til l\u00e6gevagten, lyder det.<\/p>\n<p>Tendensen g\u00e6lder ogs\u00e5 andre steder i landet, og det bekymrer nordjyske l\u00e6ger.<\/p>\n<p class=\"v1Brdtekst-PM\">&#8220;Vi er bekymret for, om der er patienter, der venter for l\u00e6nge med at reagere p\u00e5 nogle symptomer, som slet ikke handler om corona. Vi frygter, at der er patienter, der har helbredsproblemer, der ikke bliver h\u00e5ndteret i tide,&#8221; siger Annemette Alstrup, formand for Praktiserende L\u00e6gers Organisation (PLO) i Nordjylland.<\/p>\n<p class=\"v1Brdtekst-PM\">Covid-19 h\u00e5ndteres p\u00e5 tv\u00e6rs af landets sundhedsv\u00e6sen. Det vil sige i et t\u00e6t samspil mellem de nationale myndigheder, Region Nordjylland, kommunerne og PLO. Det foreg\u00e5r i et t\u00e6t samarbejde, hvor ogs\u00e5 mulige konsekvenser af Covid-19 n\u00f8je overv\u00e5ges og handles p\u00e5.<\/p>\n<p class=\"v1Brdtekst-PM\">&#8220;Vi er glade for, at nordjyderne har taget budskabet til sig om at blive hjemme, s\u00e5 vi mindsker smittespredningen. Det er virkelig flot, at vi st\u00e5r sammen. Men det er selvf\u00f8lgelig vigtigt, at borgerne reagerer, hvis de har symptomer p\u00e5 anden alvorlig sygdom,&#8221; siger regionsr\u00e5dsformand Ulla Astman (S).<\/p>\n<p>&nbsp;<\/p>\n<p><strong>Ring altid f\u00f8rst til egen l\u00e6ge<\/strong><\/p>\n<p>Patienter m\u00e5 med andre ord gerne tage kontakt til sin egen l\u00e6ge, men det foreg\u00e5r blot p\u00e5 en lidt anden m\u00e5de i dag, fort\u00e6ller Region Nordjylland.<\/p>\n<p class=\"v1Brdtekst-PM\">Man skal altid ringe f\u00f8rst eller sende en mail til sin l\u00e6ge &#8211; og alts\u00e5 ikke m\u00f8de fysisk op hos sin praktiserende l\u00e6ge. Men kan opleve, at konsultationen med l\u00e6gen bliver erstattet af en samtale over telefon eller over video.<\/p>\n<p class=\"v1Brdtekst-PM\">Hvis det er n\u00f8dvendigt med en unders\u00f8gelse eller kontrol af sygdom, vil man stadig f\u00e5 tilbudt en konsultationstid eller et sygebes\u00f8g.<\/p>\n","protected":false},"excerpt":{"rendered":"<p>MORS: Man skal stadig kontakte sin praktiserende l\u00e6ge, hvis man fejler andet end Covid-19. S\u00e5dan lyder det fra Region Nordjylland, der oplyser, at antallet af konsultationer hos de praktiserende l\u00e6ger i de seneste uger er n\u00e6sten halveret. Patienterne henvender sig i langt mindre grad, og det samme er tilf\u00e6ldet med opkald til l\u00e6gevagten, lyder det. [&hellip;]<\/p>\n","protected":false},"author":8,"featured_media":14728,"comment_status":"open","ping_status":"open","sticky":false,"template":"","format":"standard","meta":{"_acf_changed":false,"footnotes":""},"categories":[51],"tags":[],"class_list":["post-14727","post","type-post","status-publish","format-standard","has-post-thumbnail","hentry","category-lokalt"],"acf":[],"yoast_head":"<!-- This site is optimized with the Yoast SEO plugin v26.8 - https:\/\/yoast.com\/product\/yoast-seo-wordpress\/ -->\n<title>L\u00e6ger er bekymrede over f\u00e6rre konsultationer under coronakrisen - Mors<\/title>\n<meta name=\"robots\" content=\"index, follow, max-snippet:-1, max-image-preview:large, max-video-preview:-1\" \/>\n<link rel=\"canonical\" href=\"https:\/\/kunmedierne.dk\/mors\/laeger-er-bekymrede-over-faerre-konsultationer-under-coronakrisen\/\" \/>\n<meta property=\"og:locale\" content=\"da_DK\" \/>\n<meta property=\"og:type\" content=\"article\" \/>\n<meta property=\"og:title\" content=\"L\u00e6ger er bekymrede over f\u00e6rre konsultationer under coronakrisen - Mors\" \/>\n<meta property=\"og:description\" content=\"MORS: Man skal stadig kontakte sin praktiserende l\u00e6ge, hvis man fejler andet end Covid-19. S\u00e5dan lyder det fra Region Nordjylland, der oplyser, at antallet af konsultationer hos de praktiserende l\u00e6ger i de seneste uger er n\u00e6sten halveret. Patienterne henvender sig i langt mindre grad, og det samme er tilf\u00e6ldet med opkald til l\u00e6gevagten, lyder det. [&hellip;]\" \/>\n<meta property=\"og:url\" content=\"https:\/\/kunmedierne.dk\/mors\/laeger-er-bekymrede-over-faerre-konsultationer-under-coronakrisen\/\" \/>\n<meta property=\"og:site_name\" content=\"Mors\" \/>\n<meta property=\"article:published_time\" content=\"2020-03-25T07:50:48+00:00\" \/>\n<meta property=\"article:modified_time\" content=\"2024-08-12T12:06:18+00:00\" \/>\n<meta property=\"og:image\" content=\"https:\/\/kunmedierne.dk\/mors\/wp-content\/uploads\/2020\/03\/200325-l\u00e6ge-Photo-by-Online-Marketing-on-Unsplash.jpg\" \/>\n\t<meta property=\"og:image:width\" content=\"770\" \/>\n\t<meta property=\"og:image:height\" content=\"513\" \/>\n\t<meta property=\"og:image:type\" content=\"image\/jpeg\" \/>\n<meta name=\"author\" content=\"David H\u00f8jmark\" \/>\n<meta name=\"twitter:card\" content=\"summary_large_image\" \/>\n<meta name=\"twitter:label1\" content=\"Skrevet af\" \/>\n\t<meta name=\"twitter:data1\" content=\"David H\u00f8jmark\" \/>\n\t<meta name=\"twitter:label2\" content=\"Estimeret l\u00e6setid\" \/>\n\t<meta name=\"twitter:data2\" content=\"2 minutter\" \/>\n<script type=\"application\/ld+json\" class=\"yoast-schema-graph\">{\"@context\":\"https:\/\/schema.org\",\"@graph\":[{\"@type\":\"Article\",\"@id\":\"https:\/\/kunmedierne.dk\/mors\/laeger-er-bekymrede-over-faerre-konsultationer-under-coronakrisen\/#article\",\"isPartOf\":{\"@id\":\"https:\/\/kunmedierne.dk\/mors\/laeger-er-bekymrede-over-faerre-konsultationer-under-coronakrisen\/\"},\"author\":{\"name\":\"David H\u00f8jmark\",\"@id\":\"https:\/\/kunmedierne.dk\/mors\/#\/schema\/person\/5fe23251bf1d0abbcdc6f7896579d548\"},\"headline\":\"L\u00e6ger er bekymrede over f\u00e6rre konsultationer under coronakrisen\",\"datePublished\":\"2020-03-25T07:50:48+00:00\",\"dateModified\":\"2024-08-12T12:06:18+00:00\",\"mainEntityOfPage\":{\"@id\":\"https:\/\/kunmedierne.dk\/mors\/laeger-er-bekymrede-over-faerre-konsultationer-under-coronakrisen\/\"},\"wordCount\":345,\"commentCount\":0,\"publisher\":{\"@id\":\"https:\/\/kunmedierne.dk\/mors\/#organization\"},\"image\":{\"@id\":\"https:\/\/kunmedierne.dk\/mors\/laeger-er-bekymrede-over-faerre-konsultationer-under-coronakrisen\/#primaryimage\"},\"thumbnailUrl\":\"https:\/\/kunmedierne.dk\/mors\/wp-content\/uploads\/2020\/03\/200325-l\u00e6ge-Photo-by-Online-Marketing-on-Unsplash.jpg\",\"articleSection\":[\"Lokalt\"],\"inLanguage\":\"da-DK\",\"potentialAction\":[{\"@type\":\"CommentAction\",\"name\":\"Comment\",\"target\":[\"https:\/\/kunmedierne.dk\/mors\/laeger-er-bekymrede-over-faerre-konsultationer-under-coronakrisen\/#respond\"]}]},{\"@type\":\"WebPage\",\"@id\":\"https:\/\/kunmedierne.dk\/mors\/laeger-er-bekymrede-over-faerre-konsultationer-under-coronakrisen\/\",\"url\":\"https:\/\/kunmedierne.dk\/mors\/laeger-er-bekymrede-over-faerre-konsultationer-under-coronakrisen\/\",\"name\":\"L\u00e6ger er bekymrede over f\u00e6rre konsultationer under coronakrisen - Mors\",\"isPartOf\":{\"@id\":\"https:\/\/kunmedierne.dk\/mors\/#website\"},\"primaryImageOfPage\":{\"@id\":\"https:\/\/kunmedierne.dk\/mors\/laeger-er-bekymrede-over-faerre-konsultationer-under-coronakrisen\/#primaryimage\"},\"image\":{\"@id\":\"https:\/\/kunmedierne.dk\/mors\/laeger-er-bekymrede-over-faerre-konsultationer-under-coronakrisen\/#primaryimage\"},\"thumbnailUrl\":\"https:\/\/kunmedierne.dk\/mors\/wp-content\/uploads\/2020\/03\/200325-l\u00e6ge-Photo-by-Online-Marketing-on-Unsplash.jpg\",\"datePublished\":\"2020-03-25T07:50:48+00:00\",\"dateModified\":\"2024-08-12T12:06:18+00:00\",\"breadcrumb\":{\"@id\":\"https:\/\/kunmedierne.dk\/mors\/laeger-er-bekymrede-over-faerre-konsultationer-under-coronakrisen\/#breadcrumb\"},\"inLanguage\":\"da-DK\",\"potentialAction\":[{\"@type\":\"ReadAction\",\"target\":[\"https:\/\/kunmedierne.dk\/mors\/laeger-er-bekymrede-over-faerre-konsultationer-under-coronakrisen\/\"]}]},{\"@type\":\"ImageObject\",\"inLanguage\":\"da-DK\",\"@id\":\"https:\/\/kunmedierne.dk\/mors\/laeger-er-bekymrede-over-faerre-konsultationer-under-coronakrisen\/#primaryimage\",\"url\":\"https:\/\/kunmedierne.dk\/mors\/wp-content\/uploads\/2020\/03\/200325-l\u00e6ge-Photo-by-Online-Marketing-on-Unsplash.jpg\",\"contentUrl\":\"https:\/\/kunmedierne.dk\/mors\/wp-content\/uploads\/2020\/03\/200325-l\u00e6ge-Photo-by-Online-Marketing-on-Unsplash.jpg\",\"width\":770,\"height\":513,\"caption\":\"L\u00e6gerne tager sig ogs\u00e5 af andet end coronavirus. Modelfoto: Online Marketing\/ Unsplash.\"},{\"@type\":\"BreadcrumbList\",\"@id\":\"https:\/\/kunmedierne.dk\/mors\/laeger-er-bekymrede-over-faerre-konsultationer-under-coronakrisen\/#breadcrumb\",\"itemListElement\":[{\"@type\":\"ListItem\",\"position\":1,\"name\":\"Hjem\",\"item\":\"https:\/\/kunmedierne.dk\/mors\/\"},{\"@type\":\"ListItem\",\"position\":2,\"name\":\"L\u00e6ger er bekymrede over f\u00e6rre konsultationer under coronakrisen\"}]},{\"@type\":\"WebSite\",\"@id\":\"https:\/\/kunmedierne.dk\/mors\/#website\",\"url\":\"https:\/\/kunmedierne.dk\/mors\/\",\"name\":\"Mors\",\"description\":\"et netmedie med journalistik om livet p\u00e5 Mors\",\"publisher\":{\"@id\":\"https:\/\/kunmedierne.dk\/mors\/#organization\"},\"potentialAction\":[{\"@type\":\"SearchAction\",\"target\":{\"@type\":\"EntryPoint\",\"urlTemplate\":\"https:\/\/kunmedierne.dk\/mors\/?s={search_term_string}\"},\"query-input\":{\"@type\":\"PropertyValueSpecification\",\"valueRequired\":true,\"valueName\":\"search_term_string\"}}],\"inLanguage\":\"da-DK\"},{\"@type\":\"Organization\",\"@id\":\"https:\/\/kunmedierne.dk\/mors\/#organization\",\"name\":\"Mors\",\"url\":\"https:\/\/kunmedierne.dk\/mors\/\",\"logo\":{\"@type\":\"ImageObject\",\"inLanguage\":\"da-DK\",\"@id\":\"https:\/\/kunmedierne.dk\/mors\/#\/schema\/logo\/image\/\",\"url\":\"https:\/\/kunmedierne.dk\/mors\/wp-content\/uploads\/2024\/08\/kunmors-logo.svg\",\"contentUrl\":\"https:\/\/kunmedierne.dk\/mors\/wp-content\/uploads\/2024\/08\/kunmors-logo.svg\",\"caption\":\"Mors\"},\"image\":{\"@id\":\"https:\/\/kunmedierne.dk\/mors\/#\/schema\/logo\/image\/\"}},{\"@type\":\"Person\",\"@id\":\"https:\/\/kunmedierne.dk\/mors\/#\/schema\/person\/5fe23251bf1d0abbcdc6f7896579d548\",\"name\":\"David H\u00f8jmark\",\"image\":{\"@type\":\"ImageObject\",\"inLanguage\":\"da-DK\",\"@id\":\"https:\/\/kunmedierne.dk\/mors\/#\/schema\/person\/image\/\",\"url\":\"https:\/\/secure.gravatar.com\/avatar\/4315d6fb9ef244d729989f5f90268eb08d5bf8a3d84402f595fa194bb35784fd?s=96&d=mm&r=g\",\"contentUrl\":\"https:\/\/secure.gravatar.com\/avatar\/4315d6fb9ef244d729989f5f90268eb08d5bf8a3d84402f595fa194bb35784fd?s=96&d=mm&r=g\",\"caption\":\"David H\u00f8jmark\"},\"sameAs\":[\"https:\/\/www.kunmedierne.dk\"],\"url\":\"https:\/\/kunmedierne.dk\/mors\/author\/david\/\"}]}<\/script>\n<!-- \/ Yoast SEO plugin. -->","yoast_head_json":{"title":"L\u00e6ger er bekymrede over f\u00e6rre konsultationer under coronakrisen - Mors","robots":{"index":"index","follow":"follow","max-snippet":"max-snippet:-1","max-image-preview":"max-image-preview:large","max-video-preview":"max-video-preview:-1"},"canonical":"https:\/\/kunmedierne.dk\/mors\/laeger-er-bekymrede-over-faerre-konsultationer-under-coronakrisen\/","og_locale":"da_DK","og_type":"article","og_title":"L\u00e6ger er bekymrede over f\u00e6rre konsultationer under coronakrisen - Mors","og_description":"MORS: Man skal stadig kontakte sin praktiserende l\u00e6ge, hvis man fejler andet end Covid-19. S\u00e5dan lyder det fra Region Nordjylland, der oplyser, at antallet af konsultationer hos de praktiserende l\u00e6ger i de seneste uger er n\u00e6sten halveret. Patienterne henvender sig i langt mindre grad, og det samme er tilf\u00e6ldet med opkald til l\u00e6gevagten, lyder det. [&hellip;]","og_url":"https:\/\/kunmedierne.dk\/mors\/laeger-er-bekymrede-over-faerre-konsultationer-under-coronakrisen\/","og_site_name":"Mors","article_published_time":"2020-03-25T07:50:48+00:00","article_modified_time":"2024-08-12T12:06:18+00:00","og_image":[{"width":770,"height":513,"url":"https:\/\/kunmedierne.dk\/mors\/wp-content\/uploads\/2020\/03\/200325-l\u00e6ge-Photo-by-Online-Marketing-on-Unsplash.jpg","type":"image\/jpeg"}],"author":"David H\u00f8jmark","twitter_card":"summary_large_image","twitter_misc":{"Skrevet af":"David H\u00f8jmark","Estimeret l\u00e6setid":"2 minutter"},"schema":{"@context":"https:\/\/schema.org","@graph":[{"@type":"Article","@id":"https:\/\/kunmedierne.dk\/mors\/laeger-er-bekymrede-over-faerre-konsultationer-under-coronakrisen\/#article","isPartOf":{"@id":"https:\/\/kunmedierne.dk\/mors\/laeger-er-bekymrede-over-faerre-konsultationer-under-coronakrisen\/"},"author":{"name":"David H\u00f8jmark","@id":"https:\/\/kunmedierne.dk\/mors\/#\/schema\/person\/5fe23251bf1d0abbcdc6f7896579d548"},"headline":"L\u00e6ger er bekymrede over f\u00e6rre konsultationer under coronakrisen","datePublished":"2020-03-25T07:50:48+00:00","dateModified":"2024-08-12T12:06:18+00:00","mainEntityOfPage":{"@id":"https:\/\/kunmedierne.dk\/mors\/laeger-er-bekymrede-over-faerre-konsultationer-under-coronakrisen\/"},"wordCount":345,"commentCount":0,"publisher":{"@id":"https:\/\/kunmedierne.dk\/mors\/#organization"},"image":{"@id":"https:\/\/kunmedierne.dk\/mors\/laeger-er-bekymrede-over-faerre-konsultationer-under-coronakrisen\/#primaryimage"},"thumbnailUrl":"https:\/\/kunmedierne.dk\/mors\/wp-content\/uploads\/2020\/03\/200325-l\u00e6ge-Photo-by-Online-Marketing-on-Unsplash.jpg","articleSection":["Lokalt"],"inLanguage":"da-DK","potentialAction":[{"@type":"CommentAction","name":"Comment","target":["https:\/\/kunmedierne.dk\/mors\/laeger-er-bekymrede-over-faerre-konsultationer-under-coronakrisen\/#respond"]}]},{"@type":"WebPage","@id":"https:\/\/kunmedierne.dk\/mors\/laeger-er-bekymrede-over-faerre-konsultationer-under-coronakrisen\/","url":"https:\/\/kunmedierne.dk\/mors\/laeger-er-bekymrede-over-faerre-konsultationer-under-coronakrisen\/","name":"L\u00e6ger er bekymrede over f\u00e6rre konsultationer under coronakrisen - Mors","isPartOf":{"@id":"https:\/\/kunmedierne.dk\/mors\/#website"},"primaryImageOfPage":{"@id":"https:\/\/kunmedierne.dk\/mors\/laeger-er-bekymrede-over-faerre-konsultationer-under-coronakrisen\/#primaryimage"},"image":{"@id":"https:\/\/kunmedierne.dk\/mors\/laeger-er-bekymrede-over-faerre-konsultationer-under-coronakrisen\/#primaryimage"},"thumbnailUrl":"https:\/\/kunmedierne.dk\/mors\/wp-content\/uploads\/2020\/03\/200325-l\u00e6ge-Photo-by-Online-Marketing-on-Unsplash.jpg","datePublished":"2020-03-25T07:50:48+00:00","dateModified":"2024-08-12T12:06:18+00:00","breadcrumb":{"@id":"https:\/\/kunmedierne.dk\/mors\/laeger-er-bekymrede-over-faerre-konsultationer-under-coronakrisen\/#breadcrumb"},"inLanguage":"da-DK","potentialAction":[{"@type":"ReadAction","target":["https:\/\/kunmedierne.dk\/mors\/laeger-er-bekymrede-over-faerre-konsultationer-under-coronakrisen\/"]}]},{"@type":"ImageObject","inLanguage":"da-DK","@id":"https:\/\/kunmedierne.dk\/mors\/laeger-er-bekymrede-over-faerre-konsultationer-under-coronakrisen\/#primaryimage","url":"https:\/\/kunmedierne.dk\/mors\/wp-content\/uploads\/2020\/03\/200325-l\u00e6ge-Photo-by-Online-Marketing-on-Unsplash.jpg","contentUrl":"https:\/\/kunmedierne.dk\/mors\/wp-content\/uploads\/2020\/03\/200325-l\u00e6ge-Photo-by-Online-Marketing-on-Unsplash.jpg","width":770,"height":513,"caption":"L\u00e6gerne tager sig ogs\u00e5 af andet end coronavirus. Modelfoto: Online Marketing\/ Unsplash."},{"@type":"BreadcrumbList","@id":"https:\/\/kunmedierne.dk\/mors\/laeger-er-bekymrede-over-faerre-konsultationer-under-coronakrisen\/#breadcrumb","itemListElement":[{"@type":"ListItem","position":1,"name":"Hjem","item":"https:\/\/kunmedierne.dk\/mors\/"},{"@type":"ListItem","position":2,"name":"L\u00e6ger er bekymrede over f\u00e6rre konsultationer under coronakrisen"}]},{"@type":"WebSite","@id":"https:\/\/kunmedierne.dk\/mors\/#website","url":"https:\/\/kunmedierne.dk\/mors\/","name":"Mors","description":"et netmedie med journalistik om livet p\u00e5 Mors","publisher":{"@id":"https:\/\/kunmedierne.dk\/mors\/#organization"},"potentialAction":[{"@type":"SearchAction","target":{"@type":"EntryPoint","urlTemplate":"https:\/\/kunmedierne.dk\/mors\/?s={search_term_string}"},"query-input":{"@type":"PropertyValueSpecification","valueRequired":true,"valueName":"search_term_string"}}],"inLanguage":"da-DK"},{"@type":"Organization","@id":"https:\/\/kunmedierne.dk\/mors\/#organization","name":"Mors","url":"https:\/\/kunmedierne.dk\/mors\/","logo":{"@type":"ImageObject","inLanguage":"da-DK","@id":"https:\/\/kunmedierne.dk\/mors\/#\/schema\/logo\/image\/","url":"https:\/\/kunmedierne.dk\/mors\/wp-content\/uploads\/2024\/08\/kunmors-logo.svg","contentUrl":"https:\/\/kunmedierne.dk\/mors\/wp-content\/uploads\/2024\/08\/kunmors-logo.svg","caption":"Mors"},"image":{"@id":"https:\/\/kunmedierne.dk\/mors\/#\/schema\/logo\/image\/"}},{"@type":"Person","@id":"https:\/\/kunmedierne.dk\/mors\/#\/schema\/person\/5fe23251bf1d0abbcdc6f7896579d548","name":"David H\u00f8jmark","image":{"@type":"ImageObject","inLanguage":"da-DK","@id":"https:\/\/kunmedierne.dk\/mors\/#\/schema\/person\/image\/","url":"https:\/\/secure.gravatar.com\/avatar\/4315d6fb9ef244d729989f5f90268eb08d5bf8a3d84402f595fa194bb35784fd?s=96&d=mm&r=g","contentUrl":"https:\/\/secure.gravatar.com\/avatar\/4315d6fb9ef244d729989f5f90268eb08d5bf8a3d84402f595fa194bb35784fd?s=96&d=mm&r=g","caption":"David H\u00f8jmark"},"sameAs":["https:\/\/www.kunmedierne.dk"],"url":"https:\/\/kunmedierne.dk\/mors\/author\/david\/"}]}},"_links":{"self":[{"href":"https:\/\/kunmedierne.dk\/mors\/wp-json\/wp\/v2\/posts\/14727","targetHints":{"allow":["GET"]}}],"collection":[{"href":"https:\/\/kunmedierne.dk\/mors\/wp-json\/wp\/v2\/posts"}],"about":[{"href":"https:\/\/kunmedierne.dk\/mors\/wp-json\/wp\/v2\/types\/post"}],"author":[{"embeddable":true,"href":"https:\/\/kunmedierne.dk\/mors\/wp-json\/wp\/v2\/users\/8"}],"replies":[{"embeddable":true,"href":"https:\/\/kunmedierne.dk\/mors\/wp-json\/wp\/v2\/comments?post=14727"}],"version-history":[{"count":5,"href":"https:\/\/kunmedierne.dk\/mors\/wp-json\/wp\/v2\/posts\/14727\/revisions"}],"predecessor-version":[{"id":14733,"href":"https:\/\/kunmedierne.dk\/mors\/wp-json\/wp\/v2\/posts\/14727\/revisions\/14733"}],"wp:featuredmedia":[{"embeddable":true,"href":"https:\/\/kunmedierne.dk\/mors\/wp-json\/wp\/v2\/media\/14728"}],"wp:attachment":[{"href":"https:\/\/kunmedierne.dk\/mors\/wp-json\/wp\/v2\/media?parent=14727"}],"wp:term":[{"taxonomy":"category","embeddable":true,"href":"https:\/\/kunmedierne.dk\/mors\/wp-json\/wp\/v2\/categories?post=14727"},{"taxonomy":"post_tag","embeddable":true,"href":"https:\/\/kunmedierne.dk\/mors\/wp-json\/wp\/v2\/tags?post=14727"}],"curies":[{"name":"wp","href":"https:\/\/api.w.org\/{rel}","templated":true}]}}