{"id":147126,"date":"2025-05-24T14:30:12","date_gmt":"2025-05-24T12:30:12","guid":{"rendered":"https:\/\/kunmedierne.dk\/mors\/?p=147126"},"modified":"2025-05-27T12:29:28","modified_gmt":"2025-05-27T10:29:28","slug":"poul-a-fortsaetter-med-nye-ejere","status":"publish","type":"post","link":"https:\/\/kunmedierne.dk\/mors\/poul-a-fortsaetter-med-nye-ejere\/","title":{"rendered":"Poul A forts\u00e6tter med nye ejere"},"content":{"rendered":"<p><strong>HANDEL<\/strong>: En af \u00f8ens mest traditionsrige butikker forts\u00e6tter som hidtil.<\/p>\n<p>Det st\u00e5r klar knap to m\u00e5neder efter, at Frede Kj\u00e6r Pedersen, indehaver af Poul A Outdoor og Erhverv, afgik ved d\u00f8den. Siden blev der etableret oph\u00f8rsudsalg og meldt ud om den snarlige lukning &#8211; men med et h\u00e5b om, at en k\u00f8ber ville sl\u00e5 til og f\u00f8re butikken videre.<\/p>\n<p>\u2013 Jeg kan slet ikke forst\u00e5, at der ikke er nogen, der er sprunget p\u00e5. Der er jo k\u00e6mpe muligheder for at udvide hele netdelen, s\u00e5 der er et k\u00e6mpe potentiale, l\u00f8d det ved den lejlighed til KunMors fra Camilla Rysholt, datter af Frede Kj\u00e6r Pedersen.<\/p>\n<a class=\"dvrt-link\" onClick=\"cdmtrack_click(104787,jQuery(this));return false\" href=\"https:\/\/www.jyskebank.dk\/kontakt\/afdelingsinfo?departmentid=11890\"><img decoding=\"async\" style=\"width:100%;\" src=\"https:\/\/kunmedierne.dk\/mors\/wp-content\/uploads\/2023\/10\/260325JyskeBankMorsNy-1.jpg\"><\/a><script>cdmtrack_view(104787);<\/script>\n<p>Nu kan b\u00e5de hun, butikkens medarbejdere og Nyk\u00f8bings g\u00e5gade i det hele taget gl\u00e6de sig over den gode nyhed: P\u00e5 vegne af Poul A Erhvervsbekl\u00e6dning bekr\u00e6fter Casper Svejstrup, at nye ejere er tr\u00e5dt til. Det bliver med overtagelse 1. juni.<\/p>\n<p>Butikken k\u00f8rer dermed videre som f\u00f8r.<\/p>\n<p>KunMors har talt med den nye indehaver af den navnkundige butik i Nyk\u00f8bings g\u00e5gade. Det kan du l\u00e6se om i en artikel s\u00f8ndag.<\/p>\n<h4>L\u00c6S OGS\u00c5:<\/h4>\n<h5><a href=\"https:\/\/kunmedierne.dk\/mors\/lukningen-af-poul-a-folk-kom-langvejsfra-og-kiggede-paa-habitter\/\" target=\"_blank\" rel=\"noopener\">Lukningen af Poul A: &#8220;Folk kom langvejsfra og kiggede p\u00e5 habitter&#8221;<\/a><\/h5>\n","protected":false},"excerpt":{"rendered":"<p>HANDEL: En af \u00f8ens mest traditionsrige butikker forts\u00e6tter som hidtil. Det st\u00e5r klar knap to m\u00e5neder efter, at Frede Kj\u00e6r Pedersen, indehaver af Poul A Outdoor og Erhverv, afgik ved d\u00f8den. Siden blev der etableret oph\u00f8rsudsalg og meldt ud om den snarlige lukning &#8211; men med et h\u00e5b om, at en k\u00f8ber ville sl\u00e5 til [&hellip;]<\/p>\n","protected":false},"author":8,"featured_media":0,"comment_status":"closed","ping_status":"closed","sticky":false,"template":"","format":"standard","meta":{"_acf_changed":false,"footnotes":""},"categories":[51],"tags":[160],"class_list":["post-147126","post","type-post","status-publish","format-standard","hentry","category-lokalt","tag-handel"],"acf":[],"yoast_head":"<!-- This site is optimized with the Yoast SEO plugin v26.8 - https:\/\/yoast.com\/product\/yoast-seo-wordpress\/ -->\n<title>Poul A forts\u00e6tter med nye ejere - Mors<\/title>\n<meta name=\"robots\" content=\"index, follow, max-snippet:-1, max-image-preview:large, max-video-preview:-1\" \/>\n<link rel=\"canonical\" href=\"https:\/\/kunmedierne.dk\/mors\/poul-a-fortsaetter-med-nye-ejere\/\" \/>\n<meta property=\"og:locale\" content=\"da_DK\" \/>\n<meta property=\"og:type\" content=\"article\" \/>\n<meta property=\"og:title\" content=\"Poul A forts\u00e6tter med nye ejere - Mors\" \/>\n<meta property=\"og:description\" content=\"HANDEL: En af \u00f8ens mest traditionsrige butikker forts\u00e6tter som hidtil. Det st\u00e5r klar knap to m\u00e5neder efter, at Frede Kj\u00e6r Pedersen, indehaver af Poul A Outdoor og Erhverv, afgik ved d\u00f8den. Siden blev der etableret oph\u00f8rsudsalg og meldt ud om den snarlige lukning &#8211; men med et h\u00e5b om, at en k\u00f8ber ville sl\u00e5 til [&hellip;]\" \/>\n<meta property=\"og:url\" content=\"https:\/\/kunmedierne.dk\/mors\/poul-a-fortsaetter-med-nye-ejere\/\" \/>\n<meta property=\"og:site_name\" content=\"Mors\" \/>\n<meta property=\"article:published_time\" content=\"2025-05-24T12:30:12+00:00\" \/>\n<meta property=\"article:modified_time\" content=\"2025-05-27T10:29:28+00:00\" \/>\n<meta name=\"author\" content=\"David H\u00f8jmark\" \/>\n<meta name=\"twitter:card\" content=\"summary_large_image\" \/>\n<meta name=\"twitter:label1\" content=\"Skrevet af\" \/>\n\t<meta name=\"twitter:data1\" content=\"David H\u00f8jmark\" \/>\n\t<meta name=\"twitter:label2\" content=\"Estimeret l\u00e6setid\" \/>\n\t<meta name=\"twitter:data2\" content=\"2 minutter\" \/>\n<script type=\"application\/ld+json\" class=\"yoast-schema-graph\">{\"@context\":\"https:\/\/schema.org\",\"@graph\":[{\"@type\":\"Article\",\"@id\":\"https:\/\/kunmedierne.dk\/mors\/poul-a-fortsaetter-med-nye-ejere\/#article\",\"isPartOf\":{\"@id\":\"https:\/\/kunmedierne.dk\/mors\/poul-a-fortsaetter-med-nye-ejere\/\"},\"author\":{\"name\":\"David H\u00f8jmark\",\"@id\":\"https:\/\/kunmedierne.dk\/mors\/#\/schema\/person\/5fe23251bf1d0abbcdc6f7896579d548\"},\"headline\":\"Poul A forts\u00e6tter med nye ejere\",\"datePublished\":\"2025-05-24T12:30:12+00:00\",\"dateModified\":\"2025-05-27T10:29:28+00:00\",\"mainEntityOfPage\":{\"@id\":\"https:\/\/kunmedierne.dk\/mors\/poul-a-fortsaetter-med-nye-ejere\/\"},\"wordCount\":221,\"publisher\":{\"@id\":\"https:\/\/kunmedierne.dk\/mors\/#organization\"},\"keywords\":[\"Handel\"],\"articleSection\":[\"Lokalt\"],\"inLanguage\":\"da-DK\"},{\"@type\":\"WebPage\",\"@id\":\"https:\/\/kunmedierne.dk\/mors\/poul-a-fortsaetter-med-nye-ejere\/\",\"url\":\"https:\/\/kunmedierne.dk\/mors\/poul-a-fortsaetter-med-nye-ejere\/\",\"name\":\"Poul A forts\u00e6tter med nye ejere - Mors\",\"isPartOf\":{\"@id\":\"https:\/\/kunmedierne.dk\/mors\/#website\"},\"datePublished\":\"2025-05-24T12:30:12+00:00\",\"dateModified\":\"2025-05-27T10:29:28+00:00\",\"breadcrumb\":{\"@id\":\"https:\/\/kunmedierne.dk\/mors\/poul-a-fortsaetter-med-nye-ejere\/#breadcrumb\"},\"inLanguage\":\"da-DK\",\"potentialAction\":[{\"@type\":\"ReadAction\",\"target\":[\"https:\/\/kunmedierne.dk\/mors\/poul-a-fortsaetter-med-nye-ejere\/\"]}]},{\"@type\":\"BreadcrumbList\",\"@id\":\"https:\/\/kunmedierne.dk\/mors\/poul-a-fortsaetter-med-nye-ejere\/#breadcrumb\",\"itemListElement\":[{\"@type\":\"ListItem\",\"position\":1,\"name\":\"Hjem\",\"item\":\"https:\/\/kunmedierne.dk\/mors\/\"},{\"@type\":\"ListItem\",\"position\":2,\"name\":\"Poul A forts\u00e6tter med nye ejere\"}]},{\"@type\":\"WebSite\",\"@id\":\"https:\/\/kunmedierne.dk\/mors\/#website\",\"url\":\"https:\/\/kunmedierne.dk\/mors\/\",\"name\":\"Mors\",\"description\":\"et netmedie med journalistik om livet p\u00e5 Mors\",\"publisher\":{\"@id\":\"https:\/\/kunmedierne.dk\/mors\/#organization\"},\"potentialAction\":[{\"@type\":\"SearchAction\",\"target\":{\"@type\":\"EntryPoint\",\"urlTemplate\":\"https:\/\/kunmedierne.dk\/mors\/?s={search_term_string}\"},\"query-input\":{\"@type\":\"PropertyValueSpecification\",\"valueRequired\":true,\"valueName\":\"search_term_string\"}}],\"inLanguage\":\"da-DK\"},{\"@type\":\"Organization\",\"@id\":\"https:\/\/kunmedierne.dk\/mors\/#organization\",\"name\":\"Mors\",\"url\":\"https:\/\/kunmedierne.dk\/mors\/\",\"logo\":{\"@type\":\"ImageObject\",\"inLanguage\":\"da-DK\",\"@id\":\"https:\/\/kunmedierne.dk\/mors\/#\/schema\/logo\/image\/\",\"url\":\"https:\/\/kunmedierne.dk\/mors\/wp-content\/uploads\/2024\/08\/kunmors-logo.svg\",\"contentUrl\":\"https:\/\/kunmedierne.dk\/mors\/wp-content\/uploads\/2024\/08\/kunmors-logo.svg\",\"caption\":\"Mors\"},\"image\":{\"@id\":\"https:\/\/kunmedierne.dk\/mors\/#\/schema\/logo\/image\/\"}},{\"@type\":\"Person\",\"@id\":\"https:\/\/kunmedierne.dk\/mors\/#\/schema\/person\/5fe23251bf1d0abbcdc6f7896579d548\",\"name\":\"David H\u00f8jmark\",\"image\":{\"@type\":\"ImageObject\",\"inLanguage\":\"da-DK\",\"@id\":\"https:\/\/kunmedierne.dk\/mors\/#\/schema\/person\/image\/\",\"url\":\"https:\/\/secure.gravatar.com\/avatar\/4315d6fb9ef244d729989f5f90268eb08d5bf8a3d84402f595fa194bb35784fd?s=96&d=mm&r=g\",\"contentUrl\":\"https:\/\/secure.gravatar.com\/avatar\/4315d6fb9ef244d729989f5f90268eb08d5bf8a3d84402f595fa194bb35784fd?s=96&d=mm&r=g\",\"caption\":\"David H\u00f8jmark\"},\"sameAs\":[\"https:\/\/www.kunmedierne.dk\"],\"url\":\"https:\/\/kunmedierne.dk\/mors\/author\/david\/\"}]}<\/script>\n<!-- \/ Yoast SEO plugin. -->","yoast_head_json":{"title":"Poul A forts\u00e6tter med nye ejere - Mors","robots":{"index":"index","follow":"follow","max-snippet":"max-snippet:-1","max-image-preview":"max-image-preview:large","max-video-preview":"max-video-preview:-1"},"canonical":"https:\/\/kunmedierne.dk\/mors\/poul-a-fortsaetter-med-nye-ejere\/","og_locale":"da_DK","og_type":"article","og_title":"Poul A forts\u00e6tter med nye ejere - Mors","og_description":"HANDEL: En af \u00f8ens mest traditionsrige butikker forts\u00e6tter som hidtil. Det st\u00e5r klar knap to m\u00e5neder efter, at Frede Kj\u00e6r Pedersen, indehaver af Poul A Outdoor og Erhverv, afgik ved d\u00f8den. Siden blev der etableret oph\u00f8rsudsalg og meldt ud om den snarlige lukning &#8211; men med et h\u00e5b om, at en k\u00f8ber ville sl\u00e5 til [&hellip;]","og_url":"https:\/\/kunmedierne.dk\/mors\/poul-a-fortsaetter-med-nye-ejere\/","og_site_name":"Mors","article_published_time":"2025-05-24T12:30:12+00:00","article_modified_time":"2025-05-27T10:29:28+00:00","author":"David H\u00f8jmark","twitter_card":"summary_large_image","twitter_misc":{"Skrevet af":"David H\u00f8jmark","Estimeret l\u00e6setid":"2 minutter"},"schema":{"@context":"https:\/\/schema.org","@graph":[{"@type":"Article","@id":"https:\/\/kunmedierne.dk\/mors\/poul-a-fortsaetter-med-nye-ejere\/#article","isPartOf":{"@id":"https:\/\/kunmedierne.dk\/mors\/poul-a-fortsaetter-med-nye-ejere\/"},"author":{"name":"David H\u00f8jmark","@id":"https:\/\/kunmedierne.dk\/mors\/#\/schema\/person\/5fe23251bf1d0abbcdc6f7896579d548"},"headline":"Poul A forts\u00e6tter med nye ejere","datePublished":"2025-05-24T12:30:12+00:00","dateModified":"2025-05-27T10:29:28+00:00","mainEntityOfPage":{"@id":"https:\/\/kunmedierne.dk\/mors\/poul-a-fortsaetter-med-nye-ejere\/"},"wordCount":221,"publisher":{"@id":"https:\/\/kunmedierne.dk\/mors\/#organization"},"keywords":["Handel"],"articleSection":["Lokalt"],"inLanguage":"da-DK"},{"@type":"WebPage","@id":"https:\/\/kunmedierne.dk\/mors\/poul-a-fortsaetter-med-nye-ejere\/","url":"https:\/\/kunmedierne.dk\/mors\/poul-a-fortsaetter-med-nye-ejere\/","name":"Poul A forts\u00e6tter med nye ejere - Mors","isPartOf":{"@id":"https:\/\/kunmedierne.dk\/mors\/#website"},"datePublished":"2025-05-24T12:30:12+00:00","dateModified":"2025-05-27T10:29:28+00:00","breadcrumb":{"@id":"https:\/\/kunmedierne.dk\/mors\/poul-a-fortsaetter-med-nye-ejere\/#breadcrumb"},"inLanguage":"da-DK","potentialAction":[{"@type":"ReadAction","target":["https:\/\/kunmedierne.dk\/mors\/poul-a-fortsaetter-med-nye-ejere\/"]}]},{"@type":"BreadcrumbList","@id":"https:\/\/kunmedierne.dk\/mors\/poul-a-fortsaetter-med-nye-ejere\/#breadcrumb","itemListElement":[{"@type":"ListItem","position":1,"name":"Hjem","item":"https:\/\/kunmedierne.dk\/mors\/"},{"@type":"ListItem","position":2,"name":"Poul A forts\u00e6tter med nye ejere"}]},{"@type":"WebSite","@id":"https:\/\/kunmedierne.dk\/mors\/#website","url":"https:\/\/kunmedierne.dk\/mors\/","name":"Mors","description":"et netmedie med journalistik om livet p\u00e5 Mors","publisher":{"@id":"https:\/\/kunmedierne.dk\/mors\/#organization"},"potentialAction":[{"@type":"SearchAction","target":{"@type":"EntryPoint","urlTemplate":"https:\/\/kunmedierne.dk\/mors\/?s={search_term_string}"},"query-input":{"@type":"PropertyValueSpecification","valueRequired":true,"valueName":"search_term_string"}}],"inLanguage":"da-DK"},{"@type":"Organization","@id":"https:\/\/kunmedierne.dk\/mors\/#organization","name":"Mors","url":"https:\/\/kunmedierne.dk\/mors\/","logo":{"@type":"ImageObject","inLanguage":"da-DK","@id":"https:\/\/kunmedierne.dk\/mors\/#\/schema\/logo\/image\/","url":"https:\/\/kunmedierne.dk\/mors\/wp-content\/uploads\/2024\/08\/kunmors-logo.svg","contentUrl":"https:\/\/kunmedierne.dk\/mors\/wp-content\/uploads\/2024\/08\/kunmors-logo.svg","caption":"Mors"},"image":{"@id":"https:\/\/kunmedierne.dk\/mors\/#\/schema\/logo\/image\/"}},{"@type":"Person","@id":"https:\/\/kunmedierne.dk\/mors\/#\/schema\/person\/5fe23251bf1d0abbcdc6f7896579d548","name":"David H\u00f8jmark","image":{"@type":"ImageObject","inLanguage":"da-DK","@id":"https:\/\/kunmedierne.dk\/mors\/#\/schema\/person\/image\/","url":"https:\/\/secure.gravatar.com\/avatar\/4315d6fb9ef244d729989f5f90268eb08d5bf8a3d84402f595fa194bb35784fd?s=96&d=mm&r=g","contentUrl":"https:\/\/secure.gravatar.com\/avatar\/4315d6fb9ef244d729989f5f90268eb08d5bf8a3d84402f595fa194bb35784fd?s=96&d=mm&r=g","caption":"David H\u00f8jmark"},"sameAs":["https:\/\/www.kunmedierne.dk"],"url":"https:\/\/kunmedierne.dk\/mors\/author\/david\/"}]}},"_links":{"self":[{"href":"https:\/\/kunmedierne.dk\/mors\/wp-json\/wp\/v2\/posts\/147126","targetHints":{"allow":["GET"]}}],"collection":[{"href":"https:\/\/kunmedierne.dk\/mors\/wp-json\/wp\/v2\/posts"}],"about":[{"href":"https:\/\/kunmedierne.dk\/mors\/wp-json\/wp\/v2\/types\/post"}],"author":[{"embeddable":true,"href":"https:\/\/kunmedierne.dk\/mors\/wp-json\/wp\/v2\/users\/8"}],"replies":[{"embeddable":true,"href":"https:\/\/kunmedierne.dk\/mors\/wp-json\/wp\/v2\/comments?post=147126"}],"version-history":[{"count":4,"href":"https:\/\/kunmedierne.dk\/mors\/wp-json\/wp\/v2\/posts\/147126\/revisions"}],"predecessor-version":[{"id":147347,"href":"https:\/\/kunmedierne.dk\/mors\/wp-json\/wp\/v2\/posts\/147126\/revisions\/147347"}],"wp:attachment":[{"href":"https:\/\/kunmedierne.dk\/mors\/wp-json\/wp\/v2\/media?parent=147126"}],"wp:term":[{"taxonomy":"category","embeddable":true,"href":"https:\/\/kunmedierne.dk\/mors\/wp-json\/wp\/v2\/categories?post=147126"},{"taxonomy":"post_tag","embeddable":true,"href":"https:\/\/kunmedierne.dk\/mors\/wp-json\/wp\/v2\/tags?post=147126"}],"curies":[{"name":"wp","href":"https:\/\/api.w.org\/{rel}","templated":true}]}}