{"id":14654,"date":"2020-03-24T14:29:28","date_gmt":"2020-03-24T13:29:28","guid":{"rendered":"https:\/\/kunmedierne.dk\/mors\/?p=14654"},"modified":"2024-08-12T14:06:19","modified_gmt":"2024-08-12T12:06:19","slug":"mindre-kommunal-rengoering-under-coronakrisen","status":"publish","type":"post","link":"https:\/\/kunmedierne.dk\/mors\/mindre-kommunal-rengoering-under-coronakrisen\/","title":{"rendered":"Mindre kommunal reng\u00f8ring under coronakrisen"},"content":{"rendered":"<p><strong>MORS<\/strong>: Borgere i Mors\u00f8 Kommune, som er berettiget til at f\u00e5 hj\u00e6lp til reng\u00f8ring, f\u00e5r mindre af den for tiden.<\/p>\n<p>Mors\u00f8 Kommune har taget konsekvensen af coronakrisen og er g\u00e5et i det s\u00e5kaldte Trin 1 i n\u00f8dberedskabet. Det betyder, at man ikke l\u00e6ngere n\u00e5r ud i alle hj\u00f8rner med reng\u00f8ring, men if\u00f8lge Henrik Rene Christensen, direkt\u00f8r for social, sundhed og besk\u00e6ftigelse i Mors\u00f8 Kommune, bliver der stadig gjort rent de n\u00f8dvendige steder &#8211; eksempelvis p\u00e5 toiletter og h\u00e5ndvaske.<\/p>\n<p>&#8220;Vi bibeholder den n\u00f8dvendige reng\u00f8ring, der skal til for at minimere smitterisikoen,&#8221; siger han og tilf\u00f8jer, at behovet for reng\u00f8ring ogs\u00e5 bliver vurderet individuelt.<\/p>\n<p>N\u00f8dberedskabet tr\u00e5dte i kraft 16. marts, og if\u00f8lge Henrik Rene Christensen har modtagelsen af det lavere serviceniveau v\u00e6ret positiv.<\/p>\n<p>&#8220;I forhold til, at det jo er noget, der g\u00e5r ud over folk, m\u00e5 jeg bare sige, at vi m\u00f8der en fantastisk forst\u00e5else &#8211; b\u00e5de fra borgere og fra p\u00e5r\u00f8rende. Inden vi gjorde det, var der faktisk nogen, der ringede til os og sagde, at n\u00e5r vi stod i denne situation, beh\u00f8vede vi alts\u00e5 ikke at komme hos deres mor eller far. Der skulle de nok selv tage sig af reng\u00f8ringen,&#8221; siger han.<\/p>\n<p>&#8220;Generelt har vi oplevet, at man forst\u00e5r, at vi er i en meget, meget speciel situation &#8211; og derfor vil man ogs\u00e5 gerne bidrage, selv om det jo altid er tr\u00e6ls, n\u00e5r man mister noget, man ellers er blevet vurderet berettiget til,&#8221; siger Henrik Rene Christensen.<\/p>\n<p>&#8220;Har der v\u00e6ret nogle enkelte henvendelser, har vi v\u00e6ret i dialog med borgeren og den p\u00e5r\u00f8rende om det, og n\u00e5r vi s\u00e5 har haft den dialog, er der ogs\u00e5 blevet taget godt imod det,&#8221; tilf\u00f8jer han.<\/p>\n<p>&nbsp;<\/p>\n<p><strong>Ikke aktuel udsigt til n\u00e6ste trin<\/strong><\/p>\n<p>Hvor l\u00e6nge det nuv\u00e6rende serviceniveau skal v\u00e6re aktuelt, er lige s\u00e5 sv\u00e6rt at forudsige som varigheden af coronakrisen. Og Henrik Rene Christensen er ikke meget for at forklare, hvad det i praksis vil sige, hvis kommunen f\u00f8ler det n\u00f8dvendigt at forringe serviceniveauet yderligere.<\/p>\n<p>&#8220;Hvis vi skal et skridt l\u00e6ngere ned af stigen, vil vi igen g\u00e5 ind helt individuelt og se, hvad vi kan g\u00f8re omkring den personlige pleje. Men jeg t\u00e6nker ikke, at der er er grund til hverken at male fanden p\u00e5 v\u00e6ggen eller forstyrre folk med et fremtidsscenarie, der, som det ser ud nu, forh\u00e5bentlig ikke bliver tilf\u00e6ldet. Det er klart, at vi er forpligtet til at vurdere tingene, s\u00e5 hvis vi mangler h\u00e6nder p\u00e5 grund af sygdom, er vi forpligtet til at forberede os. Men det er ikke noget, vi h\u00e5ber p\u00e5,&#8221; siger han.<\/p>\n<p>Om udsigterne til endnu et trin nedad siger han:<\/p>\n<p>&#8220;Jeg er meget ked af at sp\u00e5 om den her situation. De, der har fors\u00f8gt sig med det, har ikke altid ramt skiven. S\u00e5 det vil jeg helst heller ikke, men lige nu ser det ikke s\u00e5dan ud.&#8221;<\/p>\n<p>&nbsp;<\/p>\n<p><strong>Stor tak til medarbejderne<\/strong><\/p>\n<p>Direkt\u00f8ren for social, sundhed og besk\u00e6ftigelse oplyser i \u00f8vrigt, at medarbejderstaben indtil nu ikke har v\u00e6ret presset p\u00e5 bemandingen i forhold til sygdom. Han sender samtidig store roser til de mange inden for omr\u00e5det, der er med til at holde de kommunale hjul i gang, mens krisen raser.<\/p>\n<p>&#8220;N\u00e5r meget af Danmark ellers lukker ned, har vi folk derude, der passer deres arbejde hver dag. Og jeg synes, vi skal benytte enhver lejlighed til at hylde de mennesker, der g\u00f8r en forskel for borgerne hver eneste dag,&#8221; siger Henrik Rene Christensen.<\/p>\n","protected":false},"excerpt":{"rendered":"<p>MORS: Borgere i Mors\u00f8 Kommune, som er berettiget til at f\u00e5 hj\u00e6lp til reng\u00f8ring, f\u00e5r mindre af den for tiden. Mors\u00f8 Kommune har taget konsekvensen af coronakrisen og er g\u00e5et i det s\u00e5kaldte Trin 1 i n\u00f8dberedskabet. Det betyder, at man ikke l\u00e6ngere n\u00e5r ud i alle hj\u00f8rner med reng\u00f8ring, men if\u00f8lge Henrik Rene Christensen, [&hellip;]<\/p>\n","protected":false},"author":8,"featured_media":14655,"comment_status":"open","ping_status":"open","sticky":false,"template":"","format":"standard","meta":{"_acf_changed":false,"footnotes":""},"categories":[51],"tags":[],"class_list":["post-14654","post","type-post","status-publish","format-standard","has-post-thumbnail","hentry","category-lokalt"],"acf":[],"yoast_head":"<!-- This site is optimized with the Yoast SEO plugin v26.8 - https:\/\/yoast.com\/product\/yoast-seo-wordpress\/ -->\n<title>Mindre kommunal reng\u00f8ring under coronakrisen - Mors<\/title>\n<meta name=\"robots\" content=\"index, follow, max-snippet:-1, max-image-preview:large, max-video-preview:-1\" \/>\n<link rel=\"canonical\" href=\"https:\/\/kunmedierne.dk\/mors\/mindre-kommunal-rengoering-under-coronakrisen\/\" \/>\n<meta property=\"og:locale\" content=\"da_DK\" \/>\n<meta property=\"og:type\" content=\"article\" \/>\n<meta property=\"og:title\" content=\"Mindre kommunal reng\u00f8ring under coronakrisen - Mors\" \/>\n<meta property=\"og:description\" content=\"MORS: Borgere i Mors\u00f8 Kommune, som er berettiget til at f\u00e5 hj\u00e6lp til reng\u00f8ring, f\u00e5r mindre af den for tiden. Mors\u00f8 Kommune har taget konsekvensen af coronakrisen og er g\u00e5et i det s\u00e5kaldte Trin 1 i n\u00f8dberedskabet. Det betyder, at man ikke l\u00e6ngere n\u00e5r ud i alle hj\u00f8rner med reng\u00f8ring, men if\u00f8lge Henrik Rene Christensen, [&hellip;]\" \/>\n<meta property=\"og:url\" content=\"https:\/\/kunmedierne.dk\/mors\/mindre-kommunal-rengoering-under-coronakrisen\/\" \/>\n<meta property=\"og:site_name\" content=\"Mors\" \/>\n<meta property=\"article:published_time\" content=\"2020-03-24T13:29:28+00:00\" \/>\n<meta property=\"article:modified_time\" content=\"2024-08-12T12:06:19+00:00\" \/>\n<meta property=\"og:image\" content=\"https:\/\/kunmedierne.dk\/mors\/wp-content\/uploads\/2020\/03\/200324-reng\u00f8ring-foto-The-Honest-Company-on-Unsplash.jpg\" \/>\n\t<meta property=\"og:image:width\" content=\"770\" \/>\n\t<meta property=\"og:image:height\" content=\"513\" \/>\n\t<meta property=\"og:image:type\" content=\"image\/jpeg\" \/>\n<meta name=\"author\" content=\"David H\u00f8jmark\" \/>\n<meta name=\"twitter:card\" content=\"summary_large_image\" \/>\n<meta name=\"twitter:label1\" content=\"Skrevet af\" \/>\n\t<meta name=\"twitter:data1\" content=\"David H\u00f8jmark\" \/>\n\t<meta name=\"twitter:label2\" content=\"Estimeret l\u00e6setid\" \/>\n\t<meta name=\"twitter:data2\" content=\"3 minutter\" \/>\n<script type=\"application\/ld+json\" class=\"yoast-schema-graph\">{\"@context\":\"https:\/\/schema.org\",\"@graph\":[{\"@type\":\"Article\",\"@id\":\"https:\/\/kunmedierne.dk\/mors\/mindre-kommunal-rengoering-under-coronakrisen\/#article\",\"isPartOf\":{\"@id\":\"https:\/\/kunmedierne.dk\/mors\/mindre-kommunal-rengoering-under-coronakrisen\/\"},\"author\":{\"name\":\"David H\u00f8jmark\",\"@id\":\"https:\/\/kunmedierne.dk\/mors\/#\/schema\/person\/5fe23251bf1d0abbcdc6f7896579d548\"},\"headline\":\"Mindre kommunal reng\u00f8ring under coronakrisen\",\"datePublished\":\"2020-03-24T13:29:28+00:00\",\"dateModified\":\"2024-08-12T12:06:19+00:00\",\"mainEntityOfPage\":{\"@id\":\"https:\/\/kunmedierne.dk\/mors\/mindre-kommunal-rengoering-under-coronakrisen\/\"},\"wordCount\":632,\"commentCount\":0,\"publisher\":{\"@id\":\"https:\/\/kunmedierne.dk\/mors\/#organization\"},\"image\":{\"@id\":\"https:\/\/kunmedierne.dk\/mors\/mindre-kommunal-rengoering-under-coronakrisen\/#primaryimage\"},\"thumbnailUrl\":\"https:\/\/kunmedierne.dk\/mors\/wp-content\/uploads\/2020\/03\/200324-reng\u00f8ring-foto-The-Honest-Company-on-Unsplash.jpg\",\"articleSection\":[\"Lokalt\"],\"inLanguage\":\"da-DK\",\"potentialAction\":[{\"@type\":\"CommentAction\",\"name\":\"Comment\",\"target\":[\"https:\/\/kunmedierne.dk\/mors\/mindre-kommunal-rengoering-under-coronakrisen\/#respond\"]}]},{\"@type\":\"WebPage\",\"@id\":\"https:\/\/kunmedierne.dk\/mors\/mindre-kommunal-rengoering-under-coronakrisen\/\",\"url\":\"https:\/\/kunmedierne.dk\/mors\/mindre-kommunal-rengoering-under-coronakrisen\/\",\"name\":\"Mindre kommunal reng\u00f8ring under coronakrisen - Mors\",\"isPartOf\":{\"@id\":\"https:\/\/kunmedierne.dk\/mors\/#website\"},\"primaryImageOfPage\":{\"@id\":\"https:\/\/kunmedierne.dk\/mors\/mindre-kommunal-rengoering-under-coronakrisen\/#primaryimage\"},\"image\":{\"@id\":\"https:\/\/kunmedierne.dk\/mors\/mindre-kommunal-rengoering-under-coronakrisen\/#primaryimage\"},\"thumbnailUrl\":\"https:\/\/kunmedierne.dk\/mors\/wp-content\/uploads\/2020\/03\/200324-reng\u00f8ring-foto-The-Honest-Company-on-Unsplash.jpg\",\"datePublished\":\"2020-03-24T13:29:28+00:00\",\"dateModified\":\"2024-08-12T12:06:19+00:00\",\"breadcrumb\":{\"@id\":\"https:\/\/kunmedierne.dk\/mors\/mindre-kommunal-rengoering-under-coronakrisen\/#breadcrumb\"},\"inLanguage\":\"da-DK\",\"potentialAction\":[{\"@type\":\"ReadAction\",\"target\":[\"https:\/\/kunmedierne.dk\/mors\/mindre-kommunal-rengoering-under-coronakrisen\/\"]}]},{\"@type\":\"ImageObject\",\"inLanguage\":\"da-DK\",\"@id\":\"https:\/\/kunmedierne.dk\/mors\/mindre-kommunal-rengoering-under-coronakrisen\/#primaryimage\",\"url\":\"https:\/\/kunmedierne.dk\/mors\/wp-content\/uploads\/2020\/03\/200324-reng\u00f8ring-foto-The-Honest-Company-on-Unsplash.jpg\",\"contentUrl\":\"https:\/\/kunmedierne.dk\/mors\/wp-content\/uploads\/2020\/03\/200324-reng\u00f8ring-foto-The-Honest-Company-on-Unsplash.jpg\",\"width\":770,\"height\":513,\"caption\":\"Coronakrisen har ogs\u00e5 f\u00e5et konsekvensen for m\u00e6ngden af reng\u00f8ring hos Hjemmeplejen og p\u00e5 plejecentrene i Mors\u00f8 Kommune. Modelfoto: The Honest Company\/ Unsplash\"},{\"@type\":\"BreadcrumbList\",\"@id\":\"https:\/\/kunmedierne.dk\/mors\/mindre-kommunal-rengoering-under-coronakrisen\/#breadcrumb\",\"itemListElement\":[{\"@type\":\"ListItem\",\"position\":1,\"name\":\"Hjem\",\"item\":\"https:\/\/kunmedierne.dk\/mors\/\"},{\"@type\":\"ListItem\",\"position\":2,\"name\":\"Mindre kommunal reng\u00f8ring under coronakrisen\"}]},{\"@type\":\"WebSite\",\"@id\":\"https:\/\/kunmedierne.dk\/mors\/#website\",\"url\":\"https:\/\/kunmedierne.dk\/mors\/\",\"name\":\"Mors\",\"description\":\"et netmedie med journalistik om livet p\u00e5 Mors\",\"publisher\":{\"@id\":\"https:\/\/kunmedierne.dk\/mors\/#organization\"},\"potentialAction\":[{\"@type\":\"SearchAction\",\"target\":{\"@type\":\"EntryPoint\",\"urlTemplate\":\"https:\/\/kunmedierne.dk\/mors\/?s={search_term_string}\"},\"query-input\":{\"@type\":\"PropertyValueSpecification\",\"valueRequired\":true,\"valueName\":\"search_term_string\"}}],\"inLanguage\":\"da-DK\"},{\"@type\":\"Organization\",\"@id\":\"https:\/\/kunmedierne.dk\/mors\/#organization\",\"name\":\"Mors\",\"url\":\"https:\/\/kunmedierne.dk\/mors\/\",\"logo\":{\"@type\":\"ImageObject\",\"inLanguage\":\"da-DK\",\"@id\":\"https:\/\/kunmedierne.dk\/mors\/#\/schema\/logo\/image\/\",\"url\":\"https:\/\/kunmedierne.dk\/mors\/wp-content\/uploads\/2024\/08\/kunmors-logo.svg\",\"contentUrl\":\"https:\/\/kunmedierne.dk\/mors\/wp-content\/uploads\/2024\/08\/kunmors-logo.svg\",\"caption\":\"Mors\"},\"image\":{\"@id\":\"https:\/\/kunmedierne.dk\/mors\/#\/schema\/logo\/image\/\"}},{\"@type\":\"Person\",\"@id\":\"https:\/\/kunmedierne.dk\/mors\/#\/schema\/person\/5fe23251bf1d0abbcdc6f7896579d548\",\"name\":\"David H\u00f8jmark\",\"image\":{\"@type\":\"ImageObject\",\"inLanguage\":\"da-DK\",\"@id\":\"https:\/\/kunmedierne.dk\/mors\/#\/schema\/person\/image\/\",\"url\":\"https:\/\/secure.gravatar.com\/avatar\/4315d6fb9ef244d729989f5f90268eb08d5bf8a3d84402f595fa194bb35784fd?s=96&d=mm&r=g\",\"contentUrl\":\"https:\/\/secure.gravatar.com\/avatar\/4315d6fb9ef244d729989f5f90268eb08d5bf8a3d84402f595fa194bb35784fd?s=96&d=mm&r=g\",\"caption\":\"David H\u00f8jmark\"},\"sameAs\":[\"https:\/\/www.kunmedierne.dk\"],\"url\":\"https:\/\/kunmedierne.dk\/mors\/author\/david\/\"}]}<\/script>\n<!-- \/ Yoast SEO plugin. -->","yoast_head_json":{"title":"Mindre kommunal reng\u00f8ring under coronakrisen - Mors","robots":{"index":"index","follow":"follow","max-snippet":"max-snippet:-1","max-image-preview":"max-image-preview:large","max-video-preview":"max-video-preview:-1"},"canonical":"https:\/\/kunmedierne.dk\/mors\/mindre-kommunal-rengoering-under-coronakrisen\/","og_locale":"da_DK","og_type":"article","og_title":"Mindre kommunal reng\u00f8ring under coronakrisen - Mors","og_description":"MORS: Borgere i Mors\u00f8 Kommune, som er berettiget til at f\u00e5 hj\u00e6lp til reng\u00f8ring, f\u00e5r mindre af den for tiden. Mors\u00f8 Kommune har taget konsekvensen af coronakrisen og er g\u00e5et i det s\u00e5kaldte Trin 1 i n\u00f8dberedskabet. Det betyder, at man ikke l\u00e6ngere n\u00e5r ud i alle hj\u00f8rner med reng\u00f8ring, men if\u00f8lge Henrik Rene Christensen, [&hellip;]","og_url":"https:\/\/kunmedierne.dk\/mors\/mindre-kommunal-rengoering-under-coronakrisen\/","og_site_name":"Mors","article_published_time":"2020-03-24T13:29:28+00:00","article_modified_time":"2024-08-12T12:06:19+00:00","og_image":[{"width":770,"height":513,"url":"https:\/\/kunmedierne.dk\/mors\/wp-content\/uploads\/2020\/03\/200324-reng\u00f8ring-foto-The-Honest-Company-on-Unsplash.jpg","type":"image\/jpeg"}],"author":"David H\u00f8jmark","twitter_card":"summary_large_image","twitter_misc":{"Skrevet af":"David H\u00f8jmark","Estimeret l\u00e6setid":"3 minutter"},"schema":{"@context":"https:\/\/schema.org","@graph":[{"@type":"Article","@id":"https:\/\/kunmedierne.dk\/mors\/mindre-kommunal-rengoering-under-coronakrisen\/#article","isPartOf":{"@id":"https:\/\/kunmedierne.dk\/mors\/mindre-kommunal-rengoering-under-coronakrisen\/"},"author":{"name":"David H\u00f8jmark","@id":"https:\/\/kunmedierne.dk\/mors\/#\/schema\/person\/5fe23251bf1d0abbcdc6f7896579d548"},"headline":"Mindre kommunal reng\u00f8ring under coronakrisen","datePublished":"2020-03-24T13:29:28+00:00","dateModified":"2024-08-12T12:06:19+00:00","mainEntityOfPage":{"@id":"https:\/\/kunmedierne.dk\/mors\/mindre-kommunal-rengoering-under-coronakrisen\/"},"wordCount":632,"commentCount":0,"publisher":{"@id":"https:\/\/kunmedierne.dk\/mors\/#organization"},"image":{"@id":"https:\/\/kunmedierne.dk\/mors\/mindre-kommunal-rengoering-under-coronakrisen\/#primaryimage"},"thumbnailUrl":"https:\/\/kunmedierne.dk\/mors\/wp-content\/uploads\/2020\/03\/200324-reng\u00f8ring-foto-The-Honest-Company-on-Unsplash.jpg","articleSection":["Lokalt"],"inLanguage":"da-DK","potentialAction":[{"@type":"CommentAction","name":"Comment","target":["https:\/\/kunmedierne.dk\/mors\/mindre-kommunal-rengoering-under-coronakrisen\/#respond"]}]},{"@type":"WebPage","@id":"https:\/\/kunmedierne.dk\/mors\/mindre-kommunal-rengoering-under-coronakrisen\/","url":"https:\/\/kunmedierne.dk\/mors\/mindre-kommunal-rengoering-under-coronakrisen\/","name":"Mindre kommunal reng\u00f8ring under coronakrisen - Mors","isPartOf":{"@id":"https:\/\/kunmedierne.dk\/mors\/#website"},"primaryImageOfPage":{"@id":"https:\/\/kunmedierne.dk\/mors\/mindre-kommunal-rengoering-under-coronakrisen\/#primaryimage"},"image":{"@id":"https:\/\/kunmedierne.dk\/mors\/mindre-kommunal-rengoering-under-coronakrisen\/#primaryimage"},"thumbnailUrl":"https:\/\/kunmedierne.dk\/mors\/wp-content\/uploads\/2020\/03\/200324-reng\u00f8ring-foto-The-Honest-Company-on-Unsplash.jpg","datePublished":"2020-03-24T13:29:28+00:00","dateModified":"2024-08-12T12:06:19+00:00","breadcrumb":{"@id":"https:\/\/kunmedierne.dk\/mors\/mindre-kommunal-rengoering-under-coronakrisen\/#breadcrumb"},"inLanguage":"da-DK","potentialAction":[{"@type":"ReadAction","target":["https:\/\/kunmedierne.dk\/mors\/mindre-kommunal-rengoering-under-coronakrisen\/"]}]},{"@type":"ImageObject","inLanguage":"da-DK","@id":"https:\/\/kunmedierne.dk\/mors\/mindre-kommunal-rengoering-under-coronakrisen\/#primaryimage","url":"https:\/\/kunmedierne.dk\/mors\/wp-content\/uploads\/2020\/03\/200324-reng\u00f8ring-foto-The-Honest-Company-on-Unsplash.jpg","contentUrl":"https:\/\/kunmedierne.dk\/mors\/wp-content\/uploads\/2020\/03\/200324-reng\u00f8ring-foto-The-Honest-Company-on-Unsplash.jpg","width":770,"height":513,"caption":"Coronakrisen har ogs\u00e5 f\u00e5et konsekvensen for m\u00e6ngden af reng\u00f8ring hos Hjemmeplejen og p\u00e5 plejecentrene i Mors\u00f8 Kommune. Modelfoto: The Honest Company\/ Unsplash"},{"@type":"BreadcrumbList","@id":"https:\/\/kunmedierne.dk\/mors\/mindre-kommunal-rengoering-under-coronakrisen\/#breadcrumb","itemListElement":[{"@type":"ListItem","position":1,"name":"Hjem","item":"https:\/\/kunmedierne.dk\/mors\/"},{"@type":"ListItem","position":2,"name":"Mindre kommunal reng\u00f8ring under coronakrisen"}]},{"@type":"WebSite","@id":"https:\/\/kunmedierne.dk\/mors\/#website","url":"https:\/\/kunmedierne.dk\/mors\/","name":"Mors","description":"et netmedie med journalistik om livet p\u00e5 Mors","publisher":{"@id":"https:\/\/kunmedierne.dk\/mors\/#organization"},"potentialAction":[{"@type":"SearchAction","target":{"@type":"EntryPoint","urlTemplate":"https:\/\/kunmedierne.dk\/mors\/?s={search_term_string}"},"query-input":{"@type":"PropertyValueSpecification","valueRequired":true,"valueName":"search_term_string"}}],"inLanguage":"da-DK"},{"@type":"Organization","@id":"https:\/\/kunmedierne.dk\/mors\/#organization","name":"Mors","url":"https:\/\/kunmedierne.dk\/mors\/","logo":{"@type":"ImageObject","inLanguage":"da-DK","@id":"https:\/\/kunmedierne.dk\/mors\/#\/schema\/logo\/image\/","url":"https:\/\/kunmedierne.dk\/mors\/wp-content\/uploads\/2024\/08\/kunmors-logo.svg","contentUrl":"https:\/\/kunmedierne.dk\/mors\/wp-content\/uploads\/2024\/08\/kunmors-logo.svg","caption":"Mors"},"image":{"@id":"https:\/\/kunmedierne.dk\/mors\/#\/schema\/logo\/image\/"}},{"@type":"Person","@id":"https:\/\/kunmedierne.dk\/mors\/#\/schema\/person\/5fe23251bf1d0abbcdc6f7896579d548","name":"David H\u00f8jmark","image":{"@type":"ImageObject","inLanguage":"da-DK","@id":"https:\/\/kunmedierne.dk\/mors\/#\/schema\/person\/image\/","url":"https:\/\/secure.gravatar.com\/avatar\/4315d6fb9ef244d729989f5f90268eb08d5bf8a3d84402f595fa194bb35784fd?s=96&d=mm&r=g","contentUrl":"https:\/\/secure.gravatar.com\/avatar\/4315d6fb9ef244d729989f5f90268eb08d5bf8a3d84402f595fa194bb35784fd?s=96&d=mm&r=g","caption":"David H\u00f8jmark"},"sameAs":["https:\/\/www.kunmedierne.dk"],"url":"https:\/\/kunmedierne.dk\/mors\/author\/david\/"}]}},"_links":{"self":[{"href":"https:\/\/kunmedierne.dk\/mors\/wp-json\/wp\/v2\/posts\/14654","targetHints":{"allow":["GET"]}}],"collection":[{"href":"https:\/\/kunmedierne.dk\/mors\/wp-json\/wp\/v2\/posts"}],"about":[{"href":"https:\/\/kunmedierne.dk\/mors\/wp-json\/wp\/v2\/types\/post"}],"author":[{"embeddable":true,"href":"https:\/\/kunmedierne.dk\/mors\/wp-json\/wp\/v2\/users\/8"}],"replies":[{"embeddable":true,"href":"https:\/\/kunmedierne.dk\/mors\/wp-json\/wp\/v2\/comments?post=14654"}],"version-history":[{"count":2,"href":"https:\/\/kunmedierne.dk\/mors\/wp-json\/wp\/v2\/posts\/14654\/revisions"}],"predecessor-version":[{"id":14657,"href":"https:\/\/kunmedierne.dk\/mors\/wp-json\/wp\/v2\/posts\/14654\/revisions\/14657"}],"wp:featuredmedia":[{"embeddable":true,"href":"https:\/\/kunmedierne.dk\/mors\/wp-json\/wp\/v2\/media\/14655"}],"wp:attachment":[{"href":"https:\/\/kunmedierne.dk\/mors\/wp-json\/wp\/v2\/media?parent=14654"}],"wp:term":[{"taxonomy":"category","embeddable":true,"href":"https:\/\/kunmedierne.dk\/mors\/wp-json\/wp\/v2\/categories?post=14654"},{"taxonomy":"post_tag","embeddable":true,"href":"https:\/\/kunmedierne.dk\/mors\/wp-json\/wp\/v2\/tags?post=14654"}],"curies":[{"name":"wp","href":"https:\/\/api.w.org\/{rel}","templated":true}]}}