{"id":14594,"date":"2020-03-23T17:59:55","date_gmt":"2020-03-23T16:59:55","guid":{"rendered":"https:\/\/kunmedierne.dk\/mors\/?p=14594"},"modified":"2024-08-12T14:06:19","modified_gmt":"2024-08-12T12:06:19","slug":"efter-weekend-uden-ungdomsfester-det-er-en-sejr-med-mange-faedre","status":"publish","type":"post","link":"https:\/\/kunmedierne.dk\/mors\/efter-weekend-uden-ungdomsfester-det-er-en-sejr-med-mange-faedre\/","title":{"rendered":"Efter weekend uden ungdomsfester: &#8211; Det er en sejr med mange f\u00e6dre"},"content":{"rendered":"<p><strong>MORS<\/strong>: Budskabet om at holde igen med festerne, til coronakrisen er afbl\u00e6st, ser ud til at v\u00e6re sivet ind hos den unge del af \u00f8ens befolkning.<\/p>\n<p>Det vurderer Michael Dahlgaard, skole- og dagtilbudschef i Mors\u00f8 Kommune, oven p\u00e5 en weekend af den stille slags. Hvor det for en uge siden var n\u00f8dvendigt for ham og direkt\u00f8r for b\u00f8rn- og kultur, Torben Gregersen, at melde offentligt ud med en formaning til festglade unge, er meldingen i dag en helt anden.<\/p>\n<p>&#8220;Man kan jo ikke se ud i alle hj\u00f8rner p\u00e5 alting, men vi har ikke f\u00e5et nogen meldinger om, at nogen ikke skulle have forst\u00e5et det. Det er jo en k\u00e6mpe forandring fra, at det var okay at holde fest til, at det ikke er okay,&#8221; siger Michael Dahlgaard og kipper med flaget for en kraftig forbedring af de unges selvjustits.<\/p>\n<p>&#8220;Og der har v\u00e6ret mange f\u00e6dre til den sejr. Der er nogle for\u00e6ldre og nogle inde i fjernsynet, der har v\u00e6ret gode til at kommunikere. Og s\u00e5 er der nogle l\u00e6rere og p\u00e6dagoger, der har forklaret det,&#8221; siger han.<\/p>\n<p>Samtidig h\u00e5ber han p\u00e5 fortsat forst\u00e5else &#8211; ogs\u00e5 selv om det for unge er lang tid at vente p\u00e5 den n\u00e6ste fest, n\u00e5r man ikke engang kan s\u00e6tte en dato p\u00e5 den.<\/p>\n<p>&#8220;To m\u00e5neder er jo et helt liv for en teenager, s\u00e5 der ligger stadig en opgave for for\u00e6ldrene,&#8221; siger Michael Dahlgaard.<\/p>\n<p>&nbsp;<\/p>\n<p><strong>98,6 procent af \u00f8ens b\u00f8rn er hjemme<\/strong><\/p>\n<p>Det g\u00f8r der ogs\u00e5 for lokale l\u00e6rere i forhold til den n\u00f8dundervisning, de n\u00e6rmest fra den ene dag til den anden har gjort til en del af arbejdet.<\/p>\n<p>&#8220;Det er nogle forpligtelser, nogle l\u00e6rere har taget p\u00e5 sig uden at have haft mulighed for at \u00f8ve sig p\u00e5 forh\u00e5nd. Det er jo ikke noget, man l\u00e6rer p\u00e5 seminariet. Men overordnet er de kommet supergodt fra det, og det bliver bedre og bedre for hver dag,&#8221; siger Michael Dahlgaard.<\/p>\n<p>Han melder i \u00f8vrigt om 45 b\u00f8rn i n\u00f8dpasning p\u00e5 \u00f8en i dag. Det svarer til 1,4 procent af de 3196 b\u00f8rn i Mors\u00f8 Kommune &#8211; og blandt de 45 er dem, hvis for\u00e6ldre arbejder i kritiske funktioner eller er privatansatte, der ikke er sendt hjem.<\/p>\n<p>Antallet af b\u00f8rn i n\u00f8dpasning er svagt stigende, hvilket if\u00f8lge Michael Dahlgaard ogs\u00e5 skyldes, at nogle b\u00f8rn har behov for at komme i skole frem for kun at v\u00e6re derhjemme. M\u00f8dt med udsagnet om, at antallet af n\u00f8dpassede af hensyn til smittefare helst ikke skal stige for meget, svarer han:<\/p>\n<p>&#8220;Det er jo en balancegang i forhold til behovet for, at Danmark skal k\u00f8re videre, og at vi samtidig skal f\u00f8lge Sundhedsstyrelsens anbefalinger. Og v\u00e6rnemidler og husker\u00e5d g\u00e6lder jo ogs\u00e5 i n\u00f8dpasning, hvor de ogs\u00e5 kun samles i sm\u00e5 grupper.&#8221;<\/p>\n","protected":false},"excerpt":{"rendered":"<p>MORS: Budskabet om at holde igen med festerne, til coronakrisen er afbl\u00e6st, ser ud til at v\u00e6re sivet ind hos den unge del af \u00f8ens befolkning. Det vurderer Michael Dahlgaard, skole- og dagtilbudschef i Mors\u00f8 Kommune, oven p\u00e5 en weekend af den stille slags. Hvor det for en uge siden var n\u00f8dvendigt for ham og [&hellip;]<\/p>\n","protected":false},"author":8,"featured_media":14595,"comment_status":"open","ping_status":"open","sticky":false,"template":"","format":"standard","meta":{"_acf_changed":false,"footnotes":""},"categories":[51],"tags":[170],"class_list":["post-14594","post","type-post","status-publish","format-standard","has-post-thumbnail","hentry","category-lokalt","tag-uddannelse"],"acf":[],"yoast_head":"<!-- This site is optimized with the Yoast SEO plugin v26.8 - https:\/\/yoast.com\/product\/yoast-seo-wordpress\/ -->\n<title>Efter weekend uden ungdomsfester: - Det er en sejr med mange f\u00e6dre - Mors<\/title>\n<meta name=\"robots\" content=\"index, follow, max-snippet:-1, max-image-preview:large, max-video-preview:-1\" \/>\n<link rel=\"canonical\" href=\"https:\/\/kunmedierne.dk\/mors\/efter-weekend-uden-ungdomsfester-det-er-en-sejr-med-mange-faedre\/\" \/>\n<meta property=\"og:locale\" content=\"da_DK\" \/>\n<meta property=\"og:type\" content=\"article\" \/>\n<meta property=\"og:title\" content=\"Efter weekend uden ungdomsfester: - Det er en sejr med mange f\u00e6dre - Mors\" \/>\n<meta property=\"og:description\" content=\"MORS: Budskabet om at holde igen med festerne, til coronakrisen er afbl\u00e6st, ser ud til at v\u00e6re sivet ind hos den unge del af \u00f8ens befolkning. Det vurderer Michael Dahlgaard, skole- og dagtilbudschef i Mors\u00f8 Kommune, oven p\u00e5 en weekend af den stille slags. Hvor det for en uge siden var n\u00f8dvendigt for ham og [&hellip;]\" \/>\n<meta property=\"og:url\" content=\"https:\/\/kunmedierne.dk\/mors\/efter-weekend-uden-ungdomsfester-det-er-en-sejr-med-mange-faedre\/\" \/>\n<meta property=\"og:site_name\" content=\"Mors\" \/>\n<meta property=\"article:published_time\" content=\"2020-03-23T16:59:55+00:00\" \/>\n<meta property=\"article:modified_time\" content=\"2024-08-12T12:06:19+00:00\" \/>\n<meta property=\"og:image\" content=\"https:\/\/kunmedierne.dk\/mors\/wp-content\/uploads\/2020\/03\/200321-unge-fest-Photo-by-Yutacar-on-Unsplash.jpg\" \/>\n\t<meta property=\"og:image:width\" content=\"770\" \/>\n\t<meta property=\"og:image:height\" content=\"512\" \/>\n\t<meta property=\"og:image:type\" content=\"image\/jpeg\" \/>\n<meta name=\"author\" content=\"David H\u00f8jmark\" \/>\n<meta name=\"twitter:card\" content=\"summary_large_image\" \/>\n<meta name=\"twitter:label1\" content=\"Skrevet af\" \/>\n\t<meta name=\"twitter:data1\" content=\"David H\u00f8jmark\" \/>\n\t<meta name=\"twitter:label2\" content=\"Estimeret l\u00e6setid\" \/>\n\t<meta name=\"twitter:data2\" content=\"2 minutter\" \/>\n<script type=\"application\/ld+json\" class=\"yoast-schema-graph\">{\"@context\":\"https:\/\/schema.org\",\"@graph\":[{\"@type\":\"Article\",\"@id\":\"https:\/\/kunmedierne.dk\/mors\/efter-weekend-uden-ungdomsfester-det-er-en-sejr-med-mange-faedre\/#article\",\"isPartOf\":{\"@id\":\"https:\/\/kunmedierne.dk\/mors\/efter-weekend-uden-ungdomsfester-det-er-en-sejr-med-mange-faedre\/\"},\"author\":{\"name\":\"David H\u00f8jmark\",\"@id\":\"https:\/\/kunmedierne.dk\/mors\/#\/schema\/person\/5fe23251bf1d0abbcdc6f7896579d548\"},\"headline\":\"Efter weekend uden ungdomsfester: &#8211; Det er en sejr med mange f\u00e6dre\",\"datePublished\":\"2020-03-23T16:59:55+00:00\",\"dateModified\":\"2024-08-12T12:06:19+00:00\",\"mainEntityOfPage\":{\"@id\":\"https:\/\/kunmedierne.dk\/mors\/efter-weekend-uden-ungdomsfester-det-er-en-sejr-med-mange-faedre\/\"},\"wordCount\":509,\"commentCount\":0,\"publisher\":{\"@id\":\"https:\/\/kunmedierne.dk\/mors\/#organization\"},\"image\":{\"@id\":\"https:\/\/kunmedierne.dk\/mors\/efter-weekend-uden-ungdomsfester-det-er-en-sejr-med-mange-faedre\/#primaryimage\"},\"thumbnailUrl\":\"https:\/\/kunmedierne.dk\/mors\/wp-content\/uploads\/2020\/03\/200321-unge-fest-Photo-by-Yutacar-on-Unsplash.jpg\",\"keywords\":[\"Skoler og uddannelse\"],\"articleSection\":[\"Lokalt\"],\"inLanguage\":\"da-DK\",\"potentialAction\":[{\"@type\":\"CommentAction\",\"name\":\"Comment\",\"target\":[\"https:\/\/kunmedierne.dk\/mors\/efter-weekend-uden-ungdomsfester-det-er-en-sejr-med-mange-faedre\/#respond\"]}]},{\"@type\":\"WebPage\",\"@id\":\"https:\/\/kunmedierne.dk\/mors\/efter-weekend-uden-ungdomsfester-det-er-en-sejr-med-mange-faedre\/\",\"url\":\"https:\/\/kunmedierne.dk\/mors\/efter-weekend-uden-ungdomsfester-det-er-en-sejr-med-mange-faedre\/\",\"name\":\"Efter weekend uden ungdomsfester: - Det er en sejr med mange f\u00e6dre - Mors\",\"isPartOf\":{\"@id\":\"https:\/\/kunmedierne.dk\/mors\/#website\"},\"primaryImageOfPage\":{\"@id\":\"https:\/\/kunmedierne.dk\/mors\/efter-weekend-uden-ungdomsfester-det-er-en-sejr-med-mange-faedre\/#primaryimage\"},\"image\":{\"@id\":\"https:\/\/kunmedierne.dk\/mors\/efter-weekend-uden-ungdomsfester-det-er-en-sejr-med-mange-faedre\/#primaryimage\"},\"thumbnailUrl\":\"https:\/\/kunmedierne.dk\/mors\/wp-content\/uploads\/2020\/03\/200321-unge-fest-Photo-by-Yutacar-on-Unsplash.jpg\",\"datePublished\":\"2020-03-23T16:59:55+00:00\",\"dateModified\":\"2024-08-12T12:06:19+00:00\",\"breadcrumb\":{\"@id\":\"https:\/\/kunmedierne.dk\/mors\/efter-weekend-uden-ungdomsfester-det-er-en-sejr-med-mange-faedre\/#breadcrumb\"},\"inLanguage\":\"da-DK\",\"potentialAction\":[{\"@type\":\"ReadAction\",\"target\":[\"https:\/\/kunmedierne.dk\/mors\/efter-weekend-uden-ungdomsfester-det-er-en-sejr-med-mange-faedre\/\"]}]},{\"@type\":\"ImageObject\",\"inLanguage\":\"da-DK\",\"@id\":\"https:\/\/kunmedierne.dk\/mors\/efter-weekend-uden-ungdomsfester-det-er-en-sejr-med-mange-faedre\/#primaryimage\",\"url\":\"https:\/\/kunmedierne.dk\/mors\/wp-content\/uploads\/2020\/03\/200321-unge-fest-Photo-by-Yutacar-on-Unsplash.jpg\",\"contentUrl\":\"https:\/\/kunmedierne.dk\/mors\/wp-content\/uploads\/2020\/03\/200321-unge-fest-Photo-by-Yutacar-on-Unsplash.jpg\",\"width\":770,\"height\":512,\"caption\":\"Trods for\u00e5rsvejr og mulig kedsomhed holdt de unge sig i skindet med at feste i weekenden, lyder den forel\u00f8bige vurdering. Foto: Yutacar\/Unsplash.\"},{\"@type\":\"BreadcrumbList\",\"@id\":\"https:\/\/kunmedierne.dk\/mors\/efter-weekend-uden-ungdomsfester-det-er-en-sejr-med-mange-faedre\/#breadcrumb\",\"itemListElement\":[{\"@type\":\"ListItem\",\"position\":1,\"name\":\"Hjem\",\"item\":\"https:\/\/kunmedierne.dk\/mors\/\"},{\"@type\":\"ListItem\",\"position\":2,\"name\":\"Efter weekend uden ungdomsfester: &#8211; Det er en sejr med mange f\u00e6dre\"}]},{\"@type\":\"WebSite\",\"@id\":\"https:\/\/kunmedierne.dk\/mors\/#website\",\"url\":\"https:\/\/kunmedierne.dk\/mors\/\",\"name\":\"Mors\",\"description\":\"et netmedie med journalistik om livet p\u00e5 Mors\",\"publisher\":{\"@id\":\"https:\/\/kunmedierne.dk\/mors\/#organization\"},\"potentialAction\":[{\"@type\":\"SearchAction\",\"target\":{\"@type\":\"EntryPoint\",\"urlTemplate\":\"https:\/\/kunmedierne.dk\/mors\/?s={search_term_string}\"},\"query-input\":{\"@type\":\"PropertyValueSpecification\",\"valueRequired\":true,\"valueName\":\"search_term_string\"}}],\"inLanguage\":\"da-DK\"},{\"@type\":\"Organization\",\"@id\":\"https:\/\/kunmedierne.dk\/mors\/#organization\",\"name\":\"Mors\",\"url\":\"https:\/\/kunmedierne.dk\/mors\/\",\"logo\":{\"@type\":\"ImageObject\",\"inLanguage\":\"da-DK\",\"@id\":\"https:\/\/kunmedierne.dk\/mors\/#\/schema\/logo\/image\/\",\"url\":\"https:\/\/kunmedierne.dk\/mors\/wp-content\/uploads\/2024\/08\/kunmors-logo.svg\",\"contentUrl\":\"https:\/\/kunmedierne.dk\/mors\/wp-content\/uploads\/2024\/08\/kunmors-logo.svg\",\"caption\":\"Mors\"},\"image\":{\"@id\":\"https:\/\/kunmedierne.dk\/mors\/#\/schema\/logo\/image\/\"}},{\"@type\":\"Person\",\"@id\":\"https:\/\/kunmedierne.dk\/mors\/#\/schema\/person\/5fe23251bf1d0abbcdc6f7896579d548\",\"name\":\"David H\u00f8jmark\",\"image\":{\"@type\":\"ImageObject\",\"inLanguage\":\"da-DK\",\"@id\":\"https:\/\/kunmedierne.dk\/mors\/#\/schema\/person\/image\/\",\"url\":\"https:\/\/secure.gravatar.com\/avatar\/4315d6fb9ef244d729989f5f90268eb08d5bf8a3d84402f595fa194bb35784fd?s=96&d=mm&r=g\",\"contentUrl\":\"https:\/\/secure.gravatar.com\/avatar\/4315d6fb9ef244d729989f5f90268eb08d5bf8a3d84402f595fa194bb35784fd?s=96&d=mm&r=g\",\"caption\":\"David H\u00f8jmark\"},\"sameAs\":[\"https:\/\/www.kunmedierne.dk\"],\"url\":\"https:\/\/kunmedierne.dk\/mors\/author\/david\/\"}]}<\/script>\n<!-- \/ Yoast SEO plugin. -->","yoast_head_json":{"title":"Efter weekend uden ungdomsfester: - Det er en sejr med mange f\u00e6dre - Mors","robots":{"index":"index","follow":"follow","max-snippet":"max-snippet:-1","max-image-preview":"max-image-preview:large","max-video-preview":"max-video-preview:-1"},"canonical":"https:\/\/kunmedierne.dk\/mors\/efter-weekend-uden-ungdomsfester-det-er-en-sejr-med-mange-faedre\/","og_locale":"da_DK","og_type":"article","og_title":"Efter weekend uden ungdomsfester: - Det er en sejr med mange f\u00e6dre - Mors","og_description":"MORS: Budskabet om at holde igen med festerne, til coronakrisen er afbl\u00e6st, ser ud til at v\u00e6re sivet ind hos den unge del af \u00f8ens befolkning. Det vurderer Michael Dahlgaard, skole- og dagtilbudschef i Mors\u00f8 Kommune, oven p\u00e5 en weekend af den stille slags. Hvor det for en uge siden var n\u00f8dvendigt for ham og [&hellip;]","og_url":"https:\/\/kunmedierne.dk\/mors\/efter-weekend-uden-ungdomsfester-det-er-en-sejr-med-mange-faedre\/","og_site_name":"Mors","article_published_time":"2020-03-23T16:59:55+00:00","article_modified_time":"2024-08-12T12:06:19+00:00","og_image":[{"width":770,"height":512,"url":"https:\/\/kunmedierne.dk\/mors\/wp-content\/uploads\/2020\/03\/200321-unge-fest-Photo-by-Yutacar-on-Unsplash.jpg","type":"image\/jpeg"}],"author":"David H\u00f8jmark","twitter_card":"summary_large_image","twitter_misc":{"Skrevet af":"David H\u00f8jmark","Estimeret l\u00e6setid":"2 minutter"},"schema":{"@context":"https:\/\/schema.org","@graph":[{"@type":"Article","@id":"https:\/\/kunmedierne.dk\/mors\/efter-weekend-uden-ungdomsfester-det-er-en-sejr-med-mange-faedre\/#article","isPartOf":{"@id":"https:\/\/kunmedierne.dk\/mors\/efter-weekend-uden-ungdomsfester-det-er-en-sejr-med-mange-faedre\/"},"author":{"name":"David H\u00f8jmark","@id":"https:\/\/kunmedierne.dk\/mors\/#\/schema\/person\/5fe23251bf1d0abbcdc6f7896579d548"},"headline":"Efter weekend uden ungdomsfester: &#8211; Det er en sejr med mange f\u00e6dre","datePublished":"2020-03-23T16:59:55+00:00","dateModified":"2024-08-12T12:06:19+00:00","mainEntityOfPage":{"@id":"https:\/\/kunmedierne.dk\/mors\/efter-weekend-uden-ungdomsfester-det-er-en-sejr-med-mange-faedre\/"},"wordCount":509,"commentCount":0,"publisher":{"@id":"https:\/\/kunmedierne.dk\/mors\/#organization"},"image":{"@id":"https:\/\/kunmedierne.dk\/mors\/efter-weekend-uden-ungdomsfester-det-er-en-sejr-med-mange-faedre\/#primaryimage"},"thumbnailUrl":"https:\/\/kunmedierne.dk\/mors\/wp-content\/uploads\/2020\/03\/200321-unge-fest-Photo-by-Yutacar-on-Unsplash.jpg","keywords":["Skoler og uddannelse"],"articleSection":["Lokalt"],"inLanguage":"da-DK","potentialAction":[{"@type":"CommentAction","name":"Comment","target":["https:\/\/kunmedierne.dk\/mors\/efter-weekend-uden-ungdomsfester-det-er-en-sejr-med-mange-faedre\/#respond"]}]},{"@type":"WebPage","@id":"https:\/\/kunmedierne.dk\/mors\/efter-weekend-uden-ungdomsfester-det-er-en-sejr-med-mange-faedre\/","url":"https:\/\/kunmedierne.dk\/mors\/efter-weekend-uden-ungdomsfester-det-er-en-sejr-med-mange-faedre\/","name":"Efter weekend uden ungdomsfester: - Det er en sejr med mange f\u00e6dre - Mors","isPartOf":{"@id":"https:\/\/kunmedierne.dk\/mors\/#website"},"primaryImageOfPage":{"@id":"https:\/\/kunmedierne.dk\/mors\/efter-weekend-uden-ungdomsfester-det-er-en-sejr-med-mange-faedre\/#primaryimage"},"image":{"@id":"https:\/\/kunmedierne.dk\/mors\/efter-weekend-uden-ungdomsfester-det-er-en-sejr-med-mange-faedre\/#primaryimage"},"thumbnailUrl":"https:\/\/kunmedierne.dk\/mors\/wp-content\/uploads\/2020\/03\/200321-unge-fest-Photo-by-Yutacar-on-Unsplash.jpg","datePublished":"2020-03-23T16:59:55+00:00","dateModified":"2024-08-12T12:06:19+00:00","breadcrumb":{"@id":"https:\/\/kunmedierne.dk\/mors\/efter-weekend-uden-ungdomsfester-det-er-en-sejr-med-mange-faedre\/#breadcrumb"},"inLanguage":"da-DK","potentialAction":[{"@type":"ReadAction","target":["https:\/\/kunmedierne.dk\/mors\/efter-weekend-uden-ungdomsfester-det-er-en-sejr-med-mange-faedre\/"]}]},{"@type":"ImageObject","inLanguage":"da-DK","@id":"https:\/\/kunmedierne.dk\/mors\/efter-weekend-uden-ungdomsfester-det-er-en-sejr-med-mange-faedre\/#primaryimage","url":"https:\/\/kunmedierne.dk\/mors\/wp-content\/uploads\/2020\/03\/200321-unge-fest-Photo-by-Yutacar-on-Unsplash.jpg","contentUrl":"https:\/\/kunmedierne.dk\/mors\/wp-content\/uploads\/2020\/03\/200321-unge-fest-Photo-by-Yutacar-on-Unsplash.jpg","width":770,"height":512,"caption":"Trods for\u00e5rsvejr og mulig kedsomhed holdt de unge sig i skindet med at feste i weekenden, lyder den forel\u00f8bige vurdering. Foto: Yutacar\/Unsplash."},{"@type":"BreadcrumbList","@id":"https:\/\/kunmedierne.dk\/mors\/efter-weekend-uden-ungdomsfester-det-er-en-sejr-med-mange-faedre\/#breadcrumb","itemListElement":[{"@type":"ListItem","position":1,"name":"Hjem","item":"https:\/\/kunmedierne.dk\/mors\/"},{"@type":"ListItem","position":2,"name":"Efter weekend uden ungdomsfester: &#8211; Det er en sejr med mange f\u00e6dre"}]},{"@type":"WebSite","@id":"https:\/\/kunmedierne.dk\/mors\/#website","url":"https:\/\/kunmedierne.dk\/mors\/","name":"Mors","description":"et netmedie med journalistik om livet p\u00e5 Mors","publisher":{"@id":"https:\/\/kunmedierne.dk\/mors\/#organization"},"potentialAction":[{"@type":"SearchAction","target":{"@type":"EntryPoint","urlTemplate":"https:\/\/kunmedierne.dk\/mors\/?s={search_term_string}"},"query-input":{"@type":"PropertyValueSpecification","valueRequired":true,"valueName":"search_term_string"}}],"inLanguage":"da-DK"},{"@type":"Organization","@id":"https:\/\/kunmedierne.dk\/mors\/#organization","name":"Mors","url":"https:\/\/kunmedierne.dk\/mors\/","logo":{"@type":"ImageObject","inLanguage":"da-DK","@id":"https:\/\/kunmedierne.dk\/mors\/#\/schema\/logo\/image\/","url":"https:\/\/kunmedierne.dk\/mors\/wp-content\/uploads\/2024\/08\/kunmors-logo.svg","contentUrl":"https:\/\/kunmedierne.dk\/mors\/wp-content\/uploads\/2024\/08\/kunmors-logo.svg","caption":"Mors"},"image":{"@id":"https:\/\/kunmedierne.dk\/mors\/#\/schema\/logo\/image\/"}},{"@type":"Person","@id":"https:\/\/kunmedierne.dk\/mors\/#\/schema\/person\/5fe23251bf1d0abbcdc6f7896579d548","name":"David H\u00f8jmark","image":{"@type":"ImageObject","inLanguage":"da-DK","@id":"https:\/\/kunmedierne.dk\/mors\/#\/schema\/person\/image\/","url":"https:\/\/secure.gravatar.com\/avatar\/4315d6fb9ef244d729989f5f90268eb08d5bf8a3d84402f595fa194bb35784fd?s=96&d=mm&r=g","contentUrl":"https:\/\/secure.gravatar.com\/avatar\/4315d6fb9ef244d729989f5f90268eb08d5bf8a3d84402f595fa194bb35784fd?s=96&d=mm&r=g","caption":"David H\u00f8jmark"},"sameAs":["https:\/\/www.kunmedierne.dk"],"url":"https:\/\/kunmedierne.dk\/mors\/author\/david\/"}]}},"_links":{"self":[{"href":"https:\/\/kunmedierne.dk\/mors\/wp-json\/wp\/v2\/posts\/14594","targetHints":{"allow":["GET"]}}],"collection":[{"href":"https:\/\/kunmedierne.dk\/mors\/wp-json\/wp\/v2\/posts"}],"about":[{"href":"https:\/\/kunmedierne.dk\/mors\/wp-json\/wp\/v2\/types\/post"}],"author":[{"embeddable":true,"href":"https:\/\/kunmedierne.dk\/mors\/wp-json\/wp\/v2\/users\/8"}],"replies":[{"embeddable":true,"href":"https:\/\/kunmedierne.dk\/mors\/wp-json\/wp\/v2\/comments?post=14594"}],"version-history":[{"count":2,"href":"https:\/\/kunmedierne.dk\/mors\/wp-json\/wp\/v2\/posts\/14594\/revisions"}],"predecessor-version":[{"id":14609,"href":"https:\/\/kunmedierne.dk\/mors\/wp-json\/wp\/v2\/posts\/14594\/revisions\/14609"}],"wp:featuredmedia":[{"embeddable":true,"href":"https:\/\/kunmedierne.dk\/mors\/wp-json\/wp\/v2\/media\/14595"}],"wp:attachment":[{"href":"https:\/\/kunmedierne.dk\/mors\/wp-json\/wp\/v2\/media?parent=14594"}],"wp:term":[{"taxonomy":"category","embeddable":true,"href":"https:\/\/kunmedierne.dk\/mors\/wp-json\/wp\/v2\/categories?post=14594"},{"taxonomy":"post_tag","embeddable":true,"href":"https:\/\/kunmedierne.dk\/mors\/wp-json\/wp\/v2\/tags?post=14594"}],"curies":[{"name":"wp","href":"https:\/\/api.w.org\/{rel}","templated":true}]}}