{"id":14570,"date":"2020-03-23T14:01:55","date_gmt":"2020-03-23T13:01:55","guid":{"rendered":"https:\/\/kunmedierne.dk\/mors\/?p=14570"},"modified":"2024-08-12T14:06:19","modified_gmt":"2024-08-12T12:06:19","slug":"trods-snubletraad-fra-coronavirus-vi-vil-have-det-her-op-at-staa","status":"publish","type":"post","link":"https:\/\/kunmedierne.dk\/mors\/trods-snubletraad-fra-coronavirus-vi-vil-have-det-her-op-at-staa\/","title":{"rendered":"Trods snubletr\u00e5d fra coronavirus: &#8211; Vi vil have det her op at st\u00e5"},"content":{"rendered":"<p><strong>FLADE<\/strong>: De har haft masser af vind i sejlene under opstarten, men coronavirus har ogs\u00e5 givet udfordringer for H\u00f8jskolen Mors.<\/p>\n<p>Det nye kulturelle tilbud, der st\u00e5r til at tage imod sine f\u00f8rste kursister til sommer, kunne stort set ikke have v\u00e6ret ramt af krisen p\u00e5 et v\u00e6rre tidspunkt: Midt i opstarten og dermed inden, man har f\u00e5et etableret sig som h\u00f8jskole.<\/p>\n<p>&#8220;Det er helt vildt tr\u00e6ls,&#8221; lyder det fra Nikolai Seidelin, der sammen med Mette Damiri er forstanderpar p\u00e5 h\u00f8jskolen i Flade.<\/p>\n<p>Han iler dog med den omg\u00e5ende tilf\u00f8jelse:<\/p>\n<p>&#8220;Vi fors\u00f8ger at bevare optimismen, og s\u00e5 h\u00e5ber vi, at alle bakker op om det, og at mange sender en s\u00f8n eller datter, en nev\u00f8 eller en f\u00e6tter p\u00e5 h\u00f8jskole.&#8221;<\/p>\n<p>&nbsp;<\/p>\n<p><strong>Corona er en ekstra snubletr\u00e5d<\/strong><\/p>\n<p>Det er nemlig \u00e5nden lige nu p\u00e5 h\u00f8jskolen, fort\u00e6ller Nikolai Seidelin, der nok kan pege udfordringerne ud, men som ogs\u00e5 har optimismen i behold.<\/p>\n<p>&#8220;Vi er b\u00e5de ramt og ikke s\u00e5 h\u00e5rdt ramt,&#8221; siger han.<\/p>\n<p>P\u00e5 den negative front har h\u00f8jskolen v\u00e6ret tvunget til at aflyse en bootcamp i april. Og hvervningen af unge p\u00e5 en turn\u00e9 til 19 gymnasier blev ogs\u00e5 spoleret, da kun de f\u00f8rste otte bes\u00f8g n\u00e5ede at blive gennemf\u00f8rt.<\/p>\n<p>Til geng\u00e6ld tegner det positivt, at h\u00f8jskolen har f\u00e5et masser af positive reaktioner p\u00e5 de arrangementer, der n\u00e5ede at blive gennemf\u00f8rt. Og at der er blevet lagt m\u00e6rke til den rundt omkring.<\/p>\n<p>&#8220;Vi er ved godt mod og h\u00e5ber at slippe for de v\u00e6rste konsekvenser,&#8221; siger Nikolai Seidelin uden dog at l\u00e6gge skjul p\u00e5, at coronakrisen er en h\u00e6msko.<\/p>\n<p>&#8220;Det er i forvejen sv\u00e6rt at starte en h\u00f8jskole op, s\u00e5 p\u00e5 den m\u00e5de er det blevet en ekstra snubletr\u00e5d,&#8221; siger han.<\/p>\n<p>&nbsp;<\/p>\n<p><strong>Forholder sig strategisk<\/strong><\/p>\n<p>Efter planen \u00e5bner h\u00f8jskolen 21. juni for de f\u00f8rste korte kurser. Dem har ikke f\u00e6rre end 170 unge tilmeldt sig, og indtil nu har ingen meldt fra som en direkte konsekvens af coronakrisen. Kun en enkelt har gjort det af en indirekte \u00e5rsag, da en flyttet konfirmation kom i vejen for opholdet p\u00e5 Mors.<\/p>\n<p><img loading=\"lazy\" decoding=\"async\" class=\"size-full wp-image-14573 alignright\" src=\"https:\/\/kunmedierne.dk\/mors\/wp-content\/uploads\/2020\/03\/200322-h\u00f8jskolen-mors.jpg\" alt=\"\" width=\"350\" height=\"630\" srcset=\"https:\/\/kunmedierne.dk\/mors\/wp-content\/uploads\/2020\/03\/200322-h\u00f8jskolen-mors.jpg 350w, https:\/\/kunmedierne.dk\/mors\/wp-content\/uploads\/2020\/03\/200322-h\u00f8jskolen-mors-167x300.jpg 167w\" sizes=\"auto, (max-width: 350px) 100vw, 350px\" \/>S\u00e5 nu krydser H\u00f8jskolen Mors sine fingre for at f\u00e5 gennemf\u00f8rt sommerens kurser &#8211; og for at dem i august ogs\u00e5 kommer godt i gang.<\/p>\n<p>Det er i \u00f8vrigt med en plan b sat i v\u00e6rk.<\/p>\n<p>&#8220;Vi fors\u00f8ger at forholde os strategisk til det. S\u00e5 vi starter kurser op 9. august som planlagt, men nu g\u00f8r vi det ogs\u00e5 30. august,&#8221; siger Nikolai Seidelin.<\/p>\n<p>&#8220;Vi ved jo ikke noget om, hvad der kommer til at ske, s\u00e5 p\u00e5 den m\u00e5de har vi et skud mere i b\u00f8ssen,&#8221; tilf\u00f8jer han.<\/p>\n<p>Det ekstra optag er dog ikke nogen revolution af h\u00f8jskolens program. Man havde i forvejen planer i den retning for september og kunne s\u00e5ledes have fundet p\u00e5 at lave ekstra et optag ogs\u00e5 uden coronakrisen. Og alt i alt er det et \u00e6rgerligt, men ogs\u00e5 optimistisk forstanderpar, der ser frem imod f\u00f8rste s\u00e6son.<\/p>\n<p>&#8220;Vi fors\u00f8ger at navigere klogt, og heldigvis skal der ikke s\u00e5 mange til, f\u00f8r \u00f8konomien l\u00f8ber rundt,&#8221; siger Nikolai Seidelin og tilf\u00f8jer, at 15 unge til kurserne fra august kan v\u00e6re med til at sikre det.<\/p>\n<p>&#8220;Vi kommer til at lave et kampagnetilbud for dem, der melder sig til inden 1. juni. S\u00e5 vi h\u00e5ber, at vi kan ride stormen af,&#8221; siger han.<\/p>\n<p>&nbsp;<\/p>\n<p><strong>Ogs\u00e5 et sp\u00f8rgsm\u00e5l om vilje<\/strong><\/p>\n<p>H\u00f8jskolen Mors har allerede pr\u00e6senteret flere af sine instrukt\u00f8rer. Italienskf\u00f8dte Pierangelo Pompa, der som teaterl\u00e6rer byder ind med stor erfaring fra flere steder i verden, er blot en af de sp\u00e6ndende l\u00e6rere p\u00e5 en h\u00f8jskole, der ogs\u00e5 lokker med gastronomien: K\u00f8kkenet bestyres s\u00e5ledes af Nicolas Georg med seks \u00e5r erfaring p\u00e5 Michelin-restauranten S\u00f8ller\u00f8d Kro bag sig.<\/p>\n<p>Og selv om krisen truer med at sp\u00e6nde ben, er der ikke planer om at sk\u00e6re ned p\u00e5 l\u00e6rerbestanden, fort\u00e6ller Nikolai Seidelin.<\/p>\n<p>&#8220;Vi arbejder videre, indtil der er nogle advarselslamper, der virkelig lyser &#8211; og s\u00e5 m\u00e5 vi lave en solidarisk l\u00f8sning,&#8221; siger han og tilf\u00f8jer, at det ogs\u00e5 er et sp\u00f8rgsm\u00e5l om vilje:<\/p>\n<p>&#8220;Vi vil have det her op at st\u00e5.&#8221;<\/p>\n","protected":false},"excerpt":{"rendered":"<p>FLADE: De har haft masser af vind i sejlene under opstarten, men coronavirus har ogs\u00e5 givet udfordringer for H\u00f8jskolen Mors. Det nye kulturelle tilbud, der st\u00e5r til at tage imod sine f\u00f8rste kursister til sommer, kunne stort set ikke have v\u00e6ret ramt af krisen p\u00e5 et v\u00e6rre tidspunkt: Midt i opstarten og dermed inden, man [&hellip;]<\/p>\n","protected":false},"author":8,"featured_media":14572,"comment_status":"open","ping_status":"open","sticky":false,"template":"","format":"standard","meta":{"_acf_changed":false,"footnotes":""},"categories":[49],"tags":[170],"class_list":["post-14570","post","type-post","status-publish","format-standard","has-post-thumbnail","hentry","category-kultur","tag-uddannelse"],"acf":[],"yoast_head":"<!-- This site is optimized with the Yoast SEO plugin v26.8 - https:\/\/yoast.com\/product\/yoast-seo-wordpress\/ -->\n<title>Trods snubletr\u00e5d fra coronavirus: - Vi vil have det her op at st\u00e5 - Mors<\/title>\n<meta name=\"robots\" content=\"index, follow, max-snippet:-1, max-image-preview:large, max-video-preview:-1\" \/>\n<link rel=\"canonical\" href=\"https:\/\/kunmedierne.dk\/mors\/trods-snubletraad-fra-coronavirus-vi-vil-have-det-her-op-at-staa\/\" \/>\n<meta property=\"og:locale\" content=\"da_DK\" \/>\n<meta property=\"og:type\" content=\"article\" \/>\n<meta property=\"og:title\" content=\"Trods snubletr\u00e5d fra coronavirus: - Vi vil have det her op at st\u00e5 - Mors\" \/>\n<meta property=\"og:description\" content=\"FLADE: De har haft masser af vind i sejlene under opstarten, men coronavirus har ogs\u00e5 givet udfordringer for H\u00f8jskolen Mors. Det nye kulturelle tilbud, der st\u00e5r til at tage imod sine f\u00f8rste kursister til sommer, kunne stort set ikke have v\u00e6ret ramt af krisen p\u00e5 et v\u00e6rre tidspunkt: Midt i opstarten og dermed inden, man [&hellip;]\" \/>\n<meta property=\"og:url\" content=\"https:\/\/kunmedierne.dk\/mors\/trods-snubletraad-fra-coronavirus-vi-vil-have-det-her-op-at-staa\/\" \/>\n<meta property=\"og:site_name\" content=\"Mors\" \/>\n<meta property=\"article:published_time\" content=\"2020-03-23T13:01:55+00:00\" \/>\n<meta property=\"article:modified_time\" content=\"2024-08-12T12:06:19+00:00\" \/>\n<meta property=\"og:image\" content=\"https:\/\/kunmedierne.dk\/mors\/wp-content\/uploads\/2020\/03\/200322-h\u00f8jskolen-mors2.jpg\" \/>\n\t<meta property=\"og:image:width\" content=\"770\" \/>\n\t<meta property=\"og:image:height\" content=\"513\" \/>\n\t<meta property=\"og:image:type\" content=\"image\/jpeg\" \/>\n<meta name=\"author\" content=\"David H\u00f8jmark\" \/>\n<meta name=\"twitter:card\" content=\"summary_large_image\" \/>\n<meta name=\"twitter:label1\" content=\"Skrevet af\" \/>\n\t<meta name=\"twitter:data1\" content=\"David H\u00f8jmark\" \/>\n\t<meta name=\"twitter:label2\" content=\"Estimeret l\u00e6setid\" \/>\n\t<meta name=\"twitter:data2\" content=\"4 minutter\" \/>\n<script type=\"application\/ld+json\" class=\"yoast-schema-graph\">{\"@context\":\"https:\/\/schema.org\",\"@graph\":[{\"@type\":\"Article\",\"@id\":\"https:\/\/kunmedierne.dk\/mors\/trods-snubletraad-fra-coronavirus-vi-vil-have-det-her-op-at-staa\/#article\",\"isPartOf\":{\"@id\":\"https:\/\/kunmedierne.dk\/mors\/trods-snubletraad-fra-coronavirus-vi-vil-have-det-her-op-at-staa\/\"},\"author\":{\"name\":\"David H\u00f8jmark\",\"@id\":\"https:\/\/kunmedierne.dk\/mors\/#\/schema\/person\/5fe23251bf1d0abbcdc6f7896579d548\"},\"headline\":\"Trods snubletr\u00e5d fra coronavirus: &#8211; Vi vil have det her op at st\u00e5\",\"datePublished\":\"2020-03-23T13:01:55+00:00\",\"dateModified\":\"2024-08-12T12:06:19+00:00\",\"mainEntityOfPage\":{\"@id\":\"https:\/\/kunmedierne.dk\/mors\/trods-snubletraad-fra-coronavirus-vi-vil-have-det-her-op-at-staa\/\"},\"wordCount\":757,\"commentCount\":0,\"publisher\":{\"@id\":\"https:\/\/kunmedierne.dk\/mors\/#organization\"},\"image\":{\"@id\":\"https:\/\/kunmedierne.dk\/mors\/trods-snubletraad-fra-coronavirus-vi-vil-have-det-her-op-at-staa\/#primaryimage\"},\"thumbnailUrl\":\"https:\/\/kunmedierne.dk\/mors\/wp-content\/uploads\/2020\/03\/200322-h\u00f8jskolen-mors2.jpg\",\"keywords\":[\"Skoler og uddannelse\"],\"articleSection\":[\"Kultur\"],\"inLanguage\":\"da-DK\",\"potentialAction\":[{\"@type\":\"CommentAction\",\"name\":\"Comment\",\"target\":[\"https:\/\/kunmedierne.dk\/mors\/trods-snubletraad-fra-coronavirus-vi-vil-have-det-her-op-at-staa\/#respond\"]}]},{\"@type\":\"WebPage\",\"@id\":\"https:\/\/kunmedierne.dk\/mors\/trods-snubletraad-fra-coronavirus-vi-vil-have-det-her-op-at-staa\/\",\"url\":\"https:\/\/kunmedierne.dk\/mors\/trods-snubletraad-fra-coronavirus-vi-vil-have-det-her-op-at-staa\/\",\"name\":\"Trods snubletr\u00e5d fra coronavirus: - Vi vil have det her op at st\u00e5 - Mors\",\"isPartOf\":{\"@id\":\"https:\/\/kunmedierne.dk\/mors\/#website\"},\"primaryImageOfPage\":{\"@id\":\"https:\/\/kunmedierne.dk\/mors\/trods-snubletraad-fra-coronavirus-vi-vil-have-det-her-op-at-staa\/#primaryimage\"},\"image\":{\"@id\":\"https:\/\/kunmedierne.dk\/mors\/trods-snubletraad-fra-coronavirus-vi-vil-have-det-her-op-at-staa\/#primaryimage\"},\"thumbnailUrl\":\"https:\/\/kunmedierne.dk\/mors\/wp-content\/uploads\/2020\/03\/200322-h\u00f8jskolen-mors2.jpg\",\"datePublished\":\"2020-03-23T13:01:55+00:00\",\"dateModified\":\"2024-08-12T12:06:19+00:00\",\"breadcrumb\":{\"@id\":\"https:\/\/kunmedierne.dk\/mors\/trods-snubletraad-fra-coronavirus-vi-vil-have-det-her-op-at-staa\/#breadcrumb\"},\"inLanguage\":\"da-DK\",\"potentialAction\":[{\"@type\":\"ReadAction\",\"target\":[\"https:\/\/kunmedierne.dk\/mors\/trods-snubletraad-fra-coronavirus-vi-vil-have-det-her-op-at-staa\/\"]}]},{\"@type\":\"ImageObject\",\"inLanguage\":\"da-DK\",\"@id\":\"https:\/\/kunmedierne.dk\/mors\/trods-snubletraad-fra-coronavirus-vi-vil-have-det-her-op-at-staa\/#primaryimage\",\"url\":\"https:\/\/kunmedierne.dk\/mors\/wp-content\/uploads\/2020\/03\/200322-h\u00f8jskolen-mors2.jpg\",\"contentUrl\":\"https:\/\/kunmedierne.dk\/mors\/wp-content\/uploads\/2020\/03\/200322-h\u00f8jskolen-mors2.jpg\",\"width\":770,\"height\":513,\"caption\":\"Der har v\u00e6ret stor interesse for H\u00f8jskolen Mors under opstarten. Privatfoto.\"},{\"@type\":\"BreadcrumbList\",\"@id\":\"https:\/\/kunmedierne.dk\/mors\/trods-snubletraad-fra-coronavirus-vi-vil-have-det-her-op-at-staa\/#breadcrumb\",\"itemListElement\":[{\"@type\":\"ListItem\",\"position\":1,\"name\":\"Hjem\",\"item\":\"https:\/\/kunmedierne.dk\/mors\/\"},{\"@type\":\"ListItem\",\"position\":2,\"name\":\"Trods snubletr\u00e5d fra coronavirus: &#8211; Vi vil have det her op at st\u00e5\"}]},{\"@type\":\"WebSite\",\"@id\":\"https:\/\/kunmedierne.dk\/mors\/#website\",\"url\":\"https:\/\/kunmedierne.dk\/mors\/\",\"name\":\"Mors\",\"description\":\"et netmedie med journalistik om livet p\u00e5 Mors\",\"publisher\":{\"@id\":\"https:\/\/kunmedierne.dk\/mors\/#organization\"},\"potentialAction\":[{\"@type\":\"SearchAction\",\"target\":{\"@type\":\"EntryPoint\",\"urlTemplate\":\"https:\/\/kunmedierne.dk\/mors\/?s={search_term_string}\"},\"query-input\":{\"@type\":\"PropertyValueSpecification\",\"valueRequired\":true,\"valueName\":\"search_term_string\"}}],\"inLanguage\":\"da-DK\"},{\"@type\":\"Organization\",\"@id\":\"https:\/\/kunmedierne.dk\/mors\/#organization\",\"name\":\"Mors\",\"url\":\"https:\/\/kunmedierne.dk\/mors\/\",\"logo\":{\"@type\":\"ImageObject\",\"inLanguage\":\"da-DK\",\"@id\":\"https:\/\/kunmedierne.dk\/mors\/#\/schema\/logo\/image\/\",\"url\":\"https:\/\/kunmedierne.dk\/mors\/wp-content\/uploads\/2024\/08\/kunmors-logo.svg\",\"contentUrl\":\"https:\/\/kunmedierne.dk\/mors\/wp-content\/uploads\/2024\/08\/kunmors-logo.svg\",\"caption\":\"Mors\"},\"image\":{\"@id\":\"https:\/\/kunmedierne.dk\/mors\/#\/schema\/logo\/image\/\"}},{\"@type\":\"Person\",\"@id\":\"https:\/\/kunmedierne.dk\/mors\/#\/schema\/person\/5fe23251bf1d0abbcdc6f7896579d548\",\"name\":\"David H\u00f8jmark\",\"image\":{\"@type\":\"ImageObject\",\"inLanguage\":\"da-DK\",\"@id\":\"https:\/\/kunmedierne.dk\/mors\/#\/schema\/person\/image\/\",\"url\":\"https:\/\/secure.gravatar.com\/avatar\/4315d6fb9ef244d729989f5f90268eb08d5bf8a3d84402f595fa194bb35784fd?s=96&d=mm&r=g\",\"contentUrl\":\"https:\/\/secure.gravatar.com\/avatar\/4315d6fb9ef244d729989f5f90268eb08d5bf8a3d84402f595fa194bb35784fd?s=96&d=mm&r=g\",\"caption\":\"David H\u00f8jmark\"},\"sameAs\":[\"https:\/\/www.kunmedierne.dk\"],\"url\":\"https:\/\/kunmedierne.dk\/mors\/author\/david\/\"}]}<\/script>\n<!-- \/ Yoast SEO plugin. -->","yoast_head_json":{"title":"Trods snubletr\u00e5d fra coronavirus: - Vi vil have det her op at st\u00e5 - Mors","robots":{"index":"index","follow":"follow","max-snippet":"max-snippet:-1","max-image-preview":"max-image-preview:large","max-video-preview":"max-video-preview:-1"},"canonical":"https:\/\/kunmedierne.dk\/mors\/trods-snubletraad-fra-coronavirus-vi-vil-have-det-her-op-at-staa\/","og_locale":"da_DK","og_type":"article","og_title":"Trods snubletr\u00e5d fra coronavirus: - Vi vil have det her op at st\u00e5 - Mors","og_description":"FLADE: De har haft masser af vind i sejlene under opstarten, men coronavirus har ogs\u00e5 givet udfordringer for H\u00f8jskolen Mors. Det nye kulturelle tilbud, der st\u00e5r til at tage imod sine f\u00f8rste kursister til sommer, kunne stort set ikke have v\u00e6ret ramt af krisen p\u00e5 et v\u00e6rre tidspunkt: Midt i opstarten og dermed inden, man [&hellip;]","og_url":"https:\/\/kunmedierne.dk\/mors\/trods-snubletraad-fra-coronavirus-vi-vil-have-det-her-op-at-staa\/","og_site_name":"Mors","article_published_time":"2020-03-23T13:01:55+00:00","article_modified_time":"2024-08-12T12:06:19+00:00","og_image":[{"width":770,"height":513,"url":"https:\/\/kunmedierne.dk\/mors\/wp-content\/uploads\/2020\/03\/200322-h\u00f8jskolen-mors2.jpg","type":"image\/jpeg"}],"author":"David H\u00f8jmark","twitter_card":"summary_large_image","twitter_misc":{"Skrevet af":"David H\u00f8jmark","Estimeret l\u00e6setid":"4 minutter"},"schema":{"@context":"https:\/\/schema.org","@graph":[{"@type":"Article","@id":"https:\/\/kunmedierne.dk\/mors\/trods-snubletraad-fra-coronavirus-vi-vil-have-det-her-op-at-staa\/#article","isPartOf":{"@id":"https:\/\/kunmedierne.dk\/mors\/trods-snubletraad-fra-coronavirus-vi-vil-have-det-her-op-at-staa\/"},"author":{"name":"David H\u00f8jmark","@id":"https:\/\/kunmedierne.dk\/mors\/#\/schema\/person\/5fe23251bf1d0abbcdc6f7896579d548"},"headline":"Trods snubletr\u00e5d fra coronavirus: &#8211; Vi vil have det her op at st\u00e5","datePublished":"2020-03-23T13:01:55+00:00","dateModified":"2024-08-12T12:06:19+00:00","mainEntityOfPage":{"@id":"https:\/\/kunmedierne.dk\/mors\/trods-snubletraad-fra-coronavirus-vi-vil-have-det-her-op-at-staa\/"},"wordCount":757,"commentCount":0,"publisher":{"@id":"https:\/\/kunmedierne.dk\/mors\/#organization"},"image":{"@id":"https:\/\/kunmedierne.dk\/mors\/trods-snubletraad-fra-coronavirus-vi-vil-have-det-her-op-at-staa\/#primaryimage"},"thumbnailUrl":"https:\/\/kunmedierne.dk\/mors\/wp-content\/uploads\/2020\/03\/200322-h\u00f8jskolen-mors2.jpg","keywords":["Skoler og uddannelse"],"articleSection":["Kultur"],"inLanguage":"da-DK","potentialAction":[{"@type":"CommentAction","name":"Comment","target":["https:\/\/kunmedierne.dk\/mors\/trods-snubletraad-fra-coronavirus-vi-vil-have-det-her-op-at-staa\/#respond"]}]},{"@type":"WebPage","@id":"https:\/\/kunmedierne.dk\/mors\/trods-snubletraad-fra-coronavirus-vi-vil-have-det-her-op-at-staa\/","url":"https:\/\/kunmedierne.dk\/mors\/trods-snubletraad-fra-coronavirus-vi-vil-have-det-her-op-at-staa\/","name":"Trods snubletr\u00e5d fra coronavirus: - Vi vil have det her op at st\u00e5 - Mors","isPartOf":{"@id":"https:\/\/kunmedierne.dk\/mors\/#website"},"primaryImageOfPage":{"@id":"https:\/\/kunmedierne.dk\/mors\/trods-snubletraad-fra-coronavirus-vi-vil-have-det-her-op-at-staa\/#primaryimage"},"image":{"@id":"https:\/\/kunmedierne.dk\/mors\/trods-snubletraad-fra-coronavirus-vi-vil-have-det-her-op-at-staa\/#primaryimage"},"thumbnailUrl":"https:\/\/kunmedierne.dk\/mors\/wp-content\/uploads\/2020\/03\/200322-h\u00f8jskolen-mors2.jpg","datePublished":"2020-03-23T13:01:55+00:00","dateModified":"2024-08-12T12:06:19+00:00","breadcrumb":{"@id":"https:\/\/kunmedierne.dk\/mors\/trods-snubletraad-fra-coronavirus-vi-vil-have-det-her-op-at-staa\/#breadcrumb"},"inLanguage":"da-DK","potentialAction":[{"@type":"ReadAction","target":["https:\/\/kunmedierne.dk\/mors\/trods-snubletraad-fra-coronavirus-vi-vil-have-det-her-op-at-staa\/"]}]},{"@type":"ImageObject","inLanguage":"da-DK","@id":"https:\/\/kunmedierne.dk\/mors\/trods-snubletraad-fra-coronavirus-vi-vil-have-det-her-op-at-staa\/#primaryimage","url":"https:\/\/kunmedierne.dk\/mors\/wp-content\/uploads\/2020\/03\/200322-h\u00f8jskolen-mors2.jpg","contentUrl":"https:\/\/kunmedierne.dk\/mors\/wp-content\/uploads\/2020\/03\/200322-h\u00f8jskolen-mors2.jpg","width":770,"height":513,"caption":"Der har v\u00e6ret stor interesse for H\u00f8jskolen Mors under opstarten. Privatfoto."},{"@type":"BreadcrumbList","@id":"https:\/\/kunmedierne.dk\/mors\/trods-snubletraad-fra-coronavirus-vi-vil-have-det-her-op-at-staa\/#breadcrumb","itemListElement":[{"@type":"ListItem","position":1,"name":"Hjem","item":"https:\/\/kunmedierne.dk\/mors\/"},{"@type":"ListItem","position":2,"name":"Trods snubletr\u00e5d fra coronavirus: &#8211; Vi vil have det her op at st\u00e5"}]},{"@type":"WebSite","@id":"https:\/\/kunmedierne.dk\/mors\/#website","url":"https:\/\/kunmedierne.dk\/mors\/","name":"Mors","description":"et netmedie med journalistik om livet p\u00e5 Mors","publisher":{"@id":"https:\/\/kunmedierne.dk\/mors\/#organization"},"potentialAction":[{"@type":"SearchAction","target":{"@type":"EntryPoint","urlTemplate":"https:\/\/kunmedierne.dk\/mors\/?s={search_term_string}"},"query-input":{"@type":"PropertyValueSpecification","valueRequired":true,"valueName":"search_term_string"}}],"inLanguage":"da-DK"},{"@type":"Organization","@id":"https:\/\/kunmedierne.dk\/mors\/#organization","name":"Mors","url":"https:\/\/kunmedierne.dk\/mors\/","logo":{"@type":"ImageObject","inLanguage":"da-DK","@id":"https:\/\/kunmedierne.dk\/mors\/#\/schema\/logo\/image\/","url":"https:\/\/kunmedierne.dk\/mors\/wp-content\/uploads\/2024\/08\/kunmors-logo.svg","contentUrl":"https:\/\/kunmedierne.dk\/mors\/wp-content\/uploads\/2024\/08\/kunmors-logo.svg","caption":"Mors"},"image":{"@id":"https:\/\/kunmedierne.dk\/mors\/#\/schema\/logo\/image\/"}},{"@type":"Person","@id":"https:\/\/kunmedierne.dk\/mors\/#\/schema\/person\/5fe23251bf1d0abbcdc6f7896579d548","name":"David H\u00f8jmark","image":{"@type":"ImageObject","inLanguage":"da-DK","@id":"https:\/\/kunmedierne.dk\/mors\/#\/schema\/person\/image\/","url":"https:\/\/secure.gravatar.com\/avatar\/4315d6fb9ef244d729989f5f90268eb08d5bf8a3d84402f595fa194bb35784fd?s=96&d=mm&r=g","contentUrl":"https:\/\/secure.gravatar.com\/avatar\/4315d6fb9ef244d729989f5f90268eb08d5bf8a3d84402f595fa194bb35784fd?s=96&d=mm&r=g","caption":"David H\u00f8jmark"},"sameAs":["https:\/\/www.kunmedierne.dk"],"url":"https:\/\/kunmedierne.dk\/mors\/author\/david\/"}]}},"_links":{"self":[{"href":"https:\/\/kunmedierne.dk\/mors\/wp-json\/wp\/v2\/posts\/14570","targetHints":{"allow":["GET"]}}],"collection":[{"href":"https:\/\/kunmedierne.dk\/mors\/wp-json\/wp\/v2\/posts"}],"about":[{"href":"https:\/\/kunmedierne.dk\/mors\/wp-json\/wp\/v2\/types\/post"}],"author":[{"embeddable":true,"href":"https:\/\/kunmedierne.dk\/mors\/wp-json\/wp\/v2\/users\/8"}],"replies":[{"embeddable":true,"href":"https:\/\/kunmedierne.dk\/mors\/wp-json\/wp\/v2\/comments?post=14570"}],"version-history":[{"count":3,"href":"https:\/\/kunmedierne.dk\/mors\/wp-json\/wp\/v2\/posts\/14570\/revisions"}],"predecessor-version":[{"id":14575,"href":"https:\/\/kunmedierne.dk\/mors\/wp-json\/wp\/v2\/posts\/14570\/revisions\/14575"}],"wp:featuredmedia":[{"embeddable":true,"href":"https:\/\/kunmedierne.dk\/mors\/wp-json\/wp\/v2\/media\/14572"}],"wp:attachment":[{"href":"https:\/\/kunmedierne.dk\/mors\/wp-json\/wp\/v2\/media?parent=14570"}],"wp:term":[{"taxonomy":"category","embeddable":true,"href":"https:\/\/kunmedierne.dk\/mors\/wp-json\/wp\/v2\/categories?post=14570"},{"taxonomy":"post_tag","embeddable":true,"href":"https:\/\/kunmedierne.dk\/mors\/wp-json\/wp\/v2\/tags?post=14570"}],"curies":[{"name":"wp","href":"https:\/\/api.w.org\/{rel}","templated":true}]}}