{"id":145120,"date":"2025-05-02T05:53:53","date_gmt":"2025-05-02T03:53:53","guid":{"rendered":"https:\/\/kunmedierne.dk\/mors\/?p=145120"},"modified":"2025-05-02T09:24:26","modified_gmt":"2025-05-02T07:24:26","slug":"leif-har-1-000-faar-paa-mors-vi-skal-kunne-beskytte-vores-dyr-ogsaa-naar-ulven-kommer-taet-paa","status":"publish","type":"post","link":"https:\/\/kunmedierne.dk\/mors\/leif-har-1-000-faar-paa-mors-vi-skal-kunne-beskytte-vores-dyr-ogsaa-naar-ulven-kommer-taet-paa\/","title":{"rendered":"Leif har 1.000 f\u00e5r p\u00e5 Mors: \u201cVi skal kunne beskytte vores dyr \u2013 ogs\u00e5 n\u00e5r ulven kommer t\u00e6t p\u00e5\u201d\u00a0"},"content":{"rendered":"<p><b><span data-contrast=\"auto\">SUNDBY: &#8211; <\/span><\/b>Er det okay, jeg spiser imens vi taler?<\/p>\n<p><span data-contrast=\"auto\">For\u00e5ret er h\u00f8js\u00e6son p\u00e5 Leif Andersens g\u00e5rd. Moderf\u00e5rene f\u00e5r lam, og det betyder mange opgaver og lidt tid. Men han tager sig alligevel tid til at tale med os om et emne, der fylder hos mange dyreholdere for tiden: ulven.<\/span><span data-ccp-props=\"{&quot;134233117&quot;:false,&quot;134233118&quot;:false,&quot;335551550&quot;:0,&quot;335551620&quot;:0,&quot;335559738&quot;:240,&quot;335559739&quot;:240}\">\u00a0<\/span><\/p>\n<a class=\"dvrt-link\" onClick=\"cdmtrack_click(104779,jQuery(this));return false\" href=\"https:\/\/morsoe-begravelsesforretning.dk\/\"><img decoding=\"async\" style=\"width:100%;\" src=\"https:\/\/kunmedierne.dk\/mors\/wp-content\/uploads\/2023\/11\/251215-morsoe-begravelsesforretning.jpg\"><\/a><script>cdmtrack_view(104779);<\/script>\n<p><span data-contrast=\"auto\">Leif driver virksomheden <\/span><i><span data-contrast=\"auto\">Mors\u00f8 Lam<\/span><\/i><span data-contrast=\"auto\"> sammen med sin k\u00e6reste, Signe Zeuthen S\u00f8rensen. Sammen passer de 1.000 moderf\u00e5r, som gr\u00e6sser b\u00e5de p\u00e5 Mors og i omr\u00e5der af Thy, Salling og helt mod Viborg. De f\u00f8lger derfor udviklingen omkring ulven t\u00e6t.<\/span><span data-ccp-props=\"{&quot;134233117&quot;:false,&quot;134233118&quot;:false,&quot;335551550&quot;:0,&quot;335551620&quot;:0,&quot;335559738&quot;:240,&quot;335559739&quot;:240}\">\u00a0<\/span><\/p>\n<p><span data-contrast=\"auto\">\u2013 Vi er medlem af Danske Lammeproducenter, hvor vi f\u00e5r information og opdateringer. Det er noget, vi tager seri\u00f8st, for det handler om at kunne passe godt p\u00e5 vores dyr.<\/span><span data-ccp-props=\"{&quot;134233117&quot;:false,&quot;134233118&quot;:false,&quot;335551550&quot;:0,&quot;335551620&quot;:0,&quot;335559738&quot;:240,&quot;335559739&quot;:240}\">\u00a0<\/span><\/p>\n<p><span data-ccp-props=\"{&quot;335551550&quot;:0,&quot;335551620&quot;:0}\">\u00a0<\/span><\/p>\n<p><b><span data-contrast=\"auto\">Ulven og angrebserfaringerne fra tidligere<\/span><\/b><\/p>\n<p><span data-contrast=\"auto\">Selvom der ikke er bekr\u00e6ftet ulv p\u00e5 Mors i nyere tid, har Leif pr\u00f8vet at st\u00e5 midt i et ulveangreb. I 2019 blev en af deres hedearealer i Midtjylland ramt.<\/span><span data-ccp-props=\"{&quot;134233117&quot;:false,&quot;134233118&quot;:false,&quot;335551550&quot;:0,&quot;335551620&quot;:0,&quot;335559738&quot;:240,&quot;335559739&quot;:240}\">\u00a0<\/span><\/p>\n<p><span data-contrast=\"auto\">\u2013 Vi mistede dyr og m\u00e5tte aflive ni. Det er en sv\u00e6r oplevelse, b\u00e5de praktisk og mentalt. Dyrene bliver stressede, og man f\u00f8ler sig magtesl\u00f8s.<\/span><span data-ccp-props=\"{&quot;134233117&quot;:false,&quot;134233118&quot;:false,&quot;335551550&quot;:0,&quot;335551620&quot;:0,&quot;335559738&quot;:240,&quot;335559739&quot;:240}\"> Det tror jeg slet ikke man kan forestille sig, hvis man ikke har pr\u00f8vet det selv.<\/span><\/p>\n<p><span data-contrast=\"auto\">Han er ikke alene. Mange kolleger har oplevet lignende, og Leif ser det som en f\u00e6lles udfordring, ikke et sp\u00f8rgsm\u00e5l om frygt:<\/span><span data-ccp-props=\"{&quot;134233117&quot;:false,&quot;134233118&quot;:false,&quot;335551550&quot;:0,&quot;335551620&quot;:0,&quot;335559738&quot;:240,&quot;335559739&quot;:240}\">\u00a0<\/span><\/p>\n<p><span data-contrast=\"auto\">\u2013 Det handler ikke om at skabe panik. Det handler om at finde l\u00f8sninger, der virker \u2013 i praksis.\u00a0 Men der er nu nok en god grund til at vores forf\u00e6dre ikke \u00f8nskede ulven i Danmark. Det er problematisk p\u00e5 mange m\u00e5der.\u00a0<\/span><\/p>\n<p><span data-ccp-props=\"{&quot;335551550&quot;:0,&quot;335551620&quot;:0}\">\u00a0<\/span><\/p>\n<p><b><span data-contrast=\"auto\">Nyt h\u00e5b med handlingsplanen<\/span><\/b><span data-ccp-props=\"{&quot;134233117&quot;:false,&quot;134233118&quot;:false,&quot;335551550&quot;:0,&quot;335551620&quot;:0,&quot;335559738&quot;:240,&quot;335559739&quot;:240}\">\u00a0<\/span><\/p>\n<p><span data-contrast=\"auto\">Regeringens nye <\/span><i><span data-contrast=\"auto\">ulvehandlingsplan<\/span><\/i><span data-contrast=\"auto\"> im\u00f8dekommer nogle af de bekymringer, Leif og andre har haft. Planen g\u00f8r det bl.a. lettere at regulere ulve, der angriber dyr bag ulvesikrede hegn, og opretter lokale ulvev\u00e6rnsgrupper, der kan hj\u00e6lpe med at skr\u00e6mme ulve v\u00e6k. Der er ogs\u00e5 afsat midler til bedre hegn og kompensation.<\/span><span data-ccp-props=\"{&quot;134233117&quot;:false,&quot;134233118&quot;:false,&quot;335551550&quot;:0,&quot;335551620&quot;:0,&quot;335559738&quot;:240,&quot;335559739&quot;:240}\">\u00a0<\/span><\/p>\n<p><span data-contrast=\"auto\">\u2013 Det er rigtig positivt, at man begynder at lytte til os og skabe rammer, der giver mening. Jeg h\u00e5ber bare, at det bliver fulgt op med reel handling.<\/span><span data-ccp-props=\"{&quot;134233117&quot;:false,&quot;134233118&quot;:false,&quot;335551550&quot;:0,&quot;335551620&quot;:0,&quot;335559738&quot;:240,&quot;335559739&quot;:240}\">\u00a0<\/span><\/p>\n<a class=\"dvrt-link\" onClick=\"cdmtrack_click(169437,jQuery(this));return false\" href=\"https:\/\/thymors.dk\/sponsorater\/15-til-faellesskabet?utm_source=kunmors&amp;utm_medium=annonce&amp;utm_campaign=sponsorater\"><img decoding=\"async\" style=\"width:100%;\" src=\"https:\/\/kunmedierne.dk\/mors\/wp-content\/uploads\/2026\/03\/260407ThyMors-energi_faellesskab_generel-1.jpg\"><\/a><script>cdmtrack_view(169437);<\/script>\n<p><span data-contrast=\"auto\">Leif understreger, at han ikke \u00f8nsker ulven v\u00e6k \u2013 men at klare gr\u00e6nser er n\u00f8dvendige:<\/span><span data-ccp-props=\"{&quot;134233117&quot;:false,&quot;134233118&quot;:false,&quot;335551550&quot;:0,&quot;335551620&quot;:0,&quot;335559738&quot;:240,&quot;335559739&quot;:240}\">\u00a0<\/span><\/p>\n<p><span data-contrast=\"auto\">\u2013 Ulven har sin plads i naturen. Den m\u00e5 gerne v\u00e6re her. Men vi skal ogs\u00e5 have mulighed for at handle, hvis den bryder ind til vores dyr. Det er en rimelig forventning.<\/span><span data-ccp-props=\"{&quot;134233117&quot;:false,&quot;134233118&quot;:false,&quot;335551550&quot;:0,&quot;335551620&quot;:0,&quot;335559738&quot;:240,&quot;335559739&quot;:240}\">\u00a0<\/span><\/p>\n<p><span data-ccp-props=\"{&quot;335551550&quot;:0,&quot;335551620&quot;:0}\">\u00a0<\/span><\/p>\n<p><b><span data-contrast=\"auto\">Ulvesikrede hegn og praktiske hensyn<\/span><\/b><span data-ccp-props=\"{&quot;134233117&quot;:false,&quot;134233118&quot;:false,&quot;335551550&quot;:0,&quot;335551620&quot;:0,&quot;335559738&quot;:240,&quot;335559739&quot;:240}\">\u00a0<\/span><\/p>\n<p><span data-contrast=\"auto\">Har Leif opsat ulvesikrede hegn?<\/span><span data-ccp-props=\"{&quot;134233117&quot;:false,&quot;134233118&quot;:false,&quot;335551550&quot;:0,&quot;335551620&quot;:0,&quot;335559738&quot;:240,&quot;335559739&quot;:240}\">\u00a0<\/span><\/p>\n<p><span data-contrast=\"auto\">\u2013 Ikke endnu. Men hvis det bliver et krav for at f\u00e5 erstatning, s\u00e5 g\u00f8r vi det selvf\u00f8lgelig. Det vigtigste er, at vi har en konkret plan, vi kan arbejde efter.<\/span><span data-ccp-props=\"{&quot;134233117&quot;:false,&quot;134233118&quot;:false,&quot;335551550&quot;:0,&quot;335551620&quot;:0,&quot;335559738&quot;:240,&quot;335559739&quot;:240}\">\u00a0<\/span><\/p>\n<p><span data-contrast=\"auto\">Han peger dog p\u00e5, at hegn ikke l\u00f8ser alt:<\/span><span data-ccp-props=\"{&quot;134233117&quot;:false,&quot;134233118&quot;:false,&quot;335551550&quot;:0,&quot;335551620&quot;:0,&quot;335559738&quot;:240,&quot;335559739&quot;:240}\">\u00a0<\/span><\/p>\n<p><span data-contrast=\"auto\">\u2013 Et hegn hj\u00e6lper ikke, hvis vi ikke ogs\u00e5 m\u00e5 reagere, hvis ulven bryder igennem. Det skal v\u00e6re en samlet l\u00f8sning.<\/span><span data-ccp-props=\"{&quot;134233117&quot;:false,&quot;134233118&quot;:false,&quot;335551550&quot;:0,&quot;335551620&quot;:0,&quot;335559738&quot;:240,&quot;335559739&quot;:240}\">\u00a0<\/span><\/p>\n<p>&nbsp;<\/p>\n<p><b><span data-contrast=\"auto\">Hvis Mors bliver en mulighed<\/span><\/b><span data-ccp-props=\"{&quot;134233117&quot;:false,&quot;134233118&quot;:false,&quot;335551550&quot;:0,&quot;335551620&quot;:0,&quot;335559738&quot;:240,&quot;335559739&quot;:240}\">\u00a0<\/span><\/p>\n<p><span data-contrast=\"auto\">Selvom der endnu ikke er ulv p\u00e5 Mors, f\u00f8lger Leif udviklingen n\u00f8je:<\/span><span data-ccp-props=\"{&quot;134233117&quot;:false,&quot;134233118&quot;:false,&quot;335551550&quot;:0,&quot;335551620&quot;:0,&quot;335559738&quot;:240,&quot;335559739&quot;:240}\">\u00a0<\/span><\/p>\n<p><span data-contrast=\"auto\">\u2013 Med flere ulve i Danmark er det ikke usandsynligt, at den ogs\u00e5 dukker op her. Der er 42 ulve i Danmark nu, og de vil jo formerer sig lynhurtigt. Det betyder, at vi allerede nu skal t\u00e6nke over, hvordan vi bedst beskytter vores dyr.<\/span><span data-ccp-props=\"{&quot;134233117&quot;:false,&quot;134233118&quot;:false,&quot;335551550&quot;:0,&quot;335551620&quot;:0,&quot;335559738&quot;:240,&quot;335559739&quot;:240}\"> Det er kun et sp\u00f8rgsm\u00e5l om tid f\u00f8r de kommer til Mors. Det er noget jeg bekymrer mig om. Det fylder i min hverdag, ikke mindst, fordi vi indimellem har vores f\u00e5r p\u00e5 gr\u00e6s i Thy.<br \/>\n<\/span><\/p>\n<p><span data-ccp-props=\"{&quot;335551550&quot;:0,&quot;335551620&quot;:0}\">\u00a0<\/span><\/p>\n<p><b><span data-contrast=\"auto\">Tilbage til flokken \u2013 og fremad<\/span><\/b><span data-ccp-props=\"{&quot;134233117&quot;:false,&quot;134233118&quot;:false,&quot;335551550&quot;:0,&quot;335551620&quot;:0,&quot;335559738&quot;:240,&quot;335559739&quot;:240}\">\u00a0<\/span><\/p>\n<p><span data-contrast=\"auto\">Leif l\u00e6gger ikke skjul p\u00e5, at han gerne s\u00e5 hurtigere muligheder for at handle, n\u00e5r ulven kommer t\u00e6t p\u00e5. Men han ser ogs\u00e5 en vej frem:<\/span><span data-ccp-props=\"{&quot;134233117&quot;:false,&quot;134233118&quot;:false,&quot;335551550&quot;:0,&quot;335551620&quot;:0,&quot;335559738&quot;:240,&quot;335559739&quot;:240}\">\u00a0<\/span><\/p>\n<p><span data-contrast=\"auto\">\u2013 Jeg tror p\u00e5, at vi kan finde l\u00f8sninger. Det kr\u00e6ver, at vi bliver lyttet til, og at vi f\u00e5r nogle redskaber, der virker i praksis.<br \/>\n<\/span><\/p>\n<a class=\"dvrt-link\" onClick=\"cdmtrack_click(104780,jQuery(this));return false\" href=\"https:\/\/www.spard.dk\/\"><img decoding=\"async\" style=\"width:100%;\" src=\"https:\/\/kunmedierne.dk\/mors\/wp-content\/uploads\/2023\/12\/sparekassen-dk-maj25.gif\"><\/a><script>cdmtrack_view(104780);<\/script>\n<p><span data-contrast=\"auto\">Leif er kommet igennem sin hurtige frokost. Marken og de nye lam kalder. Leif skal tilbage til f\u00e5rene.<br \/>\n<\/span><\/p>\n<p>&nbsp;<\/p>\n<div id=\"attachment_142410\" style=\"width: 2010px\" class=\"wp-caption alignnone\"><img loading=\"lazy\" decoding=\"async\" aria-describedby=\"caption-attachment-142410\" class=\"wp-image-142410 size-full\" src=\"https:\/\/kunmedierne.dk\/mors\/wp-content\/uploads\/2025\/03\/Dueholmkilen-Krydsning-Naessundvej-Cykelbro-Tegning-1.pdf53.jpg\" alt=\"\" width=\"2000\" height=\"1414\" srcset=\"https:\/\/kunmedierne.dk\/mors\/wp-content\/uploads\/2025\/03\/Dueholmkilen-Krydsning-Naessundvej-Cykelbro-Tegning-1.pdf53.jpg 2000w, https:\/\/kunmedierne.dk\/mors\/wp-content\/uploads\/2025\/03\/Dueholmkilen-Krydsning-Naessundvej-Cykelbro-Tegning-1.pdf53-300x212.jpg 300w, https:\/\/kunmedierne.dk\/mors\/wp-content\/uploads\/2025\/03\/Dueholmkilen-Krydsning-Naessundvej-Cykelbro-Tegning-1.pdf53-1024x724.jpg 1024w, https:\/\/kunmedierne.dk\/mors\/wp-content\/uploads\/2025\/03\/Dueholmkilen-Krydsning-Naessundvej-Cykelbro-Tegning-1.pdf53-510x361.jpg 510w\" sizes=\"auto, (max-width: 2000px) 100vw, 2000px\" \/><p id=\"caption-attachment-142410\" class=\"wp-caption-text\">F\u00e5r der gr\u00e6sser i St\u00e6rh\u00f8j<\/p><\/div>\n","protected":false},"excerpt":{"rendered":"<p>SUNDBY: &#8211; Er det okay, jeg spiser imens vi taler? For\u00e5ret er h\u00f8js\u00e6son p\u00e5 Leif Andersens g\u00e5rd. Moderf\u00e5rene f\u00e5r lam, og det betyder mange opgaver og lidt tid. Men han tager sig alligevel tid til at tale med os om et emne, der fylder hos mange dyreholdere for tiden: ulven.\u00a0 Leif driver virksomheden Mors\u00f8 Lam [&hellip;]<\/p>\n","protected":false},"author":2507,"featured_media":0,"comment_status":"closed","ping_status":"closed","sticky":false,"template":"","format":"standard","meta":{"_acf_changed":false,"footnotes":""},"categories":[51],"tags":[],"class_list":["post-145120","post","type-post","status-publish","format-standard","hentry","category-lokalt"],"acf":[],"yoast_head":"<!-- This site is optimized with the Yoast SEO plugin v26.8 - https:\/\/yoast.com\/product\/yoast-seo-wordpress\/ -->\n<title>Leif har 1.000 f\u00e5r p\u00e5 Mors: \u201cVi skal kunne beskytte vores dyr \u2013 ogs\u00e5 n\u00e5r ulven kommer t\u00e6t p\u00e5\u201d\u00a0 - Mors<\/title>\n<meta name=\"robots\" content=\"index, follow, max-snippet:-1, max-image-preview:large, max-video-preview:-1\" \/>\n<link rel=\"canonical\" href=\"https:\/\/kunmedierne.dk\/mors\/leif-har-1-000-faar-paa-mors-vi-skal-kunne-beskytte-vores-dyr-ogsaa-naar-ulven-kommer-taet-paa\/\" \/>\n<meta property=\"og:locale\" content=\"da_DK\" \/>\n<meta property=\"og:type\" content=\"article\" \/>\n<meta property=\"og:title\" content=\"Leif har 1.000 f\u00e5r p\u00e5 Mors: \u201cVi skal kunne beskytte vores dyr \u2013 ogs\u00e5 n\u00e5r ulven kommer t\u00e6t p\u00e5\u201d\u00a0 - Mors\" \/>\n<meta property=\"og:description\" content=\"SUNDBY: &#8211; Er det okay, jeg spiser imens vi taler? For\u00e5ret er h\u00f8js\u00e6son p\u00e5 Leif Andersens g\u00e5rd. Moderf\u00e5rene f\u00e5r lam, og det betyder mange opgaver og lidt tid. Men han tager sig alligevel tid til at tale med os om et emne, der fylder hos mange dyreholdere for tiden: ulven.\u00a0 Leif driver virksomheden Mors\u00f8 Lam [&hellip;]\" \/>\n<meta property=\"og:url\" content=\"https:\/\/kunmedierne.dk\/mors\/leif-har-1-000-faar-paa-mors-vi-skal-kunne-beskytte-vores-dyr-ogsaa-naar-ulven-kommer-taet-paa\/\" \/>\n<meta property=\"og:site_name\" content=\"Mors\" \/>\n<meta property=\"article:published_time\" content=\"2025-05-02T03:53:53+00:00\" \/>\n<meta property=\"article:modified_time\" content=\"2025-05-02T07:24:26+00:00\" \/>\n<meta property=\"og:image\" content=\"https:\/\/kunmedierne.dk\/mors\/wp-content\/uploads\/2025\/03\/Dueholmkilen-Krydsning-Naessundvej-Cykelbro-Tegning-1.pdf53.jpg\" \/>\n<meta name=\"author\" content=\"Katrine Hedegaard\" \/>\n<meta name=\"twitter:card\" content=\"summary_large_image\" \/>\n<meta name=\"twitter:label1\" content=\"Skrevet af\" \/>\n\t<meta name=\"twitter:data1\" content=\"Katrine Hedegaard\" \/>\n\t<meta name=\"twitter:label2\" content=\"Estimeret l\u00e6setid\" \/>\n\t<meta name=\"twitter:data2\" content=\"4 minutter\" \/>\n<script type=\"application\/ld+json\" class=\"yoast-schema-graph\">{\"@context\":\"https:\/\/schema.org\",\"@graph\":[{\"@type\":\"Article\",\"@id\":\"https:\/\/kunmedierne.dk\/mors\/leif-har-1-000-faar-paa-mors-vi-skal-kunne-beskytte-vores-dyr-ogsaa-naar-ulven-kommer-taet-paa\/#article\",\"isPartOf\":{\"@id\":\"https:\/\/kunmedierne.dk\/mors\/leif-har-1-000-faar-paa-mors-vi-skal-kunne-beskytte-vores-dyr-ogsaa-naar-ulven-kommer-taet-paa\/\"},\"author\":{\"name\":\"Katrine Hedegaard\",\"@id\":\"https:\/\/kunmedierne.dk\/mors\/#\/schema\/person\/b2e62a38069b12365e53e087a8709c64\"},\"headline\":\"Leif har 1.000 f\u00e5r p\u00e5 Mors: \u201cVi skal kunne beskytte vores dyr \u2013 ogs\u00e5 n\u00e5r ulven kommer t\u00e6t p\u00e5\u201d\u00a0\",\"datePublished\":\"2025-05-02T03:53:53+00:00\",\"dateModified\":\"2025-05-02T07:24:26+00:00\",\"mainEntityOfPage\":{\"@id\":\"https:\/\/kunmedierne.dk\/mors\/leif-har-1-000-faar-paa-mors-vi-skal-kunne-beskytte-vores-dyr-ogsaa-naar-ulven-kommer-taet-paa\/\"},\"wordCount\":727,\"publisher\":{\"@id\":\"https:\/\/kunmedierne.dk\/mors\/#organization\"},\"image\":{\"@id\":\"https:\/\/kunmedierne.dk\/mors\/leif-har-1-000-faar-paa-mors-vi-skal-kunne-beskytte-vores-dyr-ogsaa-naar-ulven-kommer-taet-paa\/#primaryimage\"},\"thumbnailUrl\":\"https:\/\/kunmedierne.dk\/mors\/wp-content\/uploads\/2025\/03\/Dueholmkilen-Krydsning-Naessundvej-Cykelbro-Tegning-1.pdf53.jpg\",\"articleSection\":[\"Lokalt\"],\"inLanguage\":\"da-DK\"},{\"@type\":\"WebPage\",\"@id\":\"https:\/\/kunmedierne.dk\/mors\/leif-har-1-000-faar-paa-mors-vi-skal-kunne-beskytte-vores-dyr-ogsaa-naar-ulven-kommer-taet-paa\/\",\"url\":\"https:\/\/kunmedierne.dk\/mors\/leif-har-1-000-faar-paa-mors-vi-skal-kunne-beskytte-vores-dyr-ogsaa-naar-ulven-kommer-taet-paa\/\",\"name\":\"Leif har 1.000 f\u00e5r p\u00e5 Mors: \u201cVi skal kunne beskytte vores dyr \u2013 ogs\u00e5 n\u00e5r ulven kommer t\u00e6t p\u00e5\u201d\u00a0 - Mors\",\"isPartOf\":{\"@id\":\"https:\/\/kunmedierne.dk\/mors\/#website\"},\"primaryImageOfPage\":{\"@id\":\"https:\/\/kunmedierne.dk\/mors\/leif-har-1-000-faar-paa-mors-vi-skal-kunne-beskytte-vores-dyr-ogsaa-naar-ulven-kommer-taet-paa\/#primaryimage\"},\"image\":{\"@id\":\"https:\/\/kunmedierne.dk\/mors\/leif-har-1-000-faar-paa-mors-vi-skal-kunne-beskytte-vores-dyr-ogsaa-naar-ulven-kommer-taet-paa\/#primaryimage\"},\"thumbnailUrl\":\"https:\/\/kunmedierne.dk\/mors\/wp-content\/uploads\/2025\/03\/Dueholmkilen-Krydsning-Naessundvej-Cykelbro-Tegning-1.pdf53.jpg\",\"datePublished\":\"2025-05-02T03:53:53+00:00\",\"dateModified\":\"2025-05-02T07:24:26+00:00\",\"breadcrumb\":{\"@id\":\"https:\/\/kunmedierne.dk\/mors\/leif-har-1-000-faar-paa-mors-vi-skal-kunne-beskytte-vores-dyr-ogsaa-naar-ulven-kommer-taet-paa\/#breadcrumb\"},\"inLanguage\":\"da-DK\",\"potentialAction\":[{\"@type\":\"ReadAction\",\"target\":[\"https:\/\/kunmedierne.dk\/mors\/leif-har-1-000-faar-paa-mors-vi-skal-kunne-beskytte-vores-dyr-ogsaa-naar-ulven-kommer-taet-paa\/\"]}]},{\"@type\":\"ImageObject\",\"inLanguage\":\"da-DK\",\"@id\":\"https:\/\/kunmedierne.dk\/mors\/leif-har-1-000-faar-paa-mors-vi-skal-kunne-beskytte-vores-dyr-ogsaa-naar-ulven-kommer-taet-paa\/#primaryimage\",\"url\":\"https:\/\/kunmedierne.dk\/mors\/wp-content\/uploads\/2025\/03\/Dueholmkilen-Krydsning-Naessundvej-Cykelbro-Tegning-1.pdf53.jpg\",\"contentUrl\":\"https:\/\/kunmedierne.dk\/mors\/wp-content\/uploads\/2025\/03\/Dueholmkilen-Krydsning-Naessundvej-Cykelbro-Tegning-1.pdf53.jpg\",\"width\":2000,\"height\":1414,\"caption\":\"F\u00e5r der gr\u00e6sser i St\u00e6rh\u00f8j\"},{\"@type\":\"BreadcrumbList\",\"@id\":\"https:\/\/kunmedierne.dk\/mors\/leif-har-1-000-faar-paa-mors-vi-skal-kunne-beskytte-vores-dyr-ogsaa-naar-ulven-kommer-taet-paa\/#breadcrumb\",\"itemListElement\":[{\"@type\":\"ListItem\",\"position\":1,\"name\":\"Hjem\",\"item\":\"https:\/\/kunmedierne.dk\/mors\/\"},{\"@type\":\"ListItem\",\"position\":2,\"name\":\"Leif har 1.000 f\u00e5r p\u00e5 Mors: \u201cVi skal kunne beskytte vores dyr \u2013 ogs\u00e5 n\u00e5r ulven kommer t\u00e6t p\u00e5\u201d\u00a0\"}]},{\"@type\":\"WebSite\",\"@id\":\"https:\/\/kunmedierne.dk\/mors\/#website\",\"url\":\"https:\/\/kunmedierne.dk\/mors\/\",\"name\":\"Mors\",\"description\":\"et netmedie med journalistik om livet p\u00e5 Mors\",\"publisher\":{\"@id\":\"https:\/\/kunmedierne.dk\/mors\/#organization\"},\"potentialAction\":[{\"@type\":\"SearchAction\",\"target\":{\"@type\":\"EntryPoint\",\"urlTemplate\":\"https:\/\/kunmedierne.dk\/mors\/?s={search_term_string}\"},\"query-input\":{\"@type\":\"PropertyValueSpecification\",\"valueRequired\":true,\"valueName\":\"search_term_string\"}}],\"inLanguage\":\"da-DK\"},{\"@type\":\"Organization\",\"@id\":\"https:\/\/kunmedierne.dk\/mors\/#organization\",\"name\":\"Mors\",\"url\":\"https:\/\/kunmedierne.dk\/mors\/\",\"logo\":{\"@type\":\"ImageObject\",\"inLanguage\":\"da-DK\",\"@id\":\"https:\/\/kunmedierne.dk\/mors\/#\/schema\/logo\/image\/\",\"url\":\"https:\/\/kunmedierne.dk\/mors\/wp-content\/uploads\/2024\/08\/kunmors-logo.svg\",\"contentUrl\":\"https:\/\/kunmedierne.dk\/mors\/wp-content\/uploads\/2024\/08\/kunmors-logo.svg\",\"caption\":\"Mors\"},\"image\":{\"@id\":\"https:\/\/kunmedierne.dk\/mors\/#\/schema\/logo\/image\/\"}},{\"@type\":\"Person\",\"@id\":\"https:\/\/kunmedierne.dk\/mors\/#\/schema\/person\/b2e62a38069b12365e53e087a8709c64\",\"name\":\"Katrine Hedegaard\",\"image\":{\"@type\":\"ImageObject\",\"inLanguage\":\"da-DK\",\"@id\":\"https:\/\/kunmedierne.dk\/mors\/#\/schema\/person\/image\/\",\"url\":\"https:\/\/secure.gravatar.com\/avatar\/18a5c72fa9148052fd3ed5a58b40fc83cfdc9811090e6e6eec9539af058edcc0?s=96&d=mm&r=g\",\"contentUrl\":\"https:\/\/secure.gravatar.com\/avatar\/18a5c72fa9148052fd3ed5a58b40fc83cfdc9811090e6e6eec9539af058edcc0?s=96&d=mm&r=g\",\"caption\":\"Katrine Hedegaard\"},\"url\":\"https:\/\/kunmedierne.dk\/mors\/author\/katrine\/\"}]}<\/script>\n<!-- \/ Yoast SEO plugin. -->","yoast_head_json":{"title":"Leif har 1.000 f\u00e5r p\u00e5 Mors: \u201cVi skal kunne beskytte vores dyr \u2013 ogs\u00e5 n\u00e5r ulven kommer t\u00e6t p\u00e5\u201d\u00a0 - Mors","robots":{"index":"index","follow":"follow","max-snippet":"max-snippet:-1","max-image-preview":"max-image-preview:large","max-video-preview":"max-video-preview:-1"},"canonical":"https:\/\/kunmedierne.dk\/mors\/leif-har-1-000-faar-paa-mors-vi-skal-kunne-beskytte-vores-dyr-ogsaa-naar-ulven-kommer-taet-paa\/","og_locale":"da_DK","og_type":"article","og_title":"Leif har 1.000 f\u00e5r p\u00e5 Mors: \u201cVi skal kunne beskytte vores dyr \u2013 ogs\u00e5 n\u00e5r ulven kommer t\u00e6t p\u00e5\u201d\u00a0 - Mors","og_description":"SUNDBY: &#8211; Er det okay, jeg spiser imens vi taler? For\u00e5ret er h\u00f8js\u00e6son p\u00e5 Leif Andersens g\u00e5rd. Moderf\u00e5rene f\u00e5r lam, og det betyder mange opgaver og lidt tid. Men han tager sig alligevel tid til at tale med os om et emne, der fylder hos mange dyreholdere for tiden: ulven.\u00a0 Leif driver virksomheden Mors\u00f8 Lam [&hellip;]","og_url":"https:\/\/kunmedierne.dk\/mors\/leif-har-1-000-faar-paa-mors-vi-skal-kunne-beskytte-vores-dyr-ogsaa-naar-ulven-kommer-taet-paa\/","og_site_name":"Mors","article_published_time":"2025-05-02T03:53:53+00:00","article_modified_time":"2025-05-02T07:24:26+00:00","og_image":[{"url":"https:\/\/kunmedierne.dk\/mors\/wp-content\/uploads\/2025\/03\/Dueholmkilen-Krydsning-Naessundvej-Cykelbro-Tegning-1.pdf53.jpg","type":"","width":"","height":""}],"author":"Katrine Hedegaard","twitter_card":"summary_large_image","twitter_misc":{"Skrevet af":"Katrine Hedegaard","Estimeret l\u00e6setid":"4 minutter"},"schema":{"@context":"https:\/\/schema.org","@graph":[{"@type":"Article","@id":"https:\/\/kunmedierne.dk\/mors\/leif-har-1-000-faar-paa-mors-vi-skal-kunne-beskytte-vores-dyr-ogsaa-naar-ulven-kommer-taet-paa\/#article","isPartOf":{"@id":"https:\/\/kunmedierne.dk\/mors\/leif-har-1-000-faar-paa-mors-vi-skal-kunne-beskytte-vores-dyr-ogsaa-naar-ulven-kommer-taet-paa\/"},"author":{"name":"Katrine Hedegaard","@id":"https:\/\/kunmedierne.dk\/mors\/#\/schema\/person\/b2e62a38069b12365e53e087a8709c64"},"headline":"Leif har 1.000 f\u00e5r p\u00e5 Mors: \u201cVi skal kunne beskytte vores dyr \u2013 ogs\u00e5 n\u00e5r ulven kommer t\u00e6t p\u00e5\u201d\u00a0","datePublished":"2025-05-02T03:53:53+00:00","dateModified":"2025-05-02T07:24:26+00:00","mainEntityOfPage":{"@id":"https:\/\/kunmedierne.dk\/mors\/leif-har-1-000-faar-paa-mors-vi-skal-kunne-beskytte-vores-dyr-ogsaa-naar-ulven-kommer-taet-paa\/"},"wordCount":727,"publisher":{"@id":"https:\/\/kunmedierne.dk\/mors\/#organization"},"image":{"@id":"https:\/\/kunmedierne.dk\/mors\/leif-har-1-000-faar-paa-mors-vi-skal-kunne-beskytte-vores-dyr-ogsaa-naar-ulven-kommer-taet-paa\/#primaryimage"},"thumbnailUrl":"https:\/\/kunmedierne.dk\/mors\/wp-content\/uploads\/2025\/03\/Dueholmkilen-Krydsning-Naessundvej-Cykelbro-Tegning-1.pdf53.jpg","articleSection":["Lokalt"],"inLanguage":"da-DK"},{"@type":"WebPage","@id":"https:\/\/kunmedierne.dk\/mors\/leif-har-1-000-faar-paa-mors-vi-skal-kunne-beskytte-vores-dyr-ogsaa-naar-ulven-kommer-taet-paa\/","url":"https:\/\/kunmedierne.dk\/mors\/leif-har-1-000-faar-paa-mors-vi-skal-kunne-beskytte-vores-dyr-ogsaa-naar-ulven-kommer-taet-paa\/","name":"Leif har 1.000 f\u00e5r p\u00e5 Mors: \u201cVi skal kunne beskytte vores dyr \u2013 ogs\u00e5 n\u00e5r ulven kommer t\u00e6t p\u00e5\u201d\u00a0 - Mors","isPartOf":{"@id":"https:\/\/kunmedierne.dk\/mors\/#website"},"primaryImageOfPage":{"@id":"https:\/\/kunmedierne.dk\/mors\/leif-har-1-000-faar-paa-mors-vi-skal-kunne-beskytte-vores-dyr-ogsaa-naar-ulven-kommer-taet-paa\/#primaryimage"},"image":{"@id":"https:\/\/kunmedierne.dk\/mors\/leif-har-1-000-faar-paa-mors-vi-skal-kunne-beskytte-vores-dyr-ogsaa-naar-ulven-kommer-taet-paa\/#primaryimage"},"thumbnailUrl":"https:\/\/kunmedierne.dk\/mors\/wp-content\/uploads\/2025\/03\/Dueholmkilen-Krydsning-Naessundvej-Cykelbro-Tegning-1.pdf53.jpg","datePublished":"2025-05-02T03:53:53+00:00","dateModified":"2025-05-02T07:24:26+00:00","breadcrumb":{"@id":"https:\/\/kunmedierne.dk\/mors\/leif-har-1-000-faar-paa-mors-vi-skal-kunne-beskytte-vores-dyr-ogsaa-naar-ulven-kommer-taet-paa\/#breadcrumb"},"inLanguage":"da-DK","potentialAction":[{"@type":"ReadAction","target":["https:\/\/kunmedierne.dk\/mors\/leif-har-1-000-faar-paa-mors-vi-skal-kunne-beskytte-vores-dyr-ogsaa-naar-ulven-kommer-taet-paa\/"]}]},{"@type":"ImageObject","inLanguage":"da-DK","@id":"https:\/\/kunmedierne.dk\/mors\/leif-har-1-000-faar-paa-mors-vi-skal-kunne-beskytte-vores-dyr-ogsaa-naar-ulven-kommer-taet-paa\/#primaryimage","url":"https:\/\/kunmedierne.dk\/mors\/wp-content\/uploads\/2025\/03\/Dueholmkilen-Krydsning-Naessundvej-Cykelbro-Tegning-1.pdf53.jpg","contentUrl":"https:\/\/kunmedierne.dk\/mors\/wp-content\/uploads\/2025\/03\/Dueholmkilen-Krydsning-Naessundvej-Cykelbro-Tegning-1.pdf53.jpg","width":2000,"height":1414,"caption":"F\u00e5r der gr\u00e6sser i St\u00e6rh\u00f8j"},{"@type":"BreadcrumbList","@id":"https:\/\/kunmedierne.dk\/mors\/leif-har-1-000-faar-paa-mors-vi-skal-kunne-beskytte-vores-dyr-ogsaa-naar-ulven-kommer-taet-paa\/#breadcrumb","itemListElement":[{"@type":"ListItem","position":1,"name":"Hjem","item":"https:\/\/kunmedierne.dk\/mors\/"},{"@type":"ListItem","position":2,"name":"Leif har 1.000 f\u00e5r p\u00e5 Mors: \u201cVi skal kunne beskytte vores dyr \u2013 ogs\u00e5 n\u00e5r ulven kommer t\u00e6t p\u00e5\u201d\u00a0"}]},{"@type":"WebSite","@id":"https:\/\/kunmedierne.dk\/mors\/#website","url":"https:\/\/kunmedierne.dk\/mors\/","name":"Mors","description":"et netmedie med journalistik om livet p\u00e5 Mors","publisher":{"@id":"https:\/\/kunmedierne.dk\/mors\/#organization"},"potentialAction":[{"@type":"SearchAction","target":{"@type":"EntryPoint","urlTemplate":"https:\/\/kunmedierne.dk\/mors\/?s={search_term_string}"},"query-input":{"@type":"PropertyValueSpecification","valueRequired":true,"valueName":"search_term_string"}}],"inLanguage":"da-DK"},{"@type":"Organization","@id":"https:\/\/kunmedierne.dk\/mors\/#organization","name":"Mors","url":"https:\/\/kunmedierne.dk\/mors\/","logo":{"@type":"ImageObject","inLanguage":"da-DK","@id":"https:\/\/kunmedierne.dk\/mors\/#\/schema\/logo\/image\/","url":"https:\/\/kunmedierne.dk\/mors\/wp-content\/uploads\/2024\/08\/kunmors-logo.svg","contentUrl":"https:\/\/kunmedierne.dk\/mors\/wp-content\/uploads\/2024\/08\/kunmors-logo.svg","caption":"Mors"},"image":{"@id":"https:\/\/kunmedierne.dk\/mors\/#\/schema\/logo\/image\/"}},{"@type":"Person","@id":"https:\/\/kunmedierne.dk\/mors\/#\/schema\/person\/b2e62a38069b12365e53e087a8709c64","name":"Katrine Hedegaard","image":{"@type":"ImageObject","inLanguage":"da-DK","@id":"https:\/\/kunmedierne.dk\/mors\/#\/schema\/person\/image\/","url":"https:\/\/secure.gravatar.com\/avatar\/18a5c72fa9148052fd3ed5a58b40fc83cfdc9811090e6e6eec9539af058edcc0?s=96&d=mm&r=g","contentUrl":"https:\/\/secure.gravatar.com\/avatar\/18a5c72fa9148052fd3ed5a58b40fc83cfdc9811090e6e6eec9539af058edcc0?s=96&d=mm&r=g","caption":"Katrine Hedegaard"},"url":"https:\/\/kunmedierne.dk\/mors\/author\/katrine\/"}]}},"_links":{"self":[{"href":"https:\/\/kunmedierne.dk\/mors\/wp-json\/wp\/v2\/posts\/145120","targetHints":{"allow":["GET"]}}],"collection":[{"href":"https:\/\/kunmedierne.dk\/mors\/wp-json\/wp\/v2\/posts"}],"about":[{"href":"https:\/\/kunmedierne.dk\/mors\/wp-json\/wp\/v2\/types\/post"}],"author":[{"embeddable":true,"href":"https:\/\/kunmedierne.dk\/mors\/wp-json\/wp\/v2\/users\/2507"}],"replies":[{"embeddable":true,"href":"https:\/\/kunmedierne.dk\/mors\/wp-json\/wp\/v2\/comments?post=145120"}],"version-history":[{"count":8,"href":"https:\/\/kunmedierne.dk\/mors\/wp-json\/wp\/v2\/posts\/145120\/revisions"}],"predecessor-version":[{"id":145299,"href":"https:\/\/kunmedierne.dk\/mors\/wp-json\/wp\/v2\/posts\/145120\/revisions\/145299"}],"wp:attachment":[{"href":"https:\/\/kunmedierne.dk\/mors\/wp-json\/wp\/v2\/media?parent=145120"}],"wp:term":[{"taxonomy":"category","embeddable":true,"href":"https:\/\/kunmedierne.dk\/mors\/wp-json\/wp\/v2\/categories?post=145120"},{"taxonomy":"post_tag","embeddable":true,"href":"https:\/\/kunmedierne.dk\/mors\/wp-json\/wp\/v2\/tags?post=145120"}],"curies":[{"name":"wp","href":"https:\/\/api.w.org\/{rel}","templated":true}]}}