{"id":14512,"date":"2020-03-23T09:21:23","date_gmt":"2020-03-23T08:21:23","guid":{"rendered":"https:\/\/kunmedierne.dk\/mors\/?p=14512"},"modified":"2024-08-12T14:06:19","modified_gmt":"2024-08-12T12:06:19","slug":"politiet-maatte-skride-ind-mod-poelsesalg-i-kiosk","status":"publish","type":"post","link":"https:\/\/kunmedierne.dk\/mors\/politiet-maatte-skride-ind-mod-poelsesalg-i-kiosk\/","title":{"rendered":"Politiet m\u00e5tte skride ind mod p\u00f8lsesalg i kiosk"},"content":{"rendered":"<p><strong>NYK\u00d8BING<\/strong>:\u00a0&#8220;Vi holder \u00f8je med, at folk g\u00f8r, som de skal.&#8221;<\/p>\n<p>Politikommiss\u00e6r J\u00f8rgen Jensen fra lokalpolitiet i Thisted har et budskab. Ikke kun til borgerne p\u00e5 Mors og i Thy, men ogs\u00e5 til handlende &#8211; herimellem dem, der s\u00e6lger mad.<\/p>\n<p>I weekenden m\u00e5tte politiet s\u00e5ledes gribe ind over for en kiosk i Nyk\u00f8bing, hvor ejeren fik at vide, at det ikke var tilladt at s\u00e6lge hotdogs til spisende g\u00e6ster &#8211; kun som take away.<\/p>\n<p>Der blev ikke uddelt nogen b\u00f8de i forbindelse med bes\u00f8get, som kioskejeren straks rettede ind efter, og generelt melder J\u00f8rgen Jensen om stor lokal forst\u00e5else for de begr\u00e6nsninger, alle er blevet ramt af.<\/p>\n<p>&#8220;99 procent g\u00f8r, som de skal, og det er vi godt tilfredse med. Vi k\u00f8rer jo rundt med patruljer og kigger efter, om folk samler sig. Der har jo v\u00e6ret rigtig godt vejr at samle sig i, men der er ikke flokke, der optr\u00e6der nogle steder,&#8221; siger han og tilf\u00f8jer, at opfattelsen hos politiets patruljer er, at folk ogs\u00e5 p\u00e5 fortovet g\u00e5r langt uden om hinanden.<\/p>\n<p>&nbsp;<\/p>\n<p><strong>Frygter flere husspektakler<\/strong><\/p>\n<p>En sidegevinst ved lukningen af v\u00e6rtshuse og restaurationer er i \u00f8vrigt, at m\u00e6ngden af slagsm\u00e5l i nattelivet af faldet til et minimum.<\/p>\n<p>&#8220;Vi har slet ingen. Vi kan jo tydeligt l\u00e6se p\u00e5 vores d\u00f8gnrapport, at der ikke er folk p\u00e5 v\u00e6rtshus,&#8221; siger J\u00f8rgen Jensen, som til geng\u00e6ld godt kan frygte, at den megen tid i hjemmene med tiden vil udl\u00f8se flere sager med husspektakler.<\/p>\n<p>&#8220;Jeg h\u00e5ber ikke, det kommer, men det er klart, at det godt kan g\u00e5 folk p\u00e5 nerverne, at de skal v\u00e6re s\u00e5 t\u00e6t sammen. Jeg vil opfordre folk til at g\u00e5 ud og f\u00e5 frisk luft, bare de ikke g\u00e5r i flok. Der er jo mange steder at f\u00e5 frisk luft heroppe,&#8221; siger J\u00f8rgen Jensen.<\/p>\n","protected":false},"excerpt":{"rendered":"<p>NYK\u00d8BING:\u00a0&#8220;Vi holder \u00f8je med, at folk g\u00f8r, som de skal.&#8221; Politikommiss\u00e6r J\u00f8rgen Jensen fra lokalpolitiet i Thisted har et budskab. Ikke kun til borgerne p\u00e5 Mors og i Thy, men ogs\u00e5 til handlende &#8211; herimellem dem, der s\u00e6lger mad. I weekenden m\u00e5tte politiet s\u00e5ledes gribe ind over for en kiosk i Nyk\u00f8bing, hvor ejeren fik [&hellip;]<\/p>\n","protected":false},"author":8,"featured_media":3315,"comment_status":"open","ping_status":"open","sticky":false,"template":"","format":"standard","meta":{"_acf_changed":false,"footnotes":""},"categories":[54,51],"tags":[],"class_list":["post-14512","post","type-post","status-publish","format-standard","has-post-thumbnail","hentry","category-54","category-lokalt"],"acf":[],"yoast_head":"<!-- This site is optimized with the Yoast SEO plugin v26.8 - https:\/\/yoast.com\/product\/yoast-seo-wordpress\/ -->\n<title>Politiet m\u00e5tte skride ind mod p\u00f8lsesalg i kiosk - Mors<\/title>\n<meta name=\"robots\" content=\"index, follow, max-snippet:-1, max-image-preview:large, max-video-preview:-1\" \/>\n<link rel=\"canonical\" href=\"https:\/\/kunmedierne.dk\/mors\/politiet-maatte-skride-ind-mod-poelsesalg-i-kiosk\/\" \/>\n<meta property=\"og:locale\" content=\"da_DK\" \/>\n<meta property=\"og:type\" content=\"article\" \/>\n<meta property=\"og:title\" content=\"Politiet m\u00e5tte skride ind mod p\u00f8lsesalg i kiosk - Mors\" \/>\n<meta property=\"og:description\" content=\"NYK\u00d8BING:\u00a0&#8220;Vi holder \u00f8je med, at folk g\u00f8r, som de skal.&#8221; Politikommiss\u00e6r J\u00f8rgen Jensen fra lokalpolitiet i Thisted har et budskab. Ikke kun til borgerne p\u00e5 Mors og i Thy, men ogs\u00e5 til handlende &#8211; herimellem dem, der s\u00e6lger mad. I weekenden m\u00e5tte politiet s\u00e5ledes gribe ind over for en kiosk i Nyk\u00f8bing, hvor ejeren fik [&hellip;]\" \/>\n<meta property=\"og:url\" content=\"https:\/\/kunmedierne.dk\/mors\/politiet-maatte-skride-ind-mod-poelsesalg-i-kiosk\/\" \/>\n<meta property=\"og:site_name\" content=\"Mors\" \/>\n<meta property=\"article:published_time\" content=\"2020-03-23T08:21:23+00:00\" \/>\n<meta property=\"article:modified_time\" content=\"2024-08-12T12:06:19+00:00\" \/>\n<meta property=\"og:image\" content=\"https:\/\/kunmedierne.dk\/mors\/wp-content\/uploads\/2020\/01\/politi-bl\u00e5-blink.jpg\" \/>\n\t<meta property=\"og:image:width\" content=\"770\" \/>\n\t<meta property=\"og:image:height\" content=\"513\" \/>\n\t<meta property=\"og:image:type\" content=\"image\/jpeg\" \/>\n<meta name=\"author\" content=\"David H\u00f8jmark\" \/>\n<meta name=\"twitter:card\" content=\"summary_large_image\" \/>\n<meta name=\"twitter:label1\" content=\"Skrevet af\" \/>\n\t<meta name=\"twitter:data1\" content=\"David H\u00f8jmark\" \/>\n\t<meta name=\"twitter:label2\" content=\"Estimeret l\u00e6setid\" \/>\n\t<meta name=\"twitter:data2\" content=\"2 minutter\" \/>\n<script type=\"application\/ld+json\" class=\"yoast-schema-graph\">{\"@context\":\"https:\/\/schema.org\",\"@graph\":[{\"@type\":\"Article\",\"@id\":\"https:\/\/kunmedierne.dk\/mors\/politiet-maatte-skride-ind-mod-poelsesalg-i-kiosk\/#article\",\"isPartOf\":{\"@id\":\"https:\/\/kunmedierne.dk\/mors\/politiet-maatte-skride-ind-mod-poelsesalg-i-kiosk\/\"},\"author\":{\"name\":\"David H\u00f8jmark\",\"@id\":\"https:\/\/kunmedierne.dk\/mors\/#\/schema\/person\/5fe23251bf1d0abbcdc6f7896579d548\"},\"headline\":\"Politiet m\u00e5tte skride ind mod p\u00f8lsesalg i kiosk\",\"datePublished\":\"2020-03-23T08:21:23+00:00\",\"dateModified\":\"2024-08-12T12:06:19+00:00\",\"mainEntityOfPage\":{\"@id\":\"https:\/\/kunmedierne.dk\/mors\/politiet-maatte-skride-ind-mod-poelsesalg-i-kiosk\/\"},\"wordCount\":340,\"commentCount\":0,\"publisher\":{\"@id\":\"https:\/\/kunmedierne.dk\/mors\/#organization\"},\"image\":{\"@id\":\"https:\/\/kunmedierne.dk\/mors\/politiet-maatte-skride-ind-mod-poelsesalg-i-kiosk\/#primaryimage\"},\"thumbnailUrl\":\"https:\/\/kunmedierne.dk\/mors\/wp-content\/uploads\/2020\/01\/politi-bl\u00e5-blink.jpg\",\"articleSection\":[\"112\",\"Lokalt\"],\"inLanguage\":\"da-DK\",\"potentialAction\":[{\"@type\":\"CommentAction\",\"name\":\"Comment\",\"target\":[\"https:\/\/kunmedierne.dk\/mors\/politiet-maatte-skride-ind-mod-poelsesalg-i-kiosk\/#respond\"]}]},{\"@type\":\"WebPage\",\"@id\":\"https:\/\/kunmedierne.dk\/mors\/politiet-maatte-skride-ind-mod-poelsesalg-i-kiosk\/\",\"url\":\"https:\/\/kunmedierne.dk\/mors\/politiet-maatte-skride-ind-mod-poelsesalg-i-kiosk\/\",\"name\":\"Politiet m\u00e5tte skride ind mod p\u00f8lsesalg i kiosk - Mors\",\"isPartOf\":{\"@id\":\"https:\/\/kunmedierne.dk\/mors\/#website\"},\"primaryImageOfPage\":{\"@id\":\"https:\/\/kunmedierne.dk\/mors\/politiet-maatte-skride-ind-mod-poelsesalg-i-kiosk\/#primaryimage\"},\"image\":{\"@id\":\"https:\/\/kunmedierne.dk\/mors\/politiet-maatte-skride-ind-mod-poelsesalg-i-kiosk\/#primaryimage\"},\"thumbnailUrl\":\"https:\/\/kunmedierne.dk\/mors\/wp-content\/uploads\/2020\/01\/politi-bl\u00e5-blink.jpg\",\"datePublished\":\"2020-03-23T08:21:23+00:00\",\"dateModified\":\"2024-08-12T12:06:19+00:00\",\"breadcrumb\":{\"@id\":\"https:\/\/kunmedierne.dk\/mors\/politiet-maatte-skride-ind-mod-poelsesalg-i-kiosk\/#breadcrumb\"},\"inLanguage\":\"da-DK\",\"potentialAction\":[{\"@type\":\"ReadAction\",\"target\":[\"https:\/\/kunmedierne.dk\/mors\/politiet-maatte-skride-ind-mod-poelsesalg-i-kiosk\/\"]}]},{\"@type\":\"ImageObject\",\"inLanguage\":\"da-DK\",\"@id\":\"https:\/\/kunmedierne.dk\/mors\/politiet-maatte-skride-ind-mod-poelsesalg-i-kiosk\/#primaryimage\",\"url\":\"https:\/\/kunmedierne.dk\/mors\/wp-content\/uploads\/2020\/01\/politi-bl\u00e5-blink.jpg\",\"contentUrl\":\"https:\/\/kunmedierne.dk\/mors\/wp-content\/uploads\/2020\/01\/politi-bl\u00e5-blink.jpg\",\"width\":770,\"height\":513,\"caption\":\"Modelfoto: Rigspolitiet\"},{\"@type\":\"BreadcrumbList\",\"@id\":\"https:\/\/kunmedierne.dk\/mors\/politiet-maatte-skride-ind-mod-poelsesalg-i-kiosk\/#breadcrumb\",\"itemListElement\":[{\"@type\":\"ListItem\",\"position\":1,\"name\":\"Hjem\",\"item\":\"https:\/\/kunmedierne.dk\/mors\/\"},{\"@type\":\"ListItem\",\"position\":2,\"name\":\"Politiet m\u00e5tte skride ind mod p\u00f8lsesalg i kiosk\"}]},{\"@type\":\"WebSite\",\"@id\":\"https:\/\/kunmedierne.dk\/mors\/#website\",\"url\":\"https:\/\/kunmedierne.dk\/mors\/\",\"name\":\"Mors\",\"description\":\"et netmedie med journalistik om livet p\u00e5 Mors\",\"publisher\":{\"@id\":\"https:\/\/kunmedierne.dk\/mors\/#organization\"},\"potentialAction\":[{\"@type\":\"SearchAction\",\"target\":{\"@type\":\"EntryPoint\",\"urlTemplate\":\"https:\/\/kunmedierne.dk\/mors\/?s={search_term_string}\"},\"query-input\":{\"@type\":\"PropertyValueSpecification\",\"valueRequired\":true,\"valueName\":\"search_term_string\"}}],\"inLanguage\":\"da-DK\"},{\"@type\":\"Organization\",\"@id\":\"https:\/\/kunmedierne.dk\/mors\/#organization\",\"name\":\"Mors\",\"url\":\"https:\/\/kunmedierne.dk\/mors\/\",\"logo\":{\"@type\":\"ImageObject\",\"inLanguage\":\"da-DK\",\"@id\":\"https:\/\/kunmedierne.dk\/mors\/#\/schema\/logo\/image\/\",\"url\":\"https:\/\/kunmedierne.dk\/mors\/wp-content\/uploads\/2024\/08\/kunmors-logo.svg\",\"contentUrl\":\"https:\/\/kunmedierne.dk\/mors\/wp-content\/uploads\/2024\/08\/kunmors-logo.svg\",\"caption\":\"Mors\"},\"image\":{\"@id\":\"https:\/\/kunmedierne.dk\/mors\/#\/schema\/logo\/image\/\"}},{\"@type\":\"Person\",\"@id\":\"https:\/\/kunmedierne.dk\/mors\/#\/schema\/person\/5fe23251bf1d0abbcdc6f7896579d548\",\"name\":\"David H\u00f8jmark\",\"image\":{\"@type\":\"ImageObject\",\"inLanguage\":\"da-DK\",\"@id\":\"https:\/\/kunmedierne.dk\/mors\/#\/schema\/person\/image\/\",\"url\":\"https:\/\/secure.gravatar.com\/avatar\/4315d6fb9ef244d729989f5f90268eb08d5bf8a3d84402f595fa194bb35784fd?s=96&d=mm&r=g\",\"contentUrl\":\"https:\/\/secure.gravatar.com\/avatar\/4315d6fb9ef244d729989f5f90268eb08d5bf8a3d84402f595fa194bb35784fd?s=96&d=mm&r=g\",\"caption\":\"David H\u00f8jmark\"},\"sameAs\":[\"https:\/\/www.kunmedierne.dk\"],\"url\":\"https:\/\/kunmedierne.dk\/mors\/author\/david\/\"}]}<\/script>\n<!-- \/ Yoast SEO plugin. -->","yoast_head_json":{"title":"Politiet m\u00e5tte skride ind mod p\u00f8lsesalg i kiosk - Mors","robots":{"index":"index","follow":"follow","max-snippet":"max-snippet:-1","max-image-preview":"max-image-preview:large","max-video-preview":"max-video-preview:-1"},"canonical":"https:\/\/kunmedierne.dk\/mors\/politiet-maatte-skride-ind-mod-poelsesalg-i-kiosk\/","og_locale":"da_DK","og_type":"article","og_title":"Politiet m\u00e5tte skride ind mod p\u00f8lsesalg i kiosk - Mors","og_description":"NYK\u00d8BING:\u00a0&#8220;Vi holder \u00f8je med, at folk g\u00f8r, som de skal.&#8221; Politikommiss\u00e6r J\u00f8rgen Jensen fra lokalpolitiet i Thisted har et budskab. Ikke kun til borgerne p\u00e5 Mors og i Thy, men ogs\u00e5 til handlende &#8211; herimellem dem, der s\u00e6lger mad. I weekenden m\u00e5tte politiet s\u00e5ledes gribe ind over for en kiosk i Nyk\u00f8bing, hvor ejeren fik [&hellip;]","og_url":"https:\/\/kunmedierne.dk\/mors\/politiet-maatte-skride-ind-mod-poelsesalg-i-kiosk\/","og_site_name":"Mors","article_published_time":"2020-03-23T08:21:23+00:00","article_modified_time":"2024-08-12T12:06:19+00:00","og_image":[{"width":770,"height":513,"url":"https:\/\/kunmedierne.dk\/mors\/wp-content\/uploads\/2020\/01\/politi-bl\u00e5-blink.jpg","type":"image\/jpeg"}],"author":"David H\u00f8jmark","twitter_card":"summary_large_image","twitter_misc":{"Skrevet af":"David H\u00f8jmark","Estimeret l\u00e6setid":"2 minutter"},"schema":{"@context":"https:\/\/schema.org","@graph":[{"@type":"Article","@id":"https:\/\/kunmedierne.dk\/mors\/politiet-maatte-skride-ind-mod-poelsesalg-i-kiosk\/#article","isPartOf":{"@id":"https:\/\/kunmedierne.dk\/mors\/politiet-maatte-skride-ind-mod-poelsesalg-i-kiosk\/"},"author":{"name":"David H\u00f8jmark","@id":"https:\/\/kunmedierne.dk\/mors\/#\/schema\/person\/5fe23251bf1d0abbcdc6f7896579d548"},"headline":"Politiet m\u00e5tte skride ind mod p\u00f8lsesalg i kiosk","datePublished":"2020-03-23T08:21:23+00:00","dateModified":"2024-08-12T12:06:19+00:00","mainEntityOfPage":{"@id":"https:\/\/kunmedierne.dk\/mors\/politiet-maatte-skride-ind-mod-poelsesalg-i-kiosk\/"},"wordCount":340,"commentCount":0,"publisher":{"@id":"https:\/\/kunmedierne.dk\/mors\/#organization"},"image":{"@id":"https:\/\/kunmedierne.dk\/mors\/politiet-maatte-skride-ind-mod-poelsesalg-i-kiosk\/#primaryimage"},"thumbnailUrl":"https:\/\/kunmedierne.dk\/mors\/wp-content\/uploads\/2020\/01\/politi-bl\u00e5-blink.jpg","articleSection":["112","Lokalt"],"inLanguage":"da-DK","potentialAction":[{"@type":"CommentAction","name":"Comment","target":["https:\/\/kunmedierne.dk\/mors\/politiet-maatte-skride-ind-mod-poelsesalg-i-kiosk\/#respond"]}]},{"@type":"WebPage","@id":"https:\/\/kunmedierne.dk\/mors\/politiet-maatte-skride-ind-mod-poelsesalg-i-kiosk\/","url":"https:\/\/kunmedierne.dk\/mors\/politiet-maatte-skride-ind-mod-poelsesalg-i-kiosk\/","name":"Politiet m\u00e5tte skride ind mod p\u00f8lsesalg i kiosk - Mors","isPartOf":{"@id":"https:\/\/kunmedierne.dk\/mors\/#website"},"primaryImageOfPage":{"@id":"https:\/\/kunmedierne.dk\/mors\/politiet-maatte-skride-ind-mod-poelsesalg-i-kiosk\/#primaryimage"},"image":{"@id":"https:\/\/kunmedierne.dk\/mors\/politiet-maatte-skride-ind-mod-poelsesalg-i-kiosk\/#primaryimage"},"thumbnailUrl":"https:\/\/kunmedierne.dk\/mors\/wp-content\/uploads\/2020\/01\/politi-bl\u00e5-blink.jpg","datePublished":"2020-03-23T08:21:23+00:00","dateModified":"2024-08-12T12:06:19+00:00","breadcrumb":{"@id":"https:\/\/kunmedierne.dk\/mors\/politiet-maatte-skride-ind-mod-poelsesalg-i-kiosk\/#breadcrumb"},"inLanguage":"da-DK","potentialAction":[{"@type":"ReadAction","target":["https:\/\/kunmedierne.dk\/mors\/politiet-maatte-skride-ind-mod-poelsesalg-i-kiosk\/"]}]},{"@type":"ImageObject","inLanguage":"da-DK","@id":"https:\/\/kunmedierne.dk\/mors\/politiet-maatte-skride-ind-mod-poelsesalg-i-kiosk\/#primaryimage","url":"https:\/\/kunmedierne.dk\/mors\/wp-content\/uploads\/2020\/01\/politi-bl\u00e5-blink.jpg","contentUrl":"https:\/\/kunmedierne.dk\/mors\/wp-content\/uploads\/2020\/01\/politi-bl\u00e5-blink.jpg","width":770,"height":513,"caption":"Modelfoto: Rigspolitiet"},{"@type":"BreadcrumbList","@id":"https:\/\/kunmedierne.dk\/mors\/politiet-maatte-skride-ind-mod-poelsesalg-i-kiosk\/#breadcrumb","itemListElement":[{"@type":"ListItem","position":1,"name":"Hjem","item":"https:\/\/kunmedierne.dk\/mors\/"},{"@type":"ListItem","position":2,"name":"Politiet m\u00e5tte skride ind mod p\u00f8lsesalg i kiosk"}]},{"@type":"WebSite","@id":"https:\/\/kunmedierne.dk\/mors\/#website","url":"https:\/\/kunmedierne.dk\/mors\/","name":"Mors","description":"et netmedie med journalistik om livet p\u00e5 Mors","publisher":{"@id":"https:\/\/kunmedierne.dk\/mors\/#organization"},"potentialAction":[{"@type":"SearchAction","target":{"@type":"EntryPoint","urlTemplate":"https:\/\/kunmedierne.dk\/mors\/?s={search_term_string}"},"query-input":{"@type":"PropertyValueSpecification","valueRequired":true,"valueName":"search_term_string"}}],"inLanguage":"da-DK"},{"@type":"Organization","@id":"https:\/\/kunmedierne.dk\/mors\/#organization","name":"Mors","url":"https:\/\/kunmedierne.dk\/mors\/","logo":{"@type":"ImageObject","inLanguage":"da-DK","@id":"https:\/\/kunmedierne.dk\/mors\/#\/schema\/logo\/image\/","url":"https:\/\/kunmedierne.dk\/mors\/wp-content\/uploads\/2024\/08\/kunmors-logo.svg","contentUrl":"https:\/\/kunmedierne.dk\/mors\/wp-content\/uploads\/2024\/08\/kunmors-logo.svg","caption":"Mors"},"image":{"@id":"https:\/\/kunmedierne.dk\/mors\/#\/schema\/logo\/image\/"}},{"@type":"Person","@id":"https:\/\/kunmedierne.dk\/mors\/#\/schema\/person\/5fe23251bf1d0abbcdc6f7896579d548","name":"David H\u00f8jmark","image":{"@type":"ImageObject","inLanguage":"da-DK","@id":"https:\/\/kunmedierne.dk\/mors\/#\/schema\/person\/image\/","url":"https:\/\/secure.gravatar.com\/avatar\/4315d6fb9ef244d729989f5f90268eb08d5bf8a3d84402f595fa194bb35784fd?s=96&d=mm&r=g","contentUrl":"https:\/\/secure.gravatar.com\/avatar\/4315d6fb9ef244d729989f5f90268eb08d5bf8a3d84402f595fa194bb35784fd?s=96&d=mm&r=g","caption":"David H\u00f8jmark"},"sameAs":["https:\/\/www.kunmedierne.dk"],"url":"https:\/\/kunmedierne.dk\/mors\/author\/david\/"}]}},"_links":{"self":[{"href":"https:\/\/kunmedierne.dk\/mors\/wp-json\/wp\/v2\/posts\/14512","targetHints":{"allow":["GET"]}}],"collection":[{"href":"https:\/\/kunmedierne.dk\/mors\/wp-json\/wp\/v2\/posts"}],"about":[{"href":"https:\/\/kunmedierne.dk\/mors\/wp-json\/wp\/v2\/types\/post"}],"author":[{"embeddable":true,"href":"https:\/\/kunmedierne.dk\/mors\/wp-json\/wp\/v2\/users\/8"}],"replies":[{"embeddable":true,"href":"https:\/\/kunmedierne.dk\/mors\/wp-json\/wp\/v2\/comments?post=14512"}],"version-history":[{"count":1,"href":"https:\/\/kunmedierne.dk\/mors\/wp-json\/wp\/v2\/posts\/14512\/revisions"}],"predecessor-version":[{"id":14513,"href":"https:\/\/kunmedierne.dk\/mors\/wp-json\/wp\/v2\/posts\/14512\/revisions\/14513"}],"wp:featuredmedia":[{"embeddable":true,"href":"https:\/\/kunmedierne.dk\/mors\/wp-json\/wp\/v2\/media\/3315"}],"wp:attachment":[{"href":"https:\/\/kunmedierne.dk\/mors\/wp-json\/wp\/v2\/media?parent=14512"}],"wp:term":[{"taxonomy":"category","embeddable":true,"href":"https:\/\/kunmedierne.dk\/mors\/wp-json\/wp\/v2\/categories?post=14512"},{"taxonomy":"post_tag","embeddable":true,"href":"https:\/\/kunmedierne.dk\/mors\/wp-json\/wp\/v2\/tags?post=14512"}],"curies":[{"name":"wp","href":"https:\/\/api.w.org\/{rel}","templated":true}]}}