{"id":144990,"date":"2025-04-30T21:25:06","date_gmt":"2025-04-30T19:25:06","guid":{"rendered":"https:\/\/kunmedierne.dk\/mors\/?p=144990"},"modified":"2025-04-30T21:25:06","modified_gmt":"2025-04-30T19:25:06","slug":"lukningen-af-poul-a-folk-kom-langvejsfra-og-kiggede-paa-habitter","status":"publish","type":"post","link":"https:\/\/kunmedierne.dk\/mors\/lukningen-af-poul-a-folk-kom-langvejsfra-og-kiggede-paa-habitter\/","title":{"rendered":"Lukningen af Poul A: &#8220;Folk kom langvejsfra og kiggede p\u00e5 habitter&#8221;"},"content":{"rendered":"<p><strong>HANDEL<\/strong>: &#8211; Ja, det er trist.<\/p>\n<p>S\u00e6tningen bliver sagt af b\u00e5de kunder og personale hos Poul A Outdoor i disse dage. Tirsdag oplyste butikken med den lange historie i Nyk\u00f8bing, at den holder oph\u00f8rsudsalg. Dermed bliver den ikke f\u00f8rt videre, efter at indehaver Frede Kj\u00e6r Pedersen 30. marts afgik ved d\u00f8den.<\/p>\n<p>Camilla Rysholt, datter af Frede Kj\u00e6r Pedersen, fort\u00e6ller, at hun sammen med sin s\u00f8ster har unders\u00f8gt mulighederne, og at de er n\u00e5et frem til en beslutning om at lukke butikken.<\/p>\n<p>&#8211; Min far har haft den, siden han var 24 \u00e5r. Det har v\u00e6ret hans hovedprojekt i mange \u00e5r, men vi kan ikke drive det videre p\u00e5 afstand, siger hun og fort\u00e6ller, at hendes far i de senere \u00e5r fors\u00f8gte at finde en til at overtage butikken.<\/p>\n<a class=\"dvrt-link\" onClick=\"cdmtrack_click(113414,jQuery(this));return false\" href=\"https:\/\/www.p-soerensen.dk\/\"><img decoding=\"async\" style=\"width:100%;\" src=\"https:\/\/kunmedierne.dk\/mors\/wp-content\/uploads\/2024\/03\/p-soerensen-juni25.jpg\"><\/a><script>cdmtrack_view(113414);<\/script>\n<p>Det lykkedes ikke, men mulighed er stadig \u00e5ben, hvis en k\u00f8ber skulle se muligheden for at f\u00f8re den kvalitetsbevidste forretning videre i en eller anden form.<\/p>\n<p>&#8211; Jeg kan slet ikke forst\u00e5, at der ikke er nogen, der er sprunget p\u00e5. Der er jo k\u00e6mpe muligheder for at udvide hele netdelen, s\u00e5 der er et k\u00e6mpe potentiale, siger Camilla Rysholt.<\/p>\n<p>&nbsp;<\/p>\n<p><strong>Lukningen af en tidslomme<\/strong><\/p>\n<p>Som opvokset p\u00e5 Mors er hun selv vemodig omkring beslutningen, som hun ogs\u00e5 beskriver som lukningen af en tidslomme i Nyk\u00f8bing.<\/p>\n<p>&#8211; Det er uden tvivl den butik, vi har v\u00e6ret mest i, siger hun og mindes, hvordan hendes far om nogen forstod at tr\u00e6kke handel til \u00f8en.<\/p>\n<p>&#8211; Som jeg husker min barndom, kom folk langvejsfra og kiggede p\u00e5 habitter, siger Camilla Rysholt.<\/p>\n<a class=\"dvrt-link\" onClick=\"cdmtrack_click(113414,jQuery(this));return false\" href=\"https:\/\/www.p-soerensen.dk\/\"><img decoding=\"async\" style=\"width:100%;\" src=\"https:\/\/kunmedierne.dk\/mors\/wp-content\/uploads\/2024\/03\/p-soerensen-juni25.jpg\"><\/a><script>cdmtrack_view(113414);<\/script>\n<p>Det med at kigge p\u00e5 t\u00f8j hos Frede Kj\u00e6r Pedersen gjorde b\u00e5de morsingboer og tilrejsende igennem 47 \u00e5r &#8211; og f\u00f8r det i mange flere \u00e5r hos forg\u00e6ngerne af butikken, der i sin tid blev \u00e5bnet af navnkundige Poul Andersen. Konceptet gik p\u00e5 b\u00e5de kvalitet og service &#8211; og Frede Kj\u00e6r Pedersen fremh\u00e6vede blandt andet betydningen af selv at k\u00f8re langt for at vise sortimentet frem for mulige kunder.<\/p>\n<p>&#8211; Vi er ikke Danmarks billigste butik, men til geng\u00e6ld har vi Danmarks bedste service. Det er det, vi lever af, sagde han, <a href=\"https:\/\/kunmedierne.dk\/mors\/jeg-hedder-altsaa-frede\/\" target=\"_blank\" rel=\"noopener\">da KunMors bes\u00f8gte ham i 2022<\/a> &#8211; lige f\u00f8r udvidelsen fra Majorens Gyde, s\u00e5 butikken igen n\u00e5ede helt til Algade.<\/p>\n<p>Det kunne ogs\u00e5 lade sig g\u00f8re, fordi Frede Kj\u00e6r Pedersen ogs\u00e5 var indehaver af bygningen. En stor bygning, der engang indeholdt en biograf, og som indehaverens d\u00f8tre nu ogs\u00e5 fors\u00f8ger at f\u00e5 solgt.<\/p>\n<a class=\"dvrt-link\" onClick=\"cdmtrack_click(104787,jQuery(this));return false\" href=\"https:\/\/www.jyskebank.dk\/kontakt\/afdelingsinfo?departmentid=11890\"><img decoding=\"async\" style=\"width:100%;\" src=\"https:\/\/kunmedierne.dk\/mors\/wp-content\/uploads\/2023\/10\/260325JyskeBankMorsNy-1.jpg\"><\/a><script>cdmtrack_view(104787);<\/script>\n<p>I mellemtiden er der oph\u00f8rsudsalg hos Poul A Outdoor, hvor mange kunder ogs\u00e5 f\u00e5r sig en snak med personalet om manden, der var s\u00e5 meget synonym med butikken, at mange troede, han lagde navn til den.<\/p>\n<p>Som indehaveren ogs\u00e5 sagde det i artiklen fra 2022:<\/p>\n<p>&#8211; Mange kalder mig Poul A. Men jeg hedder alts\u00e5 Frede.<\/p>\n<h5>L\u00c6S OGS\u00c5: <a href=\"https:\/\/kunmedierne.dk\/mors\/jeg-hedder-altsaa-frede\/\" target=\"_blank\" rel=\"noopener\">&#8220;Jeg hedder alts\u00e5 Frede&#8221;<\/a><\/h5>\n","protected":false},"excerpt":{"rendered":"<p>HANDEL: &#8211; Ja, det er trist. S\u00e6tningen bliver sagt af b\u00e5de kunder og personale hos Poul A Outdoor i disse dage. Tirsdag oplyste butikken med den lange historie i Nyk\u00f8bing, at den holder oph\u00f8rsudsalg. Dermed bliver den ikke f\u00f8rt videre, efter at indehaver Frede Kj\u00e6r Pedersen 30. marts afgik ved d\u00f8den. Camilla Rysholt, datter af [&hellip;]<\/p>\n","protected":false},"author":8,"featured_media":0,"comment_status":"closed","ping_status":"closed","sticky":false,"template":"","format":"standard","meta":{"_acf_changed":false,"footnotes":""},"categories":[51],"tags":[160],"class_list":["post-144990","post","type-post","status-publish","format-standard","hentry","category-lokalt","tag-handel"],"acf":[],"yoast_head":"<!-- This site is optimized with the Yoast SEO plugin v26.8 - https:\/\/yoast.com\/product\/yoast-seo-wordpress\/ -->\n<title>Lukningen af Poul A: &quot;Folk kom langvejsfra og kiggede p\u00e5 habitter&quot; - Mors<\/title>\n<meta name=\"robots\" content=\"index, follow, max-snippet:-1, max-image-preview:large, max-video-preview:-1\" \/>\n<link rel=\"canonical\" href=\"https:\/\/kunmedierne.dk\/mors\/lukningen-af-poul-a-folk-kom-langvejsfra-og-kiggede-paa-habitter\/\" \/>\n<meta property=\"og:locale\" content=\"da_DK\" \/>\n<meta property=\"og:type\" content=\"article\" \/>\n<meta property=\"og:title\" content=\"Lukningen af Poul A: &quot;Folk kom langvejsfra og kiggede p\u00e5 habitter&quot; - Mors\" \/>\n<meta property=\"og:description\" content=\"HANDEL: &#8211; Ja, det er trist. S\u00e6tningen bliver sagt af b\u00e5de kunder og personale hos Poul A Outdoor i disse dage. Tirsdag oplyste butikken med den lange historie i Nyk\u00f8bing, at den holder oph\u00f8rsudsalg. Dermed bliver den ikke f\u00f8rt videre, efter at indehaver Frede Kj\u00e6r Pedersen 30. marts afgik ved d\u00f8den. Camilla Rysholt, datter af [&hellip;]\" \/>\n<meta property=\"og:url\" content=\"https:\/\/kunmedierne.dk\/mors\/lukningen-af-poul-a-folk-kom-langvejsfra-og-kiggede-paa-habitter\/\" \/>\n<meta property=\"og:site_name\" content=\"Mors\" \/>\n<meta property=\"article:published_time\" content=\"2025-04-30T19:25:06+00:00\" \/>\n<meta name=\"author\" content=\"David H\u00f8jmark\" \/>\n<meta name=\"twitter:card\" content=\"summary_large_image\" \/>\n<meta name=\"twitter:label1\" content=\"Skrevet af\" \/>\n\t<meta name=\"twitter:data1\" content=\"David H\u00f8jmark\" \/>\n\t<meta name=\"twitter:label2\" content=\"Estimeret l\u00e6setid\" \/>\n\t<meta name=\"twitter:data2\" content=\"3 minutter\" \/>\n<script type=\"application\/ld+json\" class=\"yoast-schema-graph\">{\"@context\":\"https:\/\/schema.org\",\"@graph\":[{\"@type\":\"Article\",\"@id\":\"https:\/\/kunmedierne.dk\/mors\/lukningen-af-poul-a-folk-kom-langvejsfra-og-kiggede-paa-habitter\/#article\",\"isPartOf\":{\"@id\":\"https:\/\/kunmedierne.dk\/mors\/lukningen-af-poul-a-folk-kom-langvejsfra-og-kiggede-paa-habitter\/\"},\"author\":{\"name\":\"David H\u00f8jmark\",\"@id\":\"https:\/\/kunmedierne.dk\/mors\/#\/schema\/person\/5fe23251bf1d0abbcdc6f7896579d548\"},\"headline\":\"Lukningen af Poul A: &#8220;Folk kom langvejsfra og kiggede p\u00e5 habitter&#8221;\",\"datePublished\":\"2025-04-30T19:25:06+00:00\",\"mainEntityOfPage\":{\"@id\":\"https:\/\/kunmedierne.dk\/mors\/lukningen-af-poul-a-folk-kom-langvejsfra-og-kiggede-paa-habitter\/\"},\"wordCount\":518,\"publisher\":{\"@id\":\"https:\/\/kunmedierne.dk\/mors\/#organization\"},\"keywords\":[\"Handel\"],\"articleSection\":[\"Lokalt\"],\"inLanguage\":\"da-DK\"},{\"@type\":\"WebPage\",\"@id\":\"https:\/\/kunmedierne.dk\/mors\/lukningen-af-poul-a-folk-kom-langvejsfra-og-kiggede-paa-habitter\/\",\"url\":\"https:\/\/kunmedierne.dk\/mors\/lukningen-af-poul-a-folk-kom-langvejsfra-og-kiggede-paa-habitter\/\",\"name\":\"Lukningen af Poul A: \\\"Folk kom langvejsfra og kiggede p\u00e5 habitter\\\" - Mors\",\"isPartOf\":{\"@id\":\"https:\/\/kunmedierne.dk\/mors\/#website\"},\"datePublished\":\"2025-04-30T19:25:06+00:00\",\"breadcrumb\":{\"@id\":\"https:\/\/kunmedierne.dk\/mors\/lukningen-af-poul-a-folk-kom-langvejsfra-og-kiggede-paa-habitter\/#breadcrumb\"},\"inLanguage\":\"da-DK\",\"potentialAction\":[{\"@type\":\"ReadAction\",\"target\":[\"https:\/\/kunmedierne.dk\/mors\/lukningen-af-poul-a-folk-kom-langvejsfra-og-kiggede-paa-habitter\/\"]}]},{\"@type\":\"BreadcrumbList\",\"@id\":\"https:\/\/kunmedierne.dk\/mors\/lukningen-af-poul-a-folk-kom-langvejsfra-og-kiggede-paa-habitter\/#breadcrumb\",\"itemListElement\":[{\"@type\":\"ListItem\",\"position\":1,\"name\":\"Hjem\",\"item\":\"https:\/\/kunmedierne.dk\/mors\/\"},{\"@type\":\"ListItem\",\"position\":2,\"name\":\"Lukningen af Poul A: &#8220;Folk kom langvejsfra og kiggede p\u00e5 habitter&#8221;\"}]},{\"@type\":\"WebSite\",\"@id\":\"https:\/\/kunmedierne.dk\/mors\/#website\",\"url\":\"https:\/\/kunmedierne.dk\/mors\/\",\"name\":\"Mors\",\"description\":\"et netmedie med journalistik om livet p\u00e5 Mors\",\"publisher\":{\"@id\":\"https:\/\/kunmedierne.dk\/mors\/#organization\"},\"potentialAction\":[{\"@type\":\"SearchAction\",\"target\":{\"@type\":\"EntryPoint\",\"urlTemplate\":\"https:\/\/kunmedierne.dk\/mors\/?s={search_term_string}\"},\"query-input\":{\"@type\":\"PropertyValueSpecification\",\"valueRequired\":true,\"valueName\":\"search_term_string\"}}],\"inLanguage\":\"da-DK\"},{\"@type\":\"Organization\",\"@id\":\"https:\/\/kunmedierne.dk\/mors\/#organization\",\"name\":\"Mors\",\"url\":\"https:\/\/kunmedierne.dk\/mors\/\",\"logo\":{\"@type\":\"ImageObject\",\"inLanguage\":\"da-DK\",\"@id\":\"https:\/\/kunmedierne.dk\/mors\/#\/schema\/logo\/image\/\",\"url\":\"https:\/\/kunmedierne.dk\/mors\/wp-content\/uploads\/2024\/08\/kunmors-logo.svg\",\"contentUrl\":\"https:\/\/kunmedierne.dk\/mors\/wp-content\/uploads\/2024\/08\/kunmors-logo.svg\",\"caption\":\"Mors\"},\"image\":{\"@id\":\"https:\/\/kunmedierne.dk\/mors\/#\/schema\/logo\/image\/\"}},{\"@type\":\"Person\",\"@id\":\"https:\/\/kunmedierne.dk\/mors\/#\/schema\/person\/5fe23251bf1d0abbcdc6f7896579d548\",\"name\":\"David H\u00f8jmark\",\"image\":{\"@type\":\"ImageObject\",\"inLanguage\":\"da-DK\",\"@id\":\"https:\/\/kunmedierne.dk\/mors\/#\/schema\/person\/image\/\",\"url\":\"https:\/\/secure.gravatar.com\/avatar\/4315d6fb9ef244d729989f5f90268eb08d5bf8a3d84402f595fa194bb35784fd?s=96&d=mm&r=g\",\"contentUrl\":\"https:\/\/secure.gravatar.com\/avatar\/4315d6fb9ef244d729989f5f90268eb08d5bf8a3d84402f595fa194bb35784fd?s=96&d=mm&r=g\",\"caption\":\"David H\u00f8jmark\"},\"sameAs\":[\"https:\/\/www.kunmedierne.dk\"],\"url\":\"https:\/\/kunmedierne.dk\/mors\/author\/david\/\"}]}<\/script>\n<!-- \/ Yoast SEO plugin. -->","yoast_head_json":{"title":"Lukningen af Poul A: \"Folk kom langvejsfra og kiggede p\u00e5 habitter\" - Mors","robots":{"index":"index","follow":"follow","max-snippet":"max-snippet:-1","max-image-preview":"max-image-preview:large","max-video-preview":"max-video-preview:-1"},"canonical":"https:\/\/kunmedierne.dk\/mors\/lukningen-af-poul-a-folk-kom-langvejsfra-og-kiggede-paa-habitter\/","og_locale":"da_DK","og_type":"article","og_title":"Lukningen af Poul A: \"Folk kom langvejsfra og kiggede p\u00e5 habitter\" - Mors","og_description":"HANDEL: &#8211; Ja, det er trist. S\u00e6tningen bliver sagt af b\u00e5de kunder og personale hos Poul A Outdoor i disse dage. Tirsdag oplyste butikken med den lange historie i Nyk\u00f8bing, at den holder oph\u00f8rsudsalg. Dermed bliver den ikke f\u00f8rt videre, efter at indehaver Frede Kj\u00e6r Pedersen 30. marts afgik ved d\u00f8den. Camilla Rysholt, datter af [&hellip;]","og_url":"https:\/\/kunmedierne.dk\/mors\/lukningen-af-poul-a-folk-kom-langvejsfra-og-kiggede-paa-habitter\/","og_site_name":"Mors","article_published_time":"2025-04-30T19:25:06+00:00","author":"David H\u00f8jmark","twitter_card":"summary_large_image","twitter_misc":{"Skrevet af":"David H\u00f8jmark","Estimeret l\u00e6setid":"3 minutter"},"schema":{"@context":"https:\/\/schema.org","@graph":[{"@type":"Article","@id":"https:\/\/kunmedierne.dk\/mors\/lukningen-af-poul-a-folk-kom-langvejsfra-og-kiggede-paa-habitter\/#article","isPartOf":{"@id":"https:\/\/kunmedierne.dk\/mors\/lukningen-af-poul-a-folk-kom-langvejsfra-og-kiggede-paa-habitter\/"},"author":{"name":"David H\u00f8jmark","@id":"https:\/\/kunmedierne.dk\/mors\/#\/schema\/person\/5fe23251bf1d0abbcdc6f7896579d548"},"headline":"Lukningen af Poul A: &#8220;Folk kom langvejsfra og kiggede p\u00e5 habitter&#8221;","datePublished":"2025-04-30T19:25:06+00:00","mainEntityOfPage":{"@id":"https:\/\/kunmedierne.dk\/mors\/lukningen-af-poul-a-folk-kom-langvejsfra-og-kiggede-paa-habitter\/"},"wordCount":518,"publisher":{"@id":"https:\/\/kunmedierne.dk\/mors\/#organization"},"keywords":["Handel"],"articleSection":["Lokalt"],"inLanguage":"da-DK"},{"@type":"WebPage","@id":"https:\/\/kunmedierne.dk\/mors\/lukningen-af-poul-a-folk-kom-langvejsfra-og-kiggede-paa-habitter\/","url":"https:\/\/kunmedierne.dk\/mors\/lukningen-af-poul-a-folk-kom-langvejsfra-og-kiggede-paa-habitter\/","name":"Lukningen af Poul A: \"Folk kom langvejsfra og kiggede p\u00e5 habitter\" - Mors","isPartOf":{"@id":"https:\/\/kunmedierne.dk\/mors\/#website"},"datePublished":"2025-04-30T19:25:06+00:00","breadcrumb":{"@id":"https:\/\/kunmedierne.dk\/mors\/lukningen-af-poul-a-folk-kom-langvejsfra-og-kiggede-paa-habitter\/#breadcrumb"},"inLanguage":"da-DK","potentialAction":[{"@type":"ReadAction","target":["https:\/\/kunmedierne.dk\/mors\/lukningen-af-poul-a-folk-kom-langvejsfra-og-kiggede-paa-habitter\/"]}]},{"@type":"BreadcrumbList","@id":"https:\/\/kunmedierne.dk\/mors\/lukningen-af-poul-a-folk-kom-langvejsfra-og-kiggede-paa-habitter\/#breadcrumb","itemListElement":[{"@type":"ListItem","position":1,"name":"Hjem","item":"https:\/\/kunmedierne.dk\/mors\/"},{"@type":"ListItem","position":2,"name":"Lukningen af Poul A: &#8220;Folk kom langvejsfra og kiggede p\u00e5 habitter&#8221;"}]},{"@type":"WebSite","@id":"https:\/\/kunmedierne.dk\/mors\/#website","url":"https:\/\/kunmedierne.dk\/mors\/","name":"Mors","description":"et netmedie med journalistik om livet p\u00e5 Mors","publisher":{"@id":"https:\/\/kunmedierne.dk\/mors\/#organization"},"potentialAction":[{"@type":"SearchAction","target":{"@type":"EntryPoint","urlTemplate":"https:\/\/kunmedierne.dk\/mors\/?s={search_term_string}"},"query-input":{"@type":"PropertyValueSpecification","valueRequired":true,"valueName":"search_term_string"}}],"inLanguage":"da-DK"},{"@type":"Organization","@id":"https:\/\/kunmedierne.dk\/mors\/#organization","name":"Mors","url":"https:\/\/kunmedierne.dk\/mors\/","logo":{"@type":"ImageObject","inLanguage":"da-DK","@id":"https:\/\/kunmedierne.dk\/mors\/#\/schema\/logo\/image\/","url":"https:\/\/kunmedierne.dk\/mors\/wp-content\/uploads\/2024\/08\/kunmors-logo.svg","contentUrl":"https:\/\/kunmedierne.dk\/mors\/wp-content\/uploads\/2024\/08\/kunmors-logo.svg","caption":"Mors"},"image":{"@id":"https:\/\/kunmedierne.dk\/mors\/#\/schema\/logo\/image\/"}},{"@type":"Person","@id":"https:\/\/kunmedierne.dk\/mors\/#\/schema\/person\/5fe23251bf1d0abbcdc6f7896579d548","name":"David H\u00f8jmark","image":{"@type":"ImageObject","inLanguage":"da-DK","@id":"https:\/\/kunmedierne.dk\/mors\/#\/schema\/person\/image\/","url":"https:\/\/secure.gravatar.com\/avatar\/4315d6fb9ef244d729989f5f90268eb08d5bf8a3d84402f595fa194bb35784fd?s=96&d=mm&r=g","contentUrl":"https:\/\/secure.gravatar.com\/avatar\/4315d6fb9ef244d729989f5f90268eb08d5bf8a3d84402f595fa194bb35784fd?s=96&d=mm&r=g","caption":"David H\u00f8jmark"},"sameAs":["https:\/\/www.kunmedierne.dk"],"url":"https:\/\/kunmedierne.dk\/mors\/author\/david\/"}]}},"_links":{"self":[{"href":"https:\/\/kunmedierne.dk\/mors\/wp-json\/wp\/v2\/posts\/144990","targetHints":{"allow":["GET"]}}],"collection":[{"href":"https:\/\/kunmedierne.dk\/mors\/wp-json\/wp\/v2\/posts"}],"about":[{"href":"https:\/\/kunmedierne.dk\/mors\/wp-json\/wp\/v2\/types\/post"}],"author":[{"embeddable":true,"href":"https:\/\/kunmedierne.dk\/mors\/wp-json\/wp\/v2\/users\/8"}],"replies":[{"embeddable":true,"href":"https:\/\/kunmedierne.dk\/mors\/wp-json\/wp\/v2\/comments?post=144990"}],"version-history":[{"count":5,"href":"https:\/\/kunmedierne.dk\/mors\/wp-json\/wp\/v2\/posts\/144990\/revisions"}],"predecessor-version":[{"id":145179,"href":"https:\/\/kunmedierne.dk\/mors\/wp-json\/wp\/v2\/posts\/144990\/revisions\/145179"}],"wp:attachment":[{"href":"https:\/\/kunmedierne.dk\/mors\/wp-json\/wp\/v2\/media?parent=144990"}],"wp:term":[{"taxonomy":"category","embeddable":true,"href":"https:\/\/kunmedierne.dk\/mors\/wp-json\/wp\/v2\/categories?post=144990"},{"taxonomy":"post_tag","embeddable":true,"href":"https:\/\/kunmedierne.dk\/mors\/wp-json\/wp\/v2\/tags?post=144990"}],"curies":[{"name":"wp","href":"https:\/\/api.w.org\/{rel}","templated":true}]}}